{"id":16402,"date":"2021-03-17T17:14:49","date_gmt":"2021-03-17T17:14:49","guid":{"rendered":"https:\/\/www.manabi.gob.ec\/?p=16402"},"modified":"2021-03-17T17:14:52","modified_gmt":"2021-03-17T17:14:52","slug":"se-cumplio-sueno-de-los-habitantes-de-platanales","status":"publish","type":"post","link":"https:\/\/www.manabi.gob.ec\/index.php\/se-cumplio-sueno-de-los-habitantes-de-platanales\/","title":{"rendered":"SE CUMPLI\u00d3 SUE\u00d1O DE LOS HABITANTES DE PLATANALES"},"content":{"rendered":"\n<p>Chistian Acebo L\u00f3pez, se moviliza desde el sitio Platanales hasta la cabecera cantonal de Puerto L\u00f3pez, con mayor facilidad y seguridad. En el pasado le resultaba dif\u00edcil transportarse sobre todo en \u00e9poca invernal.<\/p>\n\n\n\n<p>\u00bb Antes para salir utiliz\u00e1bamos burrito, a los enfermos lo sac\u00e1bamos en hamaca. Era muy complicada la situaci\u00f3n, ahora a cada rato podemos salir caminando, en moto o en carro\u00bb dijo Christian Acebo L\u00f3pez, presidente de comunidad Platanales.<\/p>\n\n\n\n<p>Los 3.38 kil\u00f3metros de ingreso a Platanales fueron rehabilitados a nivel de asfalto de 2 pulgadas. Intervenci\u00f3n del Gobierno de Manab\u00ed, que represent\u00f3 una inversi\u00f3n de 698 mil 501 d\u00f3lares con 58 centavos.<\/p>\n\n\n\n<p>La rehabilitaci\u00f3n vial realizada en Platanales, despierta la esperanza de los 300 habitantes aproximadamente de esta localidad; quienes han comenzado a emprender en nuevos negocios como el caso de la familia Figueroa Pincay, que inici\u00f3 la crianza de gallinas ponedoras.<\/p>\n\n\n\n<p>\u00bb Hace unos 20 a\u00f1os criabamos pollos, pero dejamos esa actividad porque no ten\u00edamos agua, ni carretera. Ahora junto a mi familia decidimos retomar el negocio porque la situaci\u00f3n ha cambiado\u00bb, expres\u00f3 Carla Figueroa Figueroa.<\/p>\n\n\n\n<p>Esta obra vial fue inaugurada el viernes 12 de marzo por el prefecto, Leonardo Orlando, quien cumpli\u00f3 una amplia agenda territorial en el cant\u00f3n Puerto L\u00f3pez.<\/p>\n\n\n\n<p>Se mejora la conectividad y las condiciones de vida de los habitantes de Platanales, una poblaci\u00f3n que comienza a escribir una nueva historia de Desarrollo y Equidad.<\/p>\n","protected":false},"excerpt":{"rendered":"<p>Chistian Acebo L\u00f3pez, se moviliza desde el sitio Platanales hasta la cabecera cantonal de Puerto L\u00f3pez, con mayor facilidad y seguridad. En el pasado le resultaba dif\u00edcil transportarse sobre todo en \u00e9poca invernal. \u00bb Antes para salir utiliz\u00e1bamos burrito, a los enfermos lo sac\u00e1bamos en hamaca. Era muy complicada la situaci\u00f3n, ahora a cada rato [&hellip;]<\/p>\n","protected":false},"author":1,"featured_media":16403,"comment_status":"closed","ping_status":"open","sticky":false,"template":"","format":"standard","meta":{"_joinchat":[],"footnotes":""},"categories":[92,181,212,91,127],"tags":[],"class_list":["post-16402","post","type-post","status-publish","format-standard","has-post-thumbnail","hentry","category-noticias-manabi","category-obra-publica","category-puerto-lopez","category-todas","category-vialidad"],"yoast_head":"<!-- This site is optimized with the Yoast SEO plugin v27.4 - https:\/\/yoast.com\/product\/yoast-seo-wordpress\/ -->\n<title>SE CUMPLI\u00d3 SUE\u00d1O DE LOS HABITANTES DE PLATANALES<\/title>\n<meta name=\"description\" content=\"Chistian Acebo L\u00f3pez, se moviliza desde el sitio Platanales hasta la cabecera cantonal de Puerto L\u00f3pez, con mayor facilidad y seguridad. En el pasado le resultaba dif\u00edcil transportarse sobre todo en \u00e9poca invernal. &quot; Antes para salir utiliz\u00e1bamos burrito, a los enfermos lo sac\u00e1bamos en hamaca. Era muy complicada la situaci\u00f3n, ahora a cada rato podemos salir caminando, en moto o en carro&quot; dijo Christian Acebo L\u00f3pez, presidente de comunidad Platanales. Los 3.38 kil\u00f3metros de ingreso a Platanales fueron rehabilitados a nivel de asfalto de 2 pulgadas. Intervenci\u00f3n del Gobierno de Manab\u00ed, que represent\u00f3 una inversi\u00f3n de 698 mil 501 d\u00f3lares con 58 centavos. La rehabilitaci\u00f3n vial realizada en Platanales, despierta la esperanza de los 300 habitantes aproximadamente de esta localidad; quienes han comenzado a emprender en nuevos negocios como el caso de la familia Figueroa Pincay, que inici\u00f3 la crianza de gallinas ponedoras. &quot; Hace unos 20 a\u00f1os criabamos pollos, pero dejamos esa actividad porque no ten\u00edamos agua, ni carretera. Ahora junto a mi familia decidimos retomar el negocio porque la situaci\u00f3n ha cambiado&quot;, expres\u00f3 Carla Figueroa Figueroa. Esta obra vial fue inaugurada el viernes 12 de marzo por el prefecto, Leonardo Orlando, quien cumpli\u00f3 una amplia agenda territorial en el cant\u00f3n Puerto L\u00f3pez. Se mejora la conectividad y las condiciones de vida de los habitantes de Platanales, una poblaci\u00f3n que comienza a escribir una nueva historia de Desarrollo y Equidad.\" \/>\n<meta name=\"robots\" content=\"index, follow, max-snippet:-1, max-image-preview:large, max-video-preview:-1\" \/>\n<link rel=\"canonical\" href=\"https:\/\/www.manabi.gob.ec\/index.php\/se-cumplio-sueno-de-los-habitantes-de-platanales\/\" \/>\n<meta property=\"og:locale\" content=\"es_ES\" \/>\n<meta property=\"og:type\" content=\"article\" \/>\n<meta property=\"og:title\" content=\"SE CUMPLI\u00d3 SUE\u00d1O DE LOS HABITANTES DE PLATANALES\" \/>\n<meta property=\"og:description\" content=\"Chistian Acebo L\u00f3pez, se moviliza desde el sitio Platanales hasta la cabecera cantonal de Puerto L\u00f3pez, con mayor facilidad y seguridad. En el pasado le resultaba dif\u00edcil transportarse sobre todo en \u00e9poca invernal. &quot; Antes para salir utiliz\u00e1bamos burrito, a los enfermos lo sac\u00e1bamos en hamaca. Era muy complicada la situaci\u00f3n, ahora a cada rato podemos salir caminando, en moto o en carro&quot; dijo Christian Acebo L\u00f3pez, presidente de comunidad Platanales. Los 3.38 kil\u00f3metros de ingreso a Platanales fueron rehabilitados a nivel de asfalto de 2 pulgadas. Intervenci\u00f3n del Gobierno de Manab\u00ed, que represent\u00f3 una inversi\u00f3n de 698 mil 501 d\u00f3lares con 58 centavos. La rehabilitaci\u00f3n vial realizada en Platanales, despierta la esperanza de los 300 habitantes aproximadamente de esta localidad; quienes han comenzado a emprender en nuevos negocios como el caso de la familia Figueroa Pincay, que inici\u00f3 la crianza de gallinas ponedoras. &quot; Hace unos 20 a\u00f1os criabamos pollos, pero dejamos esa actividad porque no ten\u00edamos agua, ni carretera. Ahora junto a mi familia decidimos retomar el negocio porque la situaci\u00f3n ha cambiado&quot;, expres\u00f3 Carla Figueroa Figueroa. Esta obra vial fue inaugurada el viernes 12 de marzo por el prefecto, Leonardo Orlando, quien cumpli\u00f3 una amplia agenda territorial en el cant\u00f3n Puerto L\u00f3pez. Se mejora la conectividad y las condiciones de vida de los habitantes de Platanales, una poblaci\u00f3n que comienza a escribir una nueva historia de Desarrollo y Equidad.\" \/>\n<meta property=\"og:url\" content=\"https:\/\/www.manabi.gob.ec\/index.php\/se-cumplio-sueno-de-los-habitantes-de-platanales\/\" \/>\n<meta property=\"og:site_name\" content=\"Prefectura de Manab\u00ed\" \/>\n<meta property=\"article:published_time\" content=\"2021-03-17T17:14:49+00:00\" \/>\n<meta property=\"article:modified_time\" content=\"2021-03-17T17:14:52+00:00\" \/>\n<meta property=\"og:image\" content=\"https:\/\/www.manabi.gob.ec\/wp-content\/uploads\/2021\/03\/Via-Puerto-Lopez-Platanales-3.jpeg\" \/>\n\t<meta property=\"og:image:width\" content=\"1280\" \/>\n\t<meta property=\"og:image:height\" content=\"720\" \/>\n\t<meta property=\"og:image:type\" content=\"image\/jpeg\" \/>\n<meta name=\"author\" content=\"admin\" \/>\n<meta name=\"twitter:card\" content=\"summary_large_image\" \/>\n<meta name=\"twitter:label1\" content=\"Escrito por\" \/>\n\t<meta name=\"twitter:data1\" content=\"admin\" \/>\n\t<meta name=\"twitter:label2\" content=\"Tiempo de lectura\" \/>\n\t<meta name=\"twitter:data2\" content=\"2 minutos\" \/>\n<script type=\"application\/ld+json\" class=\"yoast-schema-graph\">{\"@context\":\"https:\\\/\\\/schema.org\",\"@graph\":[{\"@type\":\"Article\",\"@id\":\"https:\\\/\\\/www.manabi.gob.ec\\\/index.php\\\/se-cumplio-sueno-de-los-habitantes-de-platanales\\\/#article\",\"isPartOf\":{\"@id\":\"https:\\\/\\\/www.manabi.gob.ec\\\/index.php\\\/se-cumplio-sueno-de-los-habitantes-de-platanales\\\/\"},\"author\":{\"name\":\"admin\",\"@id\":\"https:\\\/\\\/www.manabi.gob.ec\\\/#\\\/schema\\\/person\\\/cfc71bd68fe2703b779edcc292a49722\"},\"headline\":\"SE CUMPLI\u00d3 SUE\u00d1O DE LOS HABITANTES DE PLATANALES\",\"datePublished\":\"2021-03-17T17:14:49+00:00\",\"dateModified\":\"2021-03-17T17:14:52+00:00\",\"mainEntityOfPage\":{\"@id\":\"https:\\\/\\\/www.manabi.gob.ec\\\/index.php\\\/se-cumplio-sueno-de-los-habitantes-de-platanales\\\/\"},\"wordCount\":249,\"image\":{\"@id\":\"https:\\\/\\\/www.manabi.gob.ec\\\/index.php\\\/se-cumplio-sueno-de-los-habitantes-de-platanales\\\/#primaryimage\"},\"thumbnailUrl\":\"https:\\\/\\\/www.manabi.gob.ec\\\/wp-content\\\/uploads\\\/2021\\\/03\\\/Via-Puerto-Lopez-Platanales-3.jpeg\",\"articleSection\":[\"Noticias\",\"Obra P\u00fablica\",\"Puerto L\u00f3pez\",\"Todas\",\"Vialidad\"],\"inLanguage\":\"es\"},{\"@type\":\"WebPage\",\"@id\":\"https:\\\/\\\/www.manabi.gob.ec\\\/index.php\\\/se-cumplio-sueno-de-los-habitantes-de-platanales\\\/\",\"url\":\"https:\\\/\\\/www.manabi.gob.ec\\\/index.php\\\/se-cumplio-sueno-de-los-habitantes-de-platanales\\\/\",\"name\":\"SE CUMPLI\u00d3 SUE\u00d1O DE LOS HABITANTES DE PLATANALES\",\"isPartOf\":{\"@id\":\"https:\\\/\\\/www.manabi.gob.ec\\\/#website\"},\"primaryImageOfPage\":{\"@id\":\"https:\\\/\\\/www.manabi.gob.ec\\\/index.php\\\/se-cumplio-sueno-de-los-habitantes-de-platanales\\\/#primaryimage\"},\"image\":{\"@id\":\"https:\\\/\\\/www.manabi.gob.ec\\\/index.php\\\/se-cumplio-sueno-de-los-habitantes-de-platanales\\\/#primaryimage\"},\"thumbnailUrl\":\"https:\\\/\\\/www.manabi.gob.ec\\\/wp-content\\\/uploads\\\/2021\\\/03\\\/Via-Puerto-Lopez-Platanales-3.jpeg\",\"datePublished\":\"2021-03-17T17:14:49+00:00\",\"dateModified\":\"2021-03-17T17:14:52+00:00\",\"author\":{\"@id\":\"https:\\\/\\\/www.manabi.gob.ec\\\/#\\\/schema\\\/person\\\/cfc71bd68fe2703b779edcc292a49722\"},\"description\":\"Chistian Acebo L\u00f3pez, se moviliza desde el sitio Platanales hasta la cabecera cantonal de Puerto L\u00f3pez, con mayor facilidad y seguridad. En el pasado le resultaba dif\u00edcil transportarse sobre todo en \u00e9poca invernal. \\\" Antes para salir utiliz\u00e1bamos burrito, a los enfermos lo sac\u00e1bamos en hamaca. Era muy complicada la situaci\u00f3n, ahora a cada rato podemos salir caminando, en moto o en carro\\\" dijo Christian Acebo L\u00f3pez, presidente de comunidad Platanales. Los 3.38 kil\u00f3metros de ingreso a Platanales fueron rehabilitados a nivel de asfalto de 2 pulgadas. Intervenci\u00f3n del Gobierno de Manab\u00ed, que represent\u00f3 una inversi\u00f3n de 698 mil 501 d\u00f3lares con 58 centavos. La rehabilitaci\u00f3n vial realizada en Platanales, despierta la esperanza de los 300 habitantes aproximadamente de esta localidad; quienes han comenzado a emprender en nuevos negocios como el caso de la familia Figueroa Pincay, que inici\u00f3 la crianza de gallinas ponedoras. \\\" Hace unos 20 a\u00f1os criabamos pollos, pero dejamos esa actividad porque no ten\u00edamos agua, ni carretera. Ahora junto a mi familia decidimos retomar el negocio porque la situaci\u00f3n ha cambiado\\\", expres\u00f3 Carla Figueroa Figueroa. Esta obra vial fue inaugurada el viernes 12 de marzo por el prefecto, Leonardo Orlando, quien cumpli\u00f3 una amplia agenda territorial en el cant\u00f3n Puerto L\u00f3pez. Se mejora la conectividad y las condiciones de vida de los habitantes de Platanales, una poblaci\u00f3n que comienza a escribir una nueva historia de Desarrollo y Equidad.\",\"breadcrumb\":{\"@id\":\"https:\\\/\\\/www.manabi.gob.ec\\\/index.php\\\/se-cumplio-sueno-de-los-habitantes-de-platanales\\\/#breadcrumb\"},\"inLanguage\":\"es\",\"potentialAction\":[{\"@type\":\"ReadAction\",\"target\":[\"https:\\\/\\\/www.manabi.gob.ec\\\/index.php\\\/se-cumplio-sueno-de-los-habitantes-de-platanales\\\/\"]}]},{\"@type\":\"ImageObject\",\"inLanguage\":\"es\",\"@id\":\"https:\\\/\\\/www.manabi.gob.ec\\\/index.php\\\/se-cumplio-sueno-de-los-habitantes-de-platanales\\\/#primaryimage\",\"url\":\"https:\\\/\\\/www.manabi.gob.ec\\\/wp-content\\\/uploads\\\/2021\\\/03\\\/Via-Puerto-Lopez-Platanales-3.jpeg\",\"contentUrl\":\"https:\\\/\\\/www.manabi.gob.ec\\\/wp-content\\\/uploads\\\/2021\\\/03\\\/Via-Puerto-Lopez-Platanales-3.jpeg\",\"width\":1280,\"height\":720},{\"@type\":\"BreadcrumbList\",\"@id\":\"https:\\\/\\\/www.manabi.gob.ec\\\/index.php\\\/se-cumplio-sueno-de-los-habitantes-de-platanales\\\/#breadcrumb\",\"itemListElement\":[{\"@type\":\"ListItem\",\"position\":1,\"name\":\"Portada\",\"item\":\"https:\\\/\\\/www.manabi.gob.ec\\\/\"},{\"@type\":\"ListItem\",\"position\":2,\"name\":\"SE CUMPLI\u00d3 SUE\u00d1O DE LOS HABITANTES DE PLATANALES\"}]},{\"@type\":\"WebSite\",\"@id\":\"https:\\\/\\\/www.manabi.gob.ec\\\/#website\",\"url\":\"https:\\\/\\\/www.manabi.gob.ec\\\/\",\"name\":\"Prefectura de Manab\u00ed\",\"description\":\"P\u00e1gina web de la prefectura\",\"potentialAction\":[{\"@type\":\"SearchAction\",\"target\":{\"@type\":\"EntryPoint\",\"urlTemplate\":\"https:\\\/\\\/www.manabi.gob.ec\\\/?s={search_term_string}\"},\"query-input\":{\"@type\":\"PropertyValueSpecification\",\"valueRequired\":true,\"valueName\":\"search_term_string\"}}],\"inLanguage\":\"es\"},{\"@type\":\"Person\",\"@id\":\"https:\\\/\\\/www.manabi.gob.ec\\\/#\\\/schema\\\/person\\\/cfc71bd68fe2703b779edcc292a49722\",\"name\":\"admin\",\"image\":{\"@type\":\"ImageObject\",\"inLanguage\":\"es\",\"@id\":\"https:\\\/\\\/secure.gravatar.com\\\/avatar\\\/23e9f919492b0a2f65aa168e0d8c5c867ea853b61deffbadf08c7031e15b8d78?s=96&d=mm&r=g\",\"url\":\"https:\\\/\\\/secure.gravatar.com\\\/avatar\\\/23e9f919492b0a2f65aa168e0d8c5c867ea853b61deffbadf08c7031e15b8d78?s=96&d=mm&r=g\",\"contentUrl\":\"https:\\\/\\\/secure.gravatar.com\\\/avatar\\\/23e9f919492b0a2f65aa168e0d8c5c867ea853b61deffbadf08c7031e15b8d78?s=96&d=mm&r=g\",\"caption\":\"admin\"},\"sameAs\":[\"http:\\\/\\\/www.manabi.gob.ec\"],\"url\":\"https:\\\/\\\/www.manabi.gob.ec\\\/index.php\\\/author\\\/admin\\\/\"}]}<\/script>\n<!-- \/ Yoast SEO plugin. -->","yoast_head_json":{"title":"SE CUMPLI\u00d3 SUE\u00d1O DE LOS HABITANTES DE PLATANALES","description":"Chistian Acebo L\u00f3pez, se moviliza desde el sitio Platanales hasta la cabecera cantonal de Puerto L\u00f3pez, con mayor facilidad y seguridad. En el pasado le resultaba dif\u00edcil transportarse sobre todo en \u00e9poca invernal. \" Antes para salir utiliz\u00e1bamos burrito, a los enfermos lo sac\u00e1bamos en hamaca. Era muy complicada la situaci\u00f3n, ahora a cada rato podemos salir caminando, en moto o en carro\" dijo Christian Acebo L\u00f3pez, presidente de comunidad Platanales. Los 3.38 kil\u00f3metros de ingreso a Platanales fueron rehabilitados a nivel de asfalto de 2 pulgadas. Intervenci\u00f3n del Gobierno de Manab\u00ed, que represent\u00f3 una inversi\u00f3n de 698 mil 501 d\u00f3lares con 58 centavos. La rehabilitaci\u00f3n vial realizada en Platanales, despierta la esperanza de los 300 habitantes aproximadamente de esta localidad; quienes han comenzado a emprender en nuevos negocios como el caso de la familia Figueroa Pincay, que inici\u00f3 la crianza de gallinas ponedoras. \" Hace unos 20 a\u00f1os criabamos pollos, pero dejamos esa actividad porque no ten\u00edamos agua, ni carretera. Ahora junto a mi familia decidimos retomar el negocio porque la situaci\u00f3n ha cambiado\", expres\u00f3 Carla Figueroa Figueroa. Esta obra vial fue inaugurada el viernes 12 de marzo por el prefecto, Leonardo Orlando, quien cumpli\u00f3 una amplia agenda territorial en el cant\u00f3n Puerto L\u00f3pez. Se mejora la conectividad y las condiciones de vida de los habitantes de Platanales, una poblaci\u00f3n que comienza a escribir una nueva historia de Desarrollo y Equidad.","robots":{"index":"index","follow":"follow","max-snippet":"max-snippet:-1","max-image-preview":"max-image-preview:large","max-video-preview":"max-video-preview:-1"},"canonical":"https:\/\/www.manabi.gob.ec\/index.php\/se-cumplio-sueno-de-los-habitantes-de-platanales\/","og_locale":"es_ES","og_type":"article","og_title":"SE CUMPLI\u00d3 SUE\u00d1O DE LOS HABITANTES DE PLATANALES","og_description":"Chistian Acebo L\u00f3pez, se moviliza desde el sitio Platanales hasta la cabecera cantonal de Puerto L\u00f3pez, con mayor facilidad y seguridad. En el pasado le resultaba dif\u00edcil transportarse sobre todo en \u00e9poca invernal. \" Antes para salir utiliz\u00e1bamos burrito, a los enfermos lo sac\u00e1bamos en hamaca. Era muy complicada la situaci\u00f3n, ahora a cada rato podemos salir caminando, en moto o en carro\" dijo Christian Acebo L\u00f3pez, presidente de comunidad Platanales. Los 3.38 kil\u00f3metros de ingreso a Platanales fueron rehabilitados a nivel de asfalto de 2 pulgadas. Intervenci\u00f3n del Gobierno de Manab\u00ed, que represent\u00f3 una inversi\u00f3n de 698 mil 501 d\u00f3lares con 58 centavos. La rehabilitaci\u00f3n vial realizada en Platanales, despierta la esperanza de los 300 habitantes aproximadamente de esta localidad; quienes han comenzado a emprender en nuevos negocios como el caso de la familia Figueroa Pincay, que inici\u00f3 la crianza de gallinas ponedoras. \" Hace unos 20 a\u00f1os criabamos pollos, pero dejamos esa actividad porque no ten\u00edamos agua, ni carretera. Ahora junto a mi familia decidimos retomar el negocio porque la situaci\u00f3n ha cambiado\", expres\u00f3 Carla Figueroa Figueroa. Esta obra vial fue inaugurada el viernes 12 de marzo por el prefecto, Leonardo Orlando, quien cumpli\u00f3 una amplia agenda territorial en el cant\u00f3n Puerto L\u00f3pez. Se mejora la conectividad y las condiciones de vida de los habitantes de Platanales, una poblaci\u00f3n que comienza a escribir una nueva historia de Desarrollo y Equidad.","og_url":"https:\/\/www.manabi.gob.ec\/index.php\/se-cumplio-sueno-de-los-habitantes-de-platanales\/","og_site_name":"Prefectura de Manab\u00ed","article_published_time":"2021-03-17T17:14:49+00:00","article_modified_time":"2021-03-17T17:14:52+00:00","og_image":[{"width":1280,"height":720,"url":"https:\/\/www.manabi.gob.ec\/wp-content\/uploads\/2021\/03\/Via-Puerto-Lopez-Platanales-3.jpeg","type":"image\/jpeg"}],"author":"admin","twitter_card":"summary_large_image","twitter_misc":{"Escrito por":"admin","Tiempo de lectura":"2 minutos"},"schema":{"@context":"https:\/\/schema.org","@graph":[{"@type":"Article","@id":"https:\/\/www.manabi.gob.ec\/index.php\/se-cumplio-sueno-de-los-habitantes-de-platanales\/#article","isPartOf":{"@id":"https:\/\/www.manabi.gob.ec\/index.php\/se-cumplio-sueno-de-los-habitantes-de-platanales\/"},"author":{"name":"admin","@id":"https:\/\/www.manabi.gob.ec\/#\/schema\/person\/cfc71bd68fe2703b779edcc292a49722"},"headline":"SE CUMPLI\u00d3 SUE\u00d1O DE LOS HABITANTES DE PLATANALES","datePublished":"2021-03-17T17:14:49+00:00","dateModified":"2021-03-17T17:14:52+00:00","mainEntityOfPage":{"@id":"https:\/\/www.manabi.gob.ec\/index.php\/se-cumplio-sueno-de-los-habitantes-de-platanales\/"},"wordCount":249,"image":{"@id":"https:\/\/www.manabi.gob.ec\/index.php\/se-cumplio-sueno-de-los-habitantes-de-platanales\/#primaryimage"},"thumbnailUrl":"https:\/\/www.manabi.gob.ec\/wp-content\/uploads\/2021\/03\/Via-Puerto-Lopez-Platanales-3.jpeg","articleSection":["Noticias","Obra P\u00fablica","Puerto L\u00f3pez","Todas","Vialidad"],"inLanguage":"es"},{"@type":"WebPage","@id":"https:\/\/www.manabi.gob.ec\/index.php\/se-cumplio-sueno-de-los-habitantes-de-platanales\/","url":"https:\/\/www.manabi.gob.ec\/index.php\/se-cumplio-sueno-de-los-habitantes-de-platanales\/","name":"SE CUMPLI\u00d3 SUE\u00d1O DE LOS HABITANTES DE PLATANALES","isPartOf":{"@id":"https:\/\/www.manabi.gob.ec\/#website"},"primaryImageOfPage":{"@id":"https:\/\/www.manabi.gob.ec\/index.php\/se-cumplio-sueno-de-los-habitantes-de-platanales\/#primaryimage"},"image":{"@id":"https:\/\/www.manabi.gob.ec\/index.php\/se-cumplio-sueno-de-los-habitantes-de-platanales\/#primaryimage"},"thumbnailUrl":"https:\/\/www.manabi.gob.ec\/wp-content\/uploads\/2021\/03\/Via-Puerto-Lopez-Platanales-3.jpeg","datePublished":"2021-03-17T17:14:49+00:00","dateModified":"2021-03-17T17:14:52+00:00","author":{"@id":"https:\/\/www.manabi.gob.ec\/#\/schema\/person\/cfc71bd68fe2703b779edcc292a49722"},"description":"Chistian Acebo L\u00f3pez, se moviliza desde el sitio Platanales hasta la cabecera cantonal de Puerto L\u00f3pez, con mayor facilidad y seguridad. En el pasado le resultaba dif\u00edcil transportarse sobre todo en \u00e9poca invernal. \" Antes para salir utiliz\u00e1bamos burrito, a los enfermos lo sac\u00e1bamos en hamaca. Era muy complicada la situaci\u00f3n, ahora a cada rato podemos salir caminando, en moto o en carro\" dijo Christian Acebo L\u00f3pez, presidente de comunidad Platanales. Los 3.38 kil\u00f3metros de ingreso a Platanales fueron rehabilitados a nivel de asfalto de 2 pulgadas. Intervenci\u00f3n del Gobierno de Manab\u00ed, que represent\u00f3 una inversi\u00f3n de 698 mil 501 d\u00f3lares con 58 centavos. La rehabilitaci\u00f3n vial realizada en Platanales, despierta la esperanza de los 300 habitantes aproximadamente de esta localidad; quienes han comenzado a emprender en nuevos negocios como el caso de la familia Figueroa Pincay, que inici\u00f3 la crianza de gallinas ponedoras. \" Hace unos 20 a\u00f1os criabamos pollos, pero dejamos esa actividad porque no ten\u00edamos agua, ni carretera. Ahora junto a mi familia decidimos retomar el negocio porque la situaci\u00f3n ha cambiado\", expres\u00f3 Carla Figueroa Figueroa. Esta obra vial fue inaugurada el viernes 12 de marzo por el prefecto, Leonardo Orlando, quien cumpli\u00f3 una amplia agenda territorial en el cant\u00f3n Puerto L\u00f3pez. Se mejora la conectividad y las condiciones de vida de los habitantes de Platanales, una poblaci\u00f3n que comienza a escribir una nueva historia de Desarrollo y Equidad.","breadcrumb":{"@id":"https:\/\/www.manabi.gob.ec\/index.php\/se-cumplio-sueno-de-los-habitantes-de-platanales\/#breadcrumb"},"inLanguage":"es","potentialAction":[{"@type":"ReadAction","target":["https:\/\/www.manabi.gob.ec\/index.php\/se-cumplio-sueno-de-los-habitantes-de-platanales\/"]}]},{"@type":"ImageObject","inLanguage":"es","@id":"https:\/\/www.manabi.gob.ec\/index.php\/se-cumplio-sueno-de-los-habitantes-de-platanales\/#primaryimage","url":"https:\/\/www.manabi.gob.ec\/wp-content\/uploads\/2021\/03\/Via-Puerto-Lopez-Platanales-3.jpeg","contentUrl":"https:\/\/www.manabi.gob.ec\/wp-content\/uploads\/2021\/03\/Via-Puerto-Lopez-Platanales-3.jpeg","width":1280,"height":720},{"@type":"BreadcrumbList","@id":"https:\/\/www.manabi.gob.ec\/index.php\/se-cumplio-sueno-de-los-habitantes-de-platanales\/#breadcrumb","itemListElement":[{"@type":"ListItem","position":1,"name":"Portada","item":"https:\/\/www.manabi.gob.ec\/"},{"@type":"ListItem","position":2,"name":"SE CUMPLI\u00d3 SUE\u00d1O DE LOS HABITANTES DE PLATANALES"}]},{"@type":"WebSite","@id":"https:\/\/www.manabi.gob.ec\/#website","url":"https:\/\/www.manabi.gob.ec\/","name":"Prefectura de Manab\u00ed","description":"P\u00e1gina web de la prefectura","potentialAction":[{"@type":"SearchAction","target":{"@type":"EntryPoint","urlTemplate":"https:\/\/www.manabi.gob.ec\/?s={search_term_string}"},"query-input":{"@type":"PropertyValueSpecification","valueRequired":true,"valueName":"search_term_string"}}],"inLanguage":"es"},{"@type":"Person","@id":"https:\/\/www.manabi.gob.ec\/#\/schema\/person\/cfc71bd68fe2703b779edcc292a49722","name":"admin","image":{"@type":"ImageObject","inLanguage":"es","@id":"https:\/\/secure.gravatar.com\/avatar\/23e9f919492b0a2f65aa168e0d8c5c867ea853b61deffbadf08c7031e15b8d78?s=96&d=mm&r=g","url":"https:\/\/secure.gravatar.com\/avatar\/23e9f919492b0a2f65aa168e0d8c5c867ea853b61deffbadf08c7031e15b8d78?s=96&d=mm&r=g","contentUrl":"https:\/\/secure.gravatar.com\/avatar\/23e9f919492b0a2f65aa168e0d8c5c867ea853b61deffbadf08c7031e15b8d78?s=96&d=mm&r=g","caption":"admin"},"sameAs":["http:\/\/www.manabi.gob.ec"],"url":"https:\/\/www.manabi.gob.ec\/index.php\/author\/admin\/"}]}},"jetpack_featured_media_url":"https:\/\/www.manabi.gob.ec\/wp-content\/uploads\/2021\/03\/Via-Puerto-Lopez-Platanales-3.jpeg","_links":{"self":[{"href":"https:\/\/www.manabi.gob.ec\/index.php\/wp-json\/wp\/v2\/posts\/16402","targetHints":{"allow":["GET"]}}],"collection":[{"href":"https:\/\/www.manabi.gob.ec\/index.php\/wp-json\/wp\/v2\/posts"}],"about":[{"href":"https:\/\/www.manabi.gob.ec\/index.php\/wp-json\/wp\/v2\/types\/post"}],"author":[{"embeddable":true,"href":"https:\/\/www.manabi.gob.ec\/index.php\/wp-json\/wp\/v2\/users\/1"}],"replies":[{"embeddable":true,"href":"https:\/\/www.manabi.gob.ec\/index.php\/wp-json\/wp\/v2\/comments?post=16402"}],"version-history":[{"count":0,"href":"https:\/\/www.manabi.gob.ec\/index.php\/wp-json\/wp\/v2\/posts\/16402\/revisions"}],"wp:featuredmedia":[{"embeddable":true,"href":"https:\/\/www.manabi.gob.ec\/index.php\/wp-json\/wp\/v2\/media\/16403"}],"wp:attachment":[{"href":"https:\/\/www.manabi.gob.ec\/index.php\/wp-json\/wp\/v2\/media?parent=16402"}],"wp:term":[{"taxonomy":"category","embeddable":true,"href":"https:\/\/www.manabi.gob.ec\/index.php\/wp-json\/wp\/v2\/categories?post=16402"},{"taxonomy":"post_tag","embeddable":true,"href":"https:\/\/www.manabi.gob.ec\/index.php\/wp-json\/wp\/v2\/tags?post=16402"}],"curies":[{"name":"wp","href":"https:\/\/api.w.org\/{rel}","templated":true}]}}