{"id":16408,"date":"2021-03-17T17:29:24","date_gmt":"2021-03-17T17:29:24","guid":{"rendered":"https:\/\/www.manabi.gob.ec\/?p=16408"},"modified":"2021-03-17T17:29:27","modified_gmt":"2021-03-17T17:29:27","slug":"ejecutamos-plan-invernal-en-santa-ana-y-24-de-mayo","status":"publish","type":"post","link":"https:\/\/www.manabi.gob.ec\/index.php\/ejecutamos-plan-invernal-en-santa-ana-y-24-de-mayo\/","title":{"rendered":"EJECUTAMOS PLAN INVERNAL EN SANTA ANA Y 24 DE MAYO"},"content":{"rendered":"\n<p>Sigue en marcha el Plan Invernal del Gobierno de Manab\u00ed, que consiste en dar respuesta inmediata a los problemas que se presentan en la provincia debido a la estaci\u00f3n invernal, especialmente en el tema vial del sector rural.<\/p>\n\n\n\n<p>En el cant\u00f3n 24 de Mayo, se ha trabajado en 6 sectores, donde se han presentado afectaciones debido a deslizamientos de tierra.<\/p>\n\n\n\n<p>En la v\u00eda Tropez\u00f3n &#8211; El Chial \u2013 Jipijapa, de 25 kil\u00f3metros, se hizo limpieza de calzada y retiro de lodo, para que pueda retomarse la circulaci\u00f3n vehicular y la movilidad de los habitantes de esta zona. Es una v\u00eda de mucha importancia, que integra a los cantones 24 de Mayo y Jipijapa, y da servicio a cientos de familias de estos dos cantones.<\/p>\n\n\n\n<p>\u201cAqu\u00ed tuvimos 6 afectaciones con el mismo problema. Gracias al trabajo intenso que hemos realizado, todas las afectaciones&nbsp;quedaron solucionadas\u201d se\u00f1al\u00f3 Isaac Pachay, t\u00e9cnico&nbsp;de la Prefectura de Manab\u00ed.<\/p>\n\n\n\n<p>Otro de los frentes de trabajo se concentr\u00f3 en el puente sobre el r\u00edo La Victoria, en el&nbsp;Sitio Bejuco Chico, de la parroquia Sucre de 24 de Mayo. All\u00ed las lluvias provocaron que el lado derecho del muro de gavi\u00f3n se deslizara hacia la v\u00eda, que interrumpi\u00f3 el paso vehicular.<\/p>\n\n\n\n<p>En La v\u00eda Progreso-San Antonio, de 2. 2 kil\u00f3metros, se trabaja en la recuperaci\u00f3n de la v\u00eda, donde uno de sus carriles present\u00f3 socav\u00f3n de la calzada. Se trabaja en la colocaci\u00f3n&nbsp;del material p\u00e9treo, de piedras escollera, para recuperar el ancho de la v\u00eda.<\/p>\n\n\n\n<p>Santa Ana<\/p>\n\n\n\n<p>En el cant\u00f3n&nbsp;Santa Ana, se trabaja en la v\u00eda Taina Afuera \u2013Taina En Medio y Taina Adentro, de 5.6 kil\u00f3metros, donde el agua provoc\u00f3 deslizamientos y afectaciones.&nbsp; A la altura del kil\u00f3metro 4, se coloc\u00f3 una alcantarilla de 1200 mil\u00edmetros,&nbsp;de 12 metros lineales, con material filtrante para dejar expedita al paso vehicular mencion\u00f3 M\u00f3nica Quim\u00eds t\u00e9cnica de la prefectura provincial.<\/p>\n","protected":false},"excerpt":{"rendered":"<p>Sigue en marcha el Plan Invernal del Gobierno de Manab\u00ed, que consiste en dar respuesta inmediata a los problemas que se presentan en la provincia debido a la estaci\u00f3n invernal, especialmente en el tema vial del sector rural.<\/p>\n","protected":false},"author":1,"featured_media":16410,"comment_status":"closed","ping_status":"open","sticky":false,"template":"","format":"standard","meta":{"_joinchat":[],"footnotes":""},"categories":[138,150,92,107,91,127],"tags":[],"class_list":["post-16408","post","type-post","status-publish","format-standard","has-post-thumbnail","hentry","category-24-de-mayo","category-ambiente","category-noticias-manabi","category-santa-ana","category-todas","category-vialidad"],"yoast_head":"<!-- This site is optimized with the Yoast SEO plugin v27.4 - https:\/\/yoast.com\/product\/yoast-seo-wordpress\/ -->\n<title>EJECUTAMOS PLAN INVERNAL EN SANTA ANA Y 24 DE MAYO - Prefectura de Manab\u00ed<\/title>\n<meta name=\"robots\" content=\"index, follow, max-snippet:-1, max-image-preview:large, max-video-preview:-1\" \/>\n<link rel=\"canonical\" href=\"https:\/\/www.manabi.gob.ec\/index.php\/ejecutamos-plan-invernal-en-santa-ana-y-24-de-mayo\/\" \/>\n<meta property=\"og:locale\" content=\"es_ES\" \/>\n<meta property=\"og:type\" content=\"article\" \/>\n<meta property=\"og:title\" content=\"EJECUTAMOS PLAN INVERNAL EN SANTA ANA Y 24 DE MAYO - Prefectura de Manab\u00ed\" \/>\n<meta property=\"og:description\" content=\"Sigue en marcha el Plan Invernal del Gobierno de Manab\u00ed, que consiste en dar respuesta inmediata a los problemas que se presentan en la provincia debido a la estaci\u00f3n invernal, especialmente en el tema vial del sector rural.\" \/>\n<meta property=\"og:url\" content=\"https:\/\/www.manabi.gob.ec\/index.php\/ejecutamos-plan-invernal-en-santa-ana-y-24-de-mayo\/\" \/>\n<meta property=\"og:site_name\" content=\"Prefectura de Manab\u00ed\" \/>\n<meta property=\"article:published_time\" content=\"2021-03-17T17:29:24+00:00\" \/>\n<meta property=\"article:modified_time\" content=\"2021-03-17T17:29:27+00:00\" \/>\n<meta property=\"og:image\" content=\"https:\/\/www.manabi.gob.ec\/wp-content\/uploads\/2021\/03\/Plan-vial-en-24-de-Mayo-1.jpeg\" \/>\n\t<meta property=\"og:image:width\" content=\"1280\" \/>\n\t<meta property=\"og:image:height\" content=\"853\" \/>\n\t<meta property=\"og:image:type\" content=\"image\/jpeg\" \/>\n<meta name=\"author\" content=\"admin\" \/>\n<meta name=\"twitter:card\" content=\"summary_large_image\" \/>\n<meta name=\"twitter:label1\" content=\"Escrito por\" \/>\n\t<meta name=\"twitter:data1\" content=\"admin\" \/>\n\t<meta name=\"twitter:label2\" content=\"Tiempo de lectura\" \/>\n\t<meta name=\"twitter:data2\" content=\"2 minutos\" \/>\n<script type=\"application\/ld+json\" class=\"yoast-schema-graph\">{\"@context\":\"https:\\\/\\\/schema.org\",\"@graph\":[{\"@type\":\"Article\",\"@id\":\"https:\\\/\\\/www.manabi.gob.ec\\\/index.php\\\/ejecutamos-plan-invernal-en-santa-ana-y-24-de-mayo\\\/#article\",\"isPartOf\":{\"@id\":\"https:\\\/\\\/www.manabi.gob.ec\\\/index.php\\\/ejecutamos-plan-invernal-en-santa-ana-y-24-de-mayo\\\/\"},\"author\":{\"name\":\"admin\",\"@id\":\"https:\\\/\\\/www.manabi.gob.ec\\\/#\\\/schema\\\/person\\\/cfc71bd68fe2703b779edcc292a49722\"},\"headline\":\"EJECUTAMOS PLAN INVERNAL EN SANTA ANA Y 24 DE MAYO\",\"datePublished\":\"2021-03-17T17:29:24+00:00\",\"dateModified\":\"2021-03-17T17:29:27+00:00\",\"mainEntityOfPage\":{\"@id\":\"https:\\\/\\\/www.manabi.gob.ec\\\/index.php\\\/ejecutamos-plan-invernal-en-santa-ana-y-24-de-mayo\\\/\"},\"wordCount\":344,\"image\":{\"@id\":\"https:\\\/\\\/www.manabi.gob.ec\\\/index.php\\\/ejecutamos-plan-invernal-en-santa-ana-y-24-de-mayo\\\/#primaryimage\"},\"thumbnailUrl\":\"https:\\\/\\\/www.manabi.gob.ec\\\/wp-content\\\/uploads\\\/2021\\\/03\\\/Plan-vial-en-24-de-Mayo-1.jpeg\",\"articleSection\":[\"24 de Mayo\",\"Ambiente\",\"Noticias\",\"Santa ana\",\"Todas\",\"Vialidad\"],\"inLanguage\":\"es\"},{\"@type\":\"WebPage\",\"@id\":\"https:\\\/\\\/www.manabi.gob.ec\\\/index.php\\\/ejecutamos-plan-invernal-en-santa-ana-y-24-de-mayo\\\/\",\"url\":\"https:\\\/\\\/www.manabi.gob.ec\\\/index.php\\\/ejecutamos-plan-invernal-en-santa-ana-y-24-de-mayo\\\/\",\"name\":\"EJECUTAMOS PLAN INVERNAL EN SANTA ANA Y 24 DE MAYO - Prefectura de Manab\u00ed\",\"isPartOf\":{\"@id\":\"https:\\\/\\\/www.manabi.gob.ec\\\/#website\"},\"primaryImageOfPage\":{\"@id\":\"https:\\\/\\\/www.manabi.gob.ec\\\/index.php\\\/ejecutamos-plan-invernal-en-santa-ana-y-24-de-mayo\\\/#primaryimage\"},\"image\":{\"@id\":\"https:\\\/\\\/www.manabi.gob.ec\\\/index.php\\\/ejecutamos-plan-invernal-en-santa-ana-y-24-de-mayo\\\/#primaryimage\"},\"thumbnailUrl\":\"https:\\\/\\\/www.manabi.gob.ec\\\/wp-content\\\/uploads\\\/2021\\\/03\\\/Plan-vial-en-24-de-Mayo-1.jpeg\",\"datePublished\":\"2021-03-17T17:29:24+00:00\",\"dateModified\":\"2021-03-17T17:29:27+00:00\",\"author\":{\"@id\":\"https:\\\/\\\/www.manabi.gob.ec\\\/#\\\/schema\\\/person\\\/cfc71bd68fe2703b779edcc292a49722\"},\"breadcrumb\":{\"@id\":\"https:\\\/\\\/www.manabi.gob.ec\\\/index.php\\\/ejecutamos-plan-invernal-en-santa-ana-y-24-de-mayo\\\/#breadcrumb\"},\"inLanguage\":\"es\",\"potentialAction\":[{\"@type\":\"ReadAction\",\"target\":[\"https:\\\/\\\/www.manabi.gob.ec\\\/index.php\\\/ejecutamos-plan-invernal-en-santa-ana-y-24-de-mayo\\\/\"]}]},{\"@type\":\"ImageObject\",\"inLanguage\":\"es\",\"@id\":\"https:\\\/\\\/www.manabi.gob.ec\\\/index.php\\\/ejecutamos-plan-invernal-en-santa-ana-y-24-de-mayo\\\/#primaryimage\",\"url\":\"https:\\\/\\\/www.manabi.gob.ec\\\/wp-content\\\/uploads\\\/2021\\\/03\\\/Plan-vial-en-24-de-Mayo-1.jpeg\",\"contentUrl\":\"https:\\\/\\\/www.manabi.gob.ec\\\/wp-content\\\/uploads\\\/2021\\\/03\\\/Plan-vial-en-24-de-Mayo-1.jpeg\",\"width\":1280,\"height\":853},{\"@type\":\"BreadcrumbList\",\"@id\":\"https:\\\/\\\/www.manabi.gob.ec\\\/index.php\\\/ejecutamos-plan-invernal-en-santa-ana-y-24-de-mayo\\\/#breadcrumb\",\"itemListElement\":[{\"@type\":\"ListItem\",\"position\":1,\"name\":\"Portada\",\"item\":\"https:\\\/\\\/www.manabi.gob.ec\\\/\"},{\"@type\":\"ListItem\",\"position\":2,\"name\":\"EJECUTAMOS PLAN INVERNAL EN SANTA ANA Y 24 DE MAYO\"}]},{\"@type\":\"WebSite\",\"@id\":\"https:\\\/\\\/www.manabi.gob.ec\\\/#website\",\"url\":\"https:\\\/\\\/www.manabi.gob.ec\\\/\",\"name\":\"Prefectura de Manab\u00ed\",\"description\":\"P\u00e1gina web de la prefectura\",\"potentialAction\":[{\"@type\":\"SearchAction\",\"target\":{\"@type\":\"EntryPoint\",\"urlTemplate\":\"https:\\\/\\\/www.manabi.gob.ec\\\/?s={search_term_string}\"},\"query-input\":{\"@type\":\"PropertyValueSpecification\",\"valueRequired\":true,\"valueName\":\"search_term_string\"}}],\"inLanguage\":\"es\"},{\"@type\":\"Person\",\"@id\":\"https:\\\/\\\/www.manabi.gob.ec\\\/#\\\/schema\\\/person\\\/cfc71bd68fe2703b779edcc292a49722\",\"name\":\"admin\",\"image\":{\"@type\":\"ImageObject\",\"inLanguage\":\"es\",\"@id\":\"https:\\\/\\\/secure.gravatar.com\\\/avatar\\\/23e9f919492b0a2f65aa168e0d8c5c867ea853b61deffbadf08c7031e15b8d78?s=96&d=mm&r=g\",\"url\":\"https:\\\/\\\/secure.gravatar.com\\\/avatar\\\/23e9f919492b0a2f65aa168e0d8c5c867ea853b61deffbadf08c7031e15b8d78?s=96&d=mm&r=g\",\"contentUrl\":\"https:\\\/\\\/secure.gravatar.com\\\/avatar\\\/23e9f919492b0a2f65aa168e0d8c5c867ea853b61deffbadf08c7031e15b8d78?s=96&d=mm&r=g\",\"caption\":\"admin\"},\"sameAs\":[\"http:\\\/\\\/www.manabi.gob.ec\"],\"url\":\"https:\\\/\\\/www.manabi.gob.ec\\\/index.php\\\/author\\\/admin\\\/\"}]}<\/script>\n<!-- \/ Yoast SEO plugin. -->","yoast_head_json":{"title":"EJECUTAMOS PLAN INVERNAL EN SANTA ANA Y 24 DE MAYO - Prefectura de Manab\u00ed","robots":{"index":"index","follow":"follow","max-snippet":"max-snippet:-1","max-image-preview":"max-image-preview:large","max-video-preview":"max-video-preview:-1"},"canonical":"https:\/\/www.manabi.gob.ec\/index.php\/ejecutamos-plan-invernal-en-santa-ana-y-24-de-mayo\/","og_locale":"es_ES","og_type":"article","og_title":"EJECUTAMOS PLAN INVERNAL EN SANTA ANA Y 24 DE MAYO - Prefectura de Manab\u00ed","og_description":"Sigue en marcha el Plan Invernal del Gobierno de Manab\u00ed, que consiste en dar respuesta inmediata a los problemas que se presentan en la provincia debido a la estaci\u00f3n invernal, especialmente en el tema vial del sector rural.","og_url":"https:\/\/www.manabi.gob.ec\/index.php\/ejecutamos-plan-invernal-en-santa-ana-y-24-de-mayo\/","og_site_name":"Prefectura de Manab\u00ed","article_published_time":"2021-03-17T17:29:24+00:00","article_modified_time":"2021-03-17T17:29:27+00:00","og_image":[{"width":1280,"height":853,"url":"https:\/\/www.manabi.gob.ec\/wp-content\/uploads\/2021\/03\/Plan-vial-en-24-de-Mayo-1.jpeg","type":"image\/jpeg"}],"author":"admin","twitter_card":"summary_large_image","twitter_misc":{"Escrito por":"admin","Tiempo de lectura":"2 minutos"},"schema":{"@context":"https:\/\/schema.org","@graph":[{"@type":"Article","@id":"https:\/\/www.manabi.gob.ec\/index.php\/ejecutamos-plan-invernal-en-santa-ana-y-24-de-mayo\/#article","isPartOf":{"@id":"https:\/\/www.manabi.gob.ec\/index.php\/ejecutamos-plan-invernal-en-santa-ana-y-24-de-mayo\/"},"author":{"name":"admin","@id":"https:\/\/www.manabi.gob.ec\/#\/schema\/person\/cfc71bd68fe2703b779edcc292a49722"},"headline":"EJECUTAMOS PLAN INVERNAL EN SANTA ANA Y 24 DE MAYO","datePublished":"2021-03-17T17:29:24+00:00","dateModified":"2021-03-17T17:29:27+00:00","mainEntityOfPage":{"@id":"https:\/\/www.manabi.gob.ec\/index.php\/ejecutamos-plan-invernal-en-santa-ana-y-24-de-mayo\/"},"wordCount":344,"image":{"@id":"https:\/\/www.manabi.gob.ec\/index.php\/ejecutamos-plan-invernal-en-santa-ana-y-24-de-mayo\/#primaryimage"},"thumbnailUrl":"https:\/\/www.manabi.gob.ec\/wp-content\/uploads\/2021\/03\/Plan-vial-en-24-de-Mayo-1.jpeg","articleSection":["24 de Mayo","Ambiente","Noticias","Santa ana","Todas","Vialidad"],"inLanguage":"es"},{"@type":"WebPage","@id":"https:\/\/www.manabi.gob.ec\/index.php\/ejecutamos-plan-invernal-en-santa-ana-y-24-de-mayo\/","url":"https:\/\/www.manabi.gob.ec\/index.php\/ejecutamos-plan-invernal-en-santa-ana-y-24-de-mayo\/","name":"EJECUTAMOS PLAN INVERNAL EN SANTA ANA Y 24 DE MAYO - Prefectura de Manab\u00ed","isPartOf":{"@id":"https:\/\/www.manabi.gob.ec\/#website"},"primaryImageOfPage":{"@id":"https:\/\/www.manabi.gob.ec\/index.php\/ejecutamos-plan-invernal-en-santa-ana-y-24-de-mayo\/#primaryimage"},"image":{"@id":"https:\/\/www.manabi.gob.ec\/index.php\/ejecutamos-plan-invernal-en-santa-ana-y-24-de-mayo\/#primaryimage"},"thumbnailUrl":"https:\/\/www.manabi.gob.ec\/wp-content\/uploads\/2021\/03\/Plan-vial-en-24-de-Mayo-1.jpeg","datePublished":"2021-03-17T17:29:24+00:00","dateModified":"2021-03-17T17:29:27+00:00","author":{"@id":"https:\/\/www.manabi.gob.ec\/#\/schema\/person\/cfc71bd68fe2703b779edcc292a49722"},"breadcrumb":{"@id":"https:\/\/www.manabi.gob.ec\/index.php\/ejecutamos-plan-invernal-en-santa-ana-y-24-de-mayo\/#breadcrumb"},"inLanguage":"es","potentialAction":[{"@type":"ReadAction","target":["https:\/\/www.manabi.gob.ec\/index.php\/ejecutamos-plan-invernal-en-santa-ana-y-24-de-mayo\/"]}]},{"@type":"ImageObject","inLanguage":"es","@id":"https:\/\/www.manabi.gob.ec\/index.php\/ejecutamos-plan-invernal-en-santa-ana-y-24-de-mayo\/#primaryimage","url":"https:\/\/www.manabi.gob.ec\/wp-content\/uploads\/2021\/03\/Plan-vial-en-24-de-Mayo-1.jpeg","contentUrl":"https:\/\/www.manabi.gob.ec\/wp-content\/uploads\/2021\/03\/Plan-vial-en-24-de-Mayo-1.jpeg","width":1280,"height":853},{"@type":"BreadcrumbList","@id":"https:\/\/www.manabi.gob.ec\/index.php\/ejecutamos-plan-invernal-en-santa-ana-y-24-de-mayo\/#breadcrumb","itemListElement":[{"@type":"ListItem","position":1,"name":"Portada","item":"https:\/\/www.manabi.gob.ec\/"},{"@type":"ListItem","position":2,"name":"EJECUTAMOS PLAN INVERNAL EN SANTA ANA Y 24 DE MAYO"}]},{"@type":"WebSite","@id":"https:\/\/www.manabi.gob.ec\/#website","url":"https:\/\/www.manabi.gob.ec\/","name":"Prefectura de Manab\u00ed","description":"P\u00e1gina web de la prefectura","potentialAction":[{"@type":"SearchAction","target":{"@type":"EntryPoint","urlTemplate":"https:\/\/www.manabi.gob.ec\/?s={search_term_string}"},"query-input":{"@type":"PropertyValueSpecification","valueRequired":true,"valueName":"search_term_string"}}],"inLanguage":"es"},{"@type":"Person","@id":"https:\/\/www.manabi.gob.ec\/#\/schema\/person\/cfc71bd68fe2703b779edcc292a49722","name":"admin","image":{"@type":"ImageObject","inLanguage":"es","@id":"https:\/\/secure.gravatar.com\/avatar\/23e9f919492b0a2f65aa168e0d8c5c867ea853b61deffbadf08c7031e15b8d78?s=96&d=mm&r=g","url":"https:\/\/secure.gravatar.com\/avatar\/23e9f919492b0a2f65aa168e0d8c5c867ea853b61deffbadf08c7031e15b8d78?s=96&d=mm&r=g","contentUrl":"https:\/\/secure.gravatar.com\/avatar\/23e9f919492b0a2f65aa168e0d8c5c867ea853b61deffbadf08c7031e15b8d78?s=96&d=mm&r=g","caption":"admin"},"sameAs":["http:\/\/www.manabi.gob.ec"],"url":"https:\/\/www.manabi.gob.ec\/index.php\/author\/admin\/"}]}},"jetpack_featured_media_url":"https:\/\/www.manabi.gob.ec\/wp-content\/uploads\/2021\/03\/Plan-vial-en-24-de-Mayo-1.jpeg","_links":{"self":[{"href":"https:\/\/www.manabi.gob.ec\/index.php\/wp-json\/wp\/v2\/posts\/16408","targetHints":{"allow":["GET"]}}],"collection":[{"href":"https:\/\/www.manabi.gob.ec\/index.php\/wp-json\/wp\/v2\/posts"}],"about":[{"href":"https:\/\/www.manabi.gob.ec\/index.php\/wp-json\/wp\/v2\/types\/post"}],"author":[{"embeddable":true,"href":"https:\/\/www.manabi.gob.ec\/index.php\/wp-json\/wp\/v2\/users\/1"}],"replies":[{"embeddable":true,"href":"https:\/\/www.manabi.gob.ec\/index.php\/wp-json\/wp\/v2\/comments?post=16408"}],"version-history":[{"count":0,"href":"https:\/\/www.manabi.gob.ec\/index.php\/wp-json\/wp\/v2\/posts\/16408\/revisions"}],"wp:featuredmedia":[{"embeddable":true,"href":"https:\/\/www.manabi.gob.ec\/index.php\/wp-json\/wp\/v2\/media\/16410"}],"wp:attachment":[{"href":"https:\/\/www.manabi.gob.ec\/index.php\/wp-json\/wp\/v2\/media?parent=16408"}],"wp:term":[{"taxonomy":"category","embeddable":true,"href":"https:\/\/www.manabi.gob.ec\/index.php\/wp-json\/wp\/v2\/categories?post=16408"},{"taxonomy":"post_tag","embeddable":true,"href":"https:\/\/www.manabi.gob.ec\/index.php\/wp-json\/wp\/v2\/tags?post=16408"}],"curies":[{"name":"wp","href":"https:\/\/api.w.org\/{rel}","templated":true}]}}