{"id":16421,"date":"2021-03-19T02:21:57","date_gmt":"2021-03-19T02:21:57","guid":{"rendered":"https:\/\/www.manabi.gob.ec\/?p=16421"},"modified":"2021-03-19T02:22:00","modified_gmt":"2021-03-19T02:22:00","slug":"prefecto-lidera-gestiones-para-controlar-afectaciones-al-estuario-del-rio-chone","status":"publish","type":"post","link":"https:\/\/www.manabi.gob.ec\/index.php\/prefecto-lidera-gestiones-para-controlar-afectaciones-al-estuario-del-rio-chone\/","title":{"rendered":"PREFECTO LIDERA GESTIONES PARA CONTROLAR AFECTACIONES AL ESTUARIO DEL RIO CHONE"},"content":{"rendered":"\n<p>Factores antr\u00f3picos como la construcci\u00f3n de muros de contenci\u00f3n de camaroneras est\u00e1n ocasionando inundaciones y perjuicios al ecosistema del estuario del r\u00edo Chone, en territorios de los cantones Chone, Tosagua y San Vicente.<\/p>\n\n\n\n<p>La problem\u00e1tica fue analizada en la sesi\u00f3n de COE provincial que se desarroll\u00f3 este mi\u00e9rcoles 17 de marzo.<\/p>\n\n\n\n<p>La plenaria del organismo aprob\u00f3 la propuesta del Prefecto de mantener una mesa t\u00e9cnica permanente con el Ministerio de Industria y Producci\u00f3n, que tiene a su cargo el viceministerio de acuacultura y pesca, para buscar mecanismos de soluci\u00f3n urgente.<\/p>\n\n\n\n<p>\u00abEl objetivo es recuperar los canales de drenaje y que se puedan rehabilitar los cauces naturales para evitar las inundaciones y los inconvenientes que tuvimos en el humedal La Segua\u00bb, manifest\u00f3 el Prefecto.<\/p>\n\n\n\n<p>La autoridad provincial realizar\u00e1 ma\u00f1ana (jueves) una visita de inspecci\u00f3n a las zonas afectadas, junto a otras autoridades civiles, as\u00ed como funcionarios de control acu\u00edcola y ambiental.<\/p>\n\n\n\n<p>En la sesi\u00f3n del COE tambi\u00e9n se plantearon acciones para atender a las familias afectadas por el deslizamiento en el sector Tutumbe de Chone, y la situaci\u00f3n sanitaria por el Covid-19<\/p>\n","protected":false},"excerpt":{"rendered":"<p>Factores antr\u00f3picos como la construcci\u00f3n de muros de contenci\u00f3n de camaroneras est\u00e1n ocasionando inundaciones y perjuicios al ecosistema del estuario del r\u00edo Chone, en territorios de los cantones Chone, Tosagua y San Vicente. La problem\u00e1tica fue analizada en la sesi\u00f3n de COE provincial que se desarroll\u00f3 este mi\u00e9rcoles 17 de marzo. La plenaria del organismo [&hellip;]<\/p>\n","protected":false},"author":1,"featured_media":16423,"comment_status":"closed","ping_status":"open","sticky":false,"template":"","format":"standard","meta":{"_joinchat":[],"footnotes":""},"categories":[150,141,92,189,91,130],"tags":[],"class_list":["post-16421","post","type-post","status-publish","format-standard","has-post-thumbnail","hentry","category-ambiente","category-chone","category-noticias-manabi","category-san-vicente","category-todas","category-tosagua"],"yoast_head":"<!-- This site is optimized with the Yoast SEO plugin v27.4 - https:\/\/yoast.com\/product\/yoast-seo-wordpress\/ -->\n<title>PREFECTO LIDERA GESTIONES PARA CONTROLAR AFECTACIONES AL ESTUARIO DEL RIO CHONE - Prefectura de Manab\u00ed<\/title>\n<meta name=\"robots\" content=\"index, follow, max-snippet:-1, max-image-preview:large, max-video-preview:-1\" \/>\n<link rel=\"canonical\" href=\"https:\/\/www.manabi.gob.ec\/index.php\/prefecto-lidera-gestiones-para-controlar-afectaciones-al-estuario-del-rio-chone\/\" \/>\n<meta property=\"og:locale\" content=\"es_ES\" \/>\n<meta property=\"og:type\" content=\"article\" \/>\n<meta property=\"og:title\" content=\"PREFECTO LIDERA GESTIONES PARA CONTROLAR AFECTACIONES AL ESTUARIO DEL RIO CHONE - Prefectura de Manab\u00ed\" \/>\n<meta property=\"og:description\" content=\"Factores antr\u00f3picos como la construcci\u00f3n de muros de contenci\u00f3n de camaroneras est\u00e1n ocasionando inundaciones y perjuicios al ecosistema del estuario del r\u00edo Chone, en territorios de los cantones Chone, Tosagua y San Vicente. La problem\u00e1tica fue analizada en la sesi\u00f3n de COE provincial que se desarroll\u00f3 este mi\u00e9rcoles 17 de marzo. La plenaria del organismo [&hellip;]\" \/>\n<meta property=\"og:url\" content=\"https:\/\/www.manabi.gob.ec\/index.php\/prefecto-lidera-gestiones-para-controlar-afectaciones-al-estuario-del-rio-chone\/\" \/>\n<meta property=\"og:site_name\" content=\"Prefectura de Manab\u00ed\" \/>\n<meta property=\"article:published_time\" content=\"2021-03-19T02:21:57+00:00\" \/>\n<meta property=\"article:modified_time\" content=\"2021-03-19T02:22:00+00:00\" \/>\n<meta property=\"og:image\" content=\"https:\/\/www.manabi.gob.ec\/wp-content\/uploads\/2021\/03\/Reunion-COE-17-marzo.jpeg\" \/>\n\t<meta property=\"og:image:width\" content=\"1280\" \/>\n\t<meta property=\"og:image:height\" content=\"576\" \/>\n\t<meta property=\"og:image:type\" content=\"image\/jpeg\" \/>\n<meta name=\"author\" content=\"admin\" \/>\n<meta name=\"twitter:card\" content=\"summary_large_image\" \/>\n<meta name=\"twitter:label1\" content=\"Escrito por\" \/>\n\t<meta name=\"twitter:data1\" content=\"admin\" \/>\n\t<meta name=\"twitter:label2\" content=\"Tiempo de lectura\" \/>\n\t<meta name=\"twitter:data2\" content=\"1 minuto\" \/>\n<script type=\"application\/ld+json\" class=\"yoast-schema-graph\">{\"@context\":\"https:\\\/\\\/schema.org\",\"@graph\":[{\"@type\":\"Article\",\"@id\":\"https:\\\/\\\/www.manabi.gob.ec\\\/index.php\\\/prefecto-lidera-gestiones-para-controlar-afectaciones-al-estuario-del-rio-chone\\\/#article\",\"isPartOf\":{\"@id\":\"https:\\\/\\\/www.manabi.gob.ec\\\/index.php\\\/prefecto-lidera-gestiones-para-controlar-afectaciones-al-estuario-del-rio-chone\\\/\"},\"author\":{\"name\":\"admin\",\"@id\":\"https:\\\/\\\/www.manabi.gob.ec\\\/#\\\/schema\\\/person\\\/cfc71bd68fe2703b779edcc292a49722\"},\"headline\":\"PREFECTO LIDERA GESTIONES PARA CONTROLAR AFECTACIONES AL ESTUARIO DEL RIO CHONE\",\"datePublished\":\"2021-03-19T02:21:57+00:00\",\"dateModified\":\"2021-03-19T02:22:00+00:00\",\"mainEntityOfPage\":{\"@id\":\"https:\\\/\\\/www.manabi.gob.ec\\\/index.php\\\/prefecto-lidera-gestiones-para-controlar-afectaciones-al-estuario-del-rio-chone\\\/\"},\"wordCount\":208,\"image\":{\"@id\":\"https:\\\/\\\/www.manabi.gob.ec\\\/index.php\\\/prefecto-lidera-gestiones-para-controlar-afectaciones-al-estuario-del-rio-chone\\\/#primaryimage\"},\"thumbnailUrl\":\"https:\\\/\\\/www.manabi.gob.ec\\\/wp-content\\\/uploads\\\/2021\\\/03\\\/Reunion-COE-17-marzo.jpeg\",\"articleSection\":[\"Ambiente\",\"Chone\",\"Noticias\",\"San Vicente\",\"Todas\",\"Tosagua\"],\"inLanguage\":\"es\"},{\"@type\":\"WebPage\",\"@id\":\"https:\\\/\\\/www.manabi.gob.ec\\\/index.php\\\/prefecto-lidera-gestiones-para-controlar-afectaciones-al-estuario-del-rio-chone\\\/\",\"url\":\"https:\\\/\\\/www.manabi.gob.ec\\\/index.php\\\/prefecto-lidera-gestiones-para-controlar-afectaciones-al-estuario-del-rio-chone\\\/\",\"name\":\"PREFECTO LIDERA GESTIONES PARA CONTROLAR AFECTACIONES AL ESTUARIO DEL RIO CHONE - Prefectura de Manab\u00ed\",\"isPartOf\":{\"@id\":\"https:\\\/\\\/www.manabi.gob.ec\\\/#website\"},\"primaryImageOfPage\":{\"@id\":\"https:\\\/\\\/www.manabi.gob.ec\\\/index.php\\\/prefecto-lidera-gestiones-para-controlar-afectaciones-al-estuario-del-rio-chone\\\/#primaryimage\"},\"image\":{\"@id\":\"https:\\\/\\\/www.manabi.gob.ec\\\/index.php\\\/prefecto-lidera-gestiones-para-controlar-afectaciones-al-estuario-del-rio-chone\\\/#primaryimage\"},\"thumbnailUrl\":\"https:\\\/\\\/www.manabi.gob.ec\\\/wp-content\\\/uploads\\\/2021\\\/03\\\/Reunion-COE-17-marzo.jpeg\",\"datePublished\":\"2021-03-19T02:21:57+00:00\",\"dateModified\":\"2021-03-19T02:22:00+00:00\",\"author\":{\"@id\":\"https:\\\/\\\/www.manabi.gob.ec\\\/#\\\/schema\\\/person\\\/cfc71bd68fe2703b779edcc292a49722\"},\"breadcrumb\":{\"@id\":\"https:\\\/\\\/www.manabi.gob.ec\\\/index.php\\\/prefecto-lidera-gestiones-para-controlar-afectaciones-al-estuario-del-rio-chone\\\/#breadcrumb\"},\"inLanguage\":\"es\",\"potentialAction\":[{\"@type\":\"ReadAction\",\"target\":[\"https:\\\/\\\/www.manabi.gob.ec\\\/index.php\\\/prefecto-lidera-gestiones-para-controlar-afectaciones-al-estuario-del-rio-chone\\\/\"]}]},{\"@type\":\"ImageObject\",\"inLanguage\":\"es\",\"@id\":\"https:\\\/\\\/www.manabi.gob.ec\\\/index.php\\\/prefecto-lidera-gestiones-para-controlar-afectaciones-al-estuario-del-rio-chone\\\/#primaryimage\",\"url\":\"https:\\\/\\\/www.manabi.gob.ec\\\/wp-content\\\/uploads\\\/2021\\\/03\\\/Reunion-COE-17-marzo.jpeg\",\"contentUrl\":\"https:\\\/\\\/www.manabi.gob.ec\\\/wp-content\\\/uploads\\\/2021\\\/03\\\/Reunion-COE-17-marzo.jpeg\",\"width\":1280,\"height\":576},{\"@type\":\"BreadcrumbList\",\"@id\":\"https:\\\/\\\/www.manabi.gob.ec\\\/index.php\\\/prefecto-lidera-gestiones-para-controlar-afectaciones-al-estuario-del-rio-chone\\\/#breadcrumb\",\"itemListElement\":[{\"@type\":\"ListItem\",\"position\":1,\"name\":\"Portada\",\"item\":\"https:\\\/\\\/www.manabi.gob.ec\\\/\"},{\"@type\":\"ListItem\",\"position\":2,\"name\":\"PREFECTO LIDERA GESTIONES PARA CONTROLAR AFECTACIONES AL ESTUARIO DEL RIO CHONE\"}]},{\"@type\":\"WebSite\",\"@id\":\"https:\\\/\\\/www.manabi.gob.ec\\\/#website\",\"url\":\"https:\\\/\\\/www.manabi.gob.ec\\\/\",\"name\":\"Prefectura de Manab\u00ed\",\"description\":\"P\u00e1gina web de la prefectura\",\"potentialAction\":[{\"@type\":\"SearchAction\",\"target\":{\"@type\":\"EntryPoint\",\"urlTemplate\":\"https:\\\/\\\/www.manabi.gob.ec\\\/?s={search_term_string}\"},\"query-input\":{\"@type\":\"PropertyValueSpecification\",\"valueRequired\":true,\"valueName\":\"search_term_string\"}}],\"inLanguage\":\"es\"},{\"@type\":\"Person\",\"@id\":\"https:\\\/\\\/www.manabi.gob.ec\\\/#\\\/schema\\\/person\\\/cfc71bd68fe2703b779edcc292a49722\",\"name\":\"admin\",\"image\":{\"@type\":\"ImageObject\",\"inLanguage\":\"es\",\"@id\":\"https:\\\/\\\/secure.gravatar.com\\\/avatar\\\/23e9f919492b0a2f65aa168e0d8c5c867ea853b61deffbadf08c7031e15b8d78?s=96&d=mm&r=g\",\"url\":\"https:\\\/\\\/secure.gravatar.com\\\/avatar\\\/23e9f919492b0a2f65aa168e0d8c5c867ea853b61deffbadf08c7031e15b8d78?s=96&d=mm&r=g\",\"contentUrl\":\"https:\\\/\\\/secure.gravatar.com\\\/avatar\\\/23e9f919492b0a2f65aa168e0d8c5c867ea853b61deffbadf08c7031e15b8d78?s=96&d=mm&r=g\",\"caption\":\"admin\"},\"sameAs\":[\"http:\\\/\\\/www.manabi.gob.ec\"],\"url\":\"https:\\\/\\\/www.manabi.gob.ec\\\/index.php\\\/author\\\/admin\\\/\"}]}<\/script>\n<!-- \/ Yoast SEO plugin. -->","yoast_head_json":{"title":"PREFECTO LIDERA GESTIONES PARA CONTROLAR AFECTACIONES AL ESTUARIO DEL RIO CHONE - Prefectura de Manab\u00ed","robots":{"index":"index","follow":"follow","max-snippet":"max-snippet:-1","max-image-preview":"max-image-preview:large","max-video-preview":"max-video-preview:-1"},"canonical":"https:\/\/www.manabi.gob.ec\/index.php\/prefecto-lidera-gestiones-para-controlar-afectaciones-al-estuario-del-rio-chone\/","og_locale":"es_ES","og_type":"article","og_title":"PREFECTO LIDERA GESTIONES PARA CONTROLAR AFECTACIONES AL ESTUARIO DEL RIO CHONE - Prefectura de Manab\u00ed","og_description":"Factores antr\u00f3picos como la construcci\u00f3n de muros de contenci\u00f3n de camaroneras est\u00e1n ocasionando inundaciones y perjuicios al ecosistema del estuario del r\u00edo Chone, en territorios de los cantones Chone, Tosagua y San Vicente. La problem\u00e1tica fue analizada en la sesi\u00f3n de COE provincial que se desarroll\u00f3 este mi\u00e9rcoles 17 de marzo. La plenaria del organismo [&hellip;]","og_url":"https:\/\/www.manabi.gob.ec\/index.php\/prefecto-lidera-gestiones-para-controlar-afectaciones-al-estuario-del-rio-chone\/","og_site_name":"Prefectura de Manab\u00ed","article_published_time":"2021-03-19T02:21:57+00:00","article_modified_time":"2021-03-19T02:22:00+00:00","og_image":[{"width":1280,"height":576,"url":"https:\/\/www.manabi.gob.ec\/wp-content\/uploads\/2021\/03\/Reunion-COE-17-marzo.jpeg","type":"image\/jpeg"}],"author":"admin","twitter_card":"summary_large_image","twitter_misc":{"Escrito por":"admin","Tiempo de lectura":"1 minuto"},"schema":{"@context":"https:\/\/schema.org","@graph":[{"@type":"Article","@id":"https:\/\/www.manabi.gob.ec\/index.php\/prefecto-lidera-gestiones-para-controlar-afectaciones-al-estuario-del-rio-chone\/#article","isPartOf":{"@id":"https:\/\/www.manabi.gob.ec\/index.php\/prefecto-lidera-gestiones-para-controlar-afectaciones-al-estuario-del-rio-chone\/"},"author":{"name":"admin","@id":"https:\/\/www.manabi.gob.ec\/#\/schema\/person\/cfc71bd68fe2703b779edcc292a49722"},"headline":"PREFECTO LIDERA GESTIONES PARA CONTROLAR AFECTACIONES AL ESTUARIO DEL RIO CHONE","datePublished":"2021-03-19T02:21:57+00:00","dateModified":"2021-03-19T02:22:00+00:00","mainEntityOfPage":{"@id":"https:\/\/www.manabi.gob.ec\/index.php\/prefecto-lidera-gestiones-para-controlar-afectaciones-al-estuario-del-rio-chone\/"},"wordCount":208,"image":{"@id":"https:\/\/www.manabi.gob.ec\/index.php\/prefecto-lidera-gestiones-para-controlar-afectaciones-al-estuario-del-rio-chone\/#primaryimage"},"thumbnailUrl":"https:\/\/www.manabi.gob.ec\/wp-content\/uploads\/2021\/03\/Reunion-COE-17-marzo.jpeg","articleSection":["Ambiente","Chone","Noticias","San Vicente","Todas","Tosagua"],"inLanguage":"es"},{"@type":"WebPage","@id":"https:\/\/www.manabi.gob.ec\/index.php\/prefecto-lidera-gestiones-para-controlar-afectaciones-al-estuario-del-rio-chone\/","url":"https:\/\/www.manabi.gob.ec\/index.php\/prefecto-lidera-gestiones-para-controlar-afectaciones-al-estuario-del-rio-chone\/","name":"PREFECTO LIDERA GESTIONES PARA CONTROLAR AFECTACIONES AL ESTUARIO DEL RIO CHONE - Prefectura de Manab\u00ed","isPartOf":{"@id":"https:\/\/www.manabi.gob.ec\/#website"},"primaryImageOfPage":{"@id":"https:\/\/www.manabi.gob.ec\/index.php\/prefecto-lidera-gestiones-para-controlar-afectaciones-al-estuario-del-rio-chone\/#primaryimage"},"image":{"@id":"https:\/\/www.manabi.gob.ec\/index.php\/prefecto-lidera-gestiones-para-controlar-afectaciones-al-estuario-del-rio-chone\/#primaryimage"},"thumbnailUrl":"https:\/\/www.manabi.gob.ec\/wp-content\/uploads\/2021\/03\/Reunion-COE-17-marzo.jpeg","datePublished":"2021-03-19T02:21:57+00:00","dateModified":"2021-03-19T02:22:00+00:00","author":{"@id":"https:\/\/www.manabi.gob.ec\/#\/schema\/person\/cfc71bd68fe2703b779edcc292a49722"},"breadcrumb":{"@id":"https:\/\/www.manabi.gob.ec\/index.php\/prefecto-lidera-gestiones-para-controlar-afectaciones-al-estuario-del-rio-chone\/#breadcrumb"},"inLanguage":"es","potentialAction":[{"@type":"ReadAction","target":["https:\/\/www.manabi.gob.ec\/index.php\/prefecto-lidera-gestiones-para-controlar-afectaciones-al-estuario-del-rio-chone\/"]}]},{"@type":"ImageObject","inLanguage":"es","@id":"https:\/\/www.manabi.gob.ec\/index.php\/prefecto-lidera-gestiones-para-controlar-afectaciones-al-estuario-del-rio-chone\/#primaryimage","url":"https:\/\/www.manabi.gob.ec\/wp-content\/uploads\/2021\/03\/Reunion-COE-17-marzo.jpeg","contentUrl":"https:\/\/www.manabi.gob.ec\/wp-content\/uploads\/2021\/03\/Reunion-COE-17-marzo.jpeg","width":1280,"height":576},{"@type":"BreadcrumbList","@id":"https:\/\/www.manabi.gob.ec\/index.php\/prefecto-lidera-gestiones-para-controlar-afectaciones-al-estuario-del-rio-chone\/#breadcrumb","itemListElement":[{"@type":"ListItem","position":1,"name":"Portada","item":"https:\/\/www.manabi.gob.ec\/"},{"@type":"ListItem","position":2,"name":"PREFECTO LIDERA GESTIONES PARA CONTROLAR AFECTACIONES AL ESTUARIO DEL RIO CHONE"}]},{"@type":"WebSite","@id":"https:\/\/www.manabi.gob.ec\/#website","url":"https:\/\/www.manabi.gob.ec\/","name":"Prefectura de Manab\u00ed","description":"P\u00e1gina web de la prefectura","potentialAction":[{"@type":"SearchAction","target":{"@type":"EntryPoint","urlTemplate":"https:\/\/www.manabi.gob.ec\/?s={search_term_string}"},"query-input":{"@type":"PropertyValueSpecification","valueRequired":true,"valueName":"search_term_string"}}],"inLanguage":"es"},{"@type":"Person","@id":"https:\/\/www.manabi.gob.ec\/#\/schema\/person\/cfc71bd68fe2703b779edcc292a49722","name":"admin","image":{"@type":"ImageObject","inLanguage":"es","@id":"https:\/\/secure.gravatar.com\/avatar\/23e9f919492b0a2f65aa168e0d8c5c867ea853b61deffbadf08c7031e15b8d78?s=96&d=mm&r=g","url":"https:\/\/secure.gravatar.com\/avatar\/23e9f919492b0a2f65aa168e0d8c5c867ea853b61deffbadf08c7031e15b8d78?s=96&d=mm&r=g","contentUrl":"https:\/\/secure.gravatar.com\/avatar\/23e9f919492b0a2f65aa168e0d8c5c867ea853b61deffbadf08c7031e15b8d78?s=96&d=mm&r=g","caption":"admin"},"sameAs":["http:\/\/www.manabi.gob.ec"],"url":"https:\/\/www.manabi.gob.ec\/index.php\/author\/admin\/"}]}},"jetpack_featured_media_url":"https:\/\/www.manabi.gob.ec\/wp-content\/uploads\/2021\/03\/Reunion-COE-17-marzo.jpeg","_links":{"self":[{"href":"https:\/\/www.manabi.gob.ec\/index.php\/wp-json\/wp\/v2\/posts\/16421","targetHints":{"allow":["GET"]}}],"collection":[{"href":"https:\/\/www.manabi.gob.ec\/index.php\/wp-json\/wp\/v2\/posts"}],"about":[{"href":"https:\/\/www.manabi.gob.ec\/index.php\/wp-json\/wp\/v2\/types\/post"}],"author":[{"embeddable":true,"href":"https:\/\/www.manabi.gob.ec\/index.php\/wp-json\/wp\/v2\/users\/1"}],"replies":[{"embeddable":true,"href":"https:\/\/www.manabi.gob.ec\/index.php\/wp-json\/wp\/v2\/comments?post=16421"}],"version-history":[{"count":0,"href":"https:\/\/www.manabi.gob.ec\/index.php\/wp-json\/wp\/v2\/posts\/16421\/revisions"}],"wp:featuredmedia":[{"embeddable":true,"href":"https:\/\/www.manabi.gob.ec\/index.php\/wp-json\/wp\/v2\/media\/16423"}],"wp:attachment":[{"href":"https:\/\/www.manabi.gob.ec\/index.php\/wp-json\/wp\/v2\/media?parent=16421"}],"wp:term":[{"taxonomy":"category","embeddable":true,"href":"https:\/\/www.manabi.gob.ec\/index.php\/wp-json\/wp\/v2\/categories?post=16421"},{"taxonomy":"post_tag","embeddable":true,"href":"https:\/\/www.manabi.gob.ec\/index.php\/wp-json\/wp\/v2\/tags?post=16421"}],"curies":[{"name":"wp","href":"https:\/\/api.w.org\/{rel}","templated":true}]}}