{"id":16455,"date":"2021-03-22T13:46:08","date_gmt":"2021-03-22T13:46:08","guid":{"rendered":"https:\/\/www.manabi.gob.ec\/?p=16455"},"modified":"2021-03-22T13:48:03","modified_gmt":"2021-03-22T13:48:03","slug":"dia-historico-para-las-familias-de-platanales","status":"publish","type":"post","link":"https:\/\/www.manabi.gob.ec\/index.php\/dia-historico-para-las-familias-de-platanales\/","title":{"rendered":"D\u00cdA HIST\u00d3RICO PARA LAS FAMILIAS DE PLATANALES"},"content":{"rendered":"\n<p>Platanales vivi\u00f3, este s\u00e1bado 20 de marzo, una jornada de fiesta y celebraci\u00f3n, con motivo de la entrega oficial de la v\u00eda que conduce desde la cabecera cantonal hacia esta comunidad de agricultores y pescadores de Puerto L\u00f3pez.<\/p>\n\n\n\n<p>Esta v\u00eda, de 3.3 kil\u00f3metros, fue construida con recursos propios del Gobierno de Manab\u00ed, con una inversi\u00f3n de m\u00e1s de 780 mil d\u00f3lares m\u00e1s IVA, para beneficio directo de m\u00e1s de 400 habitantes.<\/p>\n\n\n\n<p>\u00abEste es un d\u00eda hist\u00f3rico\u00bb, dijeron los representantes ciudadanos que intervinieron en el acto de inauguraci\u00f3n de esta obra vial que queda a nivel de carpeta asf\u00e1ltica de 2 pulgadas, con guardav\u00edas iluminadas, se\u00f1al\u00e9tica horizontal y vertical, y el mejoramiento de un bad\u00e9n.<\/p>\n\n\n\n<p>Alberto Berm\u00fadez, morador del sector, propuso que se hagan las gestiones para que esta v\u00eda lleve el nombre de Leonardo Orlando, en reconocimiento a quien hizo realidad un sue\u00f1o que cre\u00edan imposible de cristalizar.&nbsp;<\/p>\n\n\n\n<p>\u00abSon 55 a\u00f1os que tengo, y desde que me conozco esta v\u00eda ya se ven\u00eda gestionando. Hoy es un d\u00eda hist\u00f3rico, porque se ha hecho realidad gracias a la decisi\u00f3n del economista Orlando\u00bb, dijo Mauricio Chiquito.&nbsp;<\/p>\n\n\n\n<p>\u00abNos complace hacer realidad sus anhelos y entrega de esta v\u00eda, que es la primera de este nivel que ejecutamos desde cero. Una obra muy importante porque genera oportunidades y mejora la calidad de vida\u00bb, manifest\u00f3 el Prefecto, a quien Danilo Figueroa le entreg\u00f3 una placa de reconocimiento \u00abpor su ardua labor\u00bb.<\/p>\n","protected":false},"excerpt":{"rendered":"<p>Platanales vivi\u00f3, este s\u00e1bado 20 de marzo, una jornada de fiesta y celebraci\u00f3n, con motivo de la entrega oficial de la v\u00eda que conduce desde la cabecera cantonal hacia esta comunidad de agricultores y pescadores de Puerto L\u00f3pez. Esta v\u00eda, de 3.3 kil\u00f3metros, fue construida con recursos propios del Gobierno de Manab\u00ed, con una inversi\u00f3n [&hellip;]<\/p>\n","protected":false},"author":1,"featured_media":16456,"comment_status":"closed","ping_status":"open","sticky":false,"template":"","format":"standard","meta":{"_joinchat":[],"footnotes":""},"categories":[92,140,212,91],"tags":[],"class_list":["post-16455","post","type-post","status-publish","format-standard","has-post-thumbnail","hentry","category-noticias-manabi","category-produccion","category-puerto-lopez","category-todas"],"yoast_head":"<!-- This site is optimized with the Yoast SEO plugin v27.4 - https:\/\/yoast.com\/product\/yoast-seo-wordpress\/ -->\n<title>D\u00cdA HIST\u00d3RICO PARA LAS FAMILIAS DE PLATANALES<\/title>\n<meta name=\"description\" content=\"Platanales vivi\u00f3, este s\u00e1bado 20 de marzo, una jornada de fiesta y celebraci\u00f3n, con motivo de la entrega oficial de la v\u00eda que conduce desde la cabecera cantonal hacia esta comunidad de agricultores y pescadores de Puerto L\u00f3pez. Esta v\u00eda, de 3.3 kil\u00f3metros, fue construida con recursos propios del Gobierno de Manab\u00ed, con una inversi\u00f3n de m\u00e1s de 780 mil d\u00f3lares m\u00e1s IVA, para beneficio directo de m\u00e1s de 400 habitantes. &quot;Este es un d\u00eda hist\u00f3rico&quot;, dijeron los representantes ciudadanos que intervinieron en el acto de inauguraci\u00f3n de esta obra vial que queda a nivel de carpeta asf\u00e1ltica de 2 pulgadas, con guardav\u00edas iluminadas, se\u00f1al\u00e9tica horizontal y vertical, y el mejoramiento de un bad\u00e9n. Alberto Berm\u00fadez, morador del sector, propuso que se hagan las gestiones para que esta v\u00eda lleve el nombre de Leonardo Orlando, en reconocimiento a quien hizo realidad un sue\u00f1o que cre\u00edan imposible de cristalizar. &quot;Son 55 a\u00f1os que tengo, y desde que me conozco esta v\u00eda ya se ven\u00eda gestionando. Hoy es un d\u00eda hist\u00f3rico, porque se ha hecho realidad gracias a la decisi\u00f3n del economista Orlando&quot;, dijo Mauricio Chiquito. &quot;Nos complace hacer realidad sus anhelos y entrega de esta v\u00eda, que es la primera de este nivel que ejecutamos desde cero. Una obra muy importante porque genera oportunidades y mejora la calidad de vida&quot;, manifest\u00f3 el Prefecto, a quien Danilo Figueroa le entreg\u00f3 una placa de reconocimiento &quot;por su ardua labor&quot;.\" \/>\n<meta name=\"robots\" content=\"index, follow, max-snippet:-1, max-image-preview:large, max-video-preview:-1\" \/>\n<link rel=\"canonical\" href=\"https:\/\/www.manabi.gob.ec\/index.php\/dia-historico-para-las-familias-de-platanales\/\" \/>\n<meta property=\"og:locale\" content=\"es_ES\" \/>\n<meta property=\"og:type\" content=\"article\" \/>\n<meta property=\"og:title\" content=\"D\u00cdA HIST\u00d3RICO PARA LAS FAMILIAS DE PLATANALES\" \/>\n<meta property=\"og:description\" content=\"Platanales vivi\u00f3, este s\u00e1bado 20 de marzo, una jornada de fiesta y celebraci\u00f3n, con motivo de la entrega oficial de la v\u00eda que conduce desde la cabecera cantonal hacia esta comunidad de agricultores y pescadores de Puerto L\u00f3pez. Esta v\u00eda, de 3.3 kil\u00f3metros, fue construida con recursos propios del Gobierno de Manab\u00ed, con una inversi\u00f3n de m\u00e1s de 780 mil d\u00f3lares m\u00e1s IVA, para beneficio directo de m\u00e1s de 400 habitantes. &quot;Este es un d\u00eda hist\u00f3rico&quot;, dijeron los representantes ciudadanos que intervinieron en el acto de inauguraci\u00f3n de esta obra vial que queda a nivel de carpeta asf\u00e1ltica de 2 pulgadas, con guardav\u00edas iluminadas, se\u00f1al\u00e9tica horizontal y vertical, y el mejoramiento de un bad\u00e9n. Alberto Berm\u00fadez, morador del sector, propuso que se hagan las gestiones para que esta v\u00eda lleve el nombre de Leonardo Orlando, en reconocimiento a quien hizo realidad un sue\u00f1o que cre\u00edan imposible de cristalizar. &quot;Son 55 a\u00f1os que tengo, y desde que me conozco esta v\u00eda ya se ven\u00eda gestionando. Hoy es un d\u00eda hist\u00f3rico, porque se ha hecho realidad gracias a la decisi\u00f3n del economista Orlando&quot;, dijo Mauricio Chiquito. &quot;Nos complace hacer realidad sus anhelos y entrega de esta v\u00eda, que es la primera de este nivel que ejecutamos desde cero. Una obra muy importante porque genera oportunidades y mejora la calidad de vida&quot;, manifest\u00f3 el Prefecto, a quien Danilo Figueroa le entreg\u00f3 una placa de reconocimiento &quot;por su ardua labor&quot;.\" \/>\n<meta property=\"og:url\" content=\"https:\/\/www.manabi.gob.ec\/index.php\/dia-historico-para-las-familias-de-platanales\/\" \/>\n<meta property=\"og:site_name\" content=\"Prefectura de Manab\u00ed\" \/>\n<meta property=\"article:published_time\" content=\"2021-03-22T13:46:08+00:00\" \/>\n<meta property=\"article:modified_time\" content=\"2021-03-22T13:48:03+00:00\" \/>\n<meta property=\"og:image\" content=\"https:\/\/www.manabi.gob.ec\/wp-content\/uploads\/2021\/03\/Platanales-inauguracion-1.jpeg\" \/>\n\t<meta property=\"og:image:width\" content=\"1600\" \/>\n\t<meta property=\"og:image:height\" content=\"1201\" \/>\n\t<meta property=\"og:image:type\" content=\"image\/jpeg\" \/>\n<meta name=\"author\" content=\"admin\" \/>\n<meta name=\"twitter:card\" content=\"summary_large_image\" \/>\n<meta name=\"twitter:label1\" content=\"Escrito por\" \/>\n\t<meta name=\"twitter:data1\" content=\"admin\" \/>\n\t<meta name=\"twitter:label2\" content=\"Tiempo de lectura\" \/>\n\t<meta name=\"twitter:data2\" content=\"2 minutos\" \/>\n<script type=\"application\/ld+json\" class=\"yoast-schema-graph\">{\"@context\":\"https:\\\/\\\/schema.org\",\"@graph\":[{\"@type\":\"Article\",\"@id\":\"https:\\\/\\\/www.manabi.gob.ec\\\/index.php\\\/dia-historico-para-las-familias-de-platanales\\\/#article\",\"isPartOf\":{\"@id\":\"https:\\\/\\\/www.manabi.gob.ec\\\/index.php\\\/dia-historico-para-las-familias-de-platanales\\\/\"},\"author\":{\"name\":\"admin\",\"@id\":\"https:\\\/\\\/www.manabi.gob.ec\\\/#\\\/schema\\\/person\\\/cfc71bd68fe2703b779edcc292a49722\"},\"headline\":\"D\u00cdA HIST\u00d3RICO PARA LAS FAMILIAS DE PLATANALES\",\"datePublished\":\"2021-03-22T13:46:08+00:00\",\"dateModified\":\"2021-03-22T13:48:03+00:00\",\"mainEntityOfPage\":{\"@id\":\"https:\\\/\\\/www.manabi.gob.ec\\\/index.php\\\/dia-historico-para-las-familias-de-platanales\\\/\"},\"wordCount\":271,\"image\":{\"@id\":\"https:\\\/\\\/www.manabi.gob.ec\\\/index.php\\\/dia-historico-para-las-familias-de-platanales\\\/#primaryimage\"},\"thumbnailUrl\":\"https:\\\/\\\/www.manabi.gob.ec\\\/wp-content\\\/uploads\\\/2021\\\/03\\\/Platanales-inauguracion-1.jpeg\",\"articleSection\":[\"Noticias\",\"Producci\u00f3n\",\"Puerto L\u00f3pez\",\"Todas\"],\"inLanguage\":\"es\"},{\"@type\":\"WebPage\",\"@id\":\"https:\\\/\\\/www.manabi.gob.ec\\\/index.php\\\/dia-historico-para-las-familias-de-platanales\\\/\",\"url\":\"https:\\\/\\\/www.manabi.gob.ec\\\/index.php\\\/dia-historico-para-las-familias-de-platanales\\\/\",\"name\":\"D\u00cdA HIST\u00d3RICO PARA LAS FAMILIAS DE PLATANALES\",\"isPartOf\":{\"@id\":\"https:\\\/\\\/www.manabi.gob.ec\\\/#website\"},\"primaryImageOfPage\":{\"@id\":\"https:\\\/\\\/www.manabi.gob.ec\\\/index.php\\\/dia-historico-para-las-familias-de-platanales\\\/#primaryimage\"},\"image\":{\"@id\":\"https:\\\/\\\/www.manabi.gob.ec\\\/index.php\\\/dia-historico-para-las-familias-de-platanales\\\/#primaryimage\"},\"thumbnailUrl\":\"https:\\\/\\\/www.manabi.gob.ec\\\/wp-content\\\/uploads\\\/2021\\\/03\\\/Platanales-inauguracion-1.jpeg\",\"datePublished\":\"2021-03-22T13:46:08+00:00\",\"dateModified\":\"2021-03-22T13:48:03+00:00\",\"author\":{\"@id\":\"https:\\\/\\\/www.manabi.gob.ec\\\/#\\\/schema\\\/person\\\/cfc71bd68fe2703b779edcc292a49722\"},\"description\":\"Platanales vivi\u00f3, este s\u00e1bado 20 de marzo, una jornada de fiesta y celebraci\u00f3n, con motivo de la entrega oficial de la v\u00eda que conduce desde la cabecera cantonal hacia esta comunidad de agricultores y pescadores de Puerto L\u00f3pez. Esta v\u00eda, de 3.3 kil\u00f3metros, fue construida con recursos propios del Gobierno de Manab\u00ed, con una inversi\u00f3n de m\u00e1s de 780 mil d\u00f3lares m\u00e1s IVA, para beneficio directo de m\u00e1s de 400 habitantes. \\\"Este es un d\u00eda hist\u00f3rico\\\", dijeron los representantes ciudadanos que intervinieron en el acto de inauguraci\u00f3n de esta obra vial que queda a nivel de carpeta asf\u00e1ltica de 2 pulgadas, con guardav\u00edas iluminadas, se\u00f1al\u00e9tica horizontal y vertical, y el mejoramiento de un bad\u00e9n. Alberto Berm\u00fadez, morador del sector, propuso que se hagan las gestiones para que esta v\u00eda lleve el nombre de Leonardo Orlando, en reconocimiento a quien hizo realidad un sue\u00f1o que cre\u00edan imposible de cristalizar. \\\"Son 55 a\u00f1os que tengo, y desde que me conozco esta v\u00eda ya se ven\u00eda gestionando. Hoy es un d\u00eda hist\u00f3rico, porque se ha hecho realidad gracias a la decisi\u00f3n del economista Orlando\\\", dijo Mauricio Chiquito. \\\"Nos complace hacer realidad sus anhelos y entrega de esta v\u00eda, que es la primera de este nivel que ejecutamos desde cero. Una obra muy importante porque genera oportunidades y mejora la calidad de vida\\\", manifest\u00f3 el Prefecto, a quien Danilo Figueroa le entreg\u00f3 una placa de reconocimiento \\\"por su ardua labor\\\".\",\"breadcrumb\":{\"@id\":\"https:\\\/\\\/www.manabi.gob.ec\\\/index.php\\\/dia-historico-para-las-familias-de-platanales\\\/#breadcrumb\"},\"inLanguage\":\"es\",\"potentialAction\":[{\"@type\":\"ReadAction\",\"target\":[\"https:\\\/\\\/www.manabi.gob.ec\\\/index.php\\\/dia-historico-para-las-familias-de-platanales\\\/\"]}]},{\"@type\":\"ImageObject\",\"inLanguage\":\"es\",\"@id\":\"https:\\\/\\\/www.manabi.gob.ec\\\/index.php\\\/dia-historico-para-las-familias-de-platanales\\\/#primaryimage\",\"url\":\"https:\\\/\\\/www.manabi.gob.ec\\\/wp-content\\\/uploads\\\/2021\\\/03\\\/Platanales-inauguracion-1.jpeg\",\"contentUrl\":\"https:\\\/\\\/www.manabi.gob.ec\\\/wp-content\\\/uploads\\\/2021\\\/03\\\/Platanales-inauguracion-1.jpeg\",\"width\":1600,\"height\":1201},{\"@type\":\"BreadcrumbList\",\"@id\":\"https:\\\/\\\/www.manabi.gob.ec\\\/index.php\\\/dia-historico-para-las-familias-de-platanales\\\/#breadcrumb\",\"itemListElement\":[{\"@type\":\"ListItem\",\"position\":1,\"name\":\"Portada\",\"item\":\"https:\\\/\\\/www.manabi.gob.ec\\\/\"},{\"@type\":\"ListItem\",\"position\":2,\"name\":\"D\u00cdA HIST\u00d3RICO PARA LAS FAMILIAS DE PLATANALES\"}]},{\"@type\":\"WebSite\",\"@id\":\"https:\\\/\\\/www.manabi.gob.ec\\\/#website\",\"url\":\"https:\\\/\\\/www.manabi.gob.ec\\\/\",\"name\":\"Prefectura de Manab\u00ed\",\"description\":\"P\u00e1gina web de la prefectura\",\"potentialAction\":[{\"@type\":\"SearchAction\",\"target\":{\"@type\":\"EntryPoint\",\"urlTemplate\":\"https:\\\/\\\/www.manabi.gob.ec\\\/?s={search_term_string}\"},\"query-input\":{\"@type\":\"PropertyValueSpecification\",\"valueRequired\":true,\"valueName\":\"search_term_string\"}}],\"inLanguage\":\"es\"},{\"@type\":\"Person\",\"@id\":\"https:\\\/\\\/www.manabi.gob.ec\\\/#\\\/schema\\\/person\\\/cfc71bd68fe2703b779edcc292a49722\",\"name\":\"admin\",\"image\":{\"@type\":\"ImageObject\",\"inLanguage\":\"es\",\"@id\":\"https:\\\/\\\/secure.gravatar.com\\\/avatar\\\/23e9f919492b0a2f65aa168e0d8c5c867ea853b61deffbadf08c7031e15b8d78?s=96&d=mm&r=g\",\"url\":\"https:\\\/\\\/secure.gravatar.com\\\/avatar\\\/23e9f919492b0a2f65aa168e0d8c5c867ea853b61deffbadf08c7031e15b8d78?s=96&d=mm&r=g\",\"contentUrl\":\"https:\\\/\\\/secure.gravatar.com\\\/avatar\\\/23e9f919492b0a2f65aa168e0d8c5c867ea853b61deffbadf08c7031e15b8d78?s=96&d=mm&r=g\",\"caption\":\"admin\"},\"sameAs\":[\"http:\\\/\\\/www.manabi.gob.ec\"],\"url\":\"https:\\\/\\\/www.manabi.gob.ec\\\/index.php\\\/author\\\/admin\\\/\"}]}<\/script>\n<!-- \/ Yoast SEO plugin. -->","yoast_head_json":{"title":"D\u00cdA HIST\u00d3RICO PARA LAS FAMILIAS DE PLATANALES","description":"Platanales vivi\u00f3, este s\u00e1bado 20 de marzo, una jornada de fiesta y celebraci\u00f3n, con motivo de la entrega oficial de la v\u00eda que conduce desde la cabecera cantonal hacia esta comunidad de agricultores y pescadores de Puerto L\u00f3pez. Esta v\u00eda, de 3.3 kil\u00f3metros, fue construida con recursos propios del Gobierno de Manab\u00ed, con una inversi\u00f3n de m\u00e1s de 780 mil d\u00f3lares m\u00e1s IVA, para beneficio directo de m\u00e1s de 400 habitantes. \"Este es un d\u00eda hist\u00f3rico\", dijeron los representantes ciudadanos que intervinieron en el acto de inauguraci\u00f3n de esta obra vial que queda a nivel de carpeta asf\u00e1ltica de 2 pulgadas, con guardav\u00edas iluminadas, se\u00f1al\u00e9tica horizontal y vertical, y el mejoramiento de un bad\u00e9n. Alberto Berm\u00fadez, morador del sector, propuso que se hagan las gestiones para que esta v\u00eda lleve el nombre de Leonardo Orlando, en reconocimiento a quien hizo realidad un sue\u00f1o que cre\u00edan imposible de cristalizar. \"Son 55 a\u00f1os que tengo, y desde que me conozco esta v\u00eda ya se ven\u00eda gestionando. Hoy es un d\u00eda hist\u00f3rico, porque se ha hecho realidad gracias a la decisi\u00f3n del economista Orlando\", dijo Mauricio Chiquito. \"Nos complace hacer realidad sus anhelos y entrega de esta v\u00eda, que es la primera de este nivel que ejecutamos desde cero. Una obra muy importante porque genera oportunidades y mejora la calidad de vida\", manifest\u00f3 el Prefecto, a quien Danilo Figueroa le entreg\u00f3 una placa de reconocimiento \"por su ardua labor\".","robots":{"index":"index","follow":"follow","max-snippet":"max-snippet:-1","max-image-preview":"max-image-preview:large","max-video-preview":"max-video-preview:-1"},"canonical":"https:\/\/www.manabi.gob.ec\/index.php\/dia-historico-para-las-familias-de-platanales\/","og_locale":"es_ES","og_type":"article","og_title":"D\u00cdA HIST\u00d3RICO PARA LAS FAMILIAS DE PLATANALES","og_description":"Platanales vivi\u00f3, este s\u00e1bado 20 de marzo, una jornada de fiesta y celebraci\u00f3n, con motivo de la entrega oficial de la v\u00eda que conduce desde la cabecera cantonal hacia esta comunidad de agricultores y pescadores de Puerto L\u00f3pez. Esta v\u00eda, de 3.3 kil\u00f3metros, fue construida con recursos propios del Gobierno de Manab\u00ed, con una inversi\u00f3n de m\u00e1s de 780 mil d\u00f3lares m\u00e1s IVA, para beneficio directo de m\u00e1s de 400 habitantes. \"Este es un d\u00eda hist\u00f3rico\", dijeron los representantes ciudadanos que intervinieron en el acto de inauguraci\u00f3n de esta obra vial que queda a nivel de carpeta asf\u00e1ltica de 2 pulgadas, con guardav\u00edas iluminadas, se\u00f1al\u00e9tica horizontal y vertical, y el mejoramiento de un bad\u00e9n. Alberto Berm\u00fadez, morador del sector, propuso que se hagan las gestiones para que esta v\u00eda lleve el nombre de Leonardo Orlando, en reconocimiento a quien hizo realidad un sue\u00f1o que cre\u00edan imposible de cristalizar. \"Son 55 a\u00f1os que tengo, y desde que me conozco esta v\u00eda ya se ven\u00eda gestionando. Hoy es un d\u00eda hist\u00f3rico, porque se ha hecho realidad gracias a la decisi\u00f3n del economista Orlando\", dijo Mauricio Chiquito. \"Nos complace hacer realidad sus anhelos y entrega de esta v\u00eda, que es la primera de este nivel que ejecutamos desde cero. Una obra muy importante porque genera oportunidades y mejora la calidad de vida\", manifest\u00f3 el Prefecto, a quien Danilo Figueroa le entreg\u00f3 una placa de reconocimiento \"por su ardua labor\".","og_url":"https:\/\/www.manabi.gob.ec\/index.php\/dia-historico-para-las-familias-de-platanales\/","og_site_name":"Prefectura de Manab\u00ed","article_published_time":"2021-03-22T13:46:08+00:00","article_modified_time":"2021-03-22T13:48:03+00:00","og_image":[{"width":1600,"height":1201,"url":"https:\/\/www.manabi.gob.ec\/wp-content\/uploads\/2021\/03\/Platanales-inauguracion-1.jpeg","type":"image\/jpeg"}],"author":"admin","twitter_card":"summary_large_image","twitter_misc":{"Escrito por":"admin","Tiempo de lectura":"2 minutos"},"schema":{"@context":"https:\/\/schema.org","@graph":[{"@type":"Article","@id":"https:\/\/www.manabi.gob.ec\/index.php\/dia-historico-para-las-familias-de-platanales\/#article","isPartOf":{"@id":"https:\/\/www.manabi.gob.ec\/index.php\/dia-historico-para-las-familias-de-platanales\/"},"author":{"name":"admin","@id":"https:\/\/www.manabi.gob.ec\/#\/schema\/person\/cfc71bd68fe2703b779edcc292a49722"},"headline":"D\u00cdA HIST\u00d3RICO PARA LAS FAMILIAS DE PLATANALES","datePublished":"2021-03-22T13:46:08+00:00","dateModified":"2021-03-22T13:48:03+00:00","mainEntityOfPage":{"@id":"https:\/\/www.manabi.gob.ec\/index.php\/dia-historico-para-las-familias-de-platanales\/"},"wordCount":271,"image":{"@id":"https:\/\/www.manabi.gob.ec\/index.php\/dia-historico-para-las-familias-de-platanales\/#primaryimage"},"thumbnailUrl":"https:\/\/www.manabi.gob.ec\/wp-content\/uploads\/2021\/03\/Platanales-inauguracion-1.jpeg","articleSection":["Noticias","Producci\u00f3n","Puerto L\u00f3pez","Todas"],"inLanguage":"es"},{"@type":"WebPage","@id":"https:\/\/www.manabi.gob.ec\/index.php\/dia-historico-para-las-familias-de-platanales\/","url":"https:\/\/www.manabi.gob.ec\/index.php\/dia-historico-para-las-familias-de-platanales\/","name":"D\u00cdA HIST\u00d3RICO PARA LAS FAMILIAS DE PLATANALES","isPartOf":{"@id":"https:\/\/www.manabi.gob.ec\/#website"},"primaryImageOfPage":{"@id":"https:\/\/www.manabi.gob.ec\/index.php\/dia-historico-para-las-familias-de-platanales\/#primaryimage"},"image":{"@id":"https:\/\/www.manabi.gob.ec\/index.php\/dia-historico-para-las-familias-de-platanales\/#primaryimage"},"thumbnailUrl":"https:\/\/www.manabi.gob.ec\/wp-content\/uploads\/2021\/03\/Platanales-inauguracion-1.jpeg","datePublished":"2021-03-22T13:46:08+00:00","dateModified":"2021-03-22T13:48:03+00:00","author":{"@id":"https:\/\/www.manabi.gob.ec\/#\/schema\/person\/cfc71bd68fe2703b779edcc292a49722"},"description":"Platanales vivi\u00f3, este s\u00e1bado 20 de marzo, una jornada de fiesta y celebraci\u00f3n, con motivo de la entrega oficial de la v\u00eda que conduce desde la cabecera cantonal hacia esta comunidad de agricultores y pescadores de Puerto L\u00f3pez. Esta v\u00eda, de 3.3 kil\u00f3metros, fue construida con recursos propios del Gobierno de Manab\u00ed, con una inversi\u00f3n de m\u00e1s de 780 mil d\u00f3lares m\u00e1s IVA, para beneficio directo de m\u00e1s de 400 habitantes. \"Este es un d\u00eda hist\u00f3rico\", dijeron los representantes ciudadanos que intervinieron en el acto de inauguraci\u00f3n de esta obra vial que queda a nivel de carpeta asf\u00e1ltica de 2 pulgadas, con guardav\u00edas iluminadas, se\u00f1al\u00e9tica horizontal y vertical, y el mejoramiento de un bad\u00e9n. Alberto Berm\u00fadez, morador del sector, propuso que se hagan las gestiones para que esta v\u00eda lleve el nombre de Leonardo Orlando, en reconocimiento a quien hizo realidad un sue\u00f1o que cre\u00edan imposible de cristalizar. \"Son 55 a\u00f1os que tengo, y desde que me conozco esta v\u00eda ya se ven\u00eda gestionando. Hoy es un d\u00eda hist\u00f3rico, porque se ha hecho realidad gracias a la decisi\u00f3n del economista Orlando\", dijo Mauricio Chiquito. \"Nos complace hacer realidad sus anhelos y entrega de esta v\u00eda, que es la primera de este nivel que ejecutamos desde cero. Una obra muy importante porque genera oportunidades y mejora la calidad de vida\", manifest\u00f3 el Prefecto, a quien Danilo Figueroa le entreg\u00f3 una placa de reconocimiento \"por su ardua labor\".","breadcrumb":{"@id":"https:\/\/www.manabi.gob.ec\/index.php\/dia-historico-para-las-familias-de-platanales\/#breadcrumb"},"inLanguage":"es","potentialAction":[{"@type":"ReadAction","target":["https:\/\/www.manabi.gob.ec\/index.php\/dia-historico-para-las-familias-de-platanales\/"]}]},{"@type":"ImageObject","inLanguage":"es","@id":"https:\/\/www.manabi.gob.ec\/index.php\/dia-historico-para-las-familias-de-platanales\/#primaryimage","url":"https:\/\/www.manabi.gob.ec\/wp-content\/uploads\/2021\/03\/Platanales-inauguracion-1.jpeg","contentUrl":"https:\/\/www.manabi.gob.ec\/wp-content\/uploads\/2021\/03\/Platanales-inauguracion-1.jpeg","width":1600,"height":1201},{"@type":"BreadcrumbList","@id":"https:\/\/www.manabi.gob.ec\/index.php\/dia-historico-para-las-familias-de-platanales\/#breadcrumb","itemListElement":[{"@type":"ListItem","position":1,"name":"Portada","item":"https:\/\/www.manabi.gob.ec\/"},{"@type":"ListItem","position":2,"name":"D\u00cdA HIST\u00d3RICO PARA LAS FAMILIAS DE PLATANALES"}]},{"@type":"WebSite","@id":"https:\/\/www.manabi.gob.ec\/#website","url":"https:\/\/www.manabi.gob.ec\/","name":"Prefectura de Manab\u00ed","description":"P\u00e1gina web de la prefectura","potentialAction":[{"@type":"SearchAction","target":{"@type":"EntryPoint","urlTemplate":"https:\/\/www.manabi.gob.ec\/?s={search_term_string}"},"query-input":{"@type":"PropertyValueSpecification","valueRequired":true,"valueName":"search_term_string"}}],"inLanguage":"es"},{"@type":"Person","@id":"https:\/\/www.manabi.gob.ec\/#\/schema\/person\/cfc71bd68fe2703b779edcc292a49722","name":"admin","image":{"@type":"ImageObject","inLanguage":"es","@id":"https:\/\/secure.gravatar.com\/avatar\/23e9f919492b0a2f65aa168e0d8c5c867ea853b61deffbadf08c7031e15b8d78?s=96&d=mm&r=g","url":"https:\/\/secure.gravatar.com\/avatar\/23e9f919492b0a2f65aa168e0d8c5c867ea853b61deffbadf08c7031e15b8d78?s=96&d=mm&r=g","contentUrl":"https:\/\/secure.gravatar.com\/avatar\/23e9f919492b0a2f65aa168e0d8c5c867ea853b61deffbadf08c7031e15b8d78?s=96&d=mm&r=g","caption":"admin"},"sameAs":["http:\/\/www.manabi.gob.ec"],"url":"https:\/\/www.manabi.gob.ec\/index.php\/author\/admin\/"}]}},"jetpack_featured_media_url":"https:\/\/www.manabi.gob.ec\/wp-content\/uploads\/2021\/03\/Platanales-inauguracion-1.jpeg","_links":{"self":[{"href":"https:\/\/www.manabi.gob.ec\/index.php\/wp-json\/wp\/v2\/posts\/16455","targetHints":{"allow":["GET"]}}],"collection":[{"href":"https:\/\/www.manabi.gob.ec\/index.php\/wp-json\/wp\/v2\/posts"}],"about":[{"href":"https:\/\/www.manabi.gob.ec\/index.php\/wp-json\/wp\/v2\/types\/post"}],"author":[{"embeddable":true,"href":"https:\/\/www.manabi.gob.ec\/index.php\/wp-json\/wp\/v2\/users\/1"}],"replies":[{"embeddable":true,"href":"https:\/\/www.manabi.gob.ec\/index.php\/wp-json\/wp\/v2\/comments?post=16455"}],"version-history":[{"count":0,"href":"https:\/\/www.manabi.gob.ec\/index.php\/wp-json\/wp\/v2\/posts\/16455\/revisions"}],"wp:featuredmedia":[{"embeddable":true,"href":"https:\/\/www.manabi.gob.ec\/index.php\/wp-json\/wp\/v2\/media\/16456"}],"wp:attachment":[{"href":"https:\/\/www.manabi.gob.ec\/index.php\/wp-json\/wp\/v2\/media?parent=16455"}],"wp:term":[{"taxonomy":"category","embeddable":true,"href":"https:\/\/www.manabi.gob.ec\/index.php\/wp-json\/wp\/v2\/categories?post=16455"},{"taxonomy":"post_tag","embeddable":true,"href":"https:\/\/www.manabi.gob.ec\/index.php\/wp-json\/wp\/v2\/tags?post=16455"}],"curies":[{"name":"wp","href":"https:\/\/api.w.org\/{rel}","templated":true}]}}