{"id":16488,"date":"2021-03-24T19:35:07","date_gmt":"2021-03-24T19:35:07","guid":{"rendered":"https:\/\/www.manabi.gob.ec\/?p=16488"},"modified":"2021-03-24T19:36:12","modified_gmt":"2021-03-24T19:36:12","slug":"avanzan-trabajos-en-la-via-los-arenales-la-boca-de-crucita","status":"publish","type":"post","link":"https:\/\/www.manabi.gob.ec\/index.php\/avanzan-trabajos-en-la-via-los-arenales-la-boca-de-crucita\/","title":{"rendered":"AVANZAN  TRABAJOS EN LA VIA LOS ARENALES-LA BOCA DE CRUCITA"},"content":{"rendered":"\n<p>Los trabajos&nbsp;en la v\u00eda Los Arenales &#8211; Los Ranchos &#8211; Las Gilces &#8211; La Boca, de la parroquia Crucita, del cant\u00f3n Portoviejo, avanzan a buen ritmo. Esta obra fue contratada por el Gobierno de Manab\u00ed&nbsp;con el Consorcio Los Ranchos.<\/p>\n\n\n\n<p>Los trabajos iniciaron en enero del 2021 y, seg\u00fan informe t\u00e9cnico, el avance de los trabajos es del 15%. \u00abHemos realizado trabajos de apertura de la v\u00eda en m\u00e1s de 3 kil\u00f3metros\u00bb, dijo Marlon L\u00f3pez, residente de la obra por parte del Consorcio Los Ranchos.<\/p>\n\n\n\n<p>L\u00f3pez explic\u00f3 que esta&nbsp; v\u00eda de 7,12 Kil\u00f3metros quedar\u00e1 a nivel de carpeta asf\u00e1ltica y con todas las especificaciones&nbsp;t\u00e9cnicas de una v\u00eda rural de primer orden. Adem\u00e1s contar\u00e1 con una ciclov\u00eda de 3 kil\u00f3metros y un ancho de 9, 40 metros desde las Gilces hasta llegar a&nbsp;La Boca de Crucita.<\/p>\n\n\n\n<p>Para Geovanny Cede\u00f1o, administrador del complejo tur\u00edstico \u201cBoca Beach\u00bb, ubicado en esta ruta vial, la obra del Gobierno Provincial es muy importante porque reactiva la actividad tur\u00edstica, pues los visitantes, al contar con una v\u00eda a nivel de carpeta asf\u00e1ltica visitar\u00e1n con m\u00e1s frecuencia este balneario de la parroquia Crucita.<\/p>\n","protected":false},"excerpt":{"rendered":"<p>Los trabajos en la v\u00eda Los Arenales &#8211; Los Ranchos &#8211; Las Gilces &#8211; La Boca, de la parroquia Crucita, del cant\u00f3n Portoviejo, avanzan a buen ritmo. Esta obra fue contratada por el Gobierno de Manab\u00ed con el Consorcio Los Ranchos.<\/p>\n","protected":false},"author":1,"featured_media":16491,"comment_status":"closed","ping_status":"open","sticky":false,"template":"","format":"standard","meta":{"_joinchat":[],"footnotes":""},"categories":[92,181,132,91],"tags":[],"class_list":["post-16488","post","type-post","status-publish","format-standard","has-post-thumbnail","hentry","category-noticias-manabi","category-obra-publica","category-portoviejo","category-todas"],"yoast_head":"<!-- This site is optimized with the Yoast SEO plugin v27.4 - https:\/\/yoast.com\/product\/yoast-seo-wordpress\/ -->\n<title>AVANZAN TRABAJOS EN LA VIA LOS ARENALES-LA BOCA DE CRUCITA<\/title>\n<meta name=\"description\" content=\"Los trabajos en la v\u00eda Los Arenales - Los Ranchos - Las Gilces - La Boca, de la parroquia Crucita, del cant\u00f3n Portoviejo, avanzan a buen ritmo. Esta obra fue contratada por el Gobierno de Manab\u00ed con el Consorcio Los Ranchos. Los trabajos iniciaron en enero del 2021 y, seg\u00fan informe t\u00e9cnico, el avance de los trabajos es del 15%. &quot;Hemos realizado trabajos de apertura de la v\u00eda en m\u00e1s de 3 kil\u00f3metros&quot;, dijo Marlon L\u00f3pez, residente de la obra por parte del Consorcio Los Ranchos. L\u00f3pez explic\u00f3 que esta v\u00eda de 7,12 Kil\u00f3metros quedar\u00e1 a nivel de carpeta asf\u00e1ltica y con todas las especificaciones t\u00e9cnicas de una v\u00eda rural de primer orden. Adem\u00e1s contar\u00e1 con una ciclov\u00eda de 3 kil\u00f3metros y un ancho de 9, 40 metros desde las Gilces hasta llegar a La Boca de Crucita.Para Geovanny Cede\u00f1o, administrador del complejo tur\u00edstico \u201cBoca Beach&quot;, ubicado en esta ruta vial, la obra del Gobierno Provincial es muy importante porque reactiva la actividad tur\u00edstica, pues los visitantes, al contar con una v\u00eda a nivel de carpeta asf\u00e1ltica visitar\u00e1n con m\u00e1s frecuencia este balneario de la parroquia Crucita.\" \/>\n<meta name=\"robots\" content=\"index, follow, max-snippet:-1, max-image-preview:large, max-video-preview:-1\" \/>\n<link rel=\"canonical\" href=\"https:\/\/www.manabi.gob.ec\/index.php\/avanzan-trabajos-en-la-via-los-arenales-la-boca-de-crucita\/\" \/>\n<meta property=\"og:locale\" content=\"es_ES\" \/>\n<meta property=\"og:type\" content=\"article\" \/>\n<meta property=\"og:title\" content=\"AVANZAN TRABAJOS EN LA VIA LOS ARENALES-LA BOCA DE CRUCITA\" \/>\n<meta property=\"og:description\" content=\"Los trabajos en la v\u00eda Los Arenales - Los Ranchos - Las Gilces - La Boca, de la parroquia Crucita, del cant\u00f3n Portoviejo, avanzan a buen ritmo. Esta obra fue contratada por el Gobierno de Manab\u00ed con el Consorcio Los Ranchos. Los trabajos iniciaron en enero del 2021 y, seg\u00fan informe t\u00e9cnico, el avance de los trabajos es del 15%. &quot;Hemos realizado trabajos de apertura de la v\u00eda en m\u00e1s de 3 kil\u00f3metros&quot;, dijo Marlon L\u00f3pez, residente de la obra por parte del Consorcio Los Ranchos. L\u00f3pez explic\u00f3 que esta v\u00eda de 7,12 Kil\u00f3metros quedar\u00e1 a nivel de carpeta asf\u00e1ltica y con todas las especificaciones t\u00e9cnicas de una v\u00eda rural de primer orden. Adem\u00e1s contar\u00e1 con una ciclov\u00eda de 3 kil\u00f3metros y un ancho de 9, 40 metros desde las Gilces hasta llegar a La Boca de Crucita.Para Geovanny Cede\u00f1o, administrador del complejo tur\u00edstico \u201cBoca Beach&quot;, ubicado en esta ruta vial, la obra del Gobierno Provincial es muy importante porque reactiva la actividad tur\u00edstica, pues los visitantes, al contar con una v\u00eda a nivel de carpeta asf\u00e1ltica visitar\u00e1n con m\u00e1s frecuencia este balneario de la parroquia Crucita.\" \/>\n<meta property=\"og:url\" content=\"https:\/\/www.manabi.gob.ec\/index.php\/avanzan-trabajos-en-la-via-los-arenales-la-boca-de-crucita\/\" \/>\n<meta property=\"og:site_name\" content=\"Prefectura de Manab\u00ed\" \/>\n<meta property=\"article:published_time\" content=\"2021-03-24T19:35:07+00:00\" \/>\n<meta property=\"article:modified_time\" content=\"2021-03-24T19:36:12+00:00\" \/>\n<meta property=\"og:image\" content=\"https:\/\/www.manabi.gob.ec\/wp-content\/uploads\/2021\/03\/Avanzan-trabajos-en-via-Los-Arenales-3.jpeg\" \/>\n\t<meta property=\"og:image:width\" content=\"1280\" \/>\n\t<meta property=\"og:image:height\" content=\"853\" \/>\n\t<meta property=\"og:image:type\" content=\"image\/jpeg\" \/>\n<meta name=\"author\" content=\"admin\" \/>\n<meta name=\"twitter:card\" content=\"summary_large_image\" \/>\n<meta name=\"twitter:label1\" content=\"Escrito por\" \/>\n\t<meta name=\"twitter:data1\" content=\"admin\" \/>\n\t<meta name=\"twitter:label2\" content=\"Tiempo de lectura\" \/>\n\t<meta name=\"twitter:data2\" content=\"1 minuto\" \/>\n<script type=\"application\/ld+json\" class=\"yoast-schema-graph\">{\"@context\":\"https:\\\/\\\/schema.org\",\"@graph\":[{\"@type\":\"Article\",\"@id\":\"https:\\\/\\\/www.manabi.gob.ec\\\/index.php\\\/avanzan-trabajos-en-la-via-los-arenales-la-boca-de-crucita\\\/#article\",\"isPartOf\":{\"@id\":\"https:\\\/\\\/www.manabi.gob.ec\\\/index.php\\\/avanzan-trabajos-en-la-via-los-arenales-la-boca-de-crucita\\\/\"},\"author\":{\"name\":\"admin\",\"@id\":\"https:\\\/\\\/www.manabi.gob.ec\\\/#\\\/schema\\\/person\\\/cfc71bd68fe2703b779edcc292a49722\"},\"headline\":\"AVANZAN TRABAJOS EN LA VIA LOS ARENALES-LA BOCA DE CRUCITA\",\"datePublished\":\"2021-03-24T19:35:07+00:00\",\"dateModified\":\"2021-03-24T19:36:12+00:00\",\"mainEntityOfPage\":{\"@id\":\"https:\\\/\\\/www.manabi.gob.ec\\\/index.php\\\/avanzan-trabajos-en-la-via-los-arenales-la-boca-de-crucita\\\/\"},\"wordCount\":220,\"image\":{\"@id\":\"https:\\\/\\\/www.manabi.gob.ec\\\/index.php\\\/avanzan-trabajos-en-la-via-los-arenales-la-boca-de-crucita\\\/#primaryimage\"},\"thumbnailUrl\":\"https:\\\/\\\/www.manabi.gob.ec\\\/wp-content\\\/uploads\\\/2021\\\/03\\\/Avanzan-trabajos-en-via-Los-Arenales-3.jpeg\",\"articleSection\":[\"Noticias\",\"Obra P\u00fablica\",\"Portoviejo\",\"Todas\"],\"inLanguage\":\"es\"},{\"@type\":\"WebPage\",\"@id\":\"https:\\\/\\\/www.manabi.gob.ec\\\/index.php\\\/avanzan-trabajos-en-la-via-los-arenales-la-boca-de-crucita\\\/\",\"url\":\"https:\\\/\\\/www.manabi.gob.ec\\\/index.php\\\/avanzan-trabajos-en-la-via-los-arenales-la-boca-de-crucita\\\/\",\"name\":\"AVANZAN TRABAJOS EN LA VIA LOS ARENALES-LA BOCA DE CRUCITA\",\"isPartOf\":{\"@id\":\"https:\\\/\\\/www.manabi.gob.ec\\\/#website\"},\"primaryImageOfPage\":{\"@id\":\"https:\\\/\\\/www.manabi.gob.ec\\\/index.php\\\/avanzan-trabajos-en-la-via-los-arenales-la-boca-de-crucita\\\/#primaryimage\"},\"image\":{\"@id\":\"https:\\\/\\\/www.manabi.gob.ec\\\/index.php\\\/avanzan-trabajos-en-la-via-los-arenales-la-boca-de-crucita\\\/#primaryimage\"},\"thumbnailUrl\":\"https:\\\/\\\/www.manabi.gob.ec\\\/wp-content\\\/uploads\\\/2021\\\/03\\\/Avanzan-trabajos-en-via-Los-Arenales-3.jpeg\",\"datePublished\":\"2021-03-24T19:35:07+00:00\",\"dateModified\":\"2021-03-24T19:36:12+00:00\",\"author\":{\"@id\":\"https:\\\/\\\/www.manabi.gob.ec\\\/#\\\/schema\\\/person\\\/cfc71bd68fe2703b779edcc292a49722\"},\"description\":\"Los trabajos en la v\u00eda Los Arenales - Los Ranchos - Las Gilces - La Boca, de la parroquia Crucita, del cant\u00f3n Portoviejo, avanzan a buen ritmo. Esta obra fue contratada por el Gobierno de Manab\u00ed con el Consorcio Los Ranchos. Los trabajos iniciaron en enero del 2021 y, seg\u00fan informe t\u00e9cnico, el avance de los trabajos es del 15%. \\\"Hemos realizado trabajos de apertura de la v\u00eda en m\u00e1s de 3 kil\u00f3metros\\\", dijo Marlon L\u00f3pez, residente de la obra por parte del Consorcio Los Ranchos. L\u00f3pez explic\u00f3 que esta v\u00eda de 7,12 Kil\u00f3metros quedar\u00e1 a nivel de carpeta asf\u00e1ltica y con todas las especificaciones t\u00e9cnicas de una v\u00eda rural de primer orden. Adem\u00e1s contar\u00e1 con una ciclov\u00eda de 3 kil\u00f3metros y un ancho de 9, 40 metros desde las Gilces hasta llegar a La Boca de Crucita.Para Geovanny Cede\u00f1o, administrador del complejo tur\u00edstico \u201cBoca Beach\\\", ubicado en esta ruta vial, la obra del Gobierno Provincial es muy importante porque reactiva la actividad tur\u00edstica, pues los visitantes, al contar con una v\u00eda a nivel de carpeta asf\u00e1ltica visitar\u00e1n con m\u00e1s frecuencia este balneario de la parroquia Crucita.\",\"breadcrumb\":{\"@id\":\"https:\\\/\\\/www.manabi.gob.ec\\\/index.php\\\/avanzan-trabajos-en-la-via-los-arenales-la-boca-de-crucita\\\/#breadcrumb\"},\"inLanguage\":\"es\",\"potentialAction\":[{\"@type\":\"ReadAction\",\"target\":[\"https:\\\/\\\/www.manabi.gob.ec\\\/index.php\\\/avanzan-trabajos-en-la-via-los-arenales-la-boca-de-crucita\\\/\"]}]},{\"@type\":\"ImageObject\",\"inLanguage\":\"es\",\"@id\":\"https:\\\/\\\/www.manabi.gob.ec\\\/index.php\\\/avanzan-trabajos-en-la-via-los-arenales-la-boca-de-crucita\\\/#primaryimage\",\"url\":\"https:\\\/\\\/www.manabi.gob.ec\\\/wp-content\\\/uploads\\\/2021\\\/03\\\/Avanzan-trabajos-en-via-Los-Arenales-3.jpeg\",\"contentUrl\":\"https:\\\/\\\/www.manabi.gob.ec\\\/wp-content\\\/uploads\\\/2021\\\/03\\\/Avanzan-trabajos-en-via-Los-Arenales-3.jpeg\",\"width\":1280,\"height\":853},{\"@type\":\"BreadcrumbList\",\"@id\":\"https:\\\/\\\/www.manabi.gob.ec\\\/index.php\\\/avanzan-trabajos-en-la-via-los-arenales-la-boca-de-crucita\\\/#breadcrumb\",\"itemListElement\":[{\"@type\":\"ListItem\",\"position\":1,\"name\":\"Portada\",\"item\":\"https:\\\/\\\/www.manabi.gob.ec\\\/\"},{\"@type\":\"ListItem\",\"position\":2,\"name\":\"AVANZAN TRABAJOS EN LA VIA LOS ARENALES-LA BOCA DE CRUCITA\"}]},{\"@type\":\"WebSite\",\"@id\":\"https:\\\/\\\/www.manabi.gob.ec\\\/#website\",\"url\":\"https:\\\/\\\/www.manabi.gob.ec\\\/\",\"name\":\"Prefectura de Manab\u00ed\",\"description\":\"P\u00e1gina web de la prefectura\",\"potentialAction\":[{\"@type\":\"SearchAction\",\"target\":{\"@type\":\"EntryPoint\",\"urlTemplate\":\"https:\\\/\\\/www.manabi.gob.ec\\\/?s={search_term_string}\"},\"query-input\":{\"@type\":\"PropertyValueSpecification\",\"valueRequired\":true,\"valueName\":\"search_term_string\"}}],\"inLanguage\":\"es\"},{\"@type\":\"Person\",\"@id\":\"https:\\\/\\\/www.manabi.gob.ec\\\/#\\\/schema\\\/person\\\/cfc71bd68fe2703b779edcc292a49722\",\"name\":\"admin\",\"image\":{\"@type\":\"ImageObject\",\"inLanguage\":\"es\",\"@id\":\"https:\\\/\\\/secure.gravatar.com\\\/avatar\\\/23e9f919492b0a2f65aa168e0d8c5c867ea853b61deffbadf08c7031e15b8d78?s=96&d=mm&r=g\",\"url\":\"https:\\\/\\\/secure.gravatar.com\\\/avatar\\\/23e9f919492b0a2f65aa168e0d8c5c867ea853b61deffbadf08c7031e15b8d78?s=96&d=mm&r=g\",\"contentUrl\":\"https:\\\/\\\/secure.gravatar.com\\\/avatar\\\/23e9f919492b0a2f65aa168e0d8c5c867ea853b61deffbadf08c7031e15b8d78?s=96&d=mm&r=g\",\"caption\":\"admin\"},\"sameAs\":[\"http:\\\/\\\/www.manabi.gob.ec\"],\"url\":\"https:\\\/\\\/www.manabi.gob.ec\\\/index.php\\\/author\\\/admin\\\/\"}]}<\/script>\n<!-- \/ Yoast SEO plugin. -->","yoast_head_json":{"title":"AVANZAN TRABAJOS EN LA VIA LOS ARENALES-LA BOCA DE CRUCITA","description":"Los trabajos en la v\u00eda Los Arenales - Los Ranchos - Las Gilces - La Boca, de la parroquia Crucita, del cant\u00f3n Portoviejo, avanzan a buen ritmo. Esta obra fue contratada por el Gobierno de Manab\u00ed con el Consorcio Los Ranchos. Los trabajos iniciaron en enero del 2021 y, seg\u00fan informe t\u00e9cnico, el avance de los trabajos es del 15%. \"Hemos realizado trabajos de apertura de la v\u00eda en m\u00e1s de 3 kil\u00f3metros\", dijo Marlon L\u00f3pez, residente de la obra por parte del Consorcio Los Ranchos. L\u00f3pez explic\u00f3 que esta v\u00eda de 7,12 Kil\u00f3metros quedar\u00e1 a nivel de carpeta asf\u00e1ltica y con todas las especificaciones t\u00e9cnicas de una v\u00eda rural de primer orden. Adem\u00e1s contar\u00e1 con una ciclov\u00eda de 3 kil\u00f3metros y un ancho de 9, 40 metros desde las Gilces hasta llegar a La Boca de Crucita.Para Geovanny Cede\u00f1o, administrador del complejo tur\u00edstico \u201cBoca Beach\", ubicado en esta ruta vial, la obra del Gobierno Provincial es muy importante porque reactiva la actividad tur\u00edstica, pues los visitantes, al contar con una v\u00eda a nivel de carpeta asf\u00e1ltica visitar\u00e1n con m\u00e1s frecuencia este balneario de la parroquia Crucita.","robots":{"index":"index","follow":"follow","max-snippet":"max-snippet:-1","max-image-preview":"max-image-preview:large","max-video-preview":"max-video-preview:-1"},"canonical":"https:\/\/www.manabi.gob.ec\/index.php\/avanzan-trabajos-en-la-via-los-arenales-la-boca-de-crucita\/","og_locale":"es_ES","og_type":"article","og_title":"AVANZAN TRABAJOS EN LA VIA LOS ARENALES-LA BOCA DE CRUCITA","og_description":"Los trabajos en la v\u00eda Los Arenales - Los Ranchos - Las Gilces - La Boca, de la parroquia Crucita, del cant\u00f3n Portoviejo, avanzan a buen ritmo. Esta obra fue contratada por el Gobierno de Manab\u00ed con el Consorcio Los Ranchos. Los trabajos iniciaron en enero del 2021 y, seg\u00fan informe t\u00e9cnico, el avance de los trabajos es del 15%. \"Hemos realizado trabajos de apertura de la v\u00eda en m\u00e1s de 3 kil\u00f3metros\", dijo Marlon L\u00f3pez, residente de la obra por parte del Consorcio Los Ranchos. L\u00f3pez explic\u00f3 que esta v\u00eda de 7,12 Kil\u00f3metros quedar\u00e1 a nivel de carpeta asf\u00e1ltica y con todas las especificaciones t\u00e9cnicas de una v\u00eda rural de primer orden. Adem\u00e1s contar\u00e1 con una ciclov\u00eda de 3 kil\u00f3metros y un ancho de 9, 40 metros desde las Gilces hasta llegar a La Boca de Crucita.Para Geovanny Cede\u00f1o, administrador del complejo tur\u00edstico \u201cBoca Beach\", ubicado en esta ruta vial, la obra del Gobierno Provincial es muy importante porque reactiva la actividad tur\u00edstica, pues los visitantes, al contar con una v\u00eda a nivel de carpeta asf\u00e1ltica visitar\u00e1n con m\u00e1s frecuencia este balneario de la parroquia Crucita.","og_url":"https:\/\/www.manabi.gob.ec\/index.php\/avanzan-trabajos-en-la-via-los-arenales-la-boca-de-crucita\/","og_site_name":"Prefectura de Manab\u00ed","article_published_time":"2021-03-24T19:35:07+00:00","article_modified_time":"2021-03-24T19:36:12+00:00","og_image":[{"width":1280,"height":853,"url":"https:\/\/www.manabi.gob.ec\/wp-content\/uploads\/2021\/03\/Avanzan-trabajos-en-via-Los-Arenales-3.jpeg","type":"image\/jpeg"}],"author":"admin","twitter_card":"summary_large_image","twitter_misc":{"Escrito por":"admin","Tiempo de lectura":"1 minuto"},"schema":{"@context":"https:\/\/schema.org","@graph":[{"@type":"Article","@id":"https:\/\/www.manabi.gob.ec\/index.php\/avanzan-trabajos-en-la-via-los-arenales-la-boca-de-crucita\/#article","isPartOf":{"@id":"https:\/\/www.manabi.gob.ec\/index.php\/avanzan-trabajos-en-la-via-los-arenales-la-boca-de-crucita\/"},"author":{"name":"admin","@id":"https:\/\/www.manabi.gob.ec\/#\/schema\/person\/cfc71bd68fe2703b779edcc292a49722"},"headline":"AVANZAN TRABAJOS EN LA VIA LOS ARENALES-LA BOCA DE CRUCITA","datePublished":"2021-03-24T19:35:07+00:00","dateModified":"2021-03-24T19:36:12+00:00","mainEntityOfPage":{"@id":"https:\/\/www.manabi.gob.ec\/index.php\/avanzan-trabajos-en-la-via-los-arenales-la-boca-de-crucita\/"},"wordCount":220,"image":{"@id":"https:\/\/www.manabi.gob.ec\/index.php\/avanzan-trabajos-en-la-via-los-arenales-la-boca-de-crucita\/#primaryimage"},"thumbnailUrl":"https:\/\/www.manabi.gob.ec\/wp-content\/uploads\/2021\/03\/Avanzan-trabajos-en-via-Los-Arenales-3.jpeg","articleSection":["Noticias","Obra P\u00fablica","Portoviejo","Todas"],"inLanguage":"es"},{"@type":"WebPage","@id":"https:\/\/www.manabi.gob.ec\/index.php\/avanzan-trabajos-en-la-via-los-arenales-la-boca-de-crucita\/","url":"https:\/\/www.manabi.gob.ec\/index.php\/avanzan-trabajos-en-la-via-los-arenales-la-boca-de-crucita\/","name":"AVANZAN TRABAJOS EN LA VIA LOS ARENALES-LA BOCA DE CRUCITA","isPartOf":{"@id":"https:\/\/www.manabi.gob.ec\/#website"},"primaryImageOfPage":{"@id":"https:\/\/www.manabi.gob.ec\/index.php\/avanzan-trabajos-en-la-via-los-arenales-la-boca-de-crucita\/#primaryimage"},"image":{"@id":"https:\/\/www.manabi.gob.ec\/index.php\/avanzan-trabajos-en-la-via-los-arenales-la-boca-de-crucita\/#primaryimage"},"thumbnailUrl":"https:\/\/www.manabi.gob.ec\/wp-content\/uploads\/2021\/03\/Avanzan-trabajos-en-via-Los-Arenales-3.jpeg","datePublished":"2021-03-24T19:35:07+00:00","dateModified":"2021-03-24T19:36:12+00:00","author":{"@id":"https:\/\/www.manabi.gob.ec\/#\/schema\/person\/cfc71bd68fe2703b779edcc292a49722"},"description":"Los trabajos en la v\u00eda Los Arenales - Los Ranchos - Las Gilces - La Boca, de la parroquia Crucita, del cant\u00f3n Portoviejo, avanzan a buen ritmo. Esta obra fue contratada por el Gobierno de Manab\u00ed con el Consorcio Los Ranchos. Los trabajos iniciaron en enero del 2021 y, seg\u00fan informe t\u00e9cnico, el avance de los trabajos es del 15%. \"Hemos realizado trabajos de apertura de la v\u00eda en m\u00e1s de 3 kil\u00f3metros\", dijo Marlon L\u00f3pez, residente de la obra por parte del Consorcio Los Ranchos. L\u00f3pez explic\u00f3 que esta v\u00eda de 7,12 Kil\u00f3metros quedar\u00e1 a nivel de carpeta asf\u00e1ltica y con todas las especificaciones t\u00e9cnicas de una v\u00eda rural de primer orden. Adem\u00e1s contar\u00e1 con una ciclov\u00eda de 3 kil\u00f3metros y un ancho de 9, 40 metros desde las Gilces hasta llegar a La Boca de Crucita.Para Geovanny Cede\u00f1o, administrador del complejo tur\u00edstico \u201cBoca Beach\", ubicado en esta ruta vial, la obra del Gobierno Provincial es muy importante porque reactiva la actividad tur\u00edstica, pues los visitantes, al contar con una v\u00eda a nivel de carpeta asf\u00e1ltica visitar\u00e1n con m\u00e1s frecuencia este balneario de la parroquia Crucita.","breadcrumb":{"@id":"https:\/\/www.manabi.gob.ec\/index.php\/avanzan-trabajos-en-la-via-los-arenales-la-boca-de-crucita\/#breadcrumb"},"inLanguage":"es","potentialAction":[{"@type":"ReadAction","target":["https:\/\/www.manabi.gob.ec\/index.php\/avanzan-trabajos-en-la-via-los-arenales-la-boca-de-crucita\/"]}]},{"@type":"ImageObject","inLanguage":"es","@id":"https:\/\/www.manabi.gob.ec\/index.php\/avanzan-trabajos-en-la-via-los-arenales-la-boca-de-crucita\/#primaryimage","url":"https:\/\/www.manabi.gob.ec\/wp-content\/uploads\/2021\/03\/Avanzan-trabajos-en-via-Los-Arenales-3.jpeg","contentUrl":"https:\/\/www.manabi.gob.ec\/wp-content\/uploads\/2021\/03\/Avanzan-trabajos-en-via-Los-Arenales-3.jpeg","width":1280,"height":853},{"@type":"BreadcrumbList","@id":"https:\/\/www.manabi.gob.ec\/index.php\/avanzan-trabajos-en-la-via-los-arenales-la-boca-de-crucita\/#breadcrumb","itemListElement":[{"@type":"ListItem","position":1,"name":"Portada","item":"https:\/\/www.manabi.gob.ec\/"},{"@type":"ListItem","position":2,"name":"AVANZAN TRABAJOS EN LA VIA LOS ARENALES-LA BOCA DE CRUCITA"}]},{"@type":"WebSite","@id":"https:\/\/www.manabi.gob.ec\/#website","url":"https:\/\/www.manabi.gob.ec\/","name":"Prefectura de Manab\u00ed","description":"P\u00e1gina web de la prefectura","potentialAction":[{"@type":"SearchAction","target":{"@type":"EntryPoint","urlTemplate":"https:\/\/www.manabi.gob.ec\/?s={search_term_string}"},"query-input":{"@type":"PropertyValueSpecification","valueRequired":true,"valueName":"search_term_string"}}],"inLanguage":"es"},{"@type":"Person","@id":"https:\/\/www.manabi.gob.ec\/#\/schema\/person\/cfc71bd68fe2703b779edcc292a49722","name":"admin","image":{"@type":"ImageObject","inLanguage":"es","@id":"https:\/\/secure.gravatar.com\/avatar\/23e9f919492b0a2f65aa168e0d8c5c867ea853b61deffbadf08c7031e15b8d78?s=96&d=mm&r=g","url":"https:\/\/secure.gravatar.com\/avatar\/23e9f919492b0a2f65aa168e0d8c5c867ea853b61deffbadf08c7031e15b8d78?s=96&d=mm&r=g","contentUrl":"https:\/\/secure.gravatar.com\/avatar\/23e9f919492b0a2f65aa168e0d8c5c867ea853b61deffbadf08c7031e15b8d78?s=96&d=mm&r=g","caption":"admin"},"sameAs":["http:\/\/www.manabi.gob.ec"],"url":"https:\/\/www.manabi.gob.ec\/index.php\/author\/admin\/"}]}},"jetpack_featured_media_url":"https:\/\/www.manabi.gob.ec\/wp-content\/uploads\/2021\/03\/Avanzan-trabajos-en-via-Los-Arenales-3.jpeg","_links":{"self":[{"href":"https:\/\/www.manabi.gob.ec\/index.php\/wp-json\/wp\/v2\/posts\/16488","targetHints":{"allow":["GET"]}}],"collection":[{"href":"https:\/\/www.manabi.gob.ec\/index.php\/wp-json\/wp\/v2\/posts"}],"about":[{"href":"https:\/\/www.manabi.gob.ec\/index.php\/wp-json\/wp\/v2\/types\/post"}],"author":[{"embeddable":true,"href":"https:\/\/www.manabi.gob.ec\/index.php\/wp-json\/wp\/v2\/users\/1"}],"replies":[{"embeddable":true,"href":"https:\/\/www.manabi.gob.ec\/index.php\/wp-json\/wp\/v2\/comments?post=16488"}],"version-history":[{"count":0,"href":"https:\/\/www.manabi.gob.ec\/index.php\/wp-json\/wp\/v2\/posts\/16488\/revisions"}],"wp:featuredmedia":[{"embeddable":true,"href":"https:\/\/www.manabi.gob.ec\/index.php\/wp-json\/wp\/v2\/media\/16491"}],"wp:attachment":[{"href":"https:\/\/www.manabi.gob.ec\/index.php\/wp-json\/wp\/v2\/media?parent=16488"}],"wp:term":[{"taxonomy":"category","embeddable":true,"href":"https:\/\/www.manabi.gob.ec\/index.php\/wp-json\/wp\/v2\/categories?post=16488"},{"taxonomy":"post_tag","embeddable":true,"href":"https:\/\/www.manabi.gob.ec\/index.php\/wp-json\/wp\/v2\/tags?post=16488"}],"curies":[{"name":"wp","href":"https:\/\/api.w.org\/{rel}","templated":true}]}}