{"id":16495,"date":"2021-03-25T02:34:44","date_gmt":"2021-03-25T02:34:44","guid":{"rendered":"https:\/\/www.manabi.gob.ec\/?p=16495"},"modified":"2021-03-25T02:34:46","modified_gmt":"2021-03-25T02:34:46","slug":"sumamos-esfuerzos-a-favor-de-una-cultura-de-paz","status":"publish","type":"post","link":"https:\/\/www.manabi.gob.ec\/index.php\/sumamos-esfuerzos-a-favor-de-una-cultura-de-paz\/","title":{"rendered":"\u00a1SUMAMOS ESFUERZOS A FAVOR DE UNA CULTURA DE PAZ!"},"content":{"rendered":"\n<p>El Gobierno de Manab\u00ed trabajar\u00e1, en alianza con el Observatorio Ciudadano, en la aplicaci\u00f3n, implementaci\u00f3n y cumplimiento efectivo de la Ley para la Prevenci\u00f3n y Erradicaci\u00f3n de la Violencia de G\u00e9nero Contra la Mujer.<\/p>\n\n\n\n<p>El planteamiento fue expuesto por la consejera de Participaci\u00f3n Ciudadana, Mar\u00eda Fernanda Rivadeneira, e integrantes del mencionado Observatorio, durante una visita al prefecto de Manab\u00ed, Leonardo Orlando.<\/p>\n\n\n\n<p>La autoridad provincial acogi\u00f3 la propuesta para firmar un convenio de cooperaci\u00f3n interinstitucional, con base en la ordenanza provincial para la erradicaci\u00f3n de la violencia contra la mujer, que fue aprobada el pasado 8 de marzo.<\/p>\n\n\n\n<p>Rafael Murillo, coordinador provincial del Observatorio indic\u00f3 que la fecha para suscribir el acuerdo se definir\u00e1 en las pr\u00f3ximas semanas.<\/p>\n\n\n\n<p>\u00abLa idea es que en el mes del Manabitismo (junio) podamos desarrollar un programa en conjunto contra el machismo, y crear una cultura de paz que es lo que est\u00e1 impulsando la Prefectura desde sus programas sociales\u00bb, manifest\u00f3.<\/p>\n","protected":false},"excerpt":{"rendered":"<p>El Gobierno de Manab\u00ed trabajar\u00e1, en alianza con el Observatorio Ciudadano, en la aplicaci\u00f3n, implementaci\u00f3n y cumplimiento efectivo de la Ley para la Prevenci\u00f3n y Erradicaci\u00f3n de la Violencia de G\u00e9nero Contra la Mujer. El planteamiento fue expuesto por la consejera de Participaci\u00f3n Ciudadana, Mar\u00eda Fernanda Rivadeneira, e integrantes del mencionado Observatorio, durante una visita [&hellip;]<\/p>\n","protected":false},"author":1,"featured_media":16496,"comment_status":"closed","ping_status":"open","sticky":false,"template":"","format":"standard","meta":{"_joinchat":[],"footnotes":""},"categories":[142,92,132,91],"tags":[],"class_list":["post-16495","post","type-post","status-publish","format-standard","has-post-thumbnail","hentry","category-desarrollo-social","category-noticias-manabi","category-portoviejo","category-todas"],"yoast_head":"<!-- This site is optimized with the Yoast SEO plugin v27.4 - https:\/\/yoast.com\/product\/yoast-seo-wordpress\/ -->\n<title>\u00a1SUMAMOS ESFUERZOS A FAVOR DE UNA CULTURA DE PAZ! - Prefectura de Manab\u00ed<\/title>\n<meta name=\"robots\" content=\"index, follow, max-snippet:-1, max-image-preview:large, max-video-preview:-1\" \/>\n<link rel=\"canonical\" href=\"https:\/\/www.manabi.gob.ec\/index.php\/sumamos-esfuerzos-a-favor-de-una-cultura-de-paz\/\" \/>\n<meta property=\"og:locale\" content=\"es_ES\" \/>\n<meta property=\"og:type\" content=\"article\" \/>\n<meta property=\"og:title\" content=\"\u00a1SUMAMOS ESFUERZOS A FAVOR DE UNA CULTURA DE PAZ! - Prefectura de Manab\u00ed\" \/>\n<meta property=\"og:description\" content=\"El Gobierno de Manab\u00ed trabajar\u00e1, en alianza con el Observatorio Ciudadano, en la aplicaci\u00f3n, implementaci\u00f3n y cumplimiento efectivo de la Ley para la Prevenci\u00f3n y Erradicaci\u00f3n de la Violencia de G\u00e9nero Contra la Mujer. El planteamiento fue expuesto por la consejera de Participaci\u00f3n Ciudadana, Mar\u00eda Fernanda Rivadeneira, e integrantes del mencionado Observatorio, durante una visita [&hellip;]\" \/>\n<meta property=\"og:url\" content=\"https:\/\/www.manabi.gob.ec\/index.php\/sumamos-esfuerzos-a-favor-de-una-cultura-de-paz\/\" \/>\n<meta property=\"og:site_name\" content=\"Prefectura de Manab\u00ed\" \/>\n<meta property=\"article:published_time\" content=\"2021-03-25T02:34:44+00:00\" \/>\n<meta property=\"article:modified_time\" content=\"2021-03-25T02:34:46+00:00\" \/>\n<meta property=\"og:image\" content=\"https:\/\/www.manabi.gob.ec\/wp-content\/uploads\/2021\/03\/Sumamos-esfuerzos-4.jpeg\" \/>\n\t<meta property=\"og:image:width\" content=\"1055\" \/>\n\t<meta property=\"og:image:height\" content=\"1280\" \/>\n\t<meta property=\"og:image:type\" content=\"image\/jpeg\" \/>\n<meta name=\"author\" content=\"admin\" \/>\n<meta name=\"twitter:card\" content=\"summary_large_image\" \/>\n<meta name=\"twitter:label1\" content=\"Escrito por\" \/>\n\t<meta name=\"twitter:data1\" content=\"admin\" \/>\n\t<meta name=\"twitter:label2\" content=\"Tiempo de lectura\" \/>\n\t<meta name=\"twitter:data2\" content=\"1 minuto\" \/>\n<script type=\"application\/ld+json\" class=\"yoast-schema-graph\">{\"@context\":\"https:\\\/\\\/schema.org\",\"@graph\":[{\"@type\":\"Article\",\"@id\":\"https:\\\/\\\/www.manabi.gob.ec\\\/index.php\\\/sumamos-esfuerzos-a-favor-de-una-cultura-de-paz\\\/#article\",\"isPartOf\":{\"@id\":\"https:\\\/\\\/www.manabi.gob.ec\\\/index.php\\\/sumamos-esfuerzos-a-favor-de-una-cultura-de-paz\\\/\"},\"author\":{\"name\":\"admin\",\"@id\":\"https:\\\/\\\/www.manabi.gob.ec\\\/#\\\/schema\\\/person\\\/cfc71bd68fe2703b779edcc292a49722\"},\"headline\":\"\u00a1SUMAMOS ESFUERZOS A FAVOR DE UNA CULTURA DE PAZ!\",\"datePublished\":\"2021-03-25T02:34:44+00:00\",\"dateModified\":\"2021-03-25T02:34:46+00:00\",\"mainEntityOfPage\":{\"@id\":\"https:\\\/\\\/www.manabi.gob.ec\\\/index.php\\\/sumamos-esfuerzos-a-favor-de-una-cultura-de-paz\\\/\"},\"wordCount\":173,\"image\":{\"@id\":\"https:\\\/\\\/www.manabi.gob.ec\\\/index.php\\\/sumamos-esfuerzos-a-favor-de-una-cultura-de-paz\\\/#primaryimage\"},\"thumbnailUrl\":\"https:\\\/\\\/www.manabi.gob.ec\\\/wp-content\\\/uploads\\\/2021\\\/03\\\/Sumamos-esfuerzos-4.jpeg\",\"articleSection\":[\"Desarrollo Social\",\"Noticias\",\"Portoviejo\",\"Todas\"],\"inLanguage\":\"es\"},{\"@type\":\"WebPage\",\"@id\":\"https:\\\/\\\/www.manabi.gob.ec\\\/index.php\\\/sumamos-esfuerzos-a-favor-de-una-cultura-de-paz\\\/\",\"url\":\"https:\\\/\\\/www.manabi.gob.ec\\\/index.php\\\/sumamos-esfuerzos-a-favor-de-una-cultura-de-paz\\\/\",\"name\":\"\u00a1SUMAMOS ESFUERZOS A FAVOR DE UNA CULTURA DE PAZ! - Prefectura de Manab\u00ed\",\"isPartOf\":{\"@id\":\"https:\\\/\\\/www.manabi.gob.ec\\\/#website\"},\"primaryImageOfPage\":{\"@id\":\"https:\\\/\\\/www.manabi.gob.ec\\\/index.php\\\/sumamos-esfuerzos-a-favor-de-una-cultura-de-paz\\\/#primaryimage\"},\"image\":{\"@id\":\"https:\\\/\\\/www.manabi.gob.ec\\\/index.php\\\/sumamos-esfuerzos-a-favor-de-una-cultura-de-paz\\\/#primaryimage\"},\"thumbnailUrl\":\"https:\\\/\\\/www.manabi.gob.ec\\\/wp-content\\\/uploads\\\/2021\\\/03\\\/Sumamos-esfuerzos-4.jpeg\",\"datePublished\":\"2021-03-25T02:34:44+00:00\",\"dateModified\":\"2021-03-25T02:34:46+00:00\",\"author\":{\"@id\":\"https:\\\/\\\/www.manabi.gob.ec\\\/#\\\/schema\\\/person\\\/cfc71bd68fe2703b779edcc292a49722\"},\"breadcrumb\":{\"@id\":\"https:\\\/\\\/www.manabi.gob.ec\\\/index.php\\\/sumamos-esfuerzos-a-favor-de-una-cultura-de-paz\\\/#breadcrumb\"},\"inLanguage\":\"es\",\"potentialAction\":[{\"@type\":\"ReadAction\",\"target\":[\"https:\\\/\\\/www.manabi.gob.ec\\\/index.php\\\/sumamos-esfuerzos-a-favor-de-una-cultura-de-paz\\\/\"]}]},{\"@type\":\"ImageObject\",\"inLanguage\":\"es\",\"@id\":\"https:\\\/\\\/www.manabi.gob.ec\\\/index.php\\\/sumamos-esfuerzos-a-favor-de-una-cultura-de-paz\\\/#primaryimage\",\"url\":\"https:\\\/\\\/www.manabi.gob.ec\\\/wp-content\\\/uploads\\\/2021\\\/03\\\/Sumamos-esfuerzos-4.jpeg\",\"contentUrl\":\"https:\\\/\\\/www.manabi.gob.ec\\\/wp-content\\\/uploads\\\/2021\\\/03\\\/Sumamos-esfuerzos-4.jpeg\",\"width\":1055,\"height\":1280},{\"@type\":\"BreadcrumbList\",\"@id\":\"https:\\\/\\\/www.manabi.gob.ec\\\/index.php\\\/sumamos-esfuerzos-a-favor-de-una-cultura-de-paz\\\/#breadcrumb\",\"itemListElement\":[{\"@type\":\"ListItem\",\"position\":1,\"name\":\"Portada\",\"item\":\"https:\\\/\\\/www.manabi.gob.ec\\\/\"},{\"@type\":\"ListItem\",\"position\":2,\"name\":\"\u00a1SUMAMOS ESFUERZOS A FAVOR DE UNA CULTURA DE PAZ!\"}]},{\"@type\":\"WebSite\",\"@id\":\"https:\\\/\\\/www.manabi.gob.ec\\\/#website\",\"url\":\"https:\\\/\\\/www.manabi.gob.ec\\\/\",\"name\":\"Prefectura de Manab\u00ed\",\"description\":\"P\u00e1gina web de la prefectura\",\"potentialAction\":[{\"@type\":\"SearchAction\",\"target\":{\"@type\":\"EntryPoint\",\"urlTemplate\":\"https:\\\/\\\/www.manabi.gob.ec\\\/?s={search_term_string}\"},\"query-input\":{\"@type\":\"PropertyValueSpecification\",\"valueRequired\":true,\"valueName\":\"search_term_string\"}}],\"inLanguage\":\"es\"},{\"@type\":\"Person\",\"@id\":\"https:\\\/\\\/www.manabi.gob.ec\\\/#\\\/schema\\\/person\\\/cfc71bd68fe2703b779edcc292a49722\",\"name\":\"admin\",\"image\":{\"@type\":\"ImageObject\",\"inLanguage\":\"es\",\"@id\":\"https:\\\/\\\/secure.gravatar.com\\\/avatar\\\/23e9f919492b0a2f65aa168e0d8c5c867ea853b61deffbadf08c7031e15b8d78?s=96&d=mm&r=g\",\"url\":\"https:\\\/\\\/secure.gravatar.com\\\/avatar\\\/23e9f919492b0a2f65aa168e0d8c5c867ea853b61deffbadf08c7031e15b8d78?s=96&d=mm&r=g\",\"contentUrl\":\"https:\\\/\\\/secure.gravatar.com\\\/avatar\\\/23e9f919492b0a2f65aa168e0d8c5c867ea853b61deffbadf08c7031e15b8d78?s=96&d=mm&r=g\",\"caption\":\"admin\"},\"sameAs\":[\"http:\\\/\\\/www.manabi.gob.ec\"],\"url\":\"https:\\\/\\\/www.manabi.gob.ec\\\/index.php\\\/author\\\/admin\\\/\"}]}<\/script>\n<!-- \/ Yoast SEO plugin. -->","yoast_head_json":{"title":"\u00a1SUMAMOS ESFUERZOS A FAVOR DE UNA CULTURA DE PAZ! - Prefectura de Manab\u00ed","robots":{"index":"index","follow":"follow","max-snippet":"max-snippet:-1","max-image-preview":"max-image-preview:large","max-video-preview":"max-video-preview:-1"},"canonical":"https:\/\/www.manabi.gob.ec\/index.php\/sumamos-esfuerzos-a-favor-de-una-cultura-de-paz\/","og_locale":"es_ES","og_type":"article","og_title":"\u00a1SUMAMOS ESFUERZOS A FAVOR DE UNA CULTURA DE PAZ! - Prefectura de Manab\u00ed","og_description":"El Gobierno de Manab\u00ed trabajar\u00e1, en alianza con el Observatorio Ciudadano, en la aplicaci\u00f3n, implementaci\u00f3n y cumplimiento efectivo de la Ley para la Prevenci\u00f3n y Erradicaci\u00f3n de la Violencia de G\u00e9nero Contra la Mujer. El planteamiento fue expuesto por la consejera de Participaci\u00f3n Ciudadana, Mar\u00eda Fernanda Rivadeneira, e integrantes del mencionado Observatorio, durante una visita [&hellip;]","og_url":"https:\/\/www.manabi.gob.ec\/index.php\/sumamos-esfuerzos-a-favor-de-una-cultura-de-paz\/","og_site_name":"Prefectura de Manab\u00ed","article_published_time":"2021-03-25T02:34:44+00:00","article_modified_time":"2021-03-25T02:34:46+00:00","og_image":[{"width":1055,"height":1280,"url":"https:\/\/www.manabi.gob.ec\/wp-content\/uploads\/2021\/03\/Sumamos-esfuerzos-4.jpeg","type":"image\/jpeg"}],"author":"admin","twitter_card":"summary_large_image","twitter_misc":{"Escrito por":"admin","Tiempo de lectura":"1 minuto"},"schema":{"@context":"https:\/\/schema.org","@graph":[{"@type":"Article","@id":"https:\/\/www.manabi.gob.ec\/index.php\/sumamos-esfuerzos-a-favor-de-una-cultura-de-paz\/#article","isPartOf":{"@id":"https:\/\/www.manabi.gob.ec\/index.php\/sumamos-esfuerzos-a-favor-de-una-cultura-de-paz\/"},"author":{"name":"admin","@id":"https:\/\/www.manabi.gob.ec\/#\/schema\/person\/cfc71bd68fe2703b779edcc292a49722"},"headline":"\u00a1SUMAMOS ESFUERZOS A FAVOR DE UNA CULTURA DE PAZ!","datePublished":"2021-03-25T02:34:44+00:00","dateModified":"2021-03-25T02:34:46+00:00","mainEntityOfPage":{"@id":"https:\/\/www.manabi.gob.ec\/index.php\/sumamos-esfuerzos-a-favor-de-una-cultura-de-paz\/"},"wordCount":173,"image":{"@id":"https:\/\/www.manabi.gob.ec\/index.php\/sumamos-esfuerzos-a-favor-de-una-cultura-de-paz\/#primaryimage"},"thumbnailUrl":"https:\/\/www.manabi.gob.ec\/wp-content\/uploads\/2021\/03\/Sumamos-esfuerzos-4.jpeg","articleSection":["Desarrollo Social","Noticias","Portoviejo","Todas"],"inLanguage":"es"},{"@type":"WebPage","@id":"https:\/\/www.manabi.gob.ec\/index.php\/sumamos-esfuerzos-a-favor-de-una-cultura-de-paz\/","url":"https:\/\/www.manabi.gob.ec\/index.php\/sumamos-esfuerzos-a-favor-de-una-cultura-de-paz\/","name":"\u00a1SUMAMOS ESFUERZOS A FAVOR DE UNA CULTURA DE PAZ! - Prefectura de Manab\u00ed","isPartOf":{"@id":"https:\/\/www.manabi.gob.ec\/#website"},"primaryImageOfPage":{"@id":"https:\/\/www.manabi.gob.ec\/index.php\/sumamos-esfuerzos-a-favor-de-una-cultura-de-paz\/#primaryimage"},"image":{"@id":"https:\/\/www.manabi.gob.ec\/index.php\/sumamos-esfuerzos-a-favor-de-una-cultura-de-paz\/#primaryimage"},"thumbnailUrl":"https:\/\/www.manabi.gob.ec\/wp-content\/uploads\/2021\/03\/Sumamos-esfuerzos-4.jpeg","datePublished":"2021-03-25T02:34:44+00:00","dateModified":"2021-03-25T02:34:46+00:00","author":{"@id":"https:\/\/www.manabi.gob.ec\/#\/schema\/person\/cfc71bd68fe2703b779edcc292a49722"},"breadcrumb":{"@id":"https:\/\/www.manabi.gob.ec\/index.php\/sumamos-esfuerzos-a-favor-de-una-cultura-de-paz\/#breadcrumb"},"inLanguage":"es","potentialAction":[{"@type":"ReadAction","target":["https:\/\/www.manabi.gob.ec\/index.php\/sumamos-esfuerzos-a-favor-de-una-cultura-de-paz\/"]}]},{"@type":"ImageObject","inLanguage":"es","@id":"https:\/\/www.manabi.gob.ec\/index.php\/sumamos-esfuerzos-a-favor-de-una-cultura-de-paz\/#primaryimage","url":"https:\/\/www.manabi.gob.ec\/wp-content\/uploads\/2021\/03\/Sumamos-esfuerzos-4.jpeg","contentUrl":"https:\/\/www.manabi.gob.ec\/wp-content\/uploads\/2021\/03\/Sumamos-esfuerzos-4.jpeg","width":1055,"height":1280},{"@type":"BreadcrumbList","@id":"https:\/\/www.manabi.gob.ec\/index.php\/sumamos-esfuerzos-a-favor-de-una-cultura-de-paz\/#breadcrumb","itemListElement":[{"@type":"ListItem","position":1,"name":"Portada","item":"https:\/\/www.manabi.gob.ec\/"},{"@type":"ListItem","position":2,"name":"\u00a1SUMAMOS ESFUERZOS A FAVOR DE UNA CULTURA DE PAZ!"}]},{"@type":"WebSite","@id":"https:\/\/www.manabi.gob.ec\/#website","url":"https:\/\/www.manabi.gob.ec\/","name":"Prefectura de Manab\u00ed","description":"P\u00e1gina web de la prefectura","potentialAction":[{"@type":"SearchAction","target":{"@type":"EntryPoint","urlTemplate":"https:\/\/www.manabi.gob.ec\/?s={search_term_string}"},"query-input":{"@type":"PropertyValueSpecification","valueRequired":true,"valueName":"search_term_string"}}],"inLanguage":"es"},{"@type":"Person","@id":"https:\/\/www.manabi.gob.ec\/#\/schema\/person\/cfc71bd68fe2703b779edcc292a49722","name":"admin","image":{"@type":"ImageObject","inLanguage":"es","@id":"https:\/\/secure.gravatar.com\/avatar\/23e9f919492b0a2f65aa168e0d8c5c867ea853b61deffbadf08c7031e15b8d78?s=96&d=mm&r=g","url":"https:\/\/secure.gravatar.com\/avatar\/23e9f919492b0a2f65aa168e0d8c5c867ea853b61deffbadf08c7031e15b8d78?s=96&d=mm&r=g","contentUrl":"https:\/\/secure.gravatar.com\/avatar\/23e9f919492b0a2f65aa168e0d8c5c867ea853b61deffbadf08c7031e15b8d78?s=96&d=mm&r=g","caption":"admin"},"sameAs":["http:\/\/www.manabi.gob.ec"],"url":"https:\/\/www.manabi.gob.ec\/index.php\/author\/admin\/"}]}},"jetpack_featured_media_url":"https:\/\/www.manabi.gob.ec\/wp-content\/uploads\/2021\/03\/Sumamos-esfuerzos-4.jpeg","_links":{"self":[{"href":"https:\/\/www.manabi.gob.ec\/index.php\/wp-json\/wp\/v2\/posts\/16495","targetHints":{"allow":["GET"]}}],"collection":[{"href":"https:\/\/www.manabi.gob.ec\/index.php\/wp-json\/wp\/v2\/posts"}],"about":[{"href":"https:\/\/www.manabi.gob.ec\/index.php\/wp-json\/wp\/v2\/types\/post"}],"author":[{"embeddable":true,"href":"https:\/\/www.manabi.gob.ec\/index.php\/wp-json\/wp\/v2\/users\/1"}],"replies":[{"embeddable":true,"href":"https:\/\/www.manabi.gob.ec\/index.php\/wp-json\/wp\/v2\/comments?post=16495"}],"version-history":[{"count":0,"href":"https:\/\/www.manabi.gob.ec\/index.php\/wp-json\/wp\/v2\/posts\/16495\/revisions"}],"wp:featuredmedia":[{"embeddable":true,"href":"https:\/\/www.manabi.gob.ec\/index.php\/wp-json\/wp\/v2\/media\/16496"}],"wp:attachment":[{"href":"https:\/\/www.manabi.gob.ec\/index.php\/wp-json\/wp\/v2\/media?parent=16495"}],"wp:term":[{"taxonomy":"category","embeddable":true,"href":"https:\/\/www.manabi.gob.ec\/index.php\/wp-json\/wp\/v2\/categories?post=16495"},{"taxonomy":"post_tag","embeddable":true,"href":"https:\/\/www.manabi.gob.ec\/index.php\/wp-json\/wp\/v2\/tags?post=16495"}],"curies":[{"name":"wp","href":"https:\/\/api.w.org\/{rel}","templated":true}]}}