{"id":16499,"date":"2021-03-25T13:36:05","date_gmt":"2021-03-25T13:36:05","guid":{"rendered":"https:\/\/www.manabi.gob.ec\/?p=16499"},"modified":"2021-03-25T13:36:07","modified_gmt":"2021-03-25T13:36:07","slug":"hacemos-trabajos-emergentes-en-la-via-olmedo-las-mercedes","status":"publish","type":"post","link":"https:\/\/www.manabi.gob.ec\/index.php\/hacemos-trabajos-emergentes-en-la-via-olmedo-las-mercedes\/","title":{"rendered":"HACEMOS TRABAJOS EMERGENTES EN LA V\u00cdA OLMEDO- LAS MERCEDES"},"content":{"rendered":"\n<p>Maquinarias del Gobierno de Manab\u00ed trabaja en el mejoramiento de la v\u00eda Olmedo- Las Mercedes, de 9.2 kil\u00f3metros, la que conecta a los cantones: Olmedo, 24 de Mayo y Paj\u00e1n. Los trabajos se ejecutan por administraci\u00f3n directa.<\/p>\n\n\n\n<p>Actualmente se trabaja en 3.4 kil\u00f3metros, tramo de mayor afectaci\u00f3n, donde se hace &nbsp;la reconformaci\u00f3n de la v\u00eda.&nbsp;<\/p>\n\n\n\n<p>\u00abEstamos trabajando en los puntos m\u00e1s cr\u00edticos de esta v\u00eda, donde su gente se dedica a la producci\u00f3n agr\u00edcola y ganadera\u00bb expres\u00f3 Isaac Pachay, t\u00e9cnico del Gobierno de Manab\u00ed.<\/p>\n\n\n\n<p>\u00abAntes no se pod\u00eda transitar por los huecos, ahora est\u00e1 mucho mejor y podemos llegar r\u00e1pido al pueblo\u00bb indic\u00f3 Hernaldo Moreira, morador del sitio Las Mercedes.<\/p>\n\n\n\n<p>Tambi\u00e9n se trabaja, por administraci\u00f3n directa, en la limpieza, protecci\u00f3n y encauzamiento del r\u00edo, a la altura del puente La Victoria, en la comunidad Bejuco Chico del cant\u00f3n 24 de Mayo.<\/p>\n\n\n\n<p>Las crecientes han socavado el margen izquierdo del cauce y eso ha afectado la estructura, por eso no se permite el paso de los veh\u00edculos hasta superar el problema, dijo el t\u00e9cnico.<\/p>\n\n\n\n<p>\u00abEstamos poniendo la piedra escollera y encauzado el r\u00edo. La disposici\u00f3n del prefecto de Manab\u00ed es dar soluci\u00f3n inmediata a los sectores que tengan afectaciones por las lluvias\u00bb concluy\u00f3 Isaac Pachay, t\u00e9cnico del Gobierno de Manab\u00ed.<\/p>\n","protected":false},"excerpt":{"rendered":"<p>Maquinarias del Gobierno de Manab\u00ed trabaja en el mejoramiento de la v\u00eda Olmedo- Las Mercedes, de 9.2 kil\u00f3metros, la que conecta a los cantones: Olmedo, 24 de Mayo y Paj\u00e1n. Los trabajos se ejecutan por administraci\u00f3n directa<\/p>\n","protected":false},"author":1,"featured_media":16500,"comment_status":"closed","ping_status":"open","sticky":false,"template":"","format":"standard","meta":{"_joinchat":[],"footnotes":""},"categories":[138,92,181,126,91],"tags":[],"class_list":["post-16499","post","type-post","status-publish","format-standard","has-post-thumbnail","hentry","category-24-de-mayo","category-noticias-manabi","category-obra-publica","category-pajan","category-todas"],"yoast_head":"<!-- This site is optimized with the Yoast SEO plugin v27.4 - https:\/\/yoast.com\/product\/yoast-seo-wordpress\/ -->\n<title>HACEMOS TRABAJOS EMERGENTES EN LA V\u00cdA OLMEDO- LAS MERCEDES<\/title>\n<meta name=\"description\" content=\"Maquinarias del Gobierno de Manab\u00ed trabaja en el mejoramiento de la v\u00eda Olmedo- Las Mercedes, de 9.2 kil\u00f3metros, la que conecta a los cantones: Olmedo, 24 de Mayo y Paj\u00e1n. Los trabajos se ejecutan por administraci\u00f3n directa.Actualmente se trabaja en 3.4 kil\u00f3metros, tramo de mayor afectaci\u00f3n, donde se hace la reconformaci\u00f3n de la v\u00eda.&quot;Estamos trabajando en los puntos m\u00e1s cr\u00edticos de esta v\u00eda, donde su gente se dedica a la producci\u00f3n agr\u00edcola y ganadera&quot; expres\u00f3 Isaac Pachay, t\u00e9cnico del Gobierno de Manab\u00ed.&quot;Antes no se pod\u00eda transitar por los huecos, ahora est\u00e1 mucho mejor y podemos llegar r\u00e1pido al pueblo&quot; indic\u00f3 Hernaldo Moreira, morador del sitio Las Mercedes.Tambi\u00e9n se trabaja, por administraci\u00f3n directa, en la limpieza, protecci\u00f3n y encauzamiento del r\u00edo, a la altura del puente La Victoria, en la comunidad Bejuco Chico del cant\u00f3n 24 de Mayo.Las crecientes han socavado el margen izquierdo del cauce y eso ha afectado la estructura, por eso no se permite el paso de los veh\u00edculos hasta superar el problema, dijo el t\u00e9cnico.&quot;Estamos poniendo la piedra escollera y encauzado el r\u00edo. La disposici\u00f3n del prefecto de Manab\u00ed es dar soluci\u00f3n inmediata a los sectores que tengan afectaciones por las lluvias&quot; concluy\u00f3 Isaac Pachay, t\u00e9cnico del Gobierno de Manab\u00ed.\" \/>\n<meta name=\"robots\" content=\"index, follow, max-snippet:-1, max-image-preview:large, max-video-preview:-1\" \/>\n<link rel=\"canonical\" href=\"https:\/\/www.manabi.gob.ec\/index.php\/hacemos-trabajos-emergentes-en-la-via-olmedo-las-mercedes\/\" \/>\n<meta property=\"og:locale\" content=\"es_ES\" \/>\n<meta property=\"og:type\" content=\"article\" \/>\n<meta property=\"og:title\" content=\"HACEMOS TRABAJOS EMERGENTES EN LA V\u00cdA OLMEDO- LAS MERCEDES\" \/>\n<meta property=\"og:description\" content=\"Maquinarias del Gobierno de Manab\u00ed trabaja en el mejoramiento de la v\u00eda Olmedo- Las Mercedes, de 9.2 kil\u00f3metros, la que conecta a los cantones: Olmedo, 24 de Mayo y Paj\u00e1n. Los trabajos se ejecutan por administraci\u00f3n directa.Actualmente se trabaja en 3.4 kil\u00f3metros, tramo de mayor afectaci\u00f3n, donde se hace la reconformaci\u00f3n de la v\u00eda.&quot;Estamos trabajando en los puntos m\u00e1s cr\u00edticos de esta v\u00eda, donde su gente se dedica a la producci\u00f3n agr\u00edcola y ganadera&quot; expres\u00f3 Isaac Pachay, t\u00e9cnico del Gobierno de Manab\u00ed.&quot;Antes no se pod\u00eda transitar por los huecos, ahora est\u00e1 mucho mejor y podemos llegar r\u00e1pido al pueblo&quot; indic\u00f3 Hernaldo Moreira, morador del sitio Las Mercedes.Tambi\u00e9n se trabaja, por administraci\u00f3n directa, en la limpieza, protecci\u00f3n y encauzamiento del r\u00edo, a la altura del puente La Victoria, en la comunidad Bejuco Chico del cant\u00f3n 24 de Mayo.Las crecientes han socavado el margen izquierdo del cauce y eso ha afectado la estructura, por eso no se permite el paso de los veh\u00edculos hasta superar el problema, dijo el t\u00e9cnico.&quot;Estamos poniendo la piedra escollera y encauzado el r\u00edo. La disposici\u00f3n del prefecto de Manab\u00ed es dar soluci\u00f3n inmediata a los sectores que tengan afectaciones por las lluvias&quot; concluy\u00f3 Isaac Pachay, t\u00e9cnico del Gobierno de Manab\u00ed.\" \/>\n<meta property=\"og:url\" content=\"https:\/\/www.manabi.gob.ec\/index.php\/hacemos-trabajos-emergentes-en-la-via-olmedo-las-mercedes\/\" \/>\n<meta property=\"og:site_name\" content=\"Prefectura de Manab\u00ed\" \/>\n<meta property=\"article:published_time\" content=\"2021-03-25T13:36:05+00:00\" \/>\n<meta property=\"article:modified_time\" content=\"2021-03-25T13:36:07+00:00\" \/>\n<meta property=\"og:image\" content=\"https:\/\/www.manabi.gob.ec\/wp-content\/uploads\/2021\/03\/Via-Olmedo-Las-Mercedes-3.jpeg\" \/>\n\t<meta property=\"og:image:width\" content=\"1156\" \/>\n\t<meta property=\"og:image:height\" content=\"867\" \/>\n\t<meta property=\"og:image:type\" content=\"image\/jpeg\" \/>\n<meta name=\"author\" content=\"admin\" \/>\n<meta name=\"twitter:card\" content=\"summary_large_image\" \/>\n<meta name=\"twitter:label1\" content=\"Escrito por\" \/>\n\t<meta name=\"twitter:data1\" content=\"admin\" \/>\n\t<meta name=\"twitter:label2\" content=\"Tiempo de lectura\" \/>\n\t<meta name=\"twitter:data2\" content=\"1 minuto\" \/>\n<script type=\"application\/ld+json\" class=\"yoast-schema-graph\">{\"@context\":\"https:\\\/\\\/schema.org\",\"@graph\":[{\"@type\":\"Article\",\"@id\":\"https:\\\/\\\/www.manabi.gob.ec\\\/index.php\\\/hacemos-trabajos-emergentes-en-la-via-olmedo-las-mercedes\\\/#article\",\"isPartOf\":{\"@id\":\"https:\\\/\\\/www.manabi.gob.ec\\\/index.php\\\/hacemos-trabajos-emergentes-en-la-via-olmedo-las-mercedes\\\/\"},\"author\":{\"name\":\"admin\",\"@id\":\"https:\\\/\\\/www.manabi.gob.ec\\\/#\\\/schema\\\/person\\\/cfc71bd68fe2703b779edcc292a49722\"},\"headline\":\"HACEMOS TRABAJOS EMERGENTES EN LA V\u00cdA OLMEDO- LAS MERCEDES\",\"datePublished\":\"2021-03-25T13:36:05+00:00\",\"dateModified\":\"2021-03-25T13:36:07+00:00\",\"mainEntityOfPage\":{\"@id\":\"https:\\\/\\\/www.manabi.gob.ec\\\/index.php\\\/hacemos-trabajos-emergentes-en-la-via-olmedo-las-mercedes\\\/\"},\"wordCount\":244,\"image\":{\"@id\":\"https:\\\/\\\/www.manabi.gob.ec\\\/index.php\\\/hacemos-trabajos-emergentes-en-la-via-olmedo-las-mercedes\\\/#primaryimage\"},\"thumbnailUrl\":\"https:\\\/\\\/www.manabi.gob.ec\\\/wp-content\\\/uploads\\\/2021\\\/03\\\/Via-Olmedo-Las-Mercedes-3.jpeg\",\"articleSection\":[\"24 de Mayo\",\"Noticias\",\"Obra P\u00fablica\",\"Paj\u00e1n\",\"Todas\"],\"inLanguage\":\"es\"},{\"@type\":\"WebPage\",\"@id\":\"https:\\\/\\\/www.manabi.gob.ec\\\/index.php\\\/hacemos-trabajos-emergentes-en-la-via-olmedo-las-mercedes\\\/\",\"url\":\"https:\\\/\\\/www.manabi.gob.ec\\\/index.php\\\/hacemos-trabajos-emergentes-en-la-via-olmedo-las-mercedes\\\/\",\"name\":\"HACEMOS TRABAJOS EMERGENTES EN LA V\u00cdA OLMEDO- LAS MERCEDES\",\"isPartOf\":{\"@id\":\"https:\\\/\\\/www.manabi.gob.ec\\\/#website\"},\"primaryImageOfPage\":{\"@id\":\"https:\\\/\\\/www.manabi.gob.ec\\\/index.php\\\/hacemos-trabajos-emergentes-en-la-via-olmedo-las-mercedes\\\/#primaryimage\"},\"image\":{\"@id\":\"https:\\\/\\\/www.manabi.gob.ec\\\/index.php\\\/hacemos-trabajos-emergentes-en-la-via-olmedo-las-mercedes\\\/#primaryimage\"},\"thumbnailUrl\":\"https:\\\/\\\/www.manabi.gob.ec\\\/wp-content\\\/uploads\\\/2021\\\/03\\\/Via-Olmedo-Las-Mercedes-3.jpeg\",\"datePublished\":\"2021-03-25T13:36:05+00:00\",\"dateModified\":\"2021-03-25T13:36:07+00:00\",\"author\":{\"@id\":\"https:\\\/\\\/www.manabi.gob.ec\\\/#\\\/schema\\\/person\\\/cfc71bd68fe2703b779edcc292a49722\"},\"description\":\"Maquinarias del Gobierno de Manab\u00ed trabaja en el mejoramiento de la v\u00eda Olmedo- Las Mercedes, de 9.2 kil\u00f3metros, la que conecta a los cantones: Olmedo, 24 de Mayo y Paj\u00e1n. Los trabajos se ejecutan por administraci\u00f3n directa.Actualmente se trabaja en 3.4 kil\u00f3metros, tramo de mayor afectaci\u00f3n, donde se hace la reconformaci\u00f3n de la v\u00eda.\\\"Estamos trabajando en los puntos m\u00e1s cr\u00edticos de esta v\u00eda, donde su gente se dedica a la producci\u00f3n agr\u00edcola y ganadera\\\" expres\u00f3 Isaac Pachay, t\u00e9cnico del Gobierno de Manab\u00ed.\\\"Antes no se pod\u00eda transitar por los huecos, ahora est\u00e1 mucho mejor y podemos llegar r\u00e1pido al pueblo\\\" indic\u00f3 Hernaldo Moreira, morador del sitio Las Mercedes.Tambi\u00e9n se trabaja, por administraci\u00f3n directa, en la limpieza, protecci\u00f3n y encauzamiento del r\u00edo, a la altura del puente La Victoria, en la comunidad Bejuco Chico del cant\u00f3n 24 de Mayo.Las crecientes han socavado el margen izquierdo del cauce y eso ha afectado la estructura, por eso no se permite el paso de los veh\u00edculos hasta superar el problema, dijo el t\u00e9cnico.\\\"Estamos poniendo la piedra escollera y encauzado el r\u00edo. La disposici\u00f3n del prefecto de Manab\u00ed es dar soluci\u00f3n inmediata a los sectores que tengan afectaciones por las lluvias\\\" concluy\u00f3 Isaac Pachay, t\u00e9cnico del Gobierno de Manab\u00ed.\",\"breadcrumb\":{\"@id\":\"https:\\\/\\\/www.manabi.gob.ec\\\/index.php\\\/hacemos-trabajos-emergentes-en-la-via-olmedo-las-mercedes\\\/#breadcrumb\"},\"inLanguage\":\"es\",\"potentialAction\":[{\"@type\":\"ReadAction\",\"target\":[\"https:\\\/\\\/www.manabi.gob.ec\\\/index.php\\\/hacemos-trabajos-emergentes-en-la-via-olmedo-las-mercedes\\\/\"]}]},{\"@type\":\"ImageObject\",\"inLanguage\":\"es\",\"@id\":\"https:\\\/\\\/www.manabi.gob.ec\\\/index.php\\\/hacemos-trabajos-emergentes-en-la-via-olmedo-las-mercedes\\\/#primaryimage\",\"url\":\"https:\\\/\\\/www.manabi.gob.ec\\\/wp-content\\\/uploads\\\/2021\\\/03\\\/Via-Olmedo-Las-Mercedes-3.jpeg\",\"contentUrl\":\"https:\\\/\\\/www.manabi.gob.ec\\\/wp-content\\\/uploads\\\/2021\\\/03\\\/Via-Olmedo-Las-Mercedes-3.jpeg\",\"width\":1156,\"height\":867},{\"@type\":\"BreadcrumbList\",\"@id\":\"https:\\\/\\\/www.manabi.gob.ec\\\/index.php\\\/hacemos-trabajos-emergentes-en-la-via-olmedo-las-mercedes\\\/#breadcrumb\",\"itemListElement\":[{\"@type\":\"ListItem\",\"position\":1,\"name\":\"Portada\",\"item\":\"https:\\\/\\\/www.manabi.gob.ec\\\/\"},{\"@type\":\"ListItem\",\"position\":2,\"name\":\"HACEMOS TRABAJOS EMERGENTES EN LA V\u00cdA OLMEDO- LAS MERCEDES\"}]},{\"@type\":\"WebSite\",\"@id\":\"https:\\\/\\\/www.manabi.gob.ec\\\/#website\",\"url\":\"https:\\\/\\\/www.manabi.gob.ec\\\/\",\"name\":\"Prefectura de Manab\u00ed\",\"description\":\"P\u00e1gina web de la prefectura\",\"potentialAction\":[{\"@type\":\"SearchAction\",\"target\":{\"@type\":\"EntryPoint\",\"urlTemplate\":\"https:\\\/\\\/www.manabi.gob.ec\\\/?s={search_term_string}\"},\"query-input\":{\"@type\":\"PropertyValueSpecification\",\"valueRequired\":true,\"valueName\":\"search_term_string\"}}],\"inLanguage\":\"es\"},{\"@type\":\"Person\",\"@id\":\"https:\\\/\\\/www.manabi.gob.ec\\\/#\\\/schema\\\/person\\\/cfc71bd68fe2703b779edcc292a49722\",\"name\":\"admin\",\"image\":{\"@type\":\"ImageObject\",\"inLanguage\":\"es\",\"@id\":\"https:\\\/\\\/secure.gravatar.com\\\/avatar\\\/23e9f919492b0a2f65aa168e0d8c5c867ea853b61deffbadf08c7031e15b8d78?s=96&d=mm&r=g\",\"url\":\"https:\\\/\\\/secure.gravatar.com\\\/avatar\\\/23e9f919492b0a2f65aa168e0d8c5c867ea853b61deffbadf08c7031e15b8d78?s=96&d=mm&r=g\",\"contentUrl\":\"https:\\\/\\\/secure.gravatar.com\\\/avatar\\\/23e9f919492b0a2f65aa168e0d8c5c867ea853b61deffbadf08c7031e15b8d78?s=96&d=mm&r=g\",\"caption\":\"admin\"},\"sameAs\":[\"http:\\\/\\\/www.manabi.gob.ec\"],\"url\":\"https:\\\/\\\/www.manabi.gob.ec\\\/index.php\\\/author\\\/admin\\\/\"}]}<\/script>\n<!-- \/ Yoast SEO plugin. -->","yoast_head_json":{"title":"HACEMOS TRABAJOS EMERGENTES EN LA V\u00cdA OLMEDO- LAS MERCEDES","description":"Maquinarias del Gobierno de Manab\u00ed trabaja en el mejoramiento de la v\u00eda Olmedo- Las Mercedes, de 9.2 kil\u00f3metros, la que conecta a los cantones: Olmedo, 24 de Mayo y Paj\u00e1n. Los trabajos se ejecutan por administraci\u00f3n directa.Actualmente se trabaja en 3.4 kil\u00f3metros, tramo de mayor afectaci\u00f3n, donde se hace la reconformaci\u00f3n de la v\u00eda.\"Estamos trabajando en los puntos m\u00e1s cr\u00edticos de esta v\u00eda, donde su gente se dedica a la producci\u00f3n agr\u00edcola y ganadera\" expres\u00f3 Isaac Pachay, t\u00e9cnico del Gobierno de Manab\u00ed.\"Antes no se pod\u00eda transitar por los huecos, ahora est\u00e1 mucho mejor y podemos llegar r\u00e1pido al pueblo\" indic\u00f3 Hernaldo Moreira, morador del sitio Las Mercedes.Tambi\u00e9n se trabaja, por administraci\u00f3n directa, en la limpieza, protecci\u00f3n y encauzamiento del r\u00edo, a la altura del puente La Victoria, en la comunidad Bejuco Chico del cant\u00f3n 24 de Mayo.Las crecientes han socavado el margen izquierdo del cauce y eso ha afectado la estructura, por eso no se permite el paso de los veh\u00edculos hasta superar el problema, dijo el t\u00e9cnico.\"Estamos poniendo la piedra escollera y encauzado el r\u00edo. La disposici\u00f3n del prefecto de Manab\u00ed es dar soluci\u00f3n inmediata a los sectores que tengan afectaciones por las lluvias\" concluy\u00f3 Isaac Pachay, t\u00e9cnico del Gobierno de Manab\u00ed.","robots":{"index":"index","follow":"follow","max-snippet":"max-snippet:-1","max-image-preview":"max-image-preview:large","max-video-preview":"max-video-preview:-1"},"canonical":"https:\/\/www.manabi.gob.ec\/index.php\/hacemos-trabajos-emergentes-en-la-via-olmedo-las-mercedes\/","og_locale":"es_ES","og_type":"article","og_title":"HACEMOS TRABAJOS EMERGENTES EN LA V\u00cdA OLMEDO- LAS MERCEDES","og_description":"Maquinarias del Gobierno de Manab\u00ed trabaja en el mejoramiento de la v\u00eda Olmedo- Las Mercedes, de 9.2 kil\u00f3metros, la que conecta a los cantones: Olmedo, 24 de Mayo y Paj\u00e1n. Los trabajos se ejecutan por administraci\u00f3n directa.Actualmente se trabaja en 3.4 kil\u00f3metros, tramo de mayor afectaci\u00f3n, donde se hace la reconformaci\u00f3n de la v\u00eda.\"Estamos trabajando en los puntos m\u00e1s cr\u00edticos de esta v\u00eda, donde su gente se dedica a la producci\u00f3n agr\u00edcola y ganadera\" expres\u00f3 Isaac Pachay, t\u00e9cnico del Gobierno de Manab\u00ed.\"Antes no se pod\u00eda transitar por los huecos, ahora est\u00e1 mucho mejor y podemos llegar r\u00e1pido al pueblo\" indic\u00f3 Hernaldo Moreira, morador del sitio Las Mercedes.Tambi\u00e9n se trabaja, por administraci\u00f3n directa, en la limpieza, protecci\u00f3n y encauzamiento del r\u00edo, a la altura del puente La Victoria, en la comunidad Bejuco Chico del cant\u00f3n 24 de Mayo.Las crecientes han socavado el margen izquierdo del cauce y eso ha afectado la estructura, por eso no se permite el paso de los veh\u00edculos hasta superar el problema, dijo el t\u00e9cnico.\"Estamos poniendo la piedra escollera y encauzado el r\u00edo. La disposici\u00f3n del prefecto de Manab\u00ed es dar soluci\u00f3n inmediata a los sectores que tengan afectaciones por las lluvias\" concluy\u00f3 Isaac Pachay, t\u00e9cnico del Gobierno de Manab\u00ed.","og_url":"https:\/\/www.manabi.gob.ec\/index.php\/hacemos-trabajos-emergentes-en-la-via-olmedo-las-mercedes\/","og_site_name":"Prefectura de Manab\u00ed","article_published_time":"2021-03-25T13:36:05+00:00","article_modified_time":"2021-03-25T13:36:07+00:00","og_image":[{"width":1156,"height":867,"url":"https:\/\/www.manabi.gob.ec\/wp-content\/uploads\/2021\/03\/Via-Olmedo-Las-Mercedes-3.jpeg","type":"image\/jpeg"}],"author":"admin","twitter_card":"summary_large_image","twitter_misc":{"Escrito por":"admin","Tiempo de lectura":"1 minuto"},"schema":{"@context":"https:\/\/schema.org","@graph":[{"@type":"Article","@id":"https:\/\/www.manabi.gob.ec\/index.php\/hacemos-trabajos-emergentes-en-la-via-olmedo-las-mercedes\/#article","isPartOf":{"@id":"https:\/\/www.manabi.gob.ec\/index.php\/hacemos-trabajos-emergentes-en-la-via-olmedo-las-mercedes\/"},"author":{"name":"admin","@id":"https:\/\/www.manabi.gob.ec\/#\/schema\/person\/cfc71bd68fe2703b779edcc292a49722"},"headline":"HACEMOS TRABAJOS EMERGENTES EN LA V\u00cdA OLMEDO- LAS MERCEDES","datePublished":"2021-03-25T13:36:05+00:00","dateModified":"2021-03-25T13:36:07+00:00","mainEntityOfPage":{"@id":"https:\/\/www.manabi.gob.ec\/index.php\/hacemos-trabajos-emergentes-en-la-via-olmedo-las-mercedes\/"},"wordCount":244,"image":{"@id":"https:\/\/www.manabi.gob.ec\/index.php\/hacemos-trabajos-emergentes-en-la-via-olmedo-las-mercedes\/#primaryimage"},"thumbnailUrl":"https:\/\/www.manabi.gob.ec\/wp-content\/uploads\/2021\/03\/Via-Olmedo-Las-Mercedes-3.jpeg","articleSection":["24 de Mayo","Noticias","Obra P\u00fablica","Paj\u00e1n","Todas"],"inLanguage":"es"},{"@type":"WebPage","@id":"https:\/\/www.manabi.gob.ec\/index.php\/hacemos-trabajos-emergentes-en-la-via-olmedo-las-mercedes\/","url":"https:\/\/www.manabi.gob.ec\/index.php\/hacemos-trabajos-emergentes-en-la-via-olmedo-las-mercedes\/","name":"HACEMOS TRABAJOS EMERGENTES EN LA V\u00cdA OLMEDO- LAS MERCEDES","isPartOf":{"@id":"https:\/\/www.manabi.gob.ec\/#website"},"primaryImageOfPage":{"@id":"https:\/\/www.manabi.gob.ec\/index.php\/hacemos-trabajos-emergentes-en-la-via-olmedo-las-mercedes\/#primaryimage"},"image":{"@id":"https:\/\/www.manabi.gob.ec\/index.php\/hacemos-trabajos-emergentes-en-la-via-olmedo-las-mercedes\/#primaryimage"},"thumbnailUrl":"https:\/\/www.manabi.gob.ec\/wp-content\/uploads\/2021\/03\/Via-Olmedo-Las-Mercedes-3.jpeg","datePublished":"2021-03-25T13:36:05+00:00","dateModified":"2021-03-25T13:36:07+00:00","author":{"@id":"https:\/\/www.manabi.gob.ec\/#\/schema\/person\/cfc71bd68fe2703b779edcc292a49722"},"description":"Maquinarias del Gobierno de Manab\u00ed trabaja en el mejoramiento de la v\u00eda Olmedo- Las Mercedes, de 9.2 kil\u00f3metros, la que conecta a los cantones: Olmedo, 24 de Mayo y Paj\u00e1n. Los trabajos se ejecutan por administraci\u00f3n directa.Actualmente se trabaja en 3.4 kil\u00f3metros, tramo de mayor afectaci\u00f3n, donde se hace la reconformaci\u00f3n de la v\u00eda.\"Estamos trabajando en los puntos m\u00e1s cr\u00edticos de esta v\u00eda, donde su gente se dedica a la producci\u00f3n agr\u00edcola y ganadera\" expres\u00f3 Isaac Pachay, t\u00e9cnico del Gobierno de Manab\u00ed.\"Antes no se pod\u00eda transitar por los huecos, ahora est\u00e1 mucho mejor y podemos llegar r\u00e1pido al pueblo\" indic\u00f3 Hernaldo Moreira, morador del sitio Las Mercedes.Tambi\u00e9n se trabaja, por administraci\u00f3n directa, en la limpieza, protecci\u00f3n y encauzamiento del r\u00edo, a la altura del puente La Victoria, en la comunidad Bejuco Chico del cant\u00f3n 24 de Mayo.Las crecientes han socavado el margen izquierdo del cauce y eso ha afectado la estructura, por eso no se permite el paso de los veh\u00edculos hasta superar el problema, dijo el t\u00e9cnico.\"Estamos poniendo la piedra escollera y encauzado el r\u00edo. La disposici\u00f3n del prefecto de Manab\u00ed es dar soluci\u00f3n inmediata a los sectores que tengan afectaciones por las lluvias\" concluy\u00f3 Isaac Pachay, t\u00e9cnico del Gobierno de Manab\u00ed.","breadcrumb":{"@id":"https:\/\/www.manabi.gob.ec\/index.php\/hacemos-trabajos-emergentes-en-la-via-olmedo-las-mercedes\/#breadcrumb"},"inLanguage":"es","potentialAction":[{"@type":"ReadAction","target":["https:\/\/www.manabi.gob.ec\/index.php\/hacemos-trabajos-emergentes-en-la-via-olmedo-las-mercedes\/"]}]},{"@type":"ImageObject","inLanguage":"es","@id":"https:\/\/www.manabi.gob.ec\/index.php\/hacemos-trabajos-emergentes-en-la-via-olmedo-las-mercedes\/#primaryimage","url":"https:\/\/www.manabi.gob.ec\/wp-content\/uploads\/2021\/03\/Via-Olmedo-Las-Mercedes-3.jpeg","contentUrl":"https:\/\/www.manabi.gob.ec\/wp-content\/uploads\/2021\/03\/Via-Olmedo-Las-Mercedes-3.jpeg","width":1156,"height":867},{"@type":"BreadcrumbList","@id":"https:\/\/www.manabi.gob.ec\/index.php\/hacemos-trabajos-emergentes-en-la-via-olmedo-las-mercedes\/#breadcrumb","itemListElement":[{"@type":"ListItem","position":1,"name":"Portada","item":"https:\/\/www.manabi.gob.ec\/"},{"@type":"ListItem","position":2,"name":"HACEMOS TRABAJOS EMERGENTES EN LA V\u00cdA OLMEDO- LAS MERCEDES"}]},{"@type":"WebSite","@id":"https:\/\/www.manabi.gob.ec\/#website","url":"https:\/\/www.manabi.gob.ec\/","name":"Prefectura de Manab\u00ed","description":"P\u00e1gina web de la prefectura","potentialAction":[{"@type":"SearchAction","target":{"@type":"EntryPoint","urlTemplate":"https:\/\/www.manabi.gob.ec\/?s={search_term_string}"},"query-input":{"@type":"PropertyValueSpecification","valueRequired":true,"valueName":"search_term_string"}}],"inLanguage":"es"},{"@type":"Person","@id":"https:\/\/www.manabi.gob.ec\/#\/schema\/person\/cfc71bd68fe2703b779edcc292a49722","name":"admin","image":{"@type":"ImageObject","inLanguage":"es","@id":"https:\/\/secure.gravatar.com\/avatar\/23e9f919492b0a2f65aa168e0d8c5c867ea853b61deffbadf08c7031e15b8d78?s=96&d=mm&r=g","url":"https:\/\/secure.gravatar.com\/avatar\/23e9f919492b0a2f65aa168e0d8c5c867ea853b61deffbadf08c7031e15b8d78?s=96&d=mm&r=g","contentUrl":"https:\/\/secure.gravatar.com\/avatar\/23e9f919492b0a2f65aa168e0d8c5c867ea853b61deffbadf08c7031e15b8d78?s=96&d=mm&r=g","caption":"admin"},"sameAs":["http:\/\/www.manabi.gob.ec"],"url":"https:\/\/www.manabi.gob.ec\/index.php\/author\/admin\/"}]}},"jetpack_featured_media_url":"https:\/\/www.manabi.gob.ec\/wp-content\/uploads\/2021\/03\/Via-Olmedo-Las-Mercedes-3.jpeg","_links":{"self":[{"href":"https:\/\/www.manabi.gob.ec\/index.php\/wp-json\/wp\/v2\/posts\/16499","targetHints":{"allow":["GET"]}}],"collection":[{"href":"https:\/\/www.manabi.gob.ec\/index.php\/wp-json\/wp\/v2\/posts"}],"about":[{"href":"https:\/\/www.manabi.gob.ec\/index.php\/wp-json\/wp\/v2\/types\/post"}],"author":[{"embeddable":true,"href":"https:\/\/www.manabi.gob.ec\/index.php\/wp-json\/wp\/v2\/users\/1"}],"replies":[{"embeddable":true,"href":"https:\/\/www.manabi.gob.ec\/index.php\/wp-json\/wp\/v2\/comments?post=16499"}],"version-history":[{"count":0,"href":"https:\/\/www.manabi.gob.ec\/index.php\/wp-json\/wp\/v2\/posts\/16499\/revisions"}],"wp:featuredmedia":[{"embeddable":true,"href":"https:\/\/www.manabi.gob.ec\/index.php\/wp-json\/wp\/v2\/media\/16500"}],"wp:attachment":[{"href":"https:\/\/www.manabi.gob.ec\/index.php\/wp-json\/wp\/v2\/media?parent=16499"}],"wp:term":[{"taxonomy":"category","embeddable":true,"href":"https:\/\/www.manabi.gob.ec\/index.php\/wp-json\/wp\/v2\/categories?post=16499"},{"taxonomy":"post_tag","embeddable":true,"href":"https:\/\/www.manabi.gob.ec\/index.php\/wp-json\/wp\/v2\/tags?post=16499"}],"curies":[{"name":"wp","href":"https:\/\/api.w.org\/{rel}","templated":true}]}}