{"id":16520,"date":"2021-03-25T22:21:18","date_gmt":"2021-03-25T22:21:18","guid":{"rendered":"https:\/\/www.manabi.gob.ec\/?p=16520"},"modified":"2021-03-25T22:21:21","modified_gmt":"2021-03-25T22:21:21","slug":"restablecimos-paso-vehicular-hacia-maconta-adentro","status":"publish","type":"post","link":"https:\/\/www.manabi.gob.ec\/index.php\/restablecimos-paso-vehicular-hacia-maconta-adentro\/","title":{"rendered":"RESTABLECIMOS PASO VEHICULAR HACIA MACONTA ADENTRO"},"content":{"rendered":"\n<p>La intervenci\u00f3n oportuna del Gobierno de Manab\u00ed permiti\u00f3 restablecer la conexi\u00f3n vial hacia la comunidad Maconta Adentro de la parroquia Calder\u00f3n de Portoviejo, que se vio afectada por las fuertes lluvias registradas en la zona, hace aproximadamente 15 d\u00edas.<\/p>\n\n\n\n<p>La v\u00eda de acceso hacia el sector se vio interrumpida en un tramo donde colapsaron las alcantarillas, tras el desbordamiento de tres quebradas: Maconta, Seca, y del Agua.<\/p>\n\n\n\n<p>Moradores del sector agradecieron la r\u00e1pida intervenci\u00f3n de la Prefectura para habilitar nuevamente el paso vehicular hacia esta productiva zona.<\/p>\n\n\n\n<p>Estas labores, que corresponden al Plan Invernal institucional, incluyeron el reforzamiento con piedra escollera. Para ello se utiliz\u00f3 una excavadora contratada a trav\u00e9s de ferias inclusivas.<\/p>\n\n\n\n<p>Tareas similares se realizar\u00e1n en dos tramos m\u00e1s, para proteger las alcantarillas y la estructura de la v\u00eda, inform\u00f3 Carlos P\u00e1rraga, t\u00e9cnico de la instituci\u00f3n.<\/p>\n","protected":false},"excerpt":{"rendered":"<p>La intervenci\u00f3n oportuna del Gobierno de Manab\u00ed permiti\u00f3 restablecer la conexi\u00f3n vial hacia la comunidad Maconta Adentro de la parroquia Calder\u00f3n de Portoviejo, que se vio afectada por las fuertes lluvias registradas en la zona, hace aproximadamente 15 d\u00edas. La v\u00eda de acceso hacia el sector se vio interrumpida en un tramo donde colapsaron las [&hellip;]<\/p>\n","protected":false},"author":1,"featured_media":16521,"comment_status":"closed","ping_status":"open","sticky":false,"template":"","format":"standard","meta":{"_joinchat":[],"footnotes":""},"categories":[92,181,132,91],"tags":[],"class_list":["post-16520","post","type-post","status-publish","format-standard","has-post-thumbnail","hentry","category-noticias-manabi","category-obra-publica","category-portoviejo","category-todas"],"yoast_head":"<!-- This site is optimized with the Yoast SEO plugin v27.4 - https:\/\/yoast.com\/product\/yoast-seo-wordpress\/ -->\n<title>RESTABLECIMOS PASO VEHICULAR HACIA MACONTA ADENTRO - Prefectura de Manab\u00ed<\/title>\n<meta name=\"robots\" content=\"index, follow, max-snippet:-1, max-image-preview:large, max-video-preview:-1\" \/>\n<link rel=\"canonical\" href=\"https:\/\/www.manabi.gob.ec\/index.php\/restablecimos-paso-vehicular-hacia-maconta-adentro\/\" \/>\n<meta property=\"og:locale\" content=\"es_ES\" \/>\n<meta property=\"og:type\" content=\"article\" \/>\n<meta property=\"og:title\" content=\"RESTABLECIMOS PASO VEHICULAR HACIA MACONTA ADENTRO - Prefectura de Manab\u00ed\" \/>\n<meta property=\"og:description\" content=\"La intervenci\u00f3n oportuna del Gobierno de Manab\u00ed permiti\u00f3 restablecer la conexi\u00f3n vial hacia la comunidad Maconta Adentro de la parroquia Calder\u00f3n de Portoviejo, que se vio afectada por las fuertes lluvias registradas en la zona, hace aproximadamente 15 d\u00edas. La v\u00eda de acceso hacia el sector se vio interrumpida en un tramo donde colapsaron las [&hellip;]\" \/>\n<meta property=\"og:url\" content=\"https:\/\/www.manabi.gob.ec\/index.php\/restablecimos-paso-vehicular-hacia-maconta-adentro\/\" \/>\n<meta property=\"og:site_name\" content=\"Prefectura de Manab\u00ed\" \/>\n<meta property=\"article:published_time\" content=\"2021-03-25T22:21:18+00:00\" \/>\n<meta property=\"article:modified_time\" content=\"2021-03-25T22:21:21+00:00\" \/>\n<meta property=\"og:image\" content=\"https:\/\/www.manabi.gob.ec\/wp-content\/uploads\/2021\/03\/Via-Mocora-Adentro-1.jpeg\" \/>\n\t<meta property=\"og:image:width\" content=\"1280\" \/>\n\t<meta property=\"og:image:height\" content=\"958\" \/>\n\t<meta property=\"og:image:type\" content=\"image\/jpeg\" \/>\n<meta name=\"author\" content=\"admin\" \/>\n<meta name=\"twitter:card\" content=\"summary_large_image\" \/>\n<meta name=\"twitter:label1\" content=\"Escrito por\" \/>\n\t<meta name=\"twitter:data1\" content=\"admin\" \/>\n\t<meta name=\"twitter:label2\" content=\"Tiempo de lectura\" \/>\n\t<meta name=\"twitter:data2\" content=\"1 minuto\" \/>\n<script type=\"application\/ld+json\" class=\"yoast-schema-graph\">{\"@context\":\"https:\\\/\\\/schema.org\",\"@graph\":[{\"@type\":\"Article\",\"@id\":\"https:\\\/\\\/www.manabi.gob.ec\\\/index.php\\\/restablecimos-paso-vehicular-hacia-maconta-adentro\\\/#article\",\"isPartOf\":{\"@id\":\"https:\\\/\\\/www.manabi.gob.ec\\\/index.php\\\/restablecimos-paso-vehicular-hacia-maconta-adentro\\\/\"},\"author\":{\"name\":\"admin\",\"@id\":\"https:\\\/\\\/www.manabi.gob.ec\\\/#\\\/schema\\\/person\\\/cfc71bd68fe2703b779edcc292a49722\"},\"headline\":\"RESTABLECIMOS PASO VEHICULAR HACIA MACONTA ADENTRO\",\"datePublished\":\"2021-03-25T22:21:18+00:00\",\"dateModified\":\"2021-03-25T22:21:21+00:00\",\"mainEntityOfPage\":{\"@id\":\"https:\\\/\\\/www.manabi.gob.ec\\\/index.php\\\/restablecimos-paso-vehicular-hacia-maconta-adentro\\\/\"},\"wordCount\":157,\"image\":{\"@id\":\"https:\\\/\\\/www.manabi.gob.ec\\\/index.php\\\/restablecimos-paso-vehicular-hacia-maconta-adentro\\\/#primaryimage\"},\"thumbnailUrl\":\"https:\\\/\\\/www.manabi.gob.ec\\\/wp-content\\\/uploads\\\/2021\\\/03\\\/Via-Mocora-Adentro-1.jpeg\",\"articleSection\":[\"Noticias\",\"Obra P\u00fablica\",\"Portoviejo\",\"Todas\"],\"inLanguage\":\"es\"},{\"@type\":\"WebPage\",\"@id\":\"https:\\\/\\\/www.manabi.gob.ec\\\/index.php\\\/restablecimos-paso-vehicular-hacia-maconta-adentro\\\/\",\"url\":\"https:\\\/\\\/www.manabi.gob.ec\\\/index.php\\\/restablecimos-paso-vehicular-hacia-maconta-adentro\\\/\",\"name\":\"RESTABLECIMOS PASO VEHICULAR HACIA MACONTA ADENTRO - Prefectura de Manab\u00ed\",\"isPartOf\":{\"@id\":\"https:\\\/\\\/www.manabi.gob.ec\\\/#website\"},\"primaryImageOfPage\":{\"@id\":\"https:\\\/\\\/www.manabi.gob.ec\\\/index.php\\\/restablecimos-paso-vehicular-hacia-maconta-adentro\\\/#primaryimage\"},\"image\":{\"@id\":\"https:\\\/\\\/www.manabi.gob.ec\\\/index.php\\\/restablecimos-paso-vehicular-hacia-maconta-adentro\\\/#primaryimage\"},\"thumbnailUrl\":\"https:\\\/\\\/www.manabi.gob.ec\\\/wp-content\\\/uploads\\\/2021\\\/03\\\/Via-Mocora-Adentro-1.jpeg\",\"datePublished\":\"2021-03-25T22:21:18+00:00\",\"dateModified\":\"2021-03-25T22:21:21+00:00\",\"author\":{\"@id\":\"https:\\\/\\\/www.manabi.gob.ec\\\/#\\\/schema\\\/person\\\/cfc71bd68fe2703b779edcc292a49722\"},\"breadcrumb\":{\"@id\":\"https:\\\/\\\/www.manabi.gob.ec\\\/index.php\\\/restablecimos-paso-vehicular-hacia-maconta-adentro\\\/#breadcrumb\"},\"inLanguage\":\"es\",\"potentialAction\":[{\"@type\":\"ReadAction\",\"target\":[\"https:\\\/\\\/www.manabi.gob.ec\\\/index.php\\\/restablecimos-paso-vehicular-hacia-maconta-adentro\\\/\"]}]},{\"@type\":\"ImageObject\",\"inLanguage\":\"es\",\"@id\":\"https:\\\/\\\/www.manabi.gob.ec\\\/index.php\\\/restablecimos-paso-vehicular-hacia-maconta-adentro\\\/#primaryimage\",\"url\":\"https:\\\/\\\/www.manabi.gob.ec\\\/wp-content\\\/uploads\\\/2021\\\/03\\\/Via-Mocora-Adentro-1.jpeg\",\"contentUrl\":\"https:\\\/\\\/www.manabi.gob.ec\\\/wp-content\\\/uploads\\\/2021\\\/03\\\/Via-Mocora-Adentro-1.jpeg\",\"width\":1280,\"height\":958},{\"@type\":\"BreadcrumbList\",\"@id\":\"https:\\\/\\\/www.manabi.gob.ec\\\/index.php\\\/restablecimos-paso-vehicular-hacia-maconta-adentro\\\/#breadcrumb\",\"itemListElement\":[{\"@type\":\"ListItem\",\"position\":1,\"name\":\"Portada\",\"item\":\"https:\\\/\\\/www.manabi.gob.ec\\\/\"},{\"@type\":\"ListItem\",\"position\":2,\"name\":\"RESTABLECIMOS PASO VEHICULAR HACIA MACONTA ADENTRO\"}]},{\"@type\":\"WebSite\",\"@id\":\"https:\\\/\\\/www.manabi.gob.ec\\\/#website\",\"url\":\"https:\\\/\\\/www.manabi.gob.ec\\\/\",\"name\":\"Prefectura de Manab\u00ed\",\"description\":\"P\u00e1gina web de la prefectura\",\"potentialAction\":[{\"@type\":\"SearchAction\",\"target\":{\"@type\":\"EntryPoint\",\"urlTemplate\":\"https:\\\/\\\/www.manabi.gob.ec\\\/?s={search_term_string}\"},\"query-input\":{\"@type\":\"PropertyValueSpecification\",\"valueRequired\":true,\"valueName\":\"search_term_string\"}}],\"inLanguage\":\"es\"},{\"@type\":\"Person\",\"@id\":\"https:\\\/\\\/www.manabi.gob.ec\\\/#\\\/schema\\\/person\\\/cfc71bd68fe2703b779edcc292a49722\",\"name\":\"admin\",\"image\":{\"@type\":\"ImageObject\",\"inLanguage\":\"es\",\"@id\":\"https:\\\/\\\/secure.gravatar.com\\\/avatar\\\/23e9f919492b0a2f65aa168e0d8c5c867ea853b61deffbadf08c7031e15b8d78?s=96&d=mm&r=g\",\"url\":\"https:\\\/\\\/secure.gravatar.com\\\/avatar\\\/23e9f919492b0a2f65aa168e0d8c5c867ea853b61deffbadf08c7031e15b8d78?s=96&d=mm&r=g\",\"contentUrl\":\"https:\\\/\\\/secure.gravatar.com\\\/avatar\\\/23e9f919492b0a2f65aa168e0d8c5c867ea853b61deffbadf08c7031e15b8d78?s=96&d=mm&r=g\",\"caption\":\"admin\"},\"sameAs\":[\"http:\\\/\\\/www.manabi.gob.ec\"],\"url\":\"https:\\\/\\\/www.manabi.gob.ec\\\/index.php\\\/author\\\/admin\\\/\"}]}<\/script>\n<!-- \/ Yoast SEO plugin. -->","yoast_head_json":{"title":"RESTABLECIMOS PASO VEHICULAR HACIA MACONTA ADENTRO - Prefectura de Manab\u00ed","robots":{"index":"index","follow":"follow","max-snippet":"max-snippet:-1","max-image-preview":"max-image-preview:large","max-video-preview":"max-video-preview:-1"},"canonical":"https:\/\/www.manabi.gob.ec\/index.php\/restablecimos-paso-vehicular-hacia-maconta-adentro\/","og_locale":"es_ES","og_type":"article","og_title":"RESTABLECIMOS PASO VEHICULAR HACIA MACONTA ADENTRO - Prefectura de Manab\u00ed","og_description":"La intervenci\u00f3n oportuna del Gobierno de Manab\u00ed permiti\u00f3 restablecer la conexi\u00f3n vial hacia la comunidad Maconta Adentro de la parroquia Calder\u00f3n de Portoviejo, que se vio afectada por las fuertes lluvias registradas en la zona, hace aproximadamente 15 d\u00edas. La v\u00eda de acceso hacia el sector se vio interrumpida en un tramo donde colapsaron las [&hellip;]","og_url":"https:\/\/www.manabi.gob.ec\/index.php\/restablecimos-paso-vehicular-hacia-maconta-adentro\/","og_site_name":"Prefectura de Manab\u00ed","article_published_time":"2021-03-25T22:21:18+00:00","article_modified_time":"2021-03-25T22:21:21+00:00","og_image":[{"width":1280,"height":958,"url":"https:\/\/www.manabi.gob.ec\/wp-content\/uploads\/2021\/03\/Via-Mocora-Adentro-1.jpeg","type":"image\/jpeg"}],"author":"admin","twitter_card":"summary_large_image","twitter_misc":{"Escrito por":"admin","Tiempo de lectura":"1 minuto"},"schema":{"@context":"https:\/\/schema.org","@graph":[{"@type":"Article","@id":"https:\/\/www.manabi.gob.ec\/index.php\/restablecimos-paso-vehicular-hacia-maconta-adentro\/#article","isPartOf":{"@id":"https:\/\/www.manabi.gob.ec\/index.php\/restablecimos-paso-vehicular-hacia-maconta-adentro\/"},"author":{"name":"admin","@id":"https:\/\/www.manabi.gob.ec\/#\/schema\/person\/cfc71bd68fe2703b779edcc292a49722"},"headline":"RESTABLECIMOS PASO VEHICULAR HACIA MACONTA ADENTRO","datePublished":"2021-03-25T22:21:18+00:00","dateModified":"2021-03-25T22:21:21+00:00","mainEntityOfPage":{"@id":"https:\/\/www.manabi.gob.ec\/index.php\/restablecimos-paso-vehicular-hacia-maconta-adentro\/"},"wordCount":157,"image":{"@id":"https:\/\/www.manabi.gob.ec\/index.php\/restablecimos-paso-vehicular-hacia-maconta-adentro\/#primaryimage"},"thumbnailUrl":"https:\/\/www.manabi.gob.ec\/wp-content\/uploads\/2021\/03\/Via-Mocora-Adentro-1.jpeg","articleSection":["Noticias","Obra P\u00fablica","Portoviejo","Todas"],"inLanguage":"es"},{"@type":"WebPage","@id":"https:\/\/www.manabi.gob.ec\/index.php\/restablecimos-paso-vehicular-hacia-maconta-adentro\/","url":"https:\/\/www.manabi.gob.ec\/index.php\/restablecimos-paso-vehicular-hacia-maconta-adentro\/","name":"RESTABLECIMOS PASO VEHICULAR HACIA MACONTA ADENTRO - Prefectura de Manab\u00ed","isPartOf":{"@id":"https:\/\/www.manabi.gob.ec\/#website"},"primaryImageOfPage":{"@id":"https:\/\/www.manabi.gob.ec\/index.php\/restablecimos-paso-vehicular-hacia-maconta-adentro\/#primaryimage"},"image":{"@id":"https:\/\/www.manabi.gob.ec\/index.php\/restablecimos-paso-vehicular-hacia-maconta-adentro\/#primaryimage"},"thumbnailUrl":"https:\/\/www.manabi.gob.ec\/wp-content\/uploads\/2021\/03\/Via-Mocora-Adentro-1.jpeg","datePublished":"2021-03-25T22:21:18+00:00","dateModified":"2021-03-25T22:21:21+00:00","author":{"@id":"https:\/\/www.manabi.gob.ec\/#\/schema\/person\/cfc71bd68fe2703b779edcc292a49722"},"breadcrumb":{"@id":"https:\/\/www.manabi.gob.ec\/index.php\/restablecimos-paso-vehicular-hacia-maconta-adentro\/#breadcrumb"},"inLanguage":"es","potentialAction":[{"@type":"ReadAction","target":["https:\/\/www.manabi.gob.ec\/index.php\/restablecimos-paso-vehicular-hacia-maconta-adentro\/"]}]},{"@type":"ImageObject","inLanguage":"es","@id":"https:\/\/www.manabi.gob.ec\/index.php\/restablecimos-paso-vehicular-hacia-maconta-adentro\/#primaryimage","url":"https:\/\/www.manabi.gob.ec\/wp-content\/uploads\/2021\/03\/Via-Mocora-Adentro-1.jpeg","contentUrl":"https:\/\/www.manabi.gob.ec\/wp-content\/uploads\/2021\/03\/Via-Mocora-Adentro-1.jpeg","width":1280,"height":958},{"@type":"BreadcrumbList","@id":"https:\/\/www.manabi.gob.ec\/index.php\/restablecimos-paso-vehicular-hacia-maconta-adentro\/#breadcrumb","itemListElement":[{"@type":"ListItem","position":1,"name":"Portada","item":"https:\/\/www.manabi.gob.ec\/"},{"@type":"ListItem","position":2,"name":"RESTABLECIMOS PASO VEHICULAR HACIA MACONTA ADENTRO"}]},{"@type":"WebSite","@id":"https:\/\/www.manabi.gob.ec\/#website","url":"https:\/\/www.manabi.gob.ec\/","name":"Prefectura de Manab\u00ed","description":"P\u00e1gina web de la prefectura","potentialAction":[{"@type":"SearchAction","target":{"@type":"EntryPoint","urlTemplate":"https:\/\/www.manabi.gob.ec\/?s={search_term_string}"},"query-input":{"@type":"PropertyValueSpecification","valueRequired":true,"valueName":"search_term_string"}}],"inLanguage":"es"},{"@type":"Person","@id":"https:\/\/www.manabi.gob.ec\/#\/schema\/person\/cfc71bd68fe2703b779edcc292a49722","name":"admin","image":{"@type":"ImageObject","inLanguage":"es","@id":"https:\/\/secure.gravatar.com\/avatar\/23e9f919492b0a2f65aa168e0d8c5c867ea853b61deffbadf08c7031e15b8d78?s=96&d=mm&r=g","url":"https:\/\/secure.gravatar.com\/avatar\/23e9f919492b0a2f65aa168e0d8c5c867ea853b61deffbadf08c7031e15b8d78?s=96&d=mm&r=g","contentUrl":"https:\/\/secure.gravatar.com\/avatar\/23e9f919492b0a2f65aa168e0d8c5c867ea853b61deffbadf08c7031e15b8d78?s=96&d=mm&r=g","caption":"admin"},"sameAs":["http:\/\/www.manabi.gob.ec"],"url":"https:\/\/www.manabi.gob.ec\/index.php\/author\/admin\/"}]}},"jetpack_featured_media_url":"https:\/\/www.manabi.gob.ec\/wp-content\/uploads\/2021\/03\/Via-Mocora-Adentro-1.jpeg","_links":{"self":[{"href":"https:\/\/www.manabi.gob.ec\/index.php\/wp-json\/wp\/v2\/posts\/16520","targetHints":{"allow":["GET"]}}],"collection":[{"href":"https:\/\/www.manabi.gob.ec\/index.php\/wp-json\/wp\/v2\/posts"}],"about":[{"href":"https:\/\/www.manabi.gob.ec\/index.php\/wp-json\/wp\/v2\/types\/post"}],"author":[{"embeddable":true,"href":"https:\/\/www.manabi.gob.ec\/index.php\/wp-json\/wp\/v2\/users\/1"}],"replies":[{"embeddable":true,"href":"https:\/\/www.manabi.gob.ec\/index.php\/wp-json\/wp\/v2\/comments?post=16520"}],"version-history":[{"count":0,"href":"https:\/\/www.manabi.gob.ec\/index.php\/wp-json\/wp\/v2\/posts\/16520\/revisions"}],"wp:featuredmedia":[{"embeddable":true,"href":"https:\/\/www.manabi.gob.ec\/index.php\/wp-json\/wp\/v2\/media\/16521"}],"wp:attachment":[{"href":"https:\/\/www.manabi.gob.ec\/index.php\/wp-json\/wp\/v2\/media?parent=16520"}],"wp:term":[{"taxonomy":"category","embeddable":true,"href":"https:\/\/www.manabi.gob.ec\/index.php\/wp-json\/wp\/v2\/categories?post=16520"},{"taxonomy":"post_tag","embeddable":true,"href":"https:\/\/www.manabi.gob.ec\/index.php\/wp-json\/wp\/v2\/tags?post=16520"}],"curies":[{"name":"wp","href":"https:\/\/api.w.org\/{rel}","templated":true}]}}