{"id":16529,"date":"2021-03-26T18:41:06","date_gmt":"2021-03-26T18:41:06","guid":{"rendered":"https:\/\/www.manabi.gob.ec\/?p=16529"},"modified":"2021-03-26T18:41:09","modified_gmt":"2021-03-26T18:41:09","slug":"la-confeccion-de-prendas-de-proteccion-las-hace-mas-fuertes","status":"publish","type":"post","link":"https:\/\/www.manabi.gob.ec\/index.php\/la-confeccion-de-prendas-de-proteccion-las-hace-mas-fuertes\/","title":{"rendered":"LA CONFECCI\u00d3N DE PRENDAS DE PROTECCI\u00d3N LAS HACE M\u00c1S FUERTES"},"content":{"rendered":"\n<p>Pese a las complicaciones por el tema de la pandemia, culmin\u00f3 el taller de formaci\u00f3n en costura, en la modalidad prendas de protecci\u00f3n y de bioseguridad, impartido por el Gobierno de Manab\u00ed en convenio con el GAD Parroquial de Riochico, para beneficiar a 30 mujeres.<\/p>\n\n\n\n<p>Con las ense\u00f1anzas del aprendizaje lograron confeccionar, mandiles, mascarillas y&nbsp;overoles de bioseguridad, &nbsp;tambi\u00e9n aprendieron a confeccionar turbante, cintillos y bolsos.<\/p>\n\n\n\n<p>Cada una de ellas recibi\u00f3, de manos del prefecto Leonardo Orlando.&nbsp;certificado de participaci\u00f3n.<\/p>\n\n\n\n<p>Mar\u00eda del Carmen Alay, presidente del GAD de Riochico, agradeci\u00f3 al prefecto, Leonardo Orlando, por la Justicia y equidad que existe en su administraci\u00f3n, especialmente con la mirada en la gente que menos&nbsp;oportunidades tiene y ponder\u00f3 el trabajo vial que la Prefectura ejecuta en su parroquia.<\/p>\n\n\n\n<p>\u00abQuiero felicitarlas&nbsp;por el logro alcanzado en este taller, donde han podido descubrir y adquirir nuevos conocimientos y fortalezas dentro de sus capacidades. Riochico tiene un enorme potencial, su gente es trabajadora y reconocido por su gastronom\u00eda\u00bb, manifest\u00f3 Orlando.<\/p>\n","protected":false},"excerpt":{"rendered":"<p>Pese a las complicaciones por el tema de la pandemia, culmin\u00f3 el taller de formaci\u00f3n en costura, en la modalidad prendas de protecci\u00f3n y de bioseguridad, impartido por el Gobierno de Manab\u00ed en convenio con el GAD Parroquial de Riochico, para beneficiar a 30 mujeres. Con las ense\u00f1anzas del aprendizaje lograron confeccionar, mandiles, mascarillas y&nbsp;overoles [&hellip;]<\/p>\n","protected":false},"author":1,"featured_media":16530,"comment_status":"closed","ping_status":"open","sticky":false,"template":"","format":"standard","meta":{"_joinchat":[],"footnotes":""},"categories":[150,142,92,132,91],"tags":[],"class_list":["post-16529","post","type-post","status-publish","format-standard","has-post-thumbnail","hentry","category-ambiente","category-desarrollo-social","category-noticias-manabi","category-portoviejo","category-todas"],"yoast_head":"<!-- This site is optimized with the Yoast SEO plugin v27.4 - https:\/\/yoast.com\/product\/yoast-seo-wordpress\/ -->\n<title>LA CONFECCI\u00d3N DE PRENDAS DE PROTECCI\u00d3N LAS HACE M\u00c1S FUERTES - Prefectura de Manab\u00ed<\/title>\n<meta name=\"robots\" content=\"index, follow, max-snippet:-1, max-image-preview:large, max-video-preview:-1\" \/>\n<link rel=\"canonical\" href=\"https:\/\/www.manabi.gob.ec\/index.php\/la-confeccion-de-prendas-de-proteccion-las-hace-mas-fuertes\/\" \/>\n<meta property=\"og:locale\" content=\"es_ES\" \/>\n<meta property=\"og:type\" content=\"article\" \/>\n<meta property=\"og:title\" content=\"LA CONFECCI\u00d3N DE PRENDAS DE PROTECCI\u00d3N LAS HACE M\u00c1S FUERTES - Prefectura de Manab\u00ed\" \/>\n<meta property=\"og:description\" content=\"Pese a las complicaciones por el tema de la pandemia, culmin\u00f3 el taller de formaci\u00f3n en costura, en la modalidad prendas de protecci\u00f3n y de bioseguridad, impartido por el Gobierno de Manab\u00ed en convenio con el GAD Parroquial de Riochico, para beneficiar a 30 mujeres. Con las ense\u00f1anzas del aprendizaje lograron confeccionar, mandiles, mascarillas y&nbsp;overoles [&hellip;]\" \/>\n<meta property=\"og:url\" content=\"https:\/\/www.manabi.gob.ec\/index.php\/la-confeccion-de-prendas-de-proteccion-las-hace-mas-fuertes\/\" \/>\n<meta property=\"og:site_name\" content=\"Prefectura de Manab\u00ed\" \/>\n<meta property=\"article:published_time\" content=\"2021-03-26T18:41:06+00:00\" \/>\n<meta property=\"article:modified_time\" content=\"2021-03-26T18:41:09+00:00\" \/>\n<meta property=\"og:image\" content=\"https:\/\/www.manabi.gob.ec\/wp-content\/uploads\/2021\/03\/Taller-prendas-de-proteccion-1.jpeg\" \/>\n\t<meta property=\"og:image:width\" content=\"1600\" \/>\n\t<meta property=\"og:image:height\" content=\"1112\" \/>\n\t<meta property=\"og:image:type\" content=\"image\/jpeg\" \/>\n<meta name=\"author\" content=\"admin\" \/>\n<meta name=\"twitter:card\" content=\"summary_large_image\" \/>\n<meta name=\"twitter:label1\" content=\"Escrito por\" \/>\n\t<meta name=\"twitter:data1\" content=\"admin\" \/>\n\t<meta name=\"twitter:label2\" content=\"Tiempo de lectura\" \/>\n\t<meta name=\"twitter:data2\" content=\"1 minuto\" \/>\n<script type=\"application\/ld+json\" class=\"yoast-schema-graph\">{\"@context\":\"https:\\\/\\\/schema.org\",\"@graph\":[{\"@type\":\"Article\",\"@id\":\"https:\\\/\\\/www.manabi.gob.ec\\\/index.php\\\/la-confeccion-de-prendas-de-proteccion-las-hace-mas-fuertes\\\/#article\",\"isPartOf\":{\"@id\":\"https:\\\/\\\/www.manabi.gob.ec\\\/index.php\\\/la-confeccion-de-prendas-de-proteccion-las-hace-mas-fuertes\\\/\"},\"author\":{\"name\":\"admin\",\"@id\":\"https:\\\/\\\/www.manabi.gob.ec\\\/#\\\/schema\\\/person\\\/cfc71bd68fe2703b779edcc292a49722\"},\"headline\":\"LA CONFECCI\u00d3N DE PRENDAS DE PROTECCI\u00d3N LAS HACE M\u00c1S FUERTES\",\"datePublished\":\"2021-03-26T18:41:06+00:00\",\"dateModified\":\"2021-03-26T18:41:09+00:00\",\"mainEntityOfPage\":{\"@id\":\"https:\\\/\\\/www.manabi.gob.ec\\\/index.php\\\/la-confeccion-de-prendas-de-proteccion-las-hace-mas-fuertes\\\/\"},\"wordCount\":191,\"image\":{\"@id\":\"https:\\\/\\\/www.manabi.gob.ec\\\/index.php\\\/la-confeccion-de-prendas-de-proteccion-las-hace-mas-fuertes\\\/#primaryimage\"},\"thumbnailUrl\":\"https:\\\/\\\/www.manabi.gob.ec\\\/wp-content\\\/uploads\\\/2021\\\/03\\\/Taller-prendas-de-proteccion-1.jpeg\",\"articleSection\":[\"Ambiente\",\"Desarrollo Social\",\"Noticias\",\"Portoviejo\",\"Todas\"],\"inLanguage\":\"es\"},{\"@type\":\"WebPage\",\"@id\":\"https:\\\/\\\/www.manabi.gob.ec\\\/index.php\\\/la-confeccion-de-prendas-de-proteccion-las-hace-mas-fuertes\\\/\",\"url\":\"https:\\\/\\\/www.manabi.gob.ec\\\/index.php\\\/la-confeccion-de-prendas-de-proteccion-las-hace-mas-fuertes\\\/\",\"name\":\"LA CONFECCI\u00d3N DE PRENDAS DE PROTECCI\u00d3N LAS HACE M\u00c1S FUERTES - Prefectura de Manab\u00ed\",\"isPartOf\":{\"@id\":\"https:\\\/\\\/www.manabi.gob.ec\\\/#website\"},\"primaryImageOfPage\":{\"@id\":\"https:\\\/\\\/www.manabi.gob.ec\\\/index.php\\\/la-confeccion-de-prendas-de-proteccion-las-hace-mas-fuertes\\\/#primaryimage\"},\"image\":{\"@id\":\"https:\\\/\\\/www.manabi.gob.ec\\\/index.php\\\/la-confeccion-de-prendas-de-proteccion-las-hace-mas-fuertes\\\/#primaryimage\"},\"thumbnailUrl\":\"https:\\\/\\\/www.manabi.gob.ec\\\/wp-content\\\/uploads\\\/2021\\\/03\\\/Taller-prendas-de-proteccion-1.jpeg\",\"datePublished\":\"2021-03-26T18:41:06+00:00\",\"dateModified\":\"2021-03-26T18:41:09+00:00\",\"author\":{\"@id\":\"https:\\\/\\\/www.manabi.gob.ec\\\/#\\\/schema\\\/person\\\/cfc71bd68fe2703b779edcc292a49722\"},\"breadcrumb\":{\"@id\":\"https:\\\/\\\/www.manabi.gob.ec\\\/index.php\\\/la-confeccion-de-prendas-de-proteccion-las-hace-mas-fuertes\\\/#breadcrumb\"},\"inLanguage\":\"es\",\"potentialAction\":[{\"@type\":\"ReadAction\",\"target\":[\"https:\\\/\\\/www.manabi.gob.ec\\\/index.php\\\/la-confeccion-de-prendas-de-proteccion-las-hace-mas-fuertes\\\/\"]}]},{\"@type\":\"ImageObject\",\"inLanguage\":\"es\",\"@id\":\"https:\\\/\\\/www.manabi.gob.ec\\\/index.php\\\/la-confeccion-de-prendas-de-proteccion-las-hace-mas-fuertes\\\/#primaryimage\",\"url\":\"https:\\\/\\\/www.manabi.gob.ec\\\/wp-content\\\/uploads\\\/2021\\\/03\\\/Taller-prendas-de-proteccion-1.jpeg\",\"contentUrl\":\"https:\\\/\\\/www.manabi.gob.ec\\\/wp-content\\\/uploads\\\/2021\\\/03\\\/Taller-prendas-de-proteccion-1.jpeg\",\"width\":1600,\"height\":1112},{\"@type\":\"BreadcrumbList\",\"@id\":\"https:\\\/\\\/www.manabi.gob.ec\\\/index.php\\\/la-confeccion-de-prendas-de-proteccion-las-hace-mas-fuertes\\\/#breadcrumb\",\"itemListElement\":[{\"@type\":\"ListItem\",\"position\":1,\"name\":\"Portada\",\"item\":\"https:\\\/\\\/www.manabi.gob.ec\\\/\"},{\"@type\":\"ListItem\",\"position\":2,\"name\":\"LA CONFECCI\u00d3N DE PRENDAS DE PROTECCI\u00d3N LAS HACE M\u00c1S FUERTES\"}]},{\"@type\":\"WebSite\",\"@id\":\"https:\\\/\\\/www.manabi.gob.ec\\\/#website\",\"url\":\"https:\\\/\\\/www.manabi.gob.ec\\\/\",\"name\":\"Prefectura de Manab\u00ed\",\"description\":\"P\u00e1gina web de la prefectura\",\"potentialAction\":[{\"@type\":\"SearchAction\",\"target\":{\"@type\":\"EntryPoint\",\"urlTemplate\":\"https:\\\/\\\/www.manabi.gob.ec\\\/?s={search_term_string}\"},\"query-input\":{\"@type\":\"PropertyValueSpecification\",\"valueRequired\":true,\"valueName\":\"search_term_string\"}}],\"inLanguage\":\"es\"},{\"@type\":\"Person\",\"@id\":\"https:\\\/\\\/www.manabi.gob.ec\\\/#\\\/schema\\\/person\\\/cfc71bd68fe2703b779edcc292a49722\",\"name\":\"admin\",\"image\":{\"@type\":\"ImageObject\",\"inLanguage\":\"es\",\"@id\":\"https:\\\/\\\/secure.gravatar.com\\\/avatar\\\/23e9f919492b0a2f65aa168e0d8c5c867ea853b61deffbadf08c7031e15b8d78?s=96&d=mm&r=g\",\"url\":\"https:\\\/\\\/secure.gravatar.com\\\/avatar\\\/23e9f919492b0a2f65aa168e0d8c5c867ea853b61deffbadf08c7031e15b8d78?s=96&d=mm&r=g\",\"contentUrl\":\"https:\\\/\\\/secure.gravatar.com\\\/avatar\\\/23e9f919492b0a2f65aa168e0d8c5c867ea853b61deffbadf08c7031e15b8d78?s=96&d=mm&r=g\",\"caption\":\"admin\"},\"sameAs\":[\"http:\\\/\\\/www.manabi.gob.ec\"],\"url\":\"https:\\\/\\\/www.manabi.gob.ec\\\/index.php\\\/author\\\/admin\\\/\"}]}<\/script>\n<!-- \/ Yoast SEO plugin. -->","yoast_head_json":{"title":"LA CONFECCI\u00d3N DE PRENDAS DE PROTECCI\u00d3N LAS HACE M\u00c1S FUERTES - Prefectura de Manab\u00ed","robots":{"index":"index","follow":"follow","max-snippet":"max-snippet:-1","max-image-preview":"max-image-preview:large","max-video-preview":"max-video-preview:-1"},"canonical":"https:\/\/www.manabi.gob.ec\/index.php\/la-confeccion-de-prendas-de-proteccion-las-hace-mas-fuertes\/","og_locale":"es_ES","og_type":"article","og_title":"LA CONFECCI\u00d3N DE PRENDAS DE PROTECCI\u00d3N LAS HACE M\u00c1S FUERTES - Prefectura de Manab\u00ed","og_description":"Pese a las complicaciones por el tema de la pandemia, culmin\u00f3 el taller de formaci\u00f3n en costura, en la modalidad prendas de protecci\u00f3n y de bioseguridad, impartido por el Gobierno de Manab\u00ed en convenio con el GAD Parroquial de Riochico, para beneficiar a 30 mujeres. Con las ense\u00f1anzas del aprendizaje lograron confeccionar, mandiles, mascarillas y&nbsp;overoles [&hellip;]","og_url":"https:\/\/www.manabi.gob.ec\/index.php\/la-confeccion-de-prendas-de-proteccion-las-hace-mas-fuertes\/","og_site_name":"Prefectura de Manab\u00ed","article_published_time":"2021-03-26T18:41:06+00:00","article_modified_time":"2021-03-26T18:41:09+00:00","og_image":[{"width":1600,"height":1112,"url":"https:\/\/www.manabi.gob.ec\/wp-content\/uploads\/2021\/03\/Taller-prendas-de-proteccion-1.jpeg","type":"image\/jpeg"}],"author":"admin","twitter_card":"summary_large_image","twitter_misc":{"Escrito por":"admin","Tiempo de lectura":"1 minuto"},"schema":{"@context":"https:\/\/schema.org","@graph":[{"@type":"Article","@id":"https:\/\/www.manabi.gob.ec\/index.php\/la-confeccion-de-prendas-de-proteccion-las-hace-mas-fuertes\/#article","isPartOf":{"@id":"https:\/\/www.manabi.gob.ec\/index.php\/la-confeccion-de-prendas-de-proteccion-las-hace-mas-fuertes\/"},"author":{"name":"admin","@id":"https:\/\/www.manabi.gob.ec\/#\/schema\/person\/cfc71bd68fe2703b779edcc292a49722"},"headline":"LA CONFECCI\u00d3N DE PRENDAS DE PROTECCI\u00d3N LAS HACE M\u00c1S FUERTES","datePublished":"2021-03-26T18:41:06+00:00","dateModified":"2021-03-26T18:41:09+00:00","mainEntityOfPage":{"@id":"https:\/\/www.manabi.gob.ec\/index.php\/la-confeccion-de-prendas-de-proteccion-las-hace-mas-fuertes\/"},"wordCount":191,"image":{"@id":"https:\/\/www.manabi.gob.ec\/index.php\/la-confeccion-de-prendas-de-proteccion-las-hace-mas-fuertes\/#primaryimage"},"thumbnailUrl":"https:\/\/www.manabi.gob.ec\/wp-content\/uploads\/2021\/03\/Taller-prendas-de-proteccion-1.jpeg","articleSection":["Ambiente","Desarrollo Social","Noticias","Portoviejo","Todas"],"inLanguage":"es"},{"@type":"WebPage","@id":"https:\/\/www.manabi.gob.ec\/index.php\/la-confeccion-de-prendas-de-proteccion-las-hace-mas-fuertes\/","url":"https:\/\/www.manabi.gob.ec\/index.php\/la-confeccion-de-prendas-de-proteccion-las-hace-mas-fuertes\/","name":"LA CONFECCI\u00d3N DE PRENDAS DE PROTECCI\u00d3N LAS HACE M\u00c1S FUERTES - Prefectura de Manab\u00ed","isPartOf":{"@id":"https:\/\/www.manabi.gob.ec\/#website"},"primaryImageOfPage":{"@id":"https:\/\/www.manabi.gob.ec\/index.php\/la-confeccion-de-prendas-de-proteccion-las-hace-mas-fuertes\/#primaryimage"},"image":{"@id":"https:\/\/www.manabi.gob.ec\/index.php\/la-confeccion-de-prendas-de-proteccion-las-hace-mas-fuertes\/#primaryimage"},"thumbnailUrl":"https:\/\/www.manabi.gob.ec\/wp-content\/uploads\/2021\/03\/Taller-prendas-de-proteccion-1.jpeg","datePublished":"2021-03-26T18:41:06+00:00","dateModified":"2021-03-26T18:41:09+00:00","author":{"@id":"https:\/\/www.manabi.gob.ec\/#\/schema\/person\/cfc71bd68fe2703b779edcc292a49722"},"breadcrumb":{"@id":"https:\/\/www.manabi.gob.ec\/index.php\/la-confeccion-de-prendas-de-proteccion-las-hace-mas-fuertes\/#breadcrumb"},"inLanguage":"es","potentialAction":[{"@type":"ReadAction","target":["https:\/\/www.manabi.gob.ec\/index.php\/la-confeccion-de-prendas-de-proteccion-las-hace-mas-fuertes\/"]}]},{"@type":"ImageObject","inLanguage":"es","@id":"https:\/\/www.manabi.gob.ec\/index.php\/la-confeccion-de-prendas-de-proteccion-las-hace-mas-fuertes\/#primaryimage","url":"https:\/\/www.manabi.gob.ec\/wp-content\/uploads\/2021\/03\/Taller-prendas-de-proteccion-1.jpeg","contentUrl":"https:\/\/www.manabi.gob.ec\/wp-content\/uploads\/2021\/03\/Taller-prendas-de-proteccion-1.jpeg","width":1600,"height":1112},{"@type":"BreadcrumbList","@id":"https:\/\/www.manabi.gob.ec\/index.php\/la-confeccion-de-prendas-de-proteccion-las-hace-mas-fuertes\/#breadcrumb","itemListElement":[{"@type":"ListItem","position":1,"name":"Portada","item":"https:\/\/www.manabi.gob.ec\/"},{"@type":"ListItem","position":2,"name":"LA CONFECCI\u00d3N DE PRENDAS DE PROTECCI\u00d3N LAS HACE M\u00c1S FUERTES"}]},{"@type":"WebSite","@id":"https:\/\/www.manabi.gob.ec\/#website","url":"https:\/\/www.manabi.gob.ec\/","name":"Prefectura de Manab\u00ed","description":"P\u00e1gina web de la prefectura","potentialAction":[{"@type":"SearchAction","target":{"@type":"EntryPoint","urlTemplate":"https:\/\/www.manabi.gob.ec\/?s={search_term_string}"},"query-input":{"@type":"PropertyValueSpecification","valueRequired":true,"valueName":"search_term_string"}}],"inLanguage":"es"},{"@type":"Person","@id":"https:\/\/www.manabi.gob.ec\/#\/schema\/person\/cfc71bd68fe2703b779edcc292a49722","name":"admin","image":{"@type":"ImageObject","inLanguage":"es","@id":"https:\/\/secure.gravatar.com\/avatar\/23e9f919492b0a2f65aa168e0d8c5c867ea853b61deffbadf08c7031e15b8d78?s=96&d=mm&r=g","url":"https:\/\/secure.gravatar.com\/avatar\/23e9f919492b0a2f65aa168e0d8c5c867ea853b61deffbadf08c7031e15b8d78?s=96&d=mm&r=g","contentUrl":"https:\/\/secure.gravatar.com\/avatar\/23e9f919492b0a2f65aa168e0d8c5c867ea853b61deffbadf08c7031e15b8d78?s=96&d=mm&r=g","caption":"admin"},"sameAs":["http:\/\/www.manabi.gob.ec"],"url":"https:\/\/www.manabi.gob.ec\/index.php\/author\/admin\/"}]}},"jetpack_featured_media_url":"https:\/\/www.manabi.gob.ec\/wp-content\/uploads\/2021\/03\/Taller-prendas-de-proteccion-1.jpeg","_links":{"self":[{"href":"https:\/\/www.manabi.gob.ec\/index.php\/wp-json\/wp\/v2\/posts\/16529","targetHints":{"allow":["GET"]}}],"collection":[{"href":"https:\/\/www.manabi.gob.ec\/index.php\/wp-json\/wp\/v2\/posts"}],"about":[{"href":"https:\/\/www.manabi.gob.ec\/index.php\/wp-json\/wp\/v2\/types\/post"}],"author":[{"embeddable":true,"href":"https:\/\/www.manabi.gob.ec\/index.php\/wp-json\/wp\/v2\/users\/1"}],"replies":[{"embeddable":true,"href":"https:\/\/www.manabi.gob.ec\/index.php\/wp-json\/wp\/v2\/comments?post=16529"}],"version-history":[{"count":0,"href":"https:\/\/www.manabi.gob.ec\/index.php\/wp-json\/wp\/v2\/posts\/16529\/revisions"}],"wp:featuredmedia":[{"embeddable":true,"href":"https:\/\/www.manabi.gob.ec\/index.php\/wp-json\/wp\/v2\/media\/16530"}],"wp:attachment":[{"href":"https:\/\/www.manabi.gob.ec\/index.php\/wp-json\/wp\/v2\/media?parent=16529"}],"wp:term":[{"taxonomy":"category","embeddable":true,"href":"https:\/\/www.manabi.gob.ec\/index.php\/wp-json\/wp\/v2\/categories?post=16529"},{"taxonomy":"post_tag","embeddable":true,"href":"https:\/\/www.manabi.gob.ec\/index.php\/wp-json\/wp\/v2\/tags?post=16529"}],"curies":[{"name":"wp","href":"https:\/\/api.w.org\/{rel}","templated":true}]}}