{"id":16540,"date":"2021-03-26T21:30:45","date_gmt":"2021-03-26T21:30:45","guid":{"rendered":"https:\/\/www.manabi.gob.ec\/?p=16540"},"modified":"2021-03-26T21:30:47","modified_gmt":"2021-03-26T21:30:47","slug":"san-placido-ya-cuenta-con-centro-de-rehabilitacion-fisica","status":"publish","type":"post","link":"https:\/\/www.manabi.gob.ec\/index.php\/san-placido-ya-cuenta-con-centro-de-rehabilitacion-fisica\/","title":{"rendered":"SAN PL\u00c1CIDO YA CUENTA CON CENTRO DE REHABILITACI\u00d3N F\u00cdSICA"},"content":{"rendered":"\n<p>En acto p\u00fablico y tomando todas las medidas de bioseguridad, el Gobierno de Manab\u00ed en convenio con el GAD parroquial San Pl\u00e1cido, entregaron\u00a0el Centro de Rehabilitaci\u00f3n F\u00edsica para\u00a0personas con discapacidad, adultos mayores y personas de los grupos de atenci\u00f3n prioritaria.<\/p>\n\n\n\n<p>M\u00e1s de 31 mil d\u00f3lares cuesta el proyecto, y el objetivo es promover una vida sana y el bienestar de las 200 personas, que padecen alguna discapacidad f\u00edsica de las 39 comunidades de la parroquia San Pl\u00e1cido.<\/p>\n\n\n\n<p>\u00abHemos dado importancia a los centros de rehabilitaci\u00f3n f\u00edsica porque sabemos lo que significa una dolencia de esta naturaleza, que se convierte en un problema no solo a quien la padece sino tambi\u00e9n a la familia. Conocemos que con una buena terapia muchas personas han podido salir adelante\u201d manifest\u00f3 el prefecto, Leonardo Orlando.<\/p>\n\n\n\n<p>Anunci\u00f3 que el Gobierno de Manab\u00ed aportar\u00e1 tambi\u00e9n con dos profesionales de fisioterapia y de nutrici\u00f3n, que empezar\u00e1n a brindar servicios a la comunidad desde abril, quienes ser\u00e1n de San Pl\u00e1cido.&nbsp;<\/p>\n\n\n\n<p>\u00abHoy es un d\u00eda de relevancia para quienes conformamos esta instituci\u00f3n y para todos los ciudadanos de la parroquia San Pl\u00e1cido porque, a trav\u00e9s de un importante convenio, con el Gobierno de Manab\u00ed y su prefecto, Leonardo Orlando, cumplimos un sue\u00f1o de los habitantes de esta parroquia\u00bb, expres\u00f3 Gabriel Garc\u00eda, Presidente del GAD San Pl\u00e1cido<strong>.<\/strong><\/p>\n","protected":false},"excerpt":{"rendered":"<p>En acto p\u00fablico y tomando todas las medidas de bioseguridad, el Gobierno de Manab\u00ed en convenio con el GAD parroquial San Pl\u00e1cido, entregaron el Centro de Rehabilitaci\u00f3n F\u00edsica para personas con discapacidad, adultos mayores y personas de los grupos de atenci\u00f3n prioritaria.<\/p>\n","protected":false},"author":1,"featured_media":16541,"comment_status":"closed","ping_status":"open","sticky":false,"template":"","format":"standard","meta":{"_joinchat":[],"footnotes":""},"categories":[142,92,132,91],"tags":[],"class_list":["post-16540","post","type-post","status-publish","format-standard","has-post-thumbnail","hentry","category-desarrollo-social","category-noticias-manabi","category-portoviejo","category-todas"],"yoast_head":"<!-- This site is optimized with the Yoast SEO plugin v27.4 - https:\/\/yoast.com\/product\/yoast-seo-wordpress\/ -->\n<title>SAN PL\u00c1CIDO YA CUENTA CON CENTRO DE REHABILITACI\u00d3N F\u00cdSICA<\/title>\n<meta name=\"description\" content=\"En acto p\u00fablico y tomando todas las medidas de bioseguridad, el Gobierno de Manab\u00ed en convenio con el GAD parroquial San Pl\u00e1cido, entregaron el Centro de Rehabilitaci\u00f3n F\u00edsica para personas con discapacidad, adultos mayores y personas de los grupos de atenci\u00f3n prioritaria.M\u00e1s de 31 mil d\u00f3lares cuesta el proyecto, y el objetivo es promover una vida sana y el bienestar de las 200 personas, que padecen alguna discapacidad f\u00edsica de las 39 comunidades de la parroquia San Pl\u00e1cido.&quot;Hemos dado importancia a los centros de rehabilitaci\u00f3n f\u00edsica porque sabemos lo que significa una dolencia de esta naturaleza, que se convierte en un problema no solo a quien la padece sino tambi\u00e9n a la familia. Conocemos que con una buena terapia muchas personas han podido salir adelante\u201d manifest\u00f3 el prefecto, Leonardo Orlando.Anunci\u00f3 que el Gobierno de Manab\u00ed aportar\u00e1 tambi\u00e9n con dos profesionales de fisioterapia y de nutrici\u00f3n, que empezar\u00e1n a brindar servicios a la comunidad desde abril, quienes ser\u00e1n de San Pl\u00e1cido.&quot;Hoy es un d\u00eda de relevancia para quienes conformamos esta instituci\u00f3n y para todos los ciudadanos de la parroquia San Pl\u00e1cido porque, a trav\u00e9s de un importante convenio, con el Gobierno de Manab\u00ed y su prefecto, Leonardo Orlando, cumplimos un sue\u00f1o de los habitantes de esta parroquia&quot;, expres\u00f3 Gabriel Garc\u00eda, Presidente del GAD San Pl\u00e1cido.\" \/>\n<meta name=\"robots\" content=\"index, follow, max-snippet:-1, max-image-preview:large, max-video-preview:-1\" \/>\n<link rel=\"canonical\" href=\"https:\/\/www.manabi.gob.ec\/index.php\/san-placido-ya-cuenta-con-centro-de-rehabilitacion-fisica\/\" \/>\n<meta property=\"og:locale\" content=\"es_ES\" \/>\n<meta property=\"og:type\" content=\"article\" \/>\n<meta property=\"og:title\" content=\"SAN PL\u00c1CIDO YA CUENTA CON CENTRO DE REHABILITACI\u00d3N F\u00cdSICA\" \/>\n<meta property=\"og:description\" content=\"En acto p\u00fablico y tomando todas las medidas de bioseguridad, el Gobierno de Manab\u00ed en convenio con el GAD parroquial San Pl\u00e1cido, entregaron el Centro de Rehabilitaci\u00f3n F\u00edsica para personas con discapacidad, adultos mayores y personas de los grupos de atenci\u00f3n prioritaria.M\u00e1s de 31 mil d\u00f3lares cuesta el proyecto, y el objetivo es promover una vida sana y el bienestar de las 200 personas, que padecen alguna discapacidad f\u00edsica de las 39 comunidades de la parroquia San Pl\u00e1cido.&quot;Hemos dado importancia a los centros de rehabilitaci\u00f3n f\u00edsica porque sabemos lo que significa una dolencia de esta naturaleza, que se convierte en un problema no solo a quien la padece sino tambi\u00e9n a la familia. Conocemos que con una buena terapia muchas personas han podido salir adelante\u201d manifest\u00f3 el prefecto, Leonardo Orlando.Anunci\u00f3 que el Gobierno de Manab\u00ed aportar\u00e1 tambi\u00e9n con dos profesionales de fisioterapia y de nutrici\u00f3n, que empezar\u00e1n a brindar servicios a la comunidad desde abril, quienes ser\u00e1n de San Pl\u00e1cido.&quot;Hoy es un d\u00eda de relevancia para quienes conformamos esta instituci\u00f3n y para todos los ciudadanos de la parroquia San Pl\u00e1cido porque, a trav\u00e9s de un importante convenio, con el Gobierno de Manab\u00ed y su prefecto, Leonardo Orlando, cumplimos un sue\u00f1o de los habitantes de esta parroquia&quot;, expres\u00f3 Gabriel Garc\u00eda, Presidente del GAD San Pl\u00e1cido.\" \/>\n<meta property=\"og:url\" content=\"https:\/\/www.manabi.gob.ec\/index.php\/san-placido-ya-cuenta-con-centro-de-rehabilitacion-fisica\/\" \/>\n<meta property=\"og:site_name\" content=\"Prefectura de Manab\u00ed\" \/>\n<meta property=\"article:published_time\" content=\"2021-03-26T21:30:45+00:00\" \/>\n<meta property=\"article:modified_time\" content=\"2021-03-26T21:30:47+00:00\" \/>\n<meta property=\"og:image\" content=\"https:\/\/www.manabi.gob.ec\/wp-content\/uploads\/2021\/03\/Centro-de-fisoterapia-San-Placido-1.jpeg\" \/>\n\t<meta property=\"og:image:width\" content=\"1000\" \/>\n\t<meta property=\"og:image:height\" content=\"676\" \/>\n\t<meta property=\"og:image:type\" content=\"image\/jpeg\" \/>\n<meta name=\"author\" content=\"admin\" \/>\n<meta name=\"twitter:card\" content=\"summary_large_image\" \/>\n<meta name=\"twitter:label1\" content=\"Escrito por\" \/>\n\t<meta name=\"twitter:data1\" content=\"admin\" \/>\n\t<meta name=\"twitter:label2\" content=\"Tiempo de lectura\" \/>\n\t<meta name=\"twitter:data2\" content=\"1 minuto\" \/>\n<script type=\"application\/ld+json\" class=\"yoast-schema-graph\">{\"@context\":\"https:\\\/\\\/schema.org\",\"@graph\":[{\"@type\":\"Article\",\"@id\":\"https:\\\/\\\/www.manabi.gob.ec\\\/index.php\\\/san-placido-ya-cuenta-con-centro-de-rehabilitacion-fisica\\\/#article\",\"isPartOf\":{\"@id\":\"https:\\\/\\\/www.manabi.gob.ec\\\/index.php\\\/san-placido-ya-cuenta-con-centro-de-rehabilitacion-fisica\\\/\"},\"author\":{\"name\":\"admin\",\"@id\":\"https:\\\/\\\/www.manabi.gob.ec\\\/#\\\/schema\\\/person\\\/cfc71bd68fe2703b779edcc292a49722\"},\"headline\":\"SAN PL\u00c1CIDO YA CUENTA CON CENTRO DE REHABILITACI\u00d3N F\u00cdSICA\",\"datePublished\":\"2021-03-26T21:30:45+00:00\",\"dateModified\":\"2021-03-26T21:30:47+00:00\",\"mainEntityOfPage\":{\"@id\":\"https:\\\/\\\/www.manabi.gob.ec\\\/index.php\\\/san-placido-ya-cuenta-con-centro-de-rehabilitacion-fisica\\\/\"},\"wordCount\":252,\"image\":{\"@id\":\"https:\\\/\\\/www.manabi.gob.ec\\\/index.php\\\/san-placido-ya-cuenta-con-centro-de-rehabilitacion-fisica\\\/#primaryimage\"},\"thumbnailUrl\":\"https:\\\/\\\/www.manabi.gob.ec\\\/wp-content\\\/uploads\\\/2021\\\/03\\\/Centro-de-fisoterapia-San-Placido-1.jpeg\",\"articleSection\":[\"Desarrollo Social\",\"Noticias\",\"Portoviejo\",\"Todas\"],\"inLanguage\":\"es\"},{\"@type\":\"WebPage\",\"@id\":\"https:\\\/\\\/www.manabi.gob.ec\\\/index.php\\\/san-placido-ya-cuenta-con-centro-de-rehabilitacion-fisica\\\/\",\"url\":\"https:\\\/\\\/www.manabi.gob.ec\\\/index.php\\\/san-placido-ya-cuenta-con-centro-de-rehabilitacion-fisica\\\/\",\"name\":\"SAN PL\u00c1CIDO YA CUENTA CON CENTRO DE REHABILITACI\u00d3N F\u00cdSICA\",\"isPartOf\":{\"@id\":\"https:\\\/\\\/www.manabi.gob.ec\\\/#website\"},\"primaryImageOfPage\":{\"@id\":\"https:\\\/\\\/www.manabi.gob.ec\\\/index.php\\\/san-placido-ya-cuenta-con-centro-de-rehabilitacion-fisica\\\/#primaryimage\"},\"image\":{\"@id\":\"https:\\\/\\\/www.manabi.gob.ec\\\/index.php\\\/san-placido-ya-cuenta-con-centro-de-rehabilitacion-fisica\\\/#primaryimage\"},\"thumbnailUrl\":\"https:\\\/\\\/www.manabi.gob.ec\\\/wp-content\\\/uploads\\\/2021\\\/03\\\/Centro-de-fisoterapia-San-Placido-1.jpeg\",\"datePublished\":\"2021-03-26T21:30:45+00:00\",\"dateModified\":\"2021-03-26T21:30:47+00:00\",\"author\":{\"@id\":\"https:\\\/\\\/www.manabi.gob.ec\\\/#\\\/schema\\\/person\\\/cfc71bd68fe2703b779edcc292a49722\"},\"description\":\"En acto p\u00fablico y tomando todas las medidas de bioseguridad, el Gobierno de Manab\u00ed en convenio con el GAD parroquial San Pl\u00e1cido, entregaron el Centro de Rehabilitaci\u00f3n F\u00edsica para personas con discapacidad, adultos mayores y personas de los grupos de atenci\u00f3n prioritaria.M\u00e1s de 31 mil d\u00f3lares cuesta el proyecto, y el objetivo es promover una vida sana y el bienestar de las 200 personas, que padecen alguna discapacidad f\u00edsica de las 39 comunidades de la parroquia San Pl\u00e1cido.\\\"Hemos dado importancia a los centros de rehabilitaci\u00f3n f\u00edsica porque sabemos lo que significa una dolencia de esta naturaleza, que se convierte en un problema no solo a quien la padece sino tambi\u00e9n a la familia. Conocemos que con una buena terapia muchas personas han podido salir adelante\u201d manifest\u00f3 el prefecto, Leonardo Orlando.Anunci\u00f3 que el Gobierno de Manab\u00ed aportar\u00e1 tambi\u00e9n con dos profesionales de fisioterapia y de nutrici\u00f3n, que empezar\u00e1n a brindar servicios a la comunidad desde abril, quienes ser\u00e1n de San Pl\u00e1cido.\\\"Hoy es un d\u00eda de relevancia para quienes conformamos esta instituci\u00f3n y para todos los ciudadanos de la parroquia San Pl\u00e1cido porque, a trav\u00e9s de un importante convenio, con el Gobierno de Manab\u00ed y su prefecto, Leonardo Orlando, cumplimos un sue\u00f1o de los habitantes de esta parroquia\\\", expres\u00f3 Gabriel Garc\u00eda, Presidente del GAD San Pl\u00e1cido.\",\"breadcrumb\":{\"@id\":\"https:\\\/\\\/www.manabi.gob.ec\\\/index.php\\\/san-placido-ya-cuenta-con-centro-de-rehabilitacion-fisica\\\/#breadcrumb\"},\"inLanguage\":\"es\",\"potentialAction\":[{\"@type\":\"ReadAction\",\"target\":[\"https:\\\/\\\/www.manabi.gob.ec\\\/index.php\\\/san-placido-ya-cuenta-con-centro-de-rehabilitacion-fisica\\\/\"]}]},{\"@type\":\"ImageObject\",\"inLanguage\":\"es\",\"@id\":\"https:\\\/\\\/www.manabi.gob.ec\\\/index.php\\\/san-placido-ya-cuenta-con-centro-de-rehabilitacion-fisica\\\/#primaryimage\",\"url\":\"https:\\\/\\\/www.manabi.gob.ec\\\/wp-content\\\/uploads\\\/2021\\\/03\\\/Centro-de-fisoterapia-San-Placido-1.jpeg\",\"contentUrl\":\"https:\\\/\\\/www.manabi.gob.ec\\\/wp-content\\\/uploads\\\/2021\\\/03\\\/Centro-de-fisoterapia-San-Placido-1.jpeg\",\"width\":1000,\"height\":676},{\"@type\":\"BreadcrumbList\",\"@id\":\"https:\\\/\\\/www.manabi.gob.ec\\\/index.php\\\/san-placido-ya-cuenta-con-centro-de-rehabilitacion-fisica\\\/#breadcrumb\",\"itemListElement\":[{\"@type\":\"ListItem\",\"position\":1,\"name\":\"Portada\",\"item\":\"https:\\\/\\\/www.manabi.gob.ec\\\/\"},{\"@type\":\"ListItem\",\"position\":2,\"name\":\"SAN PL\u00c1CIDO YA CUENTA CON CENTRO DE REHABILITACI\u00d3N F\u00cdSICA\"}]},{\"@type\":\"WebSite\",\"@id\":\"https:\\\/\\\/www.manabi.gob.ec\\\/#website\",\"url\":\"https:\\\/\\\/www.manabi.gob.ec\\\/\",\"name\":\"Prefectura de Manab\u00ed\",\"description\":\"P\u00e1gina web de la prefectura\",\"potentialAction\":[{\"@type\":\"SearchAction\",\"target\":{\"@type\":\"EntryPoint\",\"urlTemplate\":\"https:\\\/\\\/www.manabi.gob.ec\\\/?s={search_term_string}\"},\"query-input\":{\"@type\":\"PropertyValueSpecification\",\"valueRequired\":true,\"valueName\":\"search_term_string\"}}],\"inLanguage\":\"es\"},{\"@type\":\"Person\",\"@id\":\"https:\\\/\\\/www.manabi.gob.ec\\\/#\\\/schema\\\/person\\\/cfc71bd68fe2703b779edcc292a49722\",\"name\":\"admin\",\"image\":{\"@type\":\"ImageObject\",\"inLanguage\":\"es\",\"@id\":\"https:\\\/\\\/secure.gravatar.com\\\/avatar\\\/23e9f919492b0a2f65aa168e0d8c5c867ea853b61deffbadf08c7031e15b8d78?s=96&d=mm&r=g\",\"url\":\"https:\\\/\\\/secure.gravatar.com\\\/avatar\\\/23e9f919492b0a2f65aa168e0d8c5c867ea853b61deffbadf08c7031e15b8d78?s=96&d=mm&r=g\",\"contentUrl\":\"https:\\\/\\\/secure.gravatar.com\\\/avatar\\\/23e9f919492b0a2f65aa168e0d8c5c867ea853b61deffbadf08c7031e15b8d78?s=96&d=mm&r=g\",\"caption\":\"admin\"},\"sameAs\":[\"http:\\\/\\\/www.manabi.gob.ec\"],\"url\":\"https:\\\/\\\/www.manabi.gob.ec\\\/index.php\\\/author\\\/admin\\\/\"}]}<\/script>\n<!-- \/ Yoast SEO plugin. -->","yoast_head_json":{"title":"SAN PL\u00c1CIDO YA CUENTA CON CENTRO DE REHABILITACI\u00d3N F\u00cdSICA","description":"En acto p\u00fablico y tomando todas las medidas de bioseguridad, el Gobierno de Manab\u00ed en convenio con el GAD parroquial San Pl\u00e1cido, entregaron el Centro de Rehabilitaci\u00f3n F\u00edsica para personas con discapacidad, adultos mayores y personas de los grupos de atenci\u00f3n prioritaria.M\u00e1s de 31 mil d\u00f3lares cuesta el proyecto, y el objetivo es promover una vida sana y el bienestar de las 200 personas, que padecen alguna discapacidad f\u00edsica de las 39 comunidades de la parroquia San Pl\u00e1cido.\"Hemos dado importancia a los centros de rehabilitaci\u00f3n f\u00edsica porque sabemos lo que significa una dolencia de esta naturaleza, que se convierte en un problema no solo a quien la padece sino tambi\u00e9n a la familia. Conocemos que con una buena terapia muchas personas han podido salir adelante\u201d manifest\u00f3 el prefecto, Leonardo Orlando.Anunci\u00f3 que el Gobierno de Manab\u00ed aportar\u00e1 tambi\u00e9n con dos profesionales de fisioterapia y de nutrici\u00f3n, que empezar\u00e1n a brindar servicios a la comunidad desde abril, quienes ser\u00e1n de San Pl\u00e1cido.\"Hoy es un d\u00eda de relevancia para quienes conformamos esta instituci\u00f3n y para todos los ciudadanos de la parroquia San Pl\u00e1cido porque, a trav\u00e9s de un importante convenio, con el Gobierno de Manab\u00ed y su prefecto, Leonardo Orlando, cumplimos un sue\u00f1o de los habitantes de esta parroquia\", expres\u00f3 Gabriel Garc\u00eda, Presidente del GAD San Pl\u00e1cido.","robots":{"index":"index","follow":"follow","max-snippet":"max-snippet:-1","max-image-preview":"max-image-preview:large","max-video-preview":"max-video-preview:-1"},"canonical":"https:\/\/www.manabi.gob.ec\/index.php\/san-placido-ya-cuenta-con-centro-de-rehabilitacion-fisica\/","og_locale":"es_ES","og_type":"article","og_title":"SAN PL\u00c1CIDO YA CUENTA CON CENTRO DE REHABILITACI\u00d3N F\u00cdSICA","og_description":"En acto p\u00fablico y tomando todas las medidas de bioseguridad, el Gobierno de Manab\u00ed en convenio con el GAD parroquial San Pl\u00e1cido, entregaron el Centro de Rehabilitaci\u00f3n F\u00edsica para personas con discapacidad, adultos mayores y personas de los grupos de atenci\u00f3n prioritaria.M\u00e1s de 31 mil d\u00f3lares cuesta el proyecto, y el objetivo es promover una vida sana y el bienestar de las 200 personas, que padecen alguna discapacidad f\u00edsica de las 39 comunidades de la parroquia San Pl\u00e1cido.\"Hemos dado importancia a los centros de rehabilitaci\u00f3n f\u00edsica porque sabemos lo que significa una dolencia de esta naturaleza, que se convierte en un problema no solo a quien la padece sino tambi\u00e9n a la familia. Conocemos que con una buena terapia muchas personas han podido salir adelante\u201d manifest\u00f3 el prefecto, Leonardo Orlando.Anunci\u00f3 que el Gobierno de Manab\u00ed aportar\u00e1 tambi\u00e9n con dos profesionales de fisioterapia y de nutrici\u00f3n, que empezar\u00e1n a brindar servicios a la comunidad desde abril, quienes ser\u00e1n de San Pl\u00e1cido.\"Hoy es un d\u00eda de relevancia para quienes conformamos esta instituci\u00f3n y para todos los ciudadanos de la parroquia San Pl\u00e1cido porque, a trav\u00e9s de un importante convenio, con el Gobierno de Manab\u00ed y su prefecto, Leonardo Orlando, cumplimos un sue\u00f1o de los habitantes de esta parroquia\", expres\u00f3 Gabriel Garc\u00eda, Presidente del GAD San Pl\u00e1cido.","og_url":"https:\/\/www.manabi.gob.ec\/index.php\/san-placido-ya-cuenta-con-centro-de-rehabilitacion-fisica\/","og_site_name":"Prefectura de Manab\u00ed","article_published_time":"2021-03-26T21:30:45+00:00","article_modified_time":"2021-03-26T21:30:47+00:00","og_image":[{"width":1000,"height":676,"url":"https:\/\/www.manabi.gob.ec\/wp-content\/uploads\/2021\/03\/Centro-de-fisoterapia-San-Placido-1.jpeg","type":"image\/jpeg"}],"author":"admin","twitter_card":"summary_large_image","twitter_misc":{"Escrito por":"admin","Tiempo de lectura":"1 minuto"},"schema":{"@context":"https:\/\/schema.org","@graph":[{"@type":"Article","@id":"https:\/\/www.manabi.gob.ec\/index.php\/san-placido-ya-cuenta-con-centro-de-rehabilitacion-fisica\/#article","isPartOf":{"@id":"https:\/\/www.manabi.gob.ec\/index.php\/san-placido-ya-cuenta-con-centro-de-rehabilitacion-fisica\/"},"author":{"name":"admin","@id":"https:\/\/www.manabi.gob.ec\/#\/schema\/person\/cfc71bd68fe2703b779edcc292a49722"},"headline":"SAN PL\u00c1CIDO YA CUENTA CON CENTRO DE REHABILITACI\u00d3N F\u00cdSICA","datePublished":"2021-03-26T21:30:45+00:00","dateModified":"2021-03-26T21:30:47+00:00","mainEntityOfPage":{"@id":"https:\/\/www.manabi.gob.ec\/index.php\/san-placido-ya-cuenta-con-centro-de-rehabilitacion-fisica\/"},"wordCount":252,"image":{"@id":"https:\/\/www.manabi.gob.ec\/index.php\/san-placido-ya-cuenta-con-centro-de-rehabilitacion-fisica\/#primaryimage"},"thumbnailUrl":"https:\/\/www.manabi.gob.ec\/wp-content\/uploads\/2021\/03\/Centro-de-fisoterapia-San-Placido-1.jpeg","articleSection":["Desarrollo Social","Noticias","Portoviejo","Todas"],"inLanguage":"es"},{"@type":"WebPage","@id":"https:\/\/www.manabi.gob.ec\/index.php\/san-placido-ya-cuenta-con-centro-de-rehabilitacion-fisica\/","url":"https:\/\/www.manabi.gob.ec\/index.php\/san-placido-ya-cuenta-con-centro-de-rehabilitacion-fisica\/","name":"SAN PL\u00c1CIDO YA CUENTA CON CENTRO DE REHABILITACI\u00d3N F\u00cdSICA","isPartOf":{"@id":"https:\/\/www.manabi.gob.ec\/#website"},"primaryImageOfPage":{"@id":"https:\/\/www.manabi.gob.ec\/index.php\/san-placido-ya-cuenta-con-centro-de-rehabilitacion-fisica\/#primaryimage"},"image":{"@id":"https:\/\/www.manabi.gob.ec\/index.php\/san-placido-ya-cuenta-con-centro-de-rehabilitacion-fisica\/#primaryimage"},"thumbnailUrl":"https:\/\/www.manabi.gob.ec\/wp-content\/uploads\/2021\/03\/Centro-de-fisoterapia-San-Placido-1.jpeg","datePublished":"2021-03-26T21:30:45+00:00","dateModified":"2021-03-26T21:30:47+00:00","author":{"@id":"https:\/\/www.manabi.gob.ec\/#\/schema\/person\/cfc71bd68fe2703b779edcc292a49722"},"description":"En acto p\u00fablico y tomando todas las medidas de bioseguridad, el Gobierno de Manab\u00ed en convenio con el GAD parroquial San Pl\u00e1cido, entregaron el Centro de Rehabilitaci\u00f3n F\u00edsica para personas con discapacidad, adultos mayores y personas de los grupos de atenci\u00f3n prioritaria.M\u00e1s de 31 mil d\u00f3lares cuesta el proyecto, y el objetivo es promover una vida sana y el bienestar de las 200 personas, que padecen alguna discapacidad f\u00edsica de las 39 comunidades de la parroquia San Pl\u00e1cido.\"Hemos dado importancia a los centros de rehabilitaci\u00f3n f\u00edsica porque sabemos lo que significa una dolencia de esta naturaleza, que se convierte en un problema no solo a quien la padece sino tambi\u00e9n a la familia. Conocemos que con una buena terapia muchas personas han podido salir adelante\u201d manifest\u00f3 el prefecto, Leonardo Orlando.Anunci\u00f3 que el Gobierno de Manab\u00ed aportar\u00e1 tambi\u00e9n con dos profesionales de fisioterapia y de nutrici\u00f3n, que empezar\u00e1n a brindar servicios a la comunidad desde abril, quienes ser\u00e1n de San Pl\u00e1cido.\"Hoy es un d\u00eda de relevancia para quienes conformamos esta instituci\u00f3n y para todos los ciudadanos de la parroquia San Pl\u00e1cido porque, a trav\u00e9s de un importante convenio, con el Gobierno de Manab\u00ed y su prefecto, Leonardo Orlando, cumplimos un sue\u00f1o de los habitantes de esta parroquia\", expres\u00f3 Gabriel Garc\u00eda, Presidente del GAD San Pl\u00e1cido.","breadcrumb":{"@id":"https:\/\/www.manabi.gob.ec\/index.php\/san-placido-ya-cuenta-con-centro-de-rehabilitacion-fisica\/#breadcrumb"},"inLanguage":"es","potentialAction":[{"@type":"ReadAction","target":["https:\/\/www.manabi.gob.ec\/index.php\/san-placido-ya-cuenta-con-centro-de-rehabilitacion-fisica\/"]}]},{"@type":"ImageObject","inLanguage":"es","@id":"https:\/\/www.manabi.gob.ec\/index.php\/san-placido-ya-cuenta-con-centro-de-rehabilitacion-fisica\/#primaryimage","url":"https:\/\/www.manabi.gob.ec\/wp-content\/uploads\/2021\/03\/Centro-de-fisoterapia-San-Placido-1.jpeg","contentUrl":"https:\/\/www.manabi.gob.ec\/wp-content\/uploads\/2021\/03\/Centro-de-fisoterapia-San-Placido-1.jpeg","width":1000,"height":676},{"@type":"BreadcrumbList","@id":"https:\/\/www.manabi.gob.ec\/index.php\/san-placido-ya-cuenta-con-centro-de-rehabilitacion-fisica\/#breadcrumb","itemListElement":[{"@type":"ListItem","position":1,"name":"Portada","item":"https:\/\/www.manabi.gob.ec\/"},{"@type":"ListItem","position":2,"name":"SAN PL\u00c1CIDO YA CUENTA CON CENTRO DE REHABILITACI\u00d3N F\u00cdSICA"}]},{"@type":"WebSite","@id":"https:\/\/www.manabi.gob.ec\/#website","url":"https:\/\/www.manabi.gob.ec\/","name":"Prefectura de Manab\u00ed","description":"P\u00e1gina web de la prefectura","potentialAction":[{"@type":"SearchAction","target":{"@type":"EntryPoint","urlTemplate":"https:\/\/www.manabi.gob.ec\/?s={search_term_string}"},"query-input":{"@type":"PropertyValueSpecification","valueRequired":true,"valueName":"search_term_string"}}],"inLanguage":"es"},{"@type":"Person","@id":"https:\/\/www.manabi.gob.ec\/#\/schema\/person\/cfc71bd68fe2703b779edcc292a49722","name":"admin","image":{"@type":"ImageObject","inLanguage":"es","@id":"https:\/\/secure.gravatar.com\/avatar\/23e9f919492b0a2f65aa168e0d8c5c867ea853b61deffbadf08c7031e15b8d78?s=96&d=mm&r=g","url":"https:\/\/secure.gravatar.com\/avatar\/23e9f919492b0a2f65aa168e0d8c5c867ea853b61deffbadf08c7031e15b8d78?s=96&d=mm&r=g","contentUrl":"https:\/\/secure.gravatar.com\/avatar\/23e9f919492b0a2f65aa168e0d8c5c867ea853b61deffbadf08c7031e15b8d78?s=96&d=mm&r=g","caption":"admin"},"sameAs":["http:\/\/www.manabi.gob.ec"],"url":"https:\/\/www.manabi.gob.ec\/index.php\/author\/admin\/"}]}},"jetpack_featured_media_url":"https:\/\/www.manabi.gob.ec\/wp-content\/uploads\/2021\/03\/Centro-de-fisoterapia-San-Placido-1.jpeg","_links":{"self":[{"href":"https:\/\/www.manabi.gob.ec\/index.php\/wp-json\/wp\/v2\/posts\/16540","targetHints":{"allow":["GET"]}}],"collection":[{"href":"https:\/\/www.manabi.gob.ec\/index.php\/wp-json\/wp\/v2\/posts"}],"about":[{"href":"https:\/\/www.manabi.gob.ec\/index.php\/wp-json\/wp\/v2\/types\/post"}],"author":[{"embeddable":true,"href":"https:\/\/www.manabi.gob.ec\/index.php\/wp-json\/wp\/v2\/users\/1"}],"replies":[{"embeddable":true,"href":"https:\/\/www.manabi.gob.ec\/index.php\/wp-json\/wp\/v2\/comments?post=16540"}],"version-history":[{"count":0,"href":"https:\/\/www.manabi.gob.ec\/index.php\/wp-json\/wp\/v2\/posts\/16540\/revisions"}],"wp:featuredmedia":[{"embeddable":true,"href":"https:\/\/www.manabi.gob.ec\/index.php\/wp-json\/wp\/v2\/media\/16541"}],"wp:attachment":[{"href":"https:\/\/www.manabi.gob.ec\/index.php\/wp-json\/wp\/v2\/media?parent=16540"}],"wp:term":[{"taxonomy":"category","embeddable":true,"href":"https:\/\/www.manabi.gob.ec\/index.php\/wp-json\/wp\/v2\/categories?post=16540"},{"taxonomy":"post_tag","embeddable":true,"href":"https:\/\/www.manabi.gob.ec\/index.php\/wp-json\/wp\/v2\/tags?post=16540"}],"curies":[{"name":"wp","href":"https:\/\/api.w.org\/{rel}","templated":true}]}}