{"id":16559,"date":"2021-03-29T17:19:59","date_gmt":"2021-03-29T17:19:59","guid":{"rendered":"https:\/\/www.manabi.gob.ec\/?p=16559"},"modified":"2021-03-29T17:20:01","modified_gmt":"2021-03-29T17:20:01","slug":"renovamos-y-fortalecemos-atencion-de-grupos-prioritarios-en-pueblo-nuevo","status":"publish","type":"post","link":"https:\/\/www.manabi.gob.ec\/index.php\/renovamos-y-fortalecemos-atencion-de-grupos-prioritarios-en-pueblo-nuevo\/","title":{"rendered":"RENOVAMOS Y FORTALECEMOS ATENCI\u00d3N DE GRUPOS PRIORITARIOS EN PUEBLO NUEVO"},"content":{"rendered":"\n<p>En un ambiente emotivo fue renovado el convenio para el fortalecimiento del Centro de Rehabilitaci\u00f3n F\u00edsica San Roque, entre el Gobierno de Manab\u00ed y el GAD parroquial de Pueblo Nuevo del cant\u00f3n Portoviejo. La inversi\u00f3n es de 20 mil d\u00f3lares, de los cuales la entidad provincial invierte 16 mil.<\/p>\n\n\n\n<p>Para fortalecer la atenci\u00f3n que se ofrece en este lugar de manera gratuita, el prefecto de Manab\u00ed, Leonardo Orlando y el presidente de la parroquia, Adolfo Bravo, firmaron un convenio que permitir\u00e1 continuar hasta el mes de diciembre con la contrataci\u00f3n de un fisioterapeuta y el mantenimiento de su equipamiento, para beneficio de m\u00e1s de 200 personas pertenecientes a grupos de atenci\u00f3n prioritaria.<\/p>\n\n\n\n<p>La firma se cumpli\u00f3 este d\u00eda Domingo de Ramos, en el parque central de la parroquia, y&nbsp; es el sexto convenio que se renueva este a\u00f1o 2021, de 40 convenios firmados en el 2020 con&nbsp; gobiernos parroquiales de la provincia.<\/p>\n\n\n\n<p>Adolfo Bravo, presidente de la parroquia Pueblo Nuevo, expres\u00f3 que este proyecto&nbsp;permite identificar la problem\u00e1tica social del territorio y medir la necesidad de pacientes que requieran ayudas t\u00e9cnicas para su movilidad.<\/p>\n\n\n\n<p>El Prefecto dijo que con este proyecto se contin\u00faa beneficiando a los adultos mayores y personas en situaci\u00f3n de discapacidad f\u00edsica de esta parroquia y sectores aleda\u00f1os. \u00abHemos entregado ayudas t\u00e9cnicas en esta parroquia para mejorar la calidad de vida de personas con problemas de discapacidad, y<\/p>\n\n\n\n<p>se trabajar\u00e1 por la nutrici\u00f3n infantil y de adultos mayores\u00bb, inform\u00f3 la autoridad provincial, quien luego recorri\u00f3 las instalaciones donde funciona el centro de rehabilitaci\u00f3n f\u00edsica.<\/p>\n","protected":false},"excerpt":{"rendered":"<p>En un ambiente emotivo fue renovado el convenio para el fortalecimiento del Centro de Rehabilitaci\u00f3n F\u00edsica San Roque, entre el Gobierno de Manab\u00ed y el GAD parroquial de Pueblo Nuevo del cant\u00f3n Portoviejo. La inversi\u00f3n es de 20 mil d\u00f3lares, de los cuales la entidad provincial invierte 16 mil. Para fortalecer la atenci\u00f3n que se [&hellip;]<\/p>\n","protected":false},"author":1,"featured_media":16560,"comment_status":"closed","ping_status":"open","sticky":false,"template":"","format":"standard","meta":{"_joinchat":[],"footnotes":""},"categories":[142,92,132,91],"tags":[],"class_list":["post-16559","post","type-post","status-publish","format-standard","has-post-thumbnail","hentry","category-desarrollo-social","category-noticias-manabi","category-portoviejo","category-todas"],"yoast_head":"<!-- This site is optimized with the Yoast SEO plugin v27.4 - https:\/\/yoast.com\/product\/yoast-seo-wordpress\/ -->\n<title>RENOVAMOS Y FORTALECEMOS ATENCI\u00d3N DE GRUPOS PRIORITARIOS EN PUEBLO NUEVO<\/title>\n<meta name=\"description\" content=\"En un ambiente emotivo fue renovado el convenio para el fortalecimiento del Centro de Rehabilitaci\u00f3n F\u00edsica San Roque, entre el Gobierno de Manab\u00ed y el GAD parroquial de Pueblo Nuevo del cant\u00f3n Portoviejo. La inversi\u00f3n es de 20 mil d\u00f3lares, de los cuales la entidad provincial invierte 16 mil.Para fortalecer la atenci\u00f3n que se ofrece en este lugar de manera gratuita, el prefecto de Manab\u00ed, Leonardo Orlando y el presidente de la parroquia, Adolfo Bravo, firmaron un convenio que permitir\u00e1 continuar hasta el mes de diciembre con la contrataci\u00f3n de un fisioterapeuta y el mantenimiento de su equipamiento, para beneficio de m\u00e1s de 200 personas pertenecientes a grupos de atenci\u00f3n prioritaria.La firma se cumpli\u00f3 este d\u00eda Domingo de Ramos, en el parque central de la parroquia, y es el sexto convenio que se renueva este a\u00f1o 2021, de 40 convenios firmados en el 2020 con gobiernos parroquiales de la provincia.Adolfo Bravo, presidente de la parroquia Pueblo Nuevo, expres\u00f3 que este proyecto permite identificar la problem\u00e1tica social del territorio y medir la necesidad de pacientes que requieran ayudas t\u00e9cnicas para su movilidad.El Prefecto dijo que con este proyecto se contin\u00faa beneficiando a los adultos mayores y personas en situaci\u00f3n de discapacidad f\u00edsica de esta parroquia y sectores aleda\u00f1os. &quot;Hemos entregado ayudas t\u00e9cnicas en esta parroquia para mejorar la calidad de vida de personas con problemas de discapacidad, yse trabajar\u00e1 por la nutrici\u00f3n infantil y de adultos mayores&quot;, inform\u00f3 la autoridad provincial, quien luego recorri\u00f3 las instalaciones donde funciona el centro de rehabilitaci\u00f3n f\u00edsica.\" \/>\n<meta name=\"robots\" content=\"index, follow, max-snippet:-1, max-image-preview:large, max-video-preview:-1\" \/>\n<link rel=\"canonical\" href=\"https:\/\/www.manabi.gob.ec\/index.php\/renovamos-y-fortalecemos-atencion-de-grupos-prioritarios-en-pueblo-nuevo\/\" \/>\n<meta property=\"og:locale\" content=\"es_ES\" \/>\n<meta property=\"og:type\" content=\"article\" \/>\n<meta property=\"og:title\" content=\"RENOVAMOS Y FORTALECEMOS ATENCI\u00d3N DE GRUPOS PRIORITARIOS EN PUEBLO NUEVO\" \/>\n<meta property=\"og:description\" content=\"En un ambiente emotivo fue renovado el convenio para el fortalecimiento del Centro de Rehabilitaci\u00f3n F\u00edsica San Roque, entre el Gobierno de Manab\u00ed y el GAD parroquial de Pueblo Nuevo del cant\u00f3n Portoviejo. La inversi\u00f3n es de 20 mil d\u00f3lares, de los cuales la entidad provincial invierte 16 mil.Para fortalecer la atenci\u00f3n que se ofrece en este lugar de manera gratuita, el prefecto de Manab\u00ed, Leonardo Orlando y el presidente de la parroquia, Adolfo Bravo, firmaron un convenio que permitir\u00e1 continuar hasta el mes de diciembre con la contrataci\u00f3n de un fisioterapeuta y el mantenimiento de su equipamiento, para beneficio de m\u00e1s de 200 personas pertenecientes a grupos de atenci\u00f3n prioritaria.La firma se cumpli\u00f3 este d\u00eda Domingo de Ramos, en el parque central de la parroquia, y es el sexto convenio que se renueva este a\u00f1o 2021, de 40 convenios firmados en el 2020 con gobiernos parroquiales de la provincia.Adolfo Bravo, presidente de la parroquia Pueblo Nuevo, expres\u00f3 que este proyecto permite identificar la problem\u00e1tica social del territorio y medir la necesidad de pacientes que requieran ayudas t\u00e9cnicas para su movilidad.El Prefecto dijo que con este proyecto se contin\u00faa beneficiando a los adultos mayores y personas en situaci\u00f3n de discapacidad f\u00edsica de esta parroquia y sectores aleda\u00f1os. &quot;Hemos entregado ayudas t\u00e9cnicas en esta parroquia para mejorar la calidad de vida de personas con problemas de discapacidad, yse trabajar\u00e1 por la nutrici\u00f3n infantil y de adultos mayores&quot;, inform\u00f3 la autoridad provincial, quien luego recorri\u00f3 las instalaciones donde funciona el centro de rehabilitaci\u00f3n f\u00edsica.\" \/>\n<meta property=\"og:url\" content=\"https:\/\/www.manabi.gob.ec\/index.php\/renovamos-y-fortalecemos-atencion-de-grupos-prioritarios-en-pueblo-nuevo\/\" \/>\n<meta property=\"og:site_name\" content=\"Prefectura de Manab\u00ed\" \/>\n<meta property=\"article:published_time\" content=\"2021-03-29T17:19:59+00:00\" \/>\n<meta property=\"article:modified_time\" content=\"2021-03-29T17:20:01+00:00\" \/>\n<meta property=\"og:image\" content=\"https:\/\/www.manabi.gob.ec\/wp-content\/uploads\/2021\/03\/grupos-prioritarios-Pueblo-Nuevo-3.jpeg\" \/>\n\t<meta property=\"og:image:width\" content=\"1280\" \/>\n\t<meta property=\"og:image:height\" content=\"853\" \/>\n\t<meta property=\"og:image:type\" content=\"image\/jpeg\" \/>\n<meta name=\"author\" content=\"admin\" \/>\n<meta name=\"twitter:card\" content=\"summary_large_image\" \/>\n<meta name=\"twitter:label1\" content=\"Escrito por\" \/>\n\t<meta name=\"twitter:data1\" content=\"admin\" \/>\n\t<meta name=\"twitter:label2\" content=\"Tiempo de lectura\" \/>\n\t<meta name=\"twitter:data2\" content=\"2 minutos\" \/>\n<script type=\"application\/ld+json\" class=\"yoast-schema-graph\">{\"@context\":\"https:\\\/\\\/schema.org\",\"@graph\":[{\"@type\":\"Article\",\"@id\":\"https:\\\/\\\/www.manabi.gob.ec\\\/index.php\\\/renovamos-y-fortalecemos-atencion-de-grupos-prioritarios-en-pueblo-nuevo\\\/#article\",\"isPartOf\":{\"@id\":\"https:\\\/\\\/www.manabi.gob.ec\\\/index.php\\\/renovamos-y-fortalecemos-atencion-de-grupos-prioritarios-en-pueblo-nuevo\\\/\"},\"author\":{\"name\":\"admin\",\"@id\":\"https:\\\/\\\/www.manabi.gob.ec\\\/#\\\/schema\\\/person\\\/cfc71bd68fe2703b779edcc292a49722\"},\"headline\":\"RENOVAMOS Y FORTALECEMOS ATENCI\u00d3N DE GRUPOS PRIORITARIOS EN PUEBLO NUEVO\",\"datePublished\":\"2021-03-29T17:19:59+00:00\",\"dateModified\":\"2021-03-29T17:20:01+00:00\",\"mainEntityOfPage\":{\"@id\":\"https:\\\/\\\/www.manabi.gob.ec\\\/index.php\\\/renovamos-y-fortalecemos-atencion-de-grupos-prioritarios-en-pueblo-nuevo\\\/\"},\"wordCount\":286,\"image\":{\"@id\":\"https:\\\/\\\/www.manabi.gob.ec\\\/index.php\\\/renovamos-y-fortalecemos-atencion-de-grupos-prioritarios-en-pueblo-nuevo\\\/#primaryimage\"},\"thumbnailUrl\":\"https:\\\/\\\/www.manabi.gob.ec\\\/wp-content\\\/uploads\\\/2021\\\/03\\\/grupos-prioritarios-Pueblo-Nuevo-3.jpeg\",\"articleSection\":[\"Desarrollo Social\",\"Noticias\",\"Portoviejo\",\"Todas\"],\"inLanguage\":\"es\"},{\"@type\":\"WebPage\",\"@id\":\"https:\\\/\\\/www.manabi.gob.ec\\\/index.php\\\/renovamos-y-fortalecemos-atencion-de-grupos-prioritarios-en-pueblo-nuevo\\\/\",\"url\":\"https:\\\/\\\/www.manabi.gob.ec\\\/index.php\\\/renovamos-y-fortalecemos-atencion-de-grupos-prioritarios-en-pueblo-nuevo\\\/\",\"name\":\"RENOVAMOS Y FORTALECEMOS ATENCI\u00d3N DE GRUPOS PRIORITARIOS EN PUEBLO NUEVO\",\"isPartOf\":{\"@id\":\"https:\\\/\\\/www.manabi.gob.ec\\\/#website\"},\"primaryImageOfPage\":{\"@id\":\"https:\\\/\\\/www.manabi.gob.ec\\\/index.php\\\/renovamos-y-fortalecemos-atencion-de-grupos-prioritarios-en-pueblo-nuevo\\\/#primaryimage\"},\"image\":{\"@id\":\"https:\\\/\\\/www.manabi.gob.ec\\\/index.php\\\/renovamos-y-fortalecemos-atencion-de-grupos-prioritarios-en-pueblo-nuevo\\\/#primaryimage\"},\"thumbnailUrl\":\"https:\\\/\\\/www.manabi.gob.ec\\\/wp-content\\\/uploads\\\/2021\\\/03\\\/grupos-prioritarios-Pueblo-Nuevo-3.jpeg\",\"datePublished\":\"2021-03-29T17:19:59+00:00\",\"dateModified\":\"2021-03-29T17:20:01+00:00\",\"author\":{\"@id\":\"https:\\\/\\\/www.manabi.gob.ec\\\/#\\\/schema\\\/person\\\/cfc71bd68fe2703b779edcc292a49722\"},\"description\":\"En un ambiente emotivo fue renovado el convenio para el fortalecimiento del Centro de Rehabilitaci\u00f3n F\u00edsica San Roque, entre el Gobierno de Manab\u00ed y el GAD parroquial de Pueblo Nuevo del cant\u00f3n Portoviejo. La inversi\u00f3n es de 20 mil d\u00f3lares, de los cuales la entidad provincial invierte 16 mil.Para fortalecer la atenci\u00f3n que se ofrece en este lugar de manera gratuita, el prefecto de Manab\u00ed, Leonardo Orlando y el presidente de la parroquia, Adolfo Bravo, firmaron un convenio que permitir\u00e1 continuar hasta el mes de diciembre con la contrataci\u00f3n de un fisioterapeuta y el mantenimiento de su equipamiento, para beneficio de m\u00e1s de 200 personas pertenecientes a grupos de atenci\u00f3n prioritaria.La firma se cumpli\u00f3 este d\u00eda Domingo de Ramos, en el parque central de la parroquia, y es el sexto convenio que se renueva este a\u00f1o 2021, de 40 convenios firmados en el 2020 con gobiernos parroquiales de la provincia.Adolfo Bravo, presidente de la parroquia Pueblo Nuevo, expres\u00f3 que este proyecto permite identificar la problem\u00e1tica social del territorio y medir la necesidad de pacientes que requieran ayudas t\u00e9cnicas para su movilidad.El Prefecto dijo que con este proyecto se contin\u00faa beneficiando a los adultos mayores y personas en situaci\u00f3n de discapacidad f\u00edsica de esta parroquia y sectores aleda\u00f1os. \\\"Hemos entregado ayudas t\u00e9cnicas en esta parroquia para mejorar la calidad de vida de personas con problemas de discapacidad, yse trabajar\u00e1 por la nutrici\u00f3n infantil y de adultos mayores\\\", inform\u00f3 la autoridad provincial, quien luego recorri\u00f3 las instalaciones donde funciona el centro de rehabilitaci\u00f3n f\u00edsica.\",\"breadcrumb\":{\"@id\":\"https:\\\/\\\/www.manabi.gob.ec\\\/index.php\\\/renovamos-y-fortalecemos-atencion-de-grupos-prioritarios-en-pueblo-nuevo\\\/#breadcrumb\"},\"inLanguage\":\"es\",\"potentialAction\":[{\"@type\":\"ReadAction\",\"target\":[\"https:\\\/\\\/www.manabi.gob.ec\\\/index.php\\\/renovamos-y-fortalecemos-atencion-de-grupos-prioritarios-en-pueblo-nuevo\\\/\"]}]},{\"@type\":\"ImageObject\",\"inLanguage\":\"es\",\"@id\":\"https:\\\/\\\/www.manabi.gob.ec\\\/index.php\\\/renovamos-y-fortalecemos-atencion-de-grupos-prioritarios-en-pueblo-nuevo\\\/#primaryimage\",\"url\":\"https:\\\/\\\/www.manabi.gob.ec\\\/wp-content\\\/uploads\\\/2021\\\/03\\\/grupos-prioritarios-Pueblo-Nuevo-3.jpeg\",\"contentUrl\":\"https:\\\/\\\/www.manabi.gob.ec\\\/wp-content\\\/uploads\\\/2021\\\/03\\\/grupos-prioritarios-Pueblo-Nuevo-3.jpeg\",\"width\":1280,\"height\":853},{\"@type\":\"BreadcrumbList\",\"@id\":\"https:\\\/\\\/www.manabi.gob.ec\\\/index.php\\\/renovamos-y-fortalecemos-atencion-de-grupos-prioritarios-en-pueblo-nuevo\\\/#breadcrumb\",\"itemListElement\":[{\"@type\":\"ListItem\",\"position\":1,\"name\":\"Portada\",\"item\":\"https:\\\/\\\/www.manabi.gob.ec\\\/\"},{\"@type\":\"ListItem\",\"position\":2,\"name\":\"RENOVAMOS Y FORTALECEMOS ATENCI\u00d3N DE GRUPOS PRIORITARIOS EN PUEBLO NUEVO\"}]},{\"@type\":\"WebSite\",\"@id\":\"https:\\\/\\\/www.manabi.gob.ec\\\/#website\",\"url\":\"https:\\\/\\\/www.manabi.gob.ec\\\/\",\"name\":\"Prefectura de Manab\u00ed\",\"description\":\"P\u00e1gina web de la prefectura\",\"potentialAction\":[{\"@type\":\"SearchAction\",\"target\":{\"@type\":\"EntryPoint\",\"urlTemplate\":\"https:\\\/\\\/www.manabi.gob.ec\\\/?s={search_term_string}\"},\"query-input\":{\"@type\":\"PropertyValueSpecification\",\"valueRequired\":true,\"valueName\":\"search_term_string\"}}],\"inLanguage\":\"es\"},{\"@type\":\"Person\",\"@id\":\"https:\\\/\\\/www.manabi.gob.ec\\\/#\\\/schema\\\/person\\\/cfc71bd68fe2703b779edcc292a49722\",\"name\":\"admin\",\"image\":{\"@type\":\"ImageObject\",\"inLanguage\":\"es\",\"@id\":\"https:\\\/\\\/secure.gravatar.com\\\/avatar\\\/23e9f919492b0a2f65aa168e0d8c5c867ea853b61deffbadf08c7031e15b8d78?s=96&d=mm&r=g\",\"url\":\"https:\\\/\\\/secure.gravatar.com\\\/avatar\\\/23e9f919492b0a2f65aa168e0d8c5c867ea853b61deffbadf08c7031e15b8d78?s=96&d=mm&r=g\",\"contentUrl\":\"https:\\\/\\\/secure.gravatar.com\\\/avatar\\\/23e9f919492b0a2f65aa168e0d8c5c867ea853b61deffbadf08c7031e15b8d78?s=96&d=mm&r=g\",\"caption\":\"admin\"},\"sameAs\":[\"http:\\\/\\\/www.manabi.gob.ec\"],\"url\":\"https:\\\/\\\/www.manabi.gob.ec\\\/index.php\\\/author\\\/admin\\\/\"}]}<\/script>\n<!-- \/ Yoast SEO plugin. -->","yoast_head_json":{"title":"RENOVAMOS Y FORTALECEMOS ATENCI\u00d3N DE GRUPOS PRIORITARIOS EN PUEBLO NUEVO","description":"En un ambiente emotivo fue renovado el convenio para el fortalecimiento del Centro de Rehabilitaci\u00f3n F\u00edsica San Roque, entre el Gobierno de Manab\u00ed y el GAD parroquial de Pueblo Nuevo del cant\u00f3n Portoviejo. La inversi\u00f3n es de 20 mil d\u00f3lares, de los cuales la entidad provincial invierte 16 mil.Para fortalecer la atenci\u00f3n que se ofrece en este lugar de manera gratuita, el prefecto de Manab\u00ed, Leonardo Orlando y el presidente de la parroquia, Adolfo Bravo, firmaron un convenio que permitir\u00e1 continuar hasta el mes de diciembre con la contrataci\u00f3n de un fisioterapeuta y el mantenimiento de su equipamiento, para beneficio de m\u00e1s de 200 personas pertenecientes a grupos de atenci\u00f3n prioritaria.La firma se cumpli\u00f3 este d\u00eda Domingo de Ramos, en el parque central de la parroquia, y es el sexto convenio que se renueva este a\u00f1o 2021, de 40 convenios firmados en el 2020 con gobiernos parroquiales de la provincia.Adolfo Bravo, presidente de la parroquia Pueblo Nuevo, expres\u00f3 que este proyecto permite identificar la problem\u00e1tica social del territorio y medir la necesidad de pacientes que requieran ayudas t\u00e9cnicas para su movilidad.El Prefecto dijo que con este proyecto se contin\u00faa beneficiando a los adultos mayores y personas en situaci\u00f3n de discapacidad f\u00edsica de esta parroquia y sectores aleda\u00f1os. \"Hemos entregado ayudas t\u00e9cnicas en esta parroquia para mejorar la calidad de vida de personas con problemas de discapacidad, yse trabajar\u00e1 por la nutrici\u00f3n infantil y de adultos mayores\", inform\u00f3 la autoridad provincial, quien luego recorri\u00f3 las instalaciones donde funciona el centro de rehabilitaci\u00f3n f\u00edsica.","robots":{"index":"index","follow":"follow","max-snippet":"max-snippet:-1","max-image-preview":"max-image-preview:large","max-video-preview":"max-video-preview:-1"},"canonical":"https:\/\/www.manabi.gob.ec\/index.php\/renovamos-y-fortalecemos-atencion-de-grupos-prioritarios-en-pueblo-nuevo\/","og_locale":"es_ES","og_type":"article","og_title":"RENOVAMOS Y FORTALECEMOS ATENCI\u00d3N DE GRUPOS PRIORITARIOS EN PUEBLO NUEVO","og_description":"En un ambiente emotivo fue renovado el convenio para el fortalecimiento del Centro de Rehabilitaci\u00f3n F\u00edsica San Roque, entre el Gobierno de Manab\u00ed y el GAD parroquial de Pueblo Nuevo del cant\u00f3n Portoviejo. La inversi\u00f3n es de 20 mil d\u00f3lares, de los cuales la entidad provincial invierte 16 mil.Para fortalecer la atenci\u00f3n que se ofrece en este lugar de manera gratuita, el prefecto de Manab\u00ed, Leonardo Orlando y el presidente de la parroquia, Adolfo Bravo, firmaron un convenio que permitir\u00e1 continuar hasta el mes de diciembre con la contrataci\u00f3n de un fisioterapeuta y el mantenimiento de su equipamiento, para beneficio de m\u00e1s de 200 personas pertenecientes a grupos de atenci\u00f3n prioritaria.La firma se cumpli\u00f3 este d\u00eda Domingo de Ramos, en el parque central de la parroquia, y es el sexto convenio que se renueva este a\u00f1o 2021, de 40 convenios firmados en el 2020 con gobiernos parroquiales de la provincia.Adolfo Bravo, presidente de la parroquia Pueblo Nuevo, expres\u00f3 que este proyecto permite identificar la problem\u00e1tica social del territorio y medir la necesidad de pacientes que requieran ayudas t\u00e9cnicas para su movilidad.El Prefecto dijo que con este proyecto se contin\u00faa beneficiando a los adultos mayores y personas en situaci\u00f3n de discapacidad f\u00edsica de esta parroquia y sectores aleda\u00f1os. \"Hemos entregado ayudas t\u00e9cnicas en esta parroquia para mejorar la calidad de vida de personas con problemas de discapacidad, yse trabajar\u00e1 por la nutrici\u00f3n infantil y de adultos mayores\", inform\u00f3 la autoridad provincial, quien luego recorri\u00f3 las instalaciones donde funciona el centro de rehabilitaci\u00f3n f\u00edsica.","og_url":"https:\/\/www.manabi.gob.ec\/index.php\/renovamos-y-fortalecemos-atencion-de-grupos-prioritarios-en-pueblo-nuevo\/","og_site_name":"Prefectura de Manab\u00ed","article_published_time":"2021-03-29T17:19:59+00:00","article_modified_time":"2021-03-29T17:20:01+00:00","og_image":[{"width":1280,"height":853,"url":"https:\/\/www.manabi.gob.ec\/wp-content\/uploads\/2021\/03\/grupos-prioritarios-Pueblo-Nuevo-3.jpeg","type":"image\/jpeg"}],"author":"admin","twitter_card":"summary_large_image","twitter_misc":{"Escrito por":"admin","Tiempo de lectura":"2 minutos"},"schema":{"@context":"https:\/\/schema.org","@graph":[{"@type":"Article","@id":"https:\/\/www.manabi.gob.ec\/index.php\/renovamos-y-fortalecemos-atencion-de-grupos-prioritarios-en-pueblo-nuevo\/#article","isPartOf":{"@id":"https:\/\/www.manabi.gob.ec\/index.php\/renovamos-y-fortalecemos-atencion-de-grupos-prioritarios-en-pueblo-nuevo\/"},"author":{"name":"admin","@id":"https:\/\/www.manabi.gob.ec\/#\/schema\/person\/cfc71bd68fe2703b779edcc292a49722"},"headline":"RENOVAMOS Y FORTALECEMOS ATENCI\u00d3N DE GRUPOS PRIORITARIOS EN PUEBLO NUEVO","datePublished":"2021-03-29T17:19:59+00:00","dateModified":"2021-03-29T17:20:01+00:00","mainEntityOfPage":{"@id":"https:\/\/www.manabi.gob.ec\/index.php\/renovamos-y-fortalecemos-atencion-de-grupos-prioritarios-en-pueblo-nuevo\/"},"wordCount":286,"image":{"@id":"https:\/\/www.manabi.gob.ec\/index.php\/renovamos-y-fortalecemos-atencion-de-grupos-prioritarios-en-pueblo-nuevo\/#primaryimage"},"thumbnailUrl":"https:\/\/www.manabi.gob.ec\/wp-content\/uploads\/2021\/03\/grupos-prioritarios-Pueblo-Nuevo-3.jpeg","articleSection":["Desarrollo Social","Noticias","Portoviejo","Todas"],"inLanguage":"es"},{"@type":"WebPage","@id":"https:\/\/www.manabi.gob.ec\/index.php\/renovamos-y-fortalecemos-atencion-de-grupos-prioritarios-en-pueblo-nuevo\/","url":"https:\/\/www.manabi.gob.ec\/index.php\/renovamos-y-fortalecemos-atencion-de-grupos-prioritarios-en-pueblo-nuevo\/","name":"RENOVAMOS Y FORTALECEMOS ATENCI\u00d3N DE GRUPOS PRIORITARIOS EN PUEBLO NUEVO","isPartOf":{"@id":"https:\/\/www.manabi.gob.ec\/#website"},"primaryImageOfPage":{"@id":"https:\/\/www.manabi.gob.ec\/index.php\/renovamos-y-fortalecemos-atencion-de-grupos-prioritarios-en-pueblo-nuevo\/#primaryimage"},"image":{"@id":"https:\/\/www.manabi.gob.ec\/index.php\/renovamos-y-fortalecemos-atencion-de-grupos-prioritarios-en-pueblo-nuevo\/#primaryimage"},"thumbnailUrl":"https:\/\/www.manabi.gob.ec\/wp-content\/uploads\/2021\/03\/grupos-prioritarios-Pueblo-Nuevo-3.jpeg","datePublished":"2021-03-29T17:19:59+00:00","dateModified":"2021-03-29T17:20:01+00:00","author":{"@id":"https:\/\/www.manabi.gob.ec\/#\/schema\/person\/cfc71bd68fe2703b779edcc292a49722"},"description":"En un ambiente emotivo fue renovado el convenio para el fortalecimiento del Centro de Rehabilitaci\u00f3n F\u00edsica San Roque, entre el Gobierno de Manab\u00ed y el GAD parroquial de Pueblo Nuevo del cant\u00f3n Portoviejo. La inversi\u00f3n es de 20 mil d\u00f3lares, de los cuales la entidad provincial invierte 16 mil.Para fortalecer la atenci\u00f3n que se ofrece en este lugar de manera gratuita, el prefecto de Manab\u00ed, Leonardo Orlando y el presidente de la parroquia, Adolfo Bravo, firmaron un convenio que permitir\u00e1 continuar hasta el mes de diciembre con la contrataci\u00f3n de un fisioterapeuta y el mantenimiento de su equipamiento, para beneficio de m\u00e1s de 200 personas pertenecientes a grupos de atenci\u00f3n prioritaria.La firma se cumpli\u00f3 este d\u00eda Domingo de Ramos, en el parque central de la parroquia, y es el sexto convenio que se renueva este a\u00f1o 2021, de 40 convenios firmados en el 2020 con gobiernos parroquiales de la provincia.Adolfo Bravo, presidente de la parroquia Pueblo Nuevo, expres\u00f3 que este proyecto permite identificar la problem\u00e1tica social del territorio y medir la necesidad de pacientes que requieran ayudas t\u00e9cnicas para su movilidad.El Prefecto dijo que con este proyecto se contin\u00faa beneficiando a los adultos mayores y personas en situaci\u00f3n de discapacidad f\u00edsica de esta parroquia y sectores aleda\u00f1os. \"Hemos entregado ayudas t\u00e9cnicas en esta parroquia para mejorar la calidad de vida de personas con problemas de discapacidad, yse trabajar\u00e1 por la nutrici\u00f3n infantil y de adultos mayores\", inform\u00f3 la autoridad provincial, quien luego recorri\u00f3 las instalaciones donde funciona el centro de rehabilitaci\u00f3n f\u00edsica.","breadcrumb":{"@id":"https:\/\/www.manabi.gob.ec\/index.php\/renovamos-y-fortalecemos-atencion-de-grupos-prioritarios-en-pueblo-nuevo\/#breadcrumb"},"inLanguage":"es","potentialAction":[{"@type":"ReadAction","target":["https:\/\/www.manabi.gob.ec\/index.php\/renovamos-y-fortalecemos-atencion-de-grupos-prioritarios-en-pueblo-nuevo\/"]}]},{"@type":"ImageObject","inLanguage":"es","@id":"https:\/\/www.manabi.gob.ec\/index.php\/renovamos-y-fortalecemos-atencion-de-grupos-prioritarios-en-pueblo-nuevo\/#primaryimage","url":"https:\/\/www.manabi.gob.ec\/wp-content\/uploads\/2021\/03\/grupos-prioritarios-Pueblo-Nuevo-3.jpeg","contentUrl":"https:\/\/www.manabi.gob.ec\/wp-content\/uploads\/2021\/03\/grupos-prioritarios-Pueblo-Nuevo-3.jpeg","width":1280,"height":853},{"@type":"BreadcrumbList","@id":"https:\/\/www.manabi.gob.ec\/index.php\/renovamos-y-fortalecemos-atencion-de-grupos-prioritarios-en-pueblo-nuevo\/#breadcrumb","itemListElement":[{"@type":"ListItem","position":1,"name":"Portada","item":"https:\/\/www.manabi.gob.ec\/"},{"@type":"ListItem","position":2,"name":"RENOVAMOS Y FORTALECEMOS ATENCI\u00d3N DE GRUPOS PRIORITARIOS EN PUEBLO NUEVO"}]},{"@type":"WebSite","@id":"https:\/\/www.manabi.gob.ec\/#website","url":"https:\/\/www.manabi.gob.ec\/","name":"Prefectura de Manab\u00ed","description":"P\u00e1gina web de la prefectura","potentialAction":[{"@type":"SearchAction","target":{"@type":"EntryPoint","urlTemplate":"https:\/\/www.manabi.gob.ec\/?s={search_term_string}"},"query-input":{"@type":"PropertyValueSpecification","valueRequired":true,"valueName":"search_term_string"}}],"inLanguage":"es"},{"@type":"Person","@id":"https:\/\/www.manabi.gob.ec\/#\/schema\/person\/cfc71bd68fe2703b779edcc292a49722","name":"admin","image":{"@type":"ImageObject","inLanguage":"es","@id":"https:\/\/secure.gravatar.com\/avatar\/23e9f919492b0a2f65aa168e0d8c5c867ea853b61deffbadf08c7031e15b8d78?s=96&d=mm&r=g","url":"https:\/\/secure.gravatar.com\/avatar\/23e9f919492b0a2f65aa168e0d8c5c867ea853b61deffbadf08c7031e15b8d78?s=96&d=mm&r=g","contentUrl":"https:\/\/secure.gravatar.com\/avatar\/23e9f919492b0a2f65aa168e0d8c5c867ea853b61deffbadf08c7031e15b8d78?s=96&d=mm&r=g","caption":"admin"},"sameAs":["http:\/\/www.manabi.gob.ec"],"url":"https:\/\/www.manabi.gob.ec\/index.php\/author\/admin\/"}]}},"jetpack_featured_media_url":"https:\/\/www.manabi.gob.ec\/wp-content\/uploads\/2021\/03\/grupos-prioritarios-Pueblo-Nuevo-3.jpeg","_links":{"self":[{"href":"https:\/\/www.manabi.gob.ec\/index.php\/wp-json\/wp\/v2\/posts\/16559","targetHints":{"allow":["GET"]}}],"collection":[{"href":"https:\/\/www.manabi.gob.ec\/index.php\/wp-json\/wp\/v2\/posts"}],"about":[{"href":"https:\/\/www.manabi.gob.ec\/index.php\/wp-json\/wp\/v2\/types\/post"}],"author":[{"embeddable":true,"href":"https:\/\/www.manabi.gob.ec\/index.php\/wp-json\/wp\/v2\/users\/1"}],"replies":[{"embeddable":true,"href":"https:\/\/www.manabi.gob.ec\/index.php\/wp-json\/wp\/v2\/comments?post=16559"}],"version-history":[{"count":0,"href":"https:\/\/www.manabi.gob.ec\/index.php\/wp-json\/wp\/v2\/posts\/16559\/revisions"}],"wp:featuredmedia":[{"embeddable":true,"href":"https:\/\/www.manabi.gob.ec\/index.php\/wp-json\/wp\/v2\/media\/16560"}],"wp:attachment":[{"href":"https:\/\/www.manabi.gob.ec\/index.php\/wp-json\/wp\/v2\/media?parent=16559"}],"wp:term":[{"taxonomy":"category","embeddable":true,"href":"https:\/\/www.manabi.gob.ec\/index.php\/wp-json\/wp\/v2\/categories?post=16559"},{"taxonomy":"post_tag","embeddable":true,"href":"https:\/\/www.manabi.gob.ec\/index.php\/wp-json\/wp\/v2\/tags?post=16559"}],"curies":[{"name":"wp","href":"https:\/\/api.w.org\/{rel}","templated":true}]}}