{"id":16591,"date":"2021-04-01T18:59:09","date_gmt":"2021-04-01T18:59:09","guid":{"rendered":"https:\/\/www.manabi.gob.ec\/?p=16591"},"modified":"2021-04-01T18:59:12","modified_gmt":"2021-04-01T18:59:12","slug":"703-productores-agricolas-reactivan-su-economia-con-apoyo-del-gobierno-de-manabi-en-alianza-con-cooperativas-de-ahorro-y-credito","status":"publish","type":"post","link":"https:\/\/www.manabi.gob.ec\/index.php\/703-productores-agricolas-reactivan-su-economia-con-apoyo-del-gobierno-de-manabi-en-alianza-con-cooperativas-de-ahorro-y-credito\/","title":{"rendered":"703 PRODUCTORES AGR\u00cdCOLAS REACTIVAN SU ECONOM\u00cdA CON APOYO DEL GOBIERNO DE MANAB\u00cd EN ALIANZA CON COOPERATIVAS DE AHORRO Y CR\u00c9DITO"},"content":{"rendered":"\n<p>El Gobierno de Manab\u00ed, mediante convenio entre la Empresa P\u00fablica Manab\u00ed Produce y la Uni\u00f3n de Cooperativas de Ahorro y Cr\u00e9dito de Manab\u00ed, respaldan el trabajo agr\u00edcola de&nbsp;703 productores, dedicados a la siembra de ma\u00edz duro amarillo.<\/p>\n\n\n\n<p>El proyecto se ejecuta en 24 parroquias y varias comunidades de 13 cantones de Manab\u00ed, quienes gracias al apoyo financiero adquirieron semillas de ma\u00edz amarillo e insumos. Adem\u00e1s recibieron de la entidad provincial la asistencia t\u00e9cnica para que logren mejores y mayores rendimientos de producci\u00f3n.&nbsp;<\/p>\n\n\n\n<p>Gracias a este trabajo de articulaci\u00f3n, p\u00fablico-privado, los agricultores han logrado sembrar 1. 707 hect\u00e1reas del grano, mediante la implementaci\u00f3n de buenas pr\u00e1cticas en los diferente eslabones de la cadena productiva.<\/p>\n\n\n\n<p>Los productores de ma\u00edz se benefician con cr\u00e9ditos flexibles y el respaldo de seguro agr\u00edcola a trav\u00e9s de las coopertivas de ahorro, como parte del convenio tripartito entre la E.P. Manab\u00ed Produce, el Gobierno Provincial, la Uni\u00f3n de Cooperativas de Ahorro y Cr\u00e9dito de la provincia, y la empresa Agroseguros.<\/p>\n\n\n\n<p>Las cooperativas de ahorro que participan en este convenio son: Calder\u00f3n, 15 de Abril Ltda., Comercio Ltda. y de la C\u00e1mara de Comercio de Bol\u00edvar.&nbsp;<\/p>\n\n\n\n<p>Estas entidades financieras han otorgado, a trav\u00e9s de esta articulaci\u00f3n de acciones, un mill\u00f3n 700 mil d\u00f3lares en cr\u00e9ditos a peque\u00f1os productores, para la siembra de ma\u00edz duro amarillo, en una extensi\u00f3n mayor a 1.700 hect\u00e1reas. La cifra fue expuesta por la presidenta de la Uni\u00f3n de Cooperativas de Ahorro y Cr\u00e9dito, Sonia Vinces, durante la entrega de reconocimientos que hizo e Gobierno de Manab\u00ed, el pasado 23 de febrero, por el apoyo al sector productivo de la provincia.<\/p>\n\n\n\n<p>La generaci\u00f3n de este cr\u00e9dito permite a los productores asegurar la cosecha y la compra de kits que comprende: un saco de 60 mil semillas h\u00edbridas de ma\u00edz, productos de control de maleza, de plagas, y de fertilizaci\u00f3n.<\/p>\n","protected":false},"excerpt":{"rendered":"<p>El Gobierno de Manab\u00ed, mediante convenio entre la Empresa P\u00fablica Manab\u00ed Produce y la Uni\u00f3n de Cooperativas de Ahorro y Cr\u00e9dito de Manab\u00ed, respaldan el trabajo agr\u00edcola de 703 productores, dedicados a la siembra de ma\u00edz duro amarillo.<\/p>\n","protected":false},"author":1,"featured_media":16592,"comment_status":"closed","ping_status":"open","sticky":false,"template":"","format":"standard","meta":{"_joinchat":[],"footnotes":""},"categories":[92,140,91],"tags":[],"class_list":["post-16591","post","type-post","status-publish","format-standard","has-post-thumbnail","hentry","category-noticias-manabi","category-produccion","category-todas"],"yoast_head":"<!-- This site is optimized with the Yoast SEO plugin v27.4 - https:\/\/yoast.com\/product\/yoast-seo-wordpress\/ -->\n<title>703 PRODUCTORES AGR\u00cdCOLAS REACTIVAN SU ECONOM\u00cdA CON APOYO DEL GOBIERNO DE MANAB\u00cd EN ALIANZA CON COOPERATIVAS DE AHORRO Y CR\u00c9DITO - Prefectura de Manab\u00ed<\/title>\n<meta name=\"robots\" content=\"index, follow, max-snippet:-1, max-image-preview:large, max-video-preview:-1\" \/>\n<link rel=\"canonical\" href=\"https:\/\/www.manabi.gob.ec\/index.php\/703-productores-agricolas-reactivan-su-economia-con-apoyo-del-gobierno-de-manabi-en-alianza-con-cooperativas-de-ahorro-y-credito\/\" \/>\n<meta property=\"og:locale\" content=\"es_ES\" \/>\n<meta property=\"og:type\" content=\"article\" \/>\n<meta property=\"og:title\" content=\"703 PRODUCTORES AGR\u00cdCOLAS REACTIVAN SU ECONOM\u00cdA CON APOYO DEL GOBIERNO DE MANAB\u00cd EN ALIANZA CON COOPERATIVAS DE AHORRO Y CR\u00c9DITO - Prefectura de Manab\u00ed\" \/>\n<meta property=\"og:description\" content=\"El Gobierno de Manab\u00ed, mediante convenio entre la Empresa P\u00fablica Manab\u00ed Produce y la Uni\u00f3n de Cooperativas de Ahorro y Cr\u00e9dito de Manab\u00ed, respaldan el trabajo agr\u00edcola de 703 productores, dedicados a la siembra de ma\u00edz duro amarillo.\" \/>\n<meta property=\"og:url\" content=\"https:\/\/www.manabi.gob.ec\/index.php\/703-productores-agricolas-reactivan-su-economia-con-apoyo-del-gobierno-de-manabi-en-alianza-con-cooperativas-de-ahorro-y-credito\/\" \/>\n<meta property=\"og:site_name\" content=\"Prefectura de Manab\u00ed\" \/>\n<meta property=\"article:published_time\" content=\"2021-04-01T18:59:09+00:00\" \/>\n<meta property=\"article:modified_time\" content=\"2021-04-01T18:59:12+00:00\" \/>\n<meta property=\"og:image\" content=\"https:\/\/www.manabi.gob.ec\/wp-content\/uploads\/2021\/04\/Maiiz-2.jpeg\" \/>\n\t<meta property=\"og:image:width\" content=\"1024\" \/>\n\t<meta property=\"og:image:height\" content=\"768\" \/>\n\t<meta property=\"og:image:type\" content=\"image\/jpeg\" \/>\n<meta name=\"author\" content=\"admin\" \/>\n<meta name=\"twitter:card\" content=\"summary_large_image\" \/>\n<meta name=\"twitter:label1\" content=\"Escrito por\" \/>\n\t<meta name=\"twitter:data1\" content=\"admin\" \/>\n\t<meta name=\"twitter:label2\" content=\"Tiempo de lectura\" \/>\n\t<meta name=\"twitter:data2\" content=\"2 minutos\" \/>\n<script type=\"application\/ld+json\" class=\"yoast-schema-graph\">{\"@context\":\"https:\\\/\\\/schema.org\",\"@graph\":[{\"@type\":\"Article\",\"@id\":\"https:\\\/\\\/www.manabi.gob.ec\\\/index.php\\\/703-productores-agricolas-reactivan-su-economia-con-apoyo-del-gobierno-de-manabi-en-alianza-con-cooperativas-de-ahorro-y-credito\\\/#article\",\"isPartOf\":{\"@id\":\"https:\\\/\\\/www.manabi.gob.ec\\\/index.php\\\/703-productores-agricolas-reactivan-su-economia-con-apoyo-del-gobierno-de-manabi-en-alianza-con-cooperativas-de-ahorro-y-credito\\\/\"},\"author\":{\"name\":\"admin\",\"@id\":\"https:\\\/\\\/www.manabi.gob.ec\\\/#\\\/schema\\\/person\\\/cfc71bd68fe2703b779edcc292a49722\"},\"headline\":\"703 PRODUCTORES AGR\u00cdCOLAS REACTIVAN SU ECONOM\u00cdA CON APOYO DEL GOBIERNO DE MANAB\u00cd EN ALIANZA CON COOPERATIVAS DE AHORRO Y CR\u00c9DITO\",\"datePublished\":\"2021-04-01T18:59:09+00:00\",\"dateModified\":\"2021-04-01T18:59:12+00:00\",\"mainEntityOfPage\":{\"@id\":\"https:\\\/\\\/www.manabi.gob.ec\\\/index.php\\\/703-productores-agricolas-reactivan-su-economia-con-apoyo-del-gobierno-de-manabi-en-alianza-con-cooperativas-de-ahorro-y-credito\\\/\"},\"wordCount\":361,\"image\":{\"@id\":\"https:\\\/\\\/www.manabi.gob.ec\\\/index.php\\\/703-productores-agricolas-reactivan-su-economia-con-apoyo-del-gobierno-de-manabi-en-alianza-con-cooperativas-de-ahorro-y-credito\\\/#primaryimage\"},\"thumbnailUrl\":\"https:\\\/\\\/www.manabi.gob.ec\\\/wp-content\\\/uploads\\\/2021\\\/04\\\/Maiiz-2.jpeg\",\"articleSection\":[\"Noticias\",\"Producci\u00f3n\",\"Todas\"],\"inLanguage\":\"es\"},{\"@type\":\"WebPage\",\"@id\":\"https:\\\/\\\/www.manabi.gob.ec\\\/index.php\\\/703-productores-agricolas-reactivan-su-economia-con-apoyo-del-gobierno-de-manabi-en-alianza-con-cooperativas-de-ahorro-y-credito\\\/\",\"url\":\"https:\\\/\\\/www.manabi.gob.ec\\\/index.php\\\/703-productores-agricolas-reactivan-su-economia-con-apoyo-del-gobierno-de-manabi-en-alianza-con-cooperativas-de-ahorro-y-credito\\\/\",\"name\":\"703 PRODUCTORES AGR\u00cdCOLAS REACTIVAN SU ECONOM\u00cdA CON APOYO DEL GOBIERNO DE MANAB\u00cd EN ALIANZA CON COOPERATIVAS DE AHORRO Y CR\u00c9DITO - Prefectura de Manab\u00ed\",\"isPartOf\":{\"@id\":\"https:\\\/\\\/www.manabi.gob.ec\\\/#website\"},\"primaryImageOfPage\":{\"@id\":\"https:\\\/\\\/www.manabi.gob.ec\\\/index.php\\\/703-productores-agricolas-reactivan-su-economia-con-apoyo-del-gobierno-de-manabi-en-alianza-con-cooperativas-de-ahorro-y-credito\\\/#primaryimage\"},\"image\":{\"@id\":\"https:\\\/\\\/www.manabi.gob.ec\\\/index.php\\\/703-productores-agricolas-reactivan-su-economia-con-apoyo-del-gobierno-de-manabi-en-alianza-con-cooperativas-de-ahorro-y-credito\\\/#primaryimage\"},\"thumbnailUrl\":\"https:\\\/\\\/www.manabi.gob.ec\\\/wp-content\\\/uploads\\\/2021\\\/04\\\/Maiiz-2.jpeg\",\"datePublished\":\"2021-04-01T18:59:09+00:00\",\"dateModified\":\"2021-04-01T18:59:12+00:00\",\"author\":{\"@id\":\"https:\\\/\\\/www.manabi.gob.ec\\\/#\\\/schema\\\/person\\\/cfc71bd68fe2703b779edcc292a49722\"},\"breadcrumb\":{\"@id\":\"https:\\\/\\\/www.manabi.gob.ec\\\/index.php\\\/703-productores-agricolas-reactivan-su-economia-con-apoyo-del-gobierno-de-manabi-en-alianza-con-cooperativas-de-ahorro-y-credito\\\/#breadcrumb\"},\"inLanguage\":\"es\",\"potentialAction\":[{\"@type\":\"ReadAction\",\"target\":[\"https:\\\/\\\/www.manabi.gob.ec\\\/index.php\\\/703-productores-agricolas-reactivan-su-economia-con-apoyo-del-gobierno-de-manabi-en-alianza-con-cooperativas-de-ahorro-y-credito\\\/\"]}]},{\"@type\":\"ImageObject\",\"inLanguage\":\"es\",\"@id\":\"https:\\\/\\\/www.manabi.gob.ec\\\/index.php\\\/703-productores-agricolas-reactivan-su-economia-con-apoyo-del-gobierno-de-manabi-en-alianza-con-cooperativas-de-ahorro-y-credito\\\/#primaryimage\",\"url\":\"https:\\\/\\\/www.manabi.gob.ec\\\/wp-content\\\/uploads\\\/2021\\\/04\\\/Maiiz-2.jpeg\",\"contentUrl\":\"https:\\\/\\\/www.manabi.gob.ec\\\/wp-content\\\/uploads\\\/2021\\\/04\\\/Maiiz-2.jpeg\",\"width\":1024,\"height\":768},{\"@type\":\"BreadcrumbList\",\"@id\":\"https:\\\/\\\/www.manabi.gob.ec\\\/index.php\\\/703-productores-agricolas-reactivan-su-economia-con-apoyo-del-gobierno-de-manabi-en-alianza-con-cooperativas-de-ahorro-y-credito\\\/#breadcrumb\",\"itemListElement\":[{\"@type\":\"ListItem\",\"position\":1,\"name\":\"Portada\",\"item\":\"https:\\\/\\\/www.manabi.gob.ec\\\/\"},{\"@type\":\"ListItem\",\"position\":2,\"name\":\"703 PRODUCTORES AGR\u00cdCOLAS REACTIVAN SU ECONOM\u00cdA CON APOYO DEL GOBIERNO DE MANAB\u00cd EN ALIANZA CON COOPERATIVAS DE AHORRO Y CR\u00c9DITO\"}]},{\"@type\":\"WebSite\",\"@id\":\"https:\\\/\\\/www.manabi.gob.ec\\\/#website\",\"url\":\"https:\\\/\\\/www.manabi.gob.ec\\\/\",\"name\":\"Prefectura de Manab\u00ed\",\"description\":\"P\u00e1gina web de la prefectura\",\"potentialAction\":[{\"@type\":\"SearchAction\",\"target\":{\"@type\":\"EntryPoint\",\"urlTemplate\":\"https:\\\/\\\/www.manabi.gob.ec\\\/?s={search_term_string}\"},\"query-input\":{\"@type\":\"PropertyValueSpecification\",\"valueRequired\":true,\"valueName\":\"search_term_string\"}}],\"inLanguage\":\"es\"},{\"@type\":\"Person\",\"@id\":\"https:\\\/\\\/www.manabi.gob.ec\\\/#\\\/schema\\\/person\\\/cfc71bd68fe2703b779edcc292a49722\",\"name\":\"admin\",\"image\":{\"@type\":\"ImageObject\",\"inLanguage\":\"es\",\"@id\":\"https:\\\/\\\/secure.gravatar.com\\\/avatar\\\/23e9f919492b0a2f65aa168e0d8c5c867ea853b61deffbadf08c7031e15b8d78?s=96&d=mm&r=g\",\"url\":\"https:\\\/\\\/secure.gravatar.com\\\/avatar\\\/23e9f919492b0a2f65aa168e0d8c5c867ea853b61deffbadf08c7031e15b8d78?s=96&d=mm&r=g\",\"contentUrl\":\"https:\\\/\\\/secure.gravatar.com\\\/avatar\\\/23e9f919492b0a2f65aa168e0d8c5c867ea853b61deffbadf08c7031e15b8d78?s=96&d=mm&r=g\",\"caption\":\"admin\"},\"sameAs\":[\"http:\\\/\\\/www.manabi.gob.ec\"],\"url\":\"https:\\\/\\\/www.manabi.gob.ec\\\/index.php\\\/author\\\/admin\\\/\"}]}<\/script>\n<!-- \/ Yoast SEO plugin. -->","yoast_head_json":{"title":"703 PRODUCTORES AGR\u00cdCOLAS REACTIVAN SU ECONOM\u00cdA CON APOYO DEL GOBIERNO DE MANAB\u00cd EN ALIANZA CON COOPERATIVAS DE AHORRO Y CR\u00c9DITO - Prefectura de Manab\u00ed","robots":{"index":"index","follow":"follow","max-snippet":"max-snippet:-1","max-image-preview":"max-image-preview:large","max-video-preview":"max-video-preview:-1"},"canonical":"https:\/\/www.manabi.gob.ec\/index.php\/703-productores-agricolas-reactivan-su-economia-con-apoyo-del-gobierno-de-manabi-en-alianza-con-cooperativas-de-ahorro-y-credito\/","og_locale":"es_ES","og_type":"article","og_title":"703 PRODUCTORES AGR\u00cdCOLAS REACTIVAN SU ECONOM\u00cdA CON APOYO DEL GOBIERNO DE MANAB\u00cd EN ALIANZA CON COOPERATIVAS DE AHORRO Y CR\u00c9DITO - Prefectura de Manab\u00ed","og_description":"El Gobierno de Manab\u00ed, mediante convenio entre la Empresa P\u00fablica Manab\u00ed Produce y la Uni\u00f3n de Cooperativas de Ahorro y Cr\u00e9dito de Manab\u00ed, respaldan el trabajo agr\u00edcola de 703 productores, dedicados a la siembra de ma\u00edz duro amarillo.","og_url":"https:\/\/www.manabi.gob.ec\/index.php\/703-productores-agricolas-reactivan-su-economia-con-apoyo-del-gobierno-de-manabi-en-alianza-con-cooperativas-de-ahorro-y-credito\/","og_site_name":"Prefectura de Manab\u00ed","article_published_time":"2021-04-01T18:59:09+00:00","article_modified_time":"2021-04-01T18:59:12+00:00","og_image":[{"width":1024,"height":768,"url":"https:\/\/www.manabi.gob.ec\/wp-content\/uploads\/2021\/04\/Maiiz-2.jpeg","type":"image\/jpeg"}],"author":"admin","twitter_card":"summary_large_image","twitter_misc":{"Escrito por":"admin","Tiempo de lectura":"2 minutos"},"schema":{"@context":"https:\/\/schema.org","@graph":[{"@type":"Article","@id":"https:\/\/www.manabi.gob.ec\/index.php\/703-productores-agricolas-reactivan-su-economia-con-apoyo-del-gobierno-de-manabi-en-alianza-con-cooperativas-de-ahorro-y-credito\/#article","isPartOf":{"@id":"https:\/\/www.manabi.gob.ec\/index.php\/703-productores-agricolas-reactivan-su-economia-con-apoyo-del-gobierno-de-manabi-en-alianza-con-cooperativas-de-ahorro-y-credito\/"},"author":{"name":"admin","@id":"https:\/\/www.manabi.gob.ec\/#\/schema\/person\/cfc71bd68fe2703b779edcc292a49722"},"headline":"703 PRODUCTORES AGR\u00cdCOLAS REACTIVAN SU ECONOM\u00cdA CON APOYO DEL GOBIERNO DE MANAB\u00cd EN ALIANZA CON COOPERATIVAS DE AHORRO Y CR\u00c9DITO","datePublished":"2021-04-01T18:59:09+00:00","dateModified":"2021-04-01T18:59:12+00:00","mainEntityOfPage":{"@id":"https:\/\/www.manabi.gob.ec\/index.php\/703-productores-agricolas-reactivan-su-economia-con-apoyo-del-gobierno-de-manabi-en-alianza-con-cooperativas-de-ahorro-y-credito\/"},"wordCount":361,"image":{"@id":"https:\/\/www.manabi.gob.ec\/index.php\/703-productores-agricolas-reactivan-su-economia-con-apoyo-del-gobierno-de-manabi-en-alianza-con-cooperativas-de-ahorro-y-credito\/#primaryimage"},"thumbnailUrl":"https:\/\/www.manabi.gob.ec\/wp-content\/uploads\/2021\/04\/Maiiz-2.jpeg","articleSection":["Noticias","Producci\u00f3n","Todas"],"inLanguage":"es"},{"@type":"WebPage","@id":"https:\/\/www.manabi.gob.ec\/index.php\/703-productores-agricolas-reactivan-su-economia-con-apoyo-del-gobierno-de-manabi-en-alianza-con-cooperativas-de-ahorro-y-credito\/","url":"https:\/\/www.manabi.gob.ec\/index.php\/703-productores-agricolas-reactivan-su-economia-con-apoyo-del-gobierno-de-manabi-en-alianza-con-cooperativas-de-ahorro-y-credito\/","name":"703 PRODUCTORES AGR\u00cdCOLAS REACTIVAN SU ECONOM\u00cdA CON APOYO DEL GOBIERNO DE MANAB\u00cd EN ALIANZA CON COOPERATIVAS DE AHORRO Y CR\u00c9DITO - Prefectura de Manab\u00ed","isPartOf":{"@id":"https:\/\/www.manabi.gob.ec\/#website"},"primaryImageOfPage":{"@id":"https:\/\/www.manabi.gob.ec\/index.php\/703-productores-agricolas-reactivan-su-economia-con-apoyo-del-gobierno-de-manabi-en-alianza-con-cooperativas-de-ahorro-y-credito\/#primaryimage"},"image":{"@id":"https:\/\/www.manabi.gob.ec\/index.php\/703-productores-agricolas-reactivan-su-economia-con-apoyo-del-gobierno-de-manabi-en-alianza-con-cooperativas-de-ahorro-y-credito\/#primaryimage"},"thumbnailUrl":"https:\/\/www.manabi.gob.ec\/wp-content\/uploads\/2021\/04\/Maiiz-2.jpeg","datePublished":"2021-04-01T18:59:09+00:00","dateModified":"2021-04-01T18:59:12+00:00","author":{"@id":"https:\/\/www.manabi.gob.ec\/#\/schema\/person\/cfc71bd68fe2703b779edcc292a49722"},"breadcrumb":{"@id":"https:\/\/www.manabi.gob.ec\/index.php\/703-productores-agricolas-reactivan-su-economia-con-apoyo-del-gobierno-de-manabi-en-alianza-con-cooperativas-de-ahorro-y-credito\/#breadcrumb"},"inLanguage":"es","potentialAction":[{"@type":"ReadAction","target":["https:\/\/www.manabi.gob.ec\/index.php\/703-productores-agricolas-reactivan-su-economia-con-apoyo-del-gobierno-de-manabi-en-alianza-con-cooperativas-de-ahorro-y-credito\/"]}]},{"@type":"ImageObject","inLanguage":"es","@id":"https:\/\/www.manabi.gob.ec\/index.php\/703-productores-agricolas-reactivan-su-economia-con-apoyo-del-gobierno-de-manabi-en-alianza-con-cooperativas-de-ahorro-y-credito\/#primaryimage","url":"https:\/\/www.manabi.gob.ec\/wp-content\/uploads\/2021\/04\/Maiiz-2.jpeg","contentUrl":"https:\/\/www.manabi.gob.ec\/wp-content\/uploads\/2021\/04\/Maiiz-2.jpeg","width":1024,"height":768},{"@type":"BreadcrumbList","@id":"https:\/\/www.manabi.gob.ec\/index.php\/703-productores-agricolas-reactivan-su-economia-con-apoyo-del-gobierno-de-manabi-en-alianza-con-cooperativas-de-ahorro-y-credito\/#breadcrumb","itemListElement":[{"@type":"ListItem","position":1,"name":"Portada","item":"https:\/\/www.manabi.gob.ec\/"},{"@type":"ListItem","position":2,"name":"703 PRODUCTORES AGR\u00cdCOLAS REACTIVAN SU ECONOM\u00cdA CON APOYO DEL GOBIERNO DE MANAB\u00cd EN ALIANZA CON COOPERATIVAS DE AHORRO Y CR\u00c9DITO"}]},{"@type":"WebSite","@id":"https:\/\/www.manabi.gob.ec\/#website","url":"https:\/\/www.manabi.gob.ec\/","name":"Prefectura de Manab\u00ed","description":"P\u00e1gina web de la prefectura","potentialAction":[{"@type":"SearchAction","target":{"@type":"EntryPoint","urlTemplate":"https:\/\/www.manabi.gob.ec\/?s={search_term_string}"},"query-input":{"@type":"PropertyValueSpecification","valueRequired":true,"valueName":"search_term_string"}}],"inLanguage":"es"},{"@type":"Person","@id":"https:\/\/www.manabi.gob.ec\/#\/schema\/person\/cfc71bd68fe2703b779edcc292a49722","name":"admin","image":{"@type":"ImageObject","inLanguage":"es","@id":"https:\/\/secure.gravatar.com\/avatar\/23e9f919492b0a2f65aa168e0d8c5c867ea853b61deffbadf08c7031e15b8d78?s=96&d=mm&r=g","url":"https:\/\/secure.gravatar.com\/avatar\/23e9f919492b0a2f65aa168e0d8c5c867ea853b61deffbadf08c7031e15b8d78?s=96&d=mm&r=g","contentUrl":"https:\/\/secure.gravatar.com\/avatar\/23e9f919492b0a2f65aa168e0d8c5c867ea853b61deffbadf08c7031e15b8d78?s=96&d=mm&r=g","caption":"admin"},"sameAs":["http:\/\/www.manabi.gob.ec"],"url":"https:\/\/www.manabi.gob.ec\/index.php\/author\/admin\/"}]}},"jetpack_featured_media_url":"https:\/\/www.manabi.gob.ec\/wp-content\/uploads\/2021\/04\/Maiiz-2.jpeg","_links":{"self":[{"href":"https:\/\/www.manabi.gob.ec\/index.php\/wp-json\/wp\/v2\/posts\/16591","targetHints":{"allow":["GET"]}}],"collection":[{"href":"https:\/\/www.manabi.gob.ec\/index.php\/wp-json\/wp\/v2\/posts"}],"about":[{"href":"https:\/\/www.manabi.gob.ec\/index.php\/wp-json\/wp\/v2\/types\/post"}],"author":[{"embeddable":true,"href":"https:\/\/www.manabi.gob.ec\/index.php\/wp-json\/wp\/v2\/users\/1"}],"replies":[{"embeddable":true,"href":"https:\/\/www.manabi.gob.ec\/index.php\/wp-json\/wp\/v2\/comments?post=16591"}],"version-history":[{"count":0,"href":"https:\/\/www.manabi.gob.ec\/index.php\/wp-json\/wp\/v2\/posts\/16591\/revisions"}],"wp:featuredmedia":[{"embeddable":true,"href":"https:\/\/www.manabi.gob.ec\/index.php\/wp-json\/wp\/v2\/media\/16592"}],"wp:attachment":[{"href":"https:\/\/www.manabi.gob.ec\/index.php\/wp-json\/wp\/v2\/media?parent=16591"}],"wp:term":[{"taxonomy":"category","embeddable":true,"href":"https:\/\/www.manabi.gob.ec\/index.php\/wp-json\/wp\/v2\/categories?post=16591"},{"taxonomy":"post_tag","embeddable":true,"href":"https:\/\/www.manabi.gob.ec\/index.php\/wp-json\/wp\/v2\/tags?post=16591"}],"curies":[{"name":"wp","href":"https:\/\/api.w.org\/{rel}","templated":true}]}}