{"id":16622,"date":"2021-04-04T15:20:21","date_gmt":"2021-04-04T15:20:21","guid":{"rendered":"https:\/\/www.manabi.gob.ec\/?p=16622"},"modified":"2021-04-04T15:20:24","modified_gmt":"2021-04-04T15:20:24","slug":"impulsamos-los-emprendimientos-juveniles","status":"publish","type":"post","link":"https:\/\/www.manabi.gob.ec\/index.php\/impulsamos-los-emprendimientos-juveniles\/","title":{"rendered":"IMPULSAMOS LOS EMPRENDIMIENTOS JUVENILES"},"content":{"rendered":"\n<p>260 adolescentes del cant\u00f3n Manta, de edades comprendidas entre 12 a 17 a\u00f1os de edad, se benefician del convenio que firm\u00f3 el Gobierno de Manab\u00ed y la Fundaci\u00f3n Doulos de Santa Marianita, para dar capacitaci\u00f3n en sublimaci\u00f3n y serigraf\u00eda.&nbsp;<\/p>\n\n\n\n<p>Los adolescentes de los sectores&nbsp; Pacoche, San Pedro, La traves\u00eda, Santa Martha, Nueva Esperanza, de las parroquias San Mateo y Santa Marianita, respectivamente.<\/p>\n\n\n\n<p>\u00bb Queremos llegar a los adolescentes de Manta a trav\u00e9s de la formaci\u00f3n, para que ocupen su tiempo en actividades que fortalezcan sus capacidades\u00bb, dijo el prefecto Orlando.<\/p>\n\n\n\n<p>\u00abCon este proyecto ellos van a aprender a hacer diferentes dise\u00f1os de tazas, gorras, camisetas y as\u00ed comercializarlas, para que ayuden en sus hogares\u00bb, dijo Nixon Alvia, presidente de la Fundaci\u00f3n Doulos.<\/p>\n\n\n\n<p>Este proyecto representa una inversi\u00f3n de 19 mil d\u00f3lares, es una alternativa para los adolescentes de Manta, quienes, adem\u00e1s de aprender un oficio, tendr\u00e1n la oportunidad para reactivarse econ\u00f3micamente.<\/p>\n","protected":false},"excerpt":{"rendered":"<p>260 adolescentes del cant\u00f3n Manta, de edades comprendidas entre 12 a 17 a\u00f1os de edad, se benefician del convenio que firm\u00f3 el Gobierno de Manab\u00ed y la Fundaci\u00f3n Doulos de Santa Marianita, para dar capacitaci\u00f3n en sublimaci\u00f3n y serigraf\u00eda.&nbsp; Los adolescentes de los sectores&nbsp; Pacoche, San Pedro, La traves\u00eda, Santa Martha, Nueva Esperanza, de las [&hellip;]<\/p>\n","protected":false},"author":1,"featured_media":16623,"comment_status":"closed","ping_status":"open","sticky":false,"template":"","format":"standard","meta":{"_joinchat":[],"footnotes":""},"categories":[142,156,92,140,91],"tags":[],"class_list":["post-16622","post","type-post","status-publish","format-standard","has-post-thumbnail","hentry","category-desarrollo-social","category-manta","category-noticias-manabi","category-produccion","category-todas"],"yoast_head":"<!-- This site is optimized with the Yoast SEO plugin v27.4 - https:\/\/yoast.com\/product\/yoast-seo-wordpress\/ -->\n<title>MPULSAMOS LOS EMPRENDIMIENTOS JUVENILES<\/title>\n<meta name=\"description\" content=\"260 adolescentes del cant\u00f3n Manta, de edades comprendidas entre 12 a 17 a\u00f1os de edad, se benefician del convenio que firm\u00f3 el Gobierno de Manab\u00ed y la Fundaci\u00f3n Doulos de Santa Marianita, para dar capacitaci\u00f3n en sublimaci\u00f3n y serigraf\u00eda. Los adolescentes de los sectores Pacoche, San Pedro, La traves\u00eda, Santa Martha, Nueva Esperanza, de las parroquias San Mateo y Santa Marianita, respectivamente. &quot; Queremos llegar a los adolescentes de Manta a trav\u00e9s de la formaci\u00f3n, para que ocupen su tiempo en actividades que fortalezcan sus capacidades&quot;, dijo el prefecto Orlando. &quot;Con este proyecto ellos van a aprender a hacer diferentes dise\u00f1os de tazas, gorras, camisetas y as\u00ed comercializarlas, para que ayuden en sus hogares&quot;, dijo Nixon Alvia, presidente de la Fundaci\u00f3n Doulos. Este proyecto representa una inversi\u00f3n de 19 mil d\u00f3lares, es una alternativa para los adolescentes de Manta, quienes, adem\u00e1s de aprender un oficio, tendr\u00e1n la oportunidad para reactivarse econ\u00f3micamente.\" \/>\n<meta name=\"robots\" content=\"index, follow, max-snippet:-1, max-image-preview:large, max-video-preview:-1\" \/>\n<link rel=\"canonical\" href=\"https:\/\/www.manabi.gob.ec\/index.php\/impulsamos-los-emprendimientos-juveniles\/\" \/>\n<meta property=\"og:locale\" content=\"es_ES\" \/>\n<meta property=\"og:type\" content=\"article\" \/>\n<meta property=\"og:title\" content=\"MPULSAMOS LOS EMPRENDIMIENTOS JUVENILES\" \/>\n<meta property=\"og:description\" content=\"260 adolescentes del cant\u00f3n Manta, de edades comprendidas entre 12 a 17 a\u00f1os de edad, se benefician del convenio que firm\u00f3 el Gobierno de Manab\u00ed y la Fundaci\u00f3n Doulos de Santa Marianita, para dar capacitaci\u00f3n en sublimaci\u00f3n y serigraf\u00eda. Los adolescentes de los sectores Pacoche, San Pedro, La traves\u00eda, Santa Martha, Nueva Esperanza, de las parroquias San Mateo y Santa Marianita, respectivamente. &quot; Queremos llegar a los adolescentes de Manta a trav\u00e9s de la formaci\u00f3n, para que ocupen su tiempo en actividades que fortalezcan sus capacidades&quot;, dijo el prefecto Orlando. &quot;Con este proyecto ellos van a aprender a hacer diferentes dise\u00f1os de tazas, gorras, camisetas y as\u00ed comercializarlas, para que ayuden en sus hogares&quot;, dijo Nixon Alvia, presidente de la Fundaci\u00f3n Doulos. Este proyecto representa una inversi\u00f3n de 19 mil d\u00f3lares, es una alternativa para los adolescentes de Manta, quienes, adem\u00e1s de aprender un oficio, tendr\u00e1n la oportunidad para reactivarse econ\u00f3micamente.\" \/>\n<meta property=\"og:url\" content=\"https:\/\/www.manabi.gob.ec\/index.php\/impulsamos-los-emprendimientos-juveniles\/\" \/>\n<meta property=\"og:site_name\" content=\"Prefectura de Manab\u00ed\" \/>\n<meta property=\"article:published_time\" content=\"2021-04-04T15:20:21+00:00\" \/>\n<meta property=\"article:modified_time\" content=\"2021-04-04T15:20:24+00:00\" \/>\n<meta property=\"og:image\" content=\"https:\/\/www.manabi.gob.ec\/wp-content\/uploads\/2021\/04\/Firma-de-convenio-Fundacion-DOULOS.jpeg\" \/>\n\t<meta property=\"og:image:width\" content=\"1280\" \/>\n\t<meta property=\"og:image:height\" content=\"853\" \/>\n\t<meta property=\"og:image:type\" content=\"image\/jpeg\" \/>\n<meta name=\"author\" content=\"admin\" \/>\n<meta name=\"twitter:card\" content=\"summary_large_image\" \/>\n<meta name=\"twitter:label1\" content=\"Escrito por\" \/>\n\t<meta name=\"twitter:data1\" content=\"admin\" \/>\n\t<meta name=\"twitter:label2\" content=\"Tiempo de lectura\" \/>\n\t<meta name=\"twitter:data2\" content=\"1 minuto\" \/>\n<script type=\"application\/ld+json\" class=\"yoast-schema-graph\">{\"@context\":\"https:\\\/\\\/schema.org\",\"@graph\":[{\"@type\":\"Article\",\"@id\":\"https:\\\/\\\/www.manabi.gob.ec\\\/index.php\\\/impulsamos-los-emprendimientos-juveniles\\\/#article\",\"isPartOf\":{\"@id\":\"https:\\\/\\\/www.manabi.gob.ec\\\/index.php\\\/impulsamos-los-emprendimientos-juveniles\\\/\"},\"author\":{\"name\":\"admin\",\"@id\":\"https:\\\/\\\/www.manabi.gob.ec\\\/#\\\/schema\\\/person\\\/cfc71bd68fe2703b779edcc292a49722\"},\"headline\":\"IMPULSAMOS LOS EMPRENDIMIENTOS JUVENILES\",\"datePublished\":\"2021-04-04T15:20:21+00:00\",\"dateModified\":\"2021-04-04T15:20:24+00:00\",\"mainEntityOfPage\":{\"@id\":\"https:\\\/\\\/www.manabi.gob.ec\\\/index.php\\\/impulsamos-los-emprendimientos-juveniles\\\/\"},\"wordCount\":168,\"image\":{\"@id\":\"https:\\\/\\\/www.manabi.gob.ec\\\/index.php\\\/impulsamos-los-emprendimientos-juveniles\\\/#primaryimage\"},\"thumbnailUrl\":\"https:\\\/\\\/www.manabi.gob.ec\\\/wp-content\\\/uploads\\\/2021\\\/04\\\/Firma-de-convenio-Fundacion-DOULOS.jpeg\",\"articleSection\":[\"Desarrollo Social\",\"Manta\",\"Noticias\",\"Producci\u00f3n\",\"Todas\"],\"inLanguage\":\"es\"},{\"@type\":\"WebPage\",\"@id\":\"https:\\\/\\\/www.manabi.gob.ec\\\/index.php\\\/impulsamos-los-emprendimientos-juveniles\\\/\",\"url\":\"https:\\\/\\\/www.manabi.gob.ec\\\/index.php\\\/impulsamos-los-emprendimientos-juveniles\\\/\",\"name\":\"MPULSAMOS LOS EMPRENDIMIENTOS JUVENILES\",\"isPartOf\":{\"@id\":\"https:\\\/\\\/www.manabi.gob.ec\\\/#website\"},\"primaryImageOfPage\":{\"@id\":\"https:\\\/\\\/www.manabi.gob.ec\\\/index.php\\\/impulsamos-los-emprendimientos-juveniles\\\/#primaryimage\"},\"image\":{\"@id\":\"https:\\\/\\\/www.manabi.gob.ec\\\/index.php\\\/impulsamos-los-emprendimientos-juveniles\\\/#primaryimage\"},\"thumbnailUrl\":\"https:\\\/\\\/www.manabi.gob.ec\\\/wp-content\\\/uploads\\\/2021\\\/04\\\/Firma-de-convenio-Fundacion-DOULOS.jpeg\",\"datePublished\":\"2021-04-04T15:20:21+00:00\",\"dateModified\":\"2021-04-04T15:20:24+00:00\",\"author\":{\"@id\":\"https:\\\/\\\/www.manabi.gob.ec\\\/#\\\/schema\\\/person\\\/cfc71bd68fe2703b779edcc292a49722\"},\"description\":\"260 adolescentes del cant\u00f3n Manta, de edades comprendidas entre 12 a 17 a\u00f1os de edad, se benefician del convenio que firm\u00f3 el Gobierno de Manab\u00ed y la Fundaci\u00f3n Doulos de Santa Marianita, para dar capacitaci\u00f3n en sublimaci\u00f3n y serigraf\u00eda. Los adolescentes de los sectores Pacoche, San Pedro, La traves\u00eda, Santa Martha, Nueva Esperanza, de las parroquias San Mateo y Santa Marianita, respectivamente. \\\" Queremos llegar a los adolescentes de Manta a trav\u00e9s de la formaci\u00f3n, para que ocupen su tiempo en actividades que fortalezcan sus capacidades\\\", dijo el prefecto Orlando. \\\"Con este proyecto ellos van a aprender a hacer diferentes dise\u00f1os de tazas, gorras, camisetas y as\u00ed comercializarlas, para que ayuden en sus hogares\\\", dijo Nixon Alvia, presidente de la Fundaci\u00f3n Doulos. Este proyecto representa una inversi\u00f3n de 19 mil d\u00f3lares, es una alternativa para los adolescentes de Manta, quienes, adem\u00e1s de aprender un oficio, tendr\u00e1n la oportunidad para reactivarse econ\u00f3micamente.\",\"breadcrumb\":{\"@id\":\"https:\\\/\\\/www.manabi.gob.ec\\\/index.php\\\/impulsamos-los-emprendimientos-juveniles\\\/#breadcrumb\"},\"inLanguage\":\"es\",\"potentialAction\":[{\"@type\":\"ReadAction\",\"target\":[\"https:\\\/\\\/www.manabi.gob.ec\\\/index.php\\\/impulsamos-los-emprendimientos-juveniles\\\/\"]}]},{\"@type\":\"ImageObject\",\"inLanguage\":\"es\",\"@id\":\"https:\\\/\\\/www.manabi.gob.ec\\\/index.php\\\/impulsamos-los-emprendimientos-juveniles\\\/#primaryimage\",\"url\":\"https:\\\/\\\/www.manabi.gob.ec\\\/wp-content\\\/uploads\\\/2021\\\/04\\\/Firma-de-convenio-Fundacion-DOULOS.jpeg\",\"contentUrl\":\"https:\\\/\\\/www.manabi.gob.ec\\\/wp-content\\\/uploads\\\/2021\\\/04\\\/Firma-de-convenio-Fundacion-DOULOS.jpeg\",\"width\":1280,\"height\":853},{\"@type\":\"BreadcrumbList\",\"@id\":\"https:\\\/\\\/www.manabi.gob.ec\\\/index.php\\\/impulsamos-los-emprendimientos-juveniles\\\/#breadcrumb\",\"itemListElement\":[{\"@type\":\"ListItem\",\"position\":1,\"name\":\"Portada\",\"item\":\"https:\\\/\\\/www.manabi.gob.ec\\\/\"},{\"@type\":\"ListItem\",\"position\":2,\"name\":\"IMPULSAMOS LOS EMPRENDIMIENTOS JUVENILES\"}]},{\"@type\":\"WebSite\",\"@id\":\"https:\\\/\\\/www.manabi.gob.ec\\\/#website\",\"url\":\"https:\\\/\\\/www.manabi.gob.ec\\\/\",\"name\":\"Prefectura de Manab\u00ed\",\"description\":\"P\u00e1gina web de la prefectura\",\"potentialAction\":[{\"@type\":\"SearchAction\",\"target\":{\"@type\":\"EntryPoint\",\"urlTemplate\":\"https:\\\/\\\/www.manabi.gob.ec\\\/?s={search_term_string}\"},\"query-input\":{\"@type\":\"PropertyValueSpecification\",\"valueRequired\":true,\"valueName\":\"search_term_string\"}}],\"inLanguage\":\"es\"},{\"@type\":\"Person\",\"@id\":\"https:\\\/\\\/www.manabi.gob.ec\\\/#\\\/schema\\\/person\\\/cfc71bd68fe2703b779edcc292a49722\",\"name\":\"admin\",\"image\":{\"@type\":\"ImageObject\",\"inLanguage\":\"es\",\"@id\":\"https:\\\/\\\/secure.gravatar.com\\\/avatar\\\/23e9f919492b0a2f65aa168e0d8c5c867ea853b61deffbadf08c7031e15b8d78?s=96&d=mm&r=g\",\"url\":\"https:\\\/\\\/secure.gravatar.com\\\/avatar\\\/23e9f919492b0a2f65aa168e0d8c5c867ea853b61deffbadf08c7031e15b8d78?s=96&d=mm&r=g\",\"contentUrl\":\"https:\\\/\\\/secure.gravatar.com\\\/avatar\\\/23e9f919492b0a2f65aa168e0d8c5c867ea853b61deffbadf08c7031e15b8d78?s=96&d=mm&r=g\",\"caption\":\"admin\"},\"sameAs\":[\"http:\\\/\\\/www.manabi.gob.ec\"],\"url\":\"https:\\\/\\\/www.manabi.gob.ec\\\/index.php\\\/author\\\/admin\\\/\"}]}<\/script>\n<!-- \/ Yoast SEO plugin. -->","yoast_head_json":{"title":"MPULSAMOS LOS EMPRENDIMIENTOS JUVENILES","description":"260 adolescentes del cant\u00f3n Manta, de edades comprendidas entre 12 a 17 a\u00f1os de edad, se benefician del convenio que firm\u00f3 el Gobierno de Manab\u00ed y la Fundaci\u00f3n Doulos de Santa Marianita, para dar capacitaci\u00f3n en sublimaci\u00f3n y serigraf\u00eda. Los adolescentes de los sectores Pacoche, San Pedro, La traves\u00eda, Santa Martha, Nueva Esperanza, de las parroquias San Mateo y Santa Marianita, respectivamente. \" Queremos llegar a los adolescentes de Manta a trav\u00e9s de la formaci\u00f3n, para que ocupen su tiempo en actividades que fortalezcan sus capacidades\", dijo el prefecto Orlando. \"Con este proyecto ellos van a aprender a hacer diferentes dise\u00f1os de tazas, gorras, camisetas y as\u00ed comercializarlas, para que ayuden en sus hogares\", dijo Nixon Alvia, presidente de la Fundaci\u00f3n Doulos. Este proyecto representa una inversi\u00f3n de 19 mil d\u00f3lares, es una alternativa para los adolescentes de Manta, quienes, adem\u00e1s de aprender un oficio, tendr\u00e1n la oportunidad para reactivarse econ\u00f3micamente.","robots":{"index":"index","follow":"follow","max-snippet":"max-snippet:-1","max-image-preview":"max-image-preview:large","max-video-preview":"max-video-preview:-1"},"canonical":"https:\/\/www.manabi.gob.ec\/index.php\/impulsamos-los-emprendimientos-juveniles\/","og_locale":"es_ES","og_type":"article","og_title":"MPULSAMOS LOS EMPRENDIMIENTOS JUVENILES","og_description":"260 adolescentes del cant\u00f3n Manta, de edades comprendidas entre 12 a 17 a\u00f1os de edad, se benefician del convenio que firm\u00f3 el Gobierno de Manab\u00ed y la Fundaci\u00f3n Doulos de Santa Marianita, para dar capacitaci\u00f3n en sublimaci\u00f3n y serigraf\u00eda. Los adolescentes de los sectores Pacoche, San Pedro, La traves\u00eda, Santa Martha, Nueva Esperanza, de las parroquias San Mateo y Santa Marianita, respectivamente. \" Queremos llegar a los adolescentes de Manta a trav\u00e9s de la formaci\u00f3n, para que ocupen su tiempo en actividades que fortalezcan sus capacidades\", dijo el prefecto Orlando. \"Con este proyecto ellos van a aprender a hacer diferentes dise\u00f1os de tazas, gorras, camisetas y as\u00ed comercializarlas, para que ayuden en sus hogares\", dijo Nixon Alvia, presidente de la Fundaci\u00f3n Doulos. Este proyecto representa una inversi\u00f3n de 19 mil d\u00f3lares, es una alternativa para los adolescentes de Manta, quienes, adem\u00e1s de aprender un oficio, tendr\u00e1n la oportunidad para reactivarse econ\u00f3micamente.","og_url":"https:\/\/www.manabi.gob.ec\/index.php\/impulsamos-los-emprendimientos-juveniles\/","og_site_name":"Prefectura de Manab\u00ed","article_published_time":"2021-04-04T15:20:21+00:00","article_modified_time":"2021-04-04T15:20:24+00:00","og_image":[{"width":1280,"height":853,"url":"https:\/\/www.manabi.gob.ec\/wp-content\/uploads\/2021\/04\/Firma-de-convenio-Fundacion-DOULOS.jpeg","type":"image\/jpeg"}],"author":"admin","twitter_card":"summary_large_image","twitter_misc":{"Escrito por":"admin","Tiempo de lectura":"1 minuto"},"schema":{"@context":"https:\/\/schema.org","@graph":[{"@type":"Article","@id":"https:\/\/www.manabi.gob.ec\/index.php\/impulsamos-los-emprendimientos-juveniles\/#article","isPartOf":{"@id":"https:\/\/www.manabi.gob.ec\/index.php\/impulsamos-los-emprendimientos-juveniles\/"},"author":{"name":"admin","@id":"https:\/\/www.manabi.gob.ec\/#\/schema\/person\/cfc71bd68fe2703b779edcc292a49722"},"headline":"IMPULSAMOS LOS EMPRENDIMIENTOS JUVENILES","datePublished":"2021-04-04T15:20:21+00:00","dateModified":"2021-04-04T15:20:24+00:00","mainEntityOfPage":{"@id":"https:\/\/www.manabi.gob.ec\/index.php\/impulsamos-los-emprendimientos-juveniles\/"},"wordCount":168,"image":{"@id":"https:\/\/www.manabi.gob.ec\/index.php\/impulsamos-los-emprendimientos-juveniles\/#primaryimage"},"thumbnailUrl":"https:\/\/www.manabi.gob.ec\/wp-content\/uploads\/2021\/04\/Firma-de-convenio-Fundacion-DOULOS.jpeg","articleSection":["Desarrollo Social","Manta","Noticias","Producci\u00f3n","Todas"],"inLanguage":"es"},{"@type":"WebPage","@id":"https:\/\/www.manabi.gob.ec\/index.php\/impulsamos-los-emprendimientos-juveniles\/","url":"https:\/\/www.manabi.gob.ec\/index.php\/impulsamos-los-emprendimientos-juveniles\/","name":"MPULSAMOS LOS EMPRENDIMIENTOS JUVENILES","isPartOf":{"@id":"https:\/\/www.manabi.gob.ec\/#website"},"primaryImageOfPage":{"@id":"https:\/\/www.manabi.gob.ec\/index.php\/impulsamos-los-emprendimientos-juveniles\/#primaryimage"},"image":{"@id":"https:\/\/www.manabi.gob.ec\/index.php\/impulsamos-los-emprendimientos-juveniles\/#primaryimage"},"thumbnailUrl":"https:\/\/www.manabi.gob.ec\/wp-content\/uploads\/2021\/04\/Firma-de-convenio-Fundacion-DOULOS.jpeg","datePublished":"2021-04-04T15:20:21+00:00","dateModified":"2021-04-04T15:20:24+00:00","author":{"@id":"https:\/\/www.manabi.gob.ec\/#\/schema\/person\/cfc71bd68fe2703b779edcc292a49722"},"description":"260 adolescentes del cant\u00f3n Manta, de edades comprendidas entre 12 a 17 a\u00f1os de edad, se benefician del convenio que firm\u00f3 el Gobierno de Manab\u00ed y la Fundaci\u00f3n Doulos de Santa Marianita, para dar capacitaci\u00f3n en sublimaci\u00f3n y serigraf\u00eda. Los adolescentes de los sectores Pacoche, San Pedro, La traves\u00eda, Santa Martha, Nueva Esperanza, de las parroquias San Mateo y Santa Marianita, respectivamente. \" Queremos llegar a los adolescentes de Manta a trav\u00e9s de la formaci\u00f3n, para que ocupen su tiempo en actividades que fortalezcan sus capacidades\", dijo el prefecto Orlando. \"Con este proyecto ellos van a aprender a hacer diferentes dise\u00f1os de tazas, gorras, camisetas y as\u00ed comercializarlas, para que ayuden en sus hogares\", dijo Nixon Alvia, presidente de la Fundaci\u00f3n Doulos. Este proyecto representa una inversi\u00f3n de 19 mil d\u00f3lares, es una alternativa para los adolescentes de Manta, quienes, adem\u00e1s de aprender un oficio, tendr\u00e1n la oportunidad para reactivarse econ\u00f3micamente.","breadcrumb":{"@id":"https:\/\/www.manabi.gob.ec\/index.php\/impulsamos-los-emprendimientos-juveniles\/#breadcrumb"},"inLanguage":"es","potentialAction":[{"@type":"ReadAction","target":["https:\/\/www.manabi.gob.ec\/index.php\/impulsamos-los-emprendimientos-juveniles\/"]}]},{"@type":"ImageObject","inLanguage":"es","@id":"https:\/\/www.manabi.gob.ec\/index.php\/impulsamos-los-emprendimientos-juveniles\/#primaryimage","url":"https:\/\/www.manabi.gob.ec\/wp-content\/uploads\/2021\/04\/Firma-de-convenio-Fundacion-DOULOS.jpeg","contentUrl":"https:\/\/www.manabi.gob.ec\/wp-content\/uploads\/2021\/04\/Firma-de-convenio-Fundacion-DOULOS.jpeg","width":1280,"height":853},{"@type":"BreadcrumbList","@id":"https:\/\/www.manabi.gob.ec\/index.php\/impulsamos-los-emprendimientos-juveniles\/#breadcrumb","itemListElement":[{"@type":"ListItem","position":1,"name":"Portada","item":"https:\/\/www.manabi.gob.ec\/"},{"@type":"ListItem","position":2,"name":"IMPULSAMOS LOS EMPRENDIMIENTOS JUVENILES"}]},{"@type":"WebSite","@id":"https:\/\/www.manabi.gob.ec\/#website","url":"https:\/\/www.manabi.gob.ec\/","name":"Prefectura de Manab\u00ed","description":"P\u00e1gina web de la prefectura","potentialAction":[{"@type":"SearchAction","target":{"@type":"EntryPoint","urlTemplate":"https:\/\/www.manabi.gob.ec\/?s={search_term_string}"},"query-input":{"@type":"PropertyValueSpecification","valueRequired":true,"valueName":"search_term_string"}}],"inLanguage":"es"},{"@type":"Person","@id":"https:\/\/www.manabi.gob.ec\/#\/schema\/person\/cfc71bd68fe2703b779edcc292a49722","name":"admin","image":{"@type":"ImageObject","inLanguage":"es","@id":"https:\/\/secure.gravatar.com\/avatar\/23e9f919492b0a2f65aa168e0d8c5c867ea853b61deffbadf08c7031e15b8d78?s=96&d=mm&r=g","url":"https:\/\/secure.gravatar.com\/avatar\/23e9f919492b0a2f65aa168e0d8c5c867ea853b61deffbadf08c7031e15b8d78?s=96&d=mm&r=g","contentUrl":"https:\/\/secure.gravatar.com\/avatar\/23e9f919492b0a2f65aa168e0d8c5c867ea853b61deffbadf08c7031e15b8d78?s=96&d=mm&r=g","caption":"admin"},"sameAs":["http:\/\/www.manabi.gob.ec"],"url":"https:\/\/www.manabi.gob.ec\/index.php\/author\/admin\/"}]}},"jetpack_featured_media_url":"https:\/\/www.manabi.gob.ec\/wp-content\/uploads\/2021\/04\/Firma-de-convenio-Fundacion-DOULOS.jpeg","_links":{"self":[{"href":"https:\/\/www.manabi.gob.ec\/index.php\/wp-json\/wp\/v2\/posts\/16622","targetHints":{"allow":["GET"]}}],"collection":[{"href":"https:\/\/www.manabi.gob.ec\/index.php\/wp-json\/wp\/v2\/posts"}],"about":[{"href":"https:\/\/www.manabi.gob.ec\/index.php\/wp-json\/wp\/v2\/types\/post"}],"author":[{"embeddable":true,"href":"https:\/\/www.manabi.gob.ec\/index.php\/wp-json\/wp\/v2\/users\/1"}],"replies":[{"embeddable":true,"href":"https:\/\/www.manabi.gob.ec\/index.php\/wp-json\/wp\/v2\/comments?post=16622"}],"version-history":[{"count":0,"href":"https:\/\/www.manabi.gob.ec\/index.php\/wp-json\/wp\/v2\/posts\/16622\/revisions"}],"wp:featuredmedia":[{"embeddable":true,"href":"https:\/\/www.manabi.gob.ec\/index.php\/wp-json\/wp\/v2\/media\/16623"}],"wp:attachment":[{"href":"https:\/\/www.manabi.gob.ec\/index.php\/wp-json\/wp\/v2\/media?parent=16622"}],"wp:term":[{"taxonomy":"category","embeddable":true,"href":"https:\/\/www.manabi.gob.ec\/index.php\/wp-json\/wp\/v2\/categories?post=16622"},{"taxonomy":"post_tag","embeddable":true,"href":"https:\/\/www.manabi.gob.ec\/index.php\/wp-json\/wp\/v2\/tags?post=16622"}],"curies":[{"name":"wp","href":"https:\/\/api.w.org\/{rel}","templated":true}]}}