{"id":16667,"date":"2021-04-07T00:24:25","date_gmt":"2021-04-07T00:24:25","guid":{"rendered":"https:\/\/www.manabi.gob.ec\/?p=16667"},"modified":"2021-04-07T00:24:27","modified_gmt":"2021-04-07T00:24:27","slug":"prefectura-dona-motobomba-al-canton-santa-ana","status":"publish","type":"post","link":"https:\/\/www.manabi.gob.ec\/index.php\/prefectura-dona-motobomba-al-canton-santa-ana\/","title":{"rendered":"PREFECTURA DONA MOTOBOMBA AL CANT\u00d3N SANTA ANA"},"content":{"rendered":"\n<p>Un carro de bomberos, con su respectivo equipo para extinci\u00f3n de incendios, fue donado por la Prefectura de Manab\u00ed al GAD cantonal de Santa Ana, mediante comodato por dos a\u00f1os.&nbsp;<\/p>\n\n\n\n<p>La donaci\u00f3n fue&nbsp;aprobada en la \u00faltima sesi\u00f3n de Corporaci\u00f3n Provincial y entregada este lunes 5 de abril por el prefecto, Leonardo Orlando, al alcalde, Orlando Garc\u00eda, para apoyar la labor del Cuerpo de Bomberos Ram\u00f3n Gumercindo Barrezueta, del mencionado cant\u00f3n.&nbsp;<\/p>\n\n\n\n<p>\u00abRatificamos nuestro compromiso para ayudar a los bomberos voluntarios. Vamos a seguir impulsando gestiones para el fortalecimiento de gesti\u00f3n de riesgos, que desde este \u00e1mbito del cuidado y seguridad, los manabitas cuenten con nuestro contingente\u00bb, dijo el Prefecto.&nbsp;<\/p>\n\n\n\n<p>Agreg\u00f3, que ahora los bomberos de Santa Ana podr\u00e1n disponer de esta unidad para que presten sus servicios en situaci\u00f3n de emergencia como incendios forestales que se puedan presentar, por lo que ser\u00e1 de mucha utilidad.&nbsp;<\/p>\n\n\n\n<p>Con esta donaci\u00f3n contamos con tres motobombas para atender emergencias dentro y fuera del cant\u00f3n, inform\u00f3 el Teniente Coronel, Cristhian Mac\u00edas, Comandante del Cuerpo de Bomberos.&nbsp;<\/p>\n\n\n\n<p>El carro motobomba incluye dos mangueras anilladas para succi\u00f3n de agua, 12 mangueras contra incendios, una gata hidr\u00e1ulica,&nbsp; dos racor de aluminio, y una llave de rueda.<\/p>\n","protected":false},"excerpt":{"rendered":"<p>Un carro de bomberos, con su respectivo equipo para extinci\u00f3n de incendios, fue donado por la Prefectura de Manab\u00ed al GAD cantonal de Santa Ana, mediante comodato por dos a\u00f1os.<\/p>\n","protected":false},"author":1,"featured_media":16668,"comment_status":"closed","ping_status":"open","sticky":false,"template":"","format":"standard","meta":{"_joinchat":[],"footnotes":""},"categories":[142,92,107,91],"tags":[],"class_list":["post-16667","post","type-post","status-publish","format-standard","has-post-thumbnail","hentry","category-desarrollo-social","category-noticias-manabi","category-santa-ana","category-todas"],"yoast_head":"<!-- This site is optimized with the Yoast SEO plugin v27.4 - https:\/\/yoast.com\/product\/yoast-seo-wordpress\/ -->\n<title>PREFECTURA DONA MOTOBOMBA AL CANT\u00d3N SANTA ANA - Prefectura de Manab\u00ed<\/title>\n<meta name=\"robots\" content=\"index, follow, max-snippet:-1, max-image-preview:large, max-video-preview:-1\" \/>\n<link rel=\"canonical\" href=\"https:\/\/www.manabi.gob.ec\/index.php\/prefectura-dona-motobomba-al-canton-santa-ana\/\" \/>\n<meta property=\"og:locale\" content=\"es_ES\" \/>\n<meta property=\"og:type\" content=\"article\" \/>\n<meta property=\"og:title\" content=\"PREFECTURA DONA MOTOBOMBA AL CANT\u00d3N SANTA ANA - Prefectura de Manab\u00ed\" \/>\n<meta property=\"og:description\" content=\"Un carro de bomberos, con su respectivo equipo para extinci\u00f3n de incendios, fue donado por la Prefectura de Manab\u00ed al GAD cantonal de Santa Ana, mediante comodato por dos a\u00f1os.\" \/>\n<meta property=\"og:url\" content=\"https:\/\/www.manabi.gob.ec\/index.php\/prefectura-dona-motobomba-al-canton-santa-ana\/\" \/>\n<meta property=\"og:site_name\" content=\"Prefectura de Manab\u00ed\" \/>\n<meta property=\"article:published_time\" content=\"2021-04-07T00:24:25+00:00\" \/>\n<meta property=\"article:modified_time\" content=\"2021-04-07T00:24:27+00:00\" \/>\n<meta property=\"og:image\" content=\"https:\/\/www.manabi.gob.ec\/wp-content\/uploads\/2021\/04\/Donacion-de-motobomba-a-Santa-Ana-1.jpeg\" \/>\n\t<meta property=\"og:image:width\" content=\"1280\" \/>\n\t<meta property=\"og:image:height\" content=\"853\" \/>\n\t<meta property=\"og:image:type\" content=\"image\/jpeg\" \/>\n<meta name=\"author\" content=\"admin\" \/>\n<meta name=\"twitter:card\" content=\"summary_large_image\" \/>\n<meta name=\"twitter:label1\" content=\"Escrito por\" \/>\n\t<meta name=\"twitter:data1\" content=\"admin\" \/>\n\t<meta name=\"twitter:label2\" content=\"Tiempo de lectura\" \/>\n\t<meta name=\"twitter:data2\" content=\"1 minuto\" \/>\n<script type=\"application\/ld+json\" class=\"yoast-schema-graph\">{\"@context\":\"https:\\\/\\\/schema.org\",\"@graph\":[{\"@type\":\"Article\",\"@id\":\"https:\\\/\\\/www.manabi.gob.ec\\\/index.php\\\/prefectura-dona-motobomba-al-canton-santa-ana\\\/#article\",\"isPartOf\":{\"@id\":\"https:\\\/\\\/www.manabi.gob.ec\\\/index.php\\\/prefectura-dona-motobomba-al-canton-santa-ana\\\/\"},\"author\":{\"name\":\"admin\",\"@id\":\"https:\\\/\\\/www.manabi.gob.ec\\\/#\\\/schema\\\/person\\\/cfc71bd68fe2703b779edcc292a49722\"},\"headline\":\"PREFECTURA DONA MOTOBOMBA AL CANT\u00d3N SANTA ANA\",\"datePublished\":\"2021-04-07T00:24:25+00:00\",\"dateModified\":\"2021-04-07T00:24:27+00:00\",\"mainEntityOfPage\":{\"@id\":\"https:\\\/\\\/www.manabi.gob.ec\\\/index.php\\\/prefectura-dona-motobomba-al-canton-santa-ana\\\/\"},\"wordCount\":227,\"image\":{\"@id\":\"https:\\\/\\\/www.manabi.gob.ec\\\/index.php\\\/prefectura-dona-motobomba-al-canton-santa-ana\\\/#primaryimage\"},\"thumbnailUrl\":\"https:\\\/\\\/www.manabi.gob.ec\\\/wp-content\\\/uploads\\\/2021\\\/04\\\/Donacion-de-motobomba-a-Santa-Ana-1.jpeg\",\"articleSection\":[\"Desarrollo Social\",\"Noticias\",\"Santa ana\",\"Todas\"],\"inLanguage\":\"es\"},{\"@type\":\"WebPage\",\"@id\":\"https:\\\/\\\/www.manabi.gob.ec\\\/index.php\\\/prefectura-dona-motobomba-al-canton-santa-ana\\\/\",\"url\":\"https:\\\/\\\/www.manabi.gob.ec\\\/index.php\\\/prefectura-dona-motobomba-al-canton-santa-ana\\\/\",\"name\":\"PREFECTURA DONA MOTOBOMBA AL CANT\u00d3N SANTA ANA - Prefectura de Manab\u00ed\",\"isPartOf\":{\"@id\":\"https:\\\/\\\/www.manabi.gob.ec\\\/#website\"},\"primaryImageOfPage\":{\"@id\":\"https:\\\/\\\/www.manabi.gob.ec\\\/index.php\\\/prefectura-dona-motobomba-al-canton-santa-ana\\\/#primaryimage\"},\"image\":{\"@id\":\"https:\\\/\\\/www.manabi.gob.ec\\\/index.php\\\/prefectura-dona-motobomba-al-canton-santa-ana\\\/#primaryimage\"},\"thumbnailUrl\":\"https:\\\/\\\/www.manabi.gob.ec\\\/wp-content\\\/uploads\\\/2021\\\/04\\\/Donacion-de-motobomba-a-Santa-Ana-1.jpeg\",\"datePublished\":\"2021-04-07T00:24:25+00:00\",\"dateModified\":\"2021-04-07T00:24:27+00:00\",\"author\":{\"@id\":\"https:\\\/\\\/www.manabi.gob.ec\\\/#\\\/schema\\\/person\\\/cfc71bd68fe2703b779edcc292a49722\"},\"breadcrumb\":{\"@id\":\"https:\\\/\\\/www.manabi.gob.ec\\\/index.php\\\/prefectura-dona-motobomba-al-canton-santa-ana\\\/#breadcrumb\"},\"inLanguage\":\"es\",\"potentialAction\":[{\"@type\":\"ReadAction\",\"target\":[\"https:\\\/\\\/www.manabi.gob.ec\\\/index.php\\\/prefectura-dona-motobomba-al-canton-santa-ana\\\/\"]}]},{\"@type\":\"ImageObject\",\"inLanguage\":\"es\",\"@id\":\"https:\\\/\\\/www.manabi.gob.ec\\\/index.php\\\/prefectura-dona-motobomba-al-canton-santa-ana\\\/#primaryimage\",\"url\":\"https:\\\/\\\/www.manabi.gob.ec\\\/wp-content\\\/uploads\\\/2021\\\/04\\\/Donacion-de-motobomba-a-Santa-Ana-1.jpeg\",\"contentUrl\":\"https:\\\/\\\/www.manabi.gob.ec\\\/wp-content\\\/uploads\\\/2021\\\/04\\\/Donacion-de-motobomba-a-Santa-Ana-1.jpeg\",\"width\":1280,\"height\":853},{\"@type\":\"BreadcrumbList\",\"@id\":\"https:\\\/\\\/www.manabi.gob.ec\\\/index.php\\\/prefectura-dona-motobomba-al-canton-santa-ana\\\/#breadcrumb\",\"itemListElement\":[{\"@type\":\"ListItem\",\"position\":1,\"name\":\"Portada\",\"item\":\"https:\\\/\\\/www.manabi.gob.ec\\\/\"},{\"@type\":\"ListItem\",\"position\":2,\"name\":\"PREFECTURA DONA MOTOBOMBA AL CANT\u00d3N SANTA ANA\"}]},{\"@type\":\"WebSite\",\"@id\":\"https:\\\/\\\/www.manabi.gob.ec\\\/#website\",\"url\":\"https:\\\/\\\/www.manabi.gob.ec\\\/\",\"name\":\"Prefectura de Manab\u00ed\",\"description\":\"P\u00e1gina web de la prefectura\",\"potentialAction\":[{\"@type\":\"SearchAction\",\"target\":{\"@type\":\"EntryPoint\",\"urlTemplate\":\"https:\\\/\\\/www.manabi.gob.ec\\\/?s={search_term_string}\"},\"query-input\":{\"@type\":\"PropertyValueSpecification\",\"valueRequired\":true,\"valueName\":\"search_term_string\"}}],\"inLanguage\":\"es\"},{\"@type\":\"Person\",\"@id\":\"https:\\\/\\\/www.manabi.gob.ec\\\/#\\\/schema\\\/person\\\/cfc71bd68fe2703b779edcc292a49722\",\"name\":\"admin\",\"image\":{\"@type\":\"ImageObject\",\"inLanguage\":\"es\",\"@id\":\"https:\\\/\\\/secure.gravatar.com\\\/avatar\\\/23e9f919492b0a2f65aa168e0d8c5c867ea853b61deffbadf08c7031e15b8d78?s=96&d=mm&r=g\",\"url\":\"https:\\\/\\\/secure.gravatar.com\\\/avatar\\\/23e9f919492b0a2f65aa168e0d8c5c867ea853b61deffbadf08c7031e15b8d78?s=96&d=mm&r=g\",\"contentUrl\":\"https:\\\/\\\/secure.gravatar.com\\\/avatar\\\/23e9f919492b0a2f65aa168e0d8c5c867ea853b61deffbadf08c7031e15b8d78?s=96&d=mm&r=g\",\"caption\":\"admin\"},\"sameAs\":[\"http:\\\/\\\/www.manabi.gob.ec\"],\"url\":\"https:\\\/\\\/www.manabi.gob.ec\\\/index.php\\\/author\\\/admin\\\/\"}]}<\/script>\n<!-- \/ Yoast SEO plugin. -->","yoast_head_json":{"title":"PREFECTURA DONA MOTOBOMBA AL CANT\u00d3N SANTA ANA - Prefectura de Manab\u00ed","robots":{"index":"index","follow":"follow","max-snippet":"max-snippet:-1","max-image-preview":"max-image-preview:large","max-video-preview":"max-video-preview:-1"},"canonical":"https:\/\/www.manabi.gob.ec\/index.php\/prefectura-dona-motobomba-al-canton-santa-ana\/","og_locale":"es_ES","og_type":"article","og_title":"PREFECTURA DONA MOTOBOMBA AL CANT\u00d3N SANTA ANA - Prefectura de Manab\u00ed","og_description":"Un carro de bomberos, con su respectivo equipo para extinci\u00f3n de incendios, fue donado por la Prefectura de Manab\u00ed al GAD cantonal de Santa Ana, mediante comodato por dos a\u00f1os.","og_url":"https:\/\/www.manabi.gob.ec\/index.php\/prefectura-dona-motobomba-al-canton-santa-ana\/","og_site_name":"Prefectura de Manab\u00ed","article_published_time":"2021-04-07T00:24:25+00:00","article_modified_time":"2021-04-07T00:24:27+00:00","og_image":[{"width":1280,"height":853,"url":"https:\/\/www.manabi.gob.ec\/wp-content\/uploads\/2021\/04\/Donacion-de-motobomba-a-Santa-Ana-1.jpeg","type":"image\/jpeg"}],"author":"admin","twitter_card":"summary_large_image","twitter_misc":{"Escrito por":"admin","Tiempo de lectura":"1 minuto"},"schema":{"@context":"https:\/\/schema.org","@graph":[{"@type":"Article","@id":"https:\/\/www.manabi.gob.ec\/index.php\/prefectura-dona-motobomba-al-canton-santa-ana\/#article","isPartOf":{"@id":"https:\/\/www.manabi.gob.ec\/index.php\/prefectura-dona-motobomba-al-canton-santa-ana\/"},"author":{"name":"admin","@id":"https:\/\/www.manabi.gob.ec\/#\/schema\/person\/cfc71bd68fe2703b779edcc292a49722"},"headline":"PREFECTURA DONA MOTOBOMBA AL CANT\u00d3N SANTA ANA","datePublished":"2021-04-07T00:24:25+00:00","dateModified":"2021-04-07T00:24:27+00:00","mainEntityOfPage":{"@id":"https:\/\/www.manabi.gob.ec\/index.php\/prefectura-dona-motobomba-al-canton-santa-ana\/"},"wordCount":227,"image":{"@id":"https:\/\/www.manabi.gob.ec\/index.php\/prefectura-dona-motobomba-al-canton-santa-ana\/#primaryimage"},"thumbnailUrl":"https:\/\/www.manabi.gob.ec\/wp-content\/uploads\/2021\/04\/Donacion-de-motobomba-a-Santa-Ana-1.jpeg","articleSection":["Desarrollo Social","Noticias","Santa ana","Todas"],"inLanguage":"es"},{"@type":"WebPage","@id":"https:\/\/www.manabi.gob.ec\/index.php\/prefectura-dona-motobomba-al-canton-santa-ana\/","url":"https:\/\/www.manabi.gob.ec\/index.php\/prefectura-dona-motobomba-al-canton-santa-ana\/","name":"PREFECTURA DONA MOTOBOMBA AL CANT\u00d3N SANTA ANA - Prefectura de Manab\u00ed","isPartOf":{"@id":"https:\/\/www.manabi.gob.ec\/#website"},"primaryImageOfPage":{"@id":"https:\/\/www.manabi.gob.ec\/index.php\/prefectura-dona-motobomba-al-canton-santa-ana\/#primaryimage"},"image":{"@id":"https:\/\/www.manabi.gob.ec\/index.php\/prefectura-dona-motobomba-al-canton-santa-ana\/#primaryimage"},"thumbnailUrl":"https:\/\/www.manabi.gob.ec\/wp-content\/uploads\/2021\/04\/Donacion-de-motobomba-a-Santa-Ana-1.jpeg","datePublished":"2021-04-07T00:24:25+00:00","dateModified":"2021-04-07T00:24:27+00:00","author":{"@id":"https:\/\/www.manabi.gob.ec\/#\/schema\/person\/cfc71bd68fe2703b779edcc292a49722"},"breadcrumb":{"@id":"https:\/\/www.manabi.gob.ec\/index.php\/prefectura-dona-motobomba-al-canton-santa-ana\/#breadcrumb"},"inLanguage":"es","potentialAction":[{"@type":"ReadAction","target":["https:\/\/www.manabi.gob.ec\/index.php\/prefectura-dona-motobomba-al-canton-santa-ana\/"]}]},{"@type":"ImageObject","inLanguage":"es","@id":"https:\/\/www.manabi.gob.ec\/index.php\/prefectura-dona-motobomba-al-canton-santa-ana\/#primaryimage","url":"https:\/\/www.manabi.gob.ec\/wp-content\/uploads\/2021\/04\/Donacion-de-motobomba-a-Santa-Ana-1.jpeg","contentUrl":"https:\/\/www.manabi.gob.ec\/wp-content\/uploads\/2021\/04\/Donacion-de-motobomba-a-Santa-Ana-1.jpeg","width":1280,"height":853},{"@type":"BreadcrumbList","@id":"https:\/\/www.manabi.gob.ec\/index.php\/prefectura-dona-motobomba-al-canton-santa-ana\/#breadcrumb","itemListElement":[{"@type":"ListItem","position":1,"name":"Portada","item":"https:\/\/www.manabi.gob.ec\/"},{"@type":"ListItem","position":2,"name":"PREFECTURA DONA MOTOBOMBA AL CANT\u00d3N SANTA ANA"}]},{"@type":"WebSite","@id":"https:\/\/www.manabi.gob.ec\/#website","url":"https:\/\/www.manabi.gob.ec\/","name":"Prefectura de Manab\u00ed","description":"P\u00e1gina web de la prefectura","potentialAction":[{"@type":"SearchAction","target":{"@type":"EntryPoint","urlTemplate":"https:\/\/www.manabi.gob.ec\/?s={search_term_string}"},"query-input":{"@type":"PropertyValueSpecification","valueRequired":true,"valueName":"search_term_string"}}],"inLanguage":"es"},{"@type":"Person","@id":"https:\/\/www.manabi.gob.ec\/#\/schema\/person\/cfc71bd68fe2703b779edcc292a49722","name":"admin","image":{"@type":"ImageObject","inLanguage":"es","@id":"https:\/\/secure.gravatar.com\/avatar\/23e9f919492b0a2f65aa168e0d8c5c867ea853b61deffbadf08c7031e15b8d78?s=96&d=mm&r=g","url":"https:\/\/secure.gravatar.com\/avatar\/23e9f919492b0a2f65aa168e0d8c5c867ea853b61deffbadf08c7031e15b8d78?s=96&d=mm&r=g","contentUrl":"https:\/\/secure.gravatar.com\/avatar\/23e9f919492b0a2f65aa168e0d8c5c867ea853b61deffbadf08c7031e15b8d78?s=96&d=mm&r=g","caption":"admin"},"sameAs":["http:\/\/www.manabi.gob.ec"],"url":"https:\/\/www.manabi.gob.ec\/index.php\/author\/admin\/"}]}},"jetpack_featured_media_url":"https:\/\/www.manabi.gob.ec\/wp-content\/uploads\/2021\/04\/Donacion-de-motobomba-a-Santa-Ana-1.jpeg","_links":{"self":[{"href":"https:\/\/www.manabi.gob.ec\/index.php\/wp-json\/wp\/v2\/posts\/16667","targetHints":{"allow":["GET"]}}],"collection":[{"href":"https:\/\/www.manabi.gob.ec\/index.php\/wp-json\/wp\/v2\/posts"}],"about":[{"href":"https:\/\/www.manabi.gob.ec\/index.php\/wp-json\/wp\/v2\/types\/post"}],"author":[{"embeddable":true,"href":"https:\/\/www.manabi.gob.ec\/index.php\/wp-json\/wp\/v2\/users\/1"}],"replies":[{"embeddable":true,"href":"https:\/\/www.manabi.gob.ec\/index.php\/wp-json\/wp\/v2\/comments?post=16667"}],"version-history":[{"count":0,"href":"https:\/\/www.manabi.gob.ec\/index.php\/wp-json\/wp\/v2\/posts\/16667\/revisions"}],"wp:featuredmedia":[{"embeddable":true,"href":"https:\/\/www.manabi.gob.ec\/index.php\/wp-json\/wp\/v2\/media\/16668"}],"wp:attachment":[{"href":"https:\/\/www.manabi.gob.ec\/index.php\/wp-json\/wp\/v2\/media?parent=16667"}],"wp:term":[{"taxonomy":"category","embeddable":true,"href":"https:\/\/www.manabi.gob.ec\/index.php\/wp-json\/wp\/v2\/categories?post=16667"},{"taxonomy":"post_tag","embeddable":true,"href":"https:\/\/www.manabi.gob.ec\/index.php\/wp-json\/wp\/v2\/tags?post=16667"}],"curies":[{"name":"wp","href":"https:\/\/api.w.org\/{rel}","templated":true}]}}