{"id":16715,"date":"2021-04-09T13:38:34","date_gmt":"2021-04-09T13:38:34","guid":{"rendered":"https:\/\/www.manabi.gob.ec\/?p=16715"},"modified":"2021-04-09T13:38:37","modified_gmt":"2021-04-09T13:38:37","slug":"pruebas-rapidas-de-covid-19-en-bolivar","status":"publish","type":"post","link":"https:\/\/www.manabi.gob.ec\/index.php\/pruebas-rapidas-de-covid-19-en-bolivar\/","title":{"rendered":"PRUEBAS R\u00c1PIDAS DE COVID-19 EN BOL\u00cdVAR"},"content":{"rendered":"\n<p>Habitantes del sitio Venturita, de la parroquia Calceta del cant\u00f3n Bol\u00edvar, acudieron desde las primeras horas de este jueves, a la brigada de salud del Gobierno de Manab\u00ed, que realiz\u00f3 150 pruebas r\u00e1pidas de COVID-19.<\/p>\n\n\n\n<p>Luigi Vera, m\u00e9dico responsable de la jornada de salud, explic\u00f3 que estas pruebas r\u00e1pidas permiten la detecci\u00f3n de anticuerpos para COVID- 19, los mismos que determinan el estado de inmunidad de las personas. \u00abEstas pruebas son para todas las edades, incluyendo hasta beb\u00e9s con autorizaci\u00f3n de sus padres\u00bb, indic\u00f3 Vera.<\/p>\n\n\n\n<p>La gestora comunitaria de la Direcci\u00f3n de Desarrollo Social, Giovanna Mendieta, inform\u00f3 que en el cant\u00f3n Bol\u00edvar se han realizado jornadas de pruebas r\u00e1pidas en los sitios Potrerillo, Las Delicias, Sauce 1, Sauce 2, Platanales, y El Tigre.<\/p>\n\n\n\n<p>A nivel de Manab\u00ed, estas brigadas m\u00e9dicas de COVID-19, se mantienen de manera permanente,<\/p>\n\n\n\n<p>y los resultados son derivados al centro de salud m\u00e1s cercano para que se realice la prueba confirmatoria en caso de que un paciente tenga anticuerpos IGM.<\/p>\n\n\n\n<p>Adem\u00e1s, en estas brigadas se brindan las recomendaciones respectivas de aislamiento, manejo en casa, el lavado de manos, y uso de mascarillas.<\/p>\n","protected":false},"excerpt":{"rendered":"<p>Habitantes del sitio Venturita, de la parroquia Calceta del cant\u00f3n Bol\u00edvar, acudieron desde las primeras horas de este jueves, a la brigada de salud del Gobierno de Manab\u00ed, que realiz\u00f3 150 pruebas r\u00e1pidas de COVID-19. Luigi Vera, m\u00e9dico responsable de la jornada de salud, explic\u00f3 que estas pruebas r\u00e1pidas permiten la detecci\u00f3n de anticuerpos para [&hellip;]<\/p>\n","protected":false},"author":1,"featured_media":16716,"comment_status":"closed","ping_status":"open","sticky":false,"template":"","format":"standard","meta":{"_joinchat":[],"footnotes":""},"categories":[213,142,92,72,91],"tags":[],"class_list":["post-16715","post","type-post","status-publish","format-standard","has-post-thumbnail","hentry","category-bolivar","category-desarrollo-social","category-noticias-manabi","category-salud","category-todas"],"yoast_head":"<!-- This site is optimized with the Yoast SEO plugin v27.4 - https:\/\/yoast.com\/product\/yoast-seo-wordpress\/ -->\n<title>PRUEBAS R\u00c1PIDAS DE COVID-19 EN BOL\u00cdVAR - Prefectura de Manab\u00ed<\/title>\n<meta name=\"robots\" content=\"index, follow, max-snippet:-1, max-image-preview:large, max-video-preview:-1\" \/>\n<link rel=\"canonical\" href=\"https:\/\/www.manabi.gob.ec\/index.php\/pruebas-rapidas-de-covid-19-en-bolivar\/\" \/>\n<meta property=\"og:locale\" content=\"es_ES\" \/>\n<meta property=\"og:type\" content=\"article\" \/>\n<meta property=\"og:title\" content=\"PRUEBAS R\u00c1PIDAS DE COVID-19 EN BOL\u00cdVAR - Prefectura de Manab\u00ed\" \/>\n<meta property=\"og:description\" content=\"Habitantes del sitio Venturita, de la parroquia Calceta del cant\u00f3n Bol\u00edvar, acudieron desde las primeras horas de este jueves, a la brigada de salud del Gobierno de Manab\u00ed, que realiz\u00f3 150 pruebas r\u00e1pidas de COVID-19. Luigi Vera, m\u00e9dico responsable de la jornada de salud, explic\u00f3 que estas pruebas r\u00e1pidas permiten la detecci\u00f3n de anticuerpos para [&hellip;]\" \/>\n<meta property=\"og:url\" content=\"https:\/\/www.manabi.gob.ec\/index.php\/pruebas-rapidas-de-covid-19-en-bolivar\/\" \/>\n<meta property=\"og:site_name\" content=\"Prefectura de Manab\u00ed\" \/>\n<meta property=\"article:published_time\" content=\"2021-04-09T13:38:34+00:00\" \/>\n<meta property=\"article:modified_time\" content=\"2021-04-09T13:38:37+00:00\" \/>\n<meta property=\"og:image\" content=\"https:\/\/www.manabi.gob.ec\/wp-content\/uploads\/2021\/04\/Screenshot_20210409-083759_Gallery.jpg\" \/>\n\t<meta property=\"og:image:width\" content=\"997\" \/>\n\t<meta property=\"og:image:height\" content=\"488\" \/>\n\t<meta property=\"og:image:type\" content=\"image\/jpeg\" \/>\n<meta name=\"author\" content=\"admin\" \/>\n<meta name=\"twitter:card\" content=\"summary_large_image\" \/>\n<meta name=\"twitter:label1\" content=\"Escrito por\" \/>\n\t<meta name=\"twitter:data1\" content=\"admin\" \/>\n\t<meta name=\"twitter:label2\" content=\"Tiempo de lectura\" \/>\n\t<meta name=\"twitter:data2\" content=\"1 minuto\" \/>\n<script type=\"application\/ld+json\" class=\"yoast-schema-graph\">{\"@context\":\"https:\\\/\\\/schema.org\",\"@graph\":[{\"@type\":\"Article\",\"@id\":\"https:\\\/\\\/www.manabi.gob.ec\\\/index.php\\\/pruebas-rapidas-de-covid-19-en-bolivar\\\/#article\",\"isPartOf\":{\"@id\":\"https:\\\/\\\/www.manabi.gob.ec\\\/index.php\\\/pruebas-rapidas-de-covid-19-en-bolivar\\\/\"},\"author\":{\"name\":\"admin\",\"@id\":\"https:\\\/\\\/www.manabi.gob.ec\\\/#\\\/schema\\\/person\\\/cfc71bd68fe2703b779edcc292a49722\"},\"headline\":\"PRUEBAS R\u00c1PIDAS DE COVID-19 EN BOL\u00cdVAR\",\"datePublished\":\"2021-04-09T13:38:34+00:00\",\"dateModified\":\"2021-04-09T13:38:37+00:00\",\"mainEntityOfPage\":{\"@id\":\"https:\\\/\\\/www.manabi.gob.ec\\\/index.php\\\/pruebas-rapidas-de-covid-19-en-bolivar\\\/\"},\"wordCount\":205,\"image\":{\"@id\":\"https:\\\/\\\/www.manabi.gob.ec\\\/index.php\\\/pruebas-rapidas-de-covid-19-en-bolivar\\\/#primaryimage\"},\"thumbnailUrl\":\"https:\\\/\\\/www.manabi.gob.ec\\\/wp-content\\\/uploads\\\/2021\\\/04\\\/Screenshot_20210409-083759_Gallery.jpg\",\"articleSection\":[\"Bol\u00edvar\",\"Desarrollo Social\",\"Noticias\",\"salud\",\"Todas\"],\"inLanguage\":\"es\"},{\"@type\":\"WebPage\",\"@id\":\"https:\\\/\\\/www.manabi.gob.ec\\\/index.php\\\/pruebas-rapidas-de-covid-19-en-bolivar\\\/\",\"url\":\"https:\\\/\\\/www.manabi.gob.ec\\\/index.php\\\/pruebas-rapidas-de-covid-19-en-bolivar\\\/\",\"name\":\"PRUEBAS R\u00c1PIDAS DE COVID-19 EN BOL\u00cdVAR - Prefectura de Manab\u00ed\",\"isPartOf\":{\"@id\":\"https:\\\/\\\/www.manabi.gob.ec\\\/#website\"},\"primaryImageOfPage\":{\"@id\":\"https:\\\/\\\/www.manabi.gob.ec\\\/index.php\\\/pruebas-rapidas-de-covid-19-en-bolivar\\\/#primaryimage\"},\"image\":{\"@id\":\"https:\\\/\\\/www.manabi.gob.ec\\\/index.php\\\/pruebas-rapidas-de-covid-19-en-bolivar\\\/#primaryimage\"},\"thumbnailUrl\":\"https:\\\/\\\/www.manabi.gob.ec\\\/wp-content\\\/uploads\\\/2021\\\/04\\\/Screenshot_20210409-083759_Gallery.jpg\",\"datePublished\":\"2021-04-09T13:38:34+00:00\",\"dateModified\":\"2021-04-09T13:38:37+00:00\",\"author\":{\"@id\":\"https:\\\/\\\/www.manabi.gob.ec\\\/#\\\/schema\\\/person\\\/cfc71bd68fe2703b779edcc292a49722\"},\"breadcrumb\":{\"@id\":\"https:\\\/\\\/www.manabi.gob.ec\\\/index.php\\\/pruebas-rapidas-de-covid-19-en-bolivar\\\/#breadcrumb\"},\"inLanguage\":\"es\",\"potentialAction\":[{\"@type\":\"ReadAction\",\"target\":[\"https:\\\/\\\/www.manabi.gob.ec\\\/index.php\\\/pruebas-rapidas-de-covid-19-en-bolivar\\\/\"]}]},{\"@type\":\"ImageObject\",\"inLanguage\":\"es\",\"@id\":\"https:\\\/\\\/www.manabi.gob.ec\\\/index.php\\\/pruebas-rapidas-de-covid-19-en-bolivar\\\/#primaryimage\",\"url\":\"https:\\\/\\\/www.manabi.gob.ec\\\/wp-content\\\/uploads\\\/2021\\\/04\\\/Screenshot_20210409-083759_Gallery.jpg\",\"contentUrl\":\"https:\\\/\\\/www.manabi.gob.ec\\\/wp-content\\\/uploads\\\/2021\\\/04\\\/Screenshot_20210409-083759_Gallery.jpg\",\"width\":997,\"height\":488},{\"@type\":\"BreadcrumbList\",\"@id\":\"https:\\\/\\\/www.manabi.gob.ec\\\/index.php\\\/pruebas-rapidas-de-covid-19-en-bolivar\\\/#breadcrumb\",\"itemListElement\":[{\"@type\":\"ListItem\",\"position\":1,\"name\":\"Portada\",\"item\":\"https:\\\/\\\/www.manabi.gob.ec\\\/\"},{\"@type\":\"ListItem\",\"position\":2,\"name\":\"PRUEBAS R\u00c1PIDAS DE COVID-19 EN BOL\u00cdVAR\"}]},{\"@type\":\"WebSite\",\"@id\":\"https:\\\/\\\/www.manabi.gob.ec\\\/#website\",\"url\":\"https:\\\/\\\/www.manabi.gob.ec\\\/\",\"name\":\"Prefectura de Manab\u00ed\",\"description\":\"P\u00e1gina web de la prefectura\",\"potentialAction\":[{\"@type\":\"SearchAction\",\"target\":{\"@type\":\"EntryPoint\",\"urlTemplate\":\"https:\\\/\\\/www.manabi.gob.ec\\\/?s={search_term_string}\"},\"query-input\":{\"@type\":\"PropertyValueSpecification\",\"valueRequired\":true,\"valueName\":\"search_term_string\"}}],\"inLanguage\":\"es\"},{\"@type\":\"Person\",\"@id\":\"https:\\\/\\\/www.manabi.gob.ec\\\/#\\\/schema\\\/person\\\/cfc71bd68fe2703b779edcc292a49722\",\"name\":\"admin\",\"image\":{\"@type\":\"ImageObject\",\"inLanguage\":\"es\",\"@id\":\"https:\\\/\\\/secure.gravatar.com\\\/avatar\\\/23e9f919492b0a2f65aa168e0d8c5c867ea853b61deffbadf08c7031e15b8d78?s=96&d=mm&r=g\",\"url\":\"https:\\\/\\\/secure.gravatar.com\\\/avatar\\\/23e9f919492b0a2f65aa168e0d8c5c867ea853b61deffbadf08c7031e15b8d78?s=96&d=mm&r=g\",\"contentUrl\":\"https:\\\/\\\/secure.gravatar.com\\\/avatar\\\/23e9f919492b0a2f65aa168e0d8c5c867ea853b61deffbadf08c7031e15b8d78?s=96&d=mm&r=g\",\"caption\":\"admin\"},\"sameAs\":[\"http:\\\/\\\/www.manabi.gob.ec\"],\"url\":\"https:\\\/\\\/www.manabi.gob.ec\\\/index.php\\\/author\\\/admin\\\/\"}]}<\/script>\n<!-- \/ Yoast SEO plugin. -->","yoast_head_json":{"title":"PRUEBAS R\u00c1PIDAS DE COVID-19 EN BOL\u00cdVAR - Prefectura de Manab\u00ed","robots":{"index":"index","follow":"follow","max-snippet":"max-snippet:-1","max-image-preview":"max-image-preview:large","max-video-preview":"max-video-preview:-1"},"canonical":"https:\/\/www.manabi.gob.ec\/index.php\/pruebas-rapidas-de-covid-19-en-bolivar\/","og_locale":"es_ES","og_type":"article","og_title":"PRUEBAS R\u00c1PIDAS DE COVID-19 EN BOL\u00cdVAR - Prefectura de Manab\u00ed","og_description":"Habitantes del sitio Venturita, de la parroquia Calceta del cant\u00f3n Bol\u00edvar, acudieron desde las primeras horas de este jueves, a la brigada de salud del Gobierno de Manab\u00ed, que realiz\u00f3 150 pruebas r\u00e1pidas de COVID-19. Luigi Vera, m\u00e9dico responsable de la jornada de salud, explic\u00f3 que estas pruebas r\u00e1pidas permiten la detecci\u00f3n de anticuerpos para [&hellip;]","og_url":"https:\/\/www.manabi.gob.ec\/index.php\/pruebas-rapidas-de-covid-19-en-bolivar\/","og_site_name":"Prefectura de Manab\u00ed","article_published_time":"2021-04-09T13:38:34+00:00","article_modified_time":"2021-04-09T13:38:37+00:00","og_image":[{"width":997,"height":488,"url":"https:\/\/www.manabi.gob.ec\/wp-content\/uploads\/2021\/04\/Screenshot_20210409-083759_Gallery.jpg","type":"image\/jpeg"}],"author":"admin","twitter_card":"summary_large_image","twitter_misc":{"Escrito por":"admin","Tiempo de lectura":"1 minuto"},"schema":{"@context":"https:\/\/schema.org","@graph":[{"@type":"Article","@id":"https:\/\/www.manabi.gob.ec\/index.php\/pruebas-rapidas-de-covid-19-en-bolivar\/#article","isPartOf":{"@id":"https:\/\/www.manabi.gob.ec\/index.php\/pruebas-rapidas-de-covid-19-en-bolivar\/"},"author":{"name":"admin","@id":"https:\/\/www.manabi.gob.ec\/#\/schema\/person\/cfc71bd68fe2703b779edcc292a49722"},"headline":"PRUEBAS R\u00c1PIDAS DE COVID-19 EN BOL\u00cdVAR","datePublished":"2021-04-09T13:38:34+00:00","dateModified":"2021-04-09T13:38:37+00:00","mainEntityOfPage":{"@id":"https:\/\/www.manabi.gob.ec\/index.php\/pruebas-rapidas-de-covid-19-en-bolivar\/"},"wordCount":205,"image":{"@id":"https:\/\/www.manabi.gob.ec\/index.php\/pruebas-rapidas-de-covid-19-en-bolivar\/#primaryimage"},"thumbnailUrl":"https:\/\/www.manabi.gob.ec\/wp-content\/uploads\/2021\/04\/Screenshot_20210409-083759_Gallery.jpg","articleSection":["Bol\u00edvar","Desarrollo Social","Noticias","salud","Todas"],"inLanguage":"es"},{"@type":"WebPage","@id":"https:\/\/www.manabi.gob.ec\/index.php\/pruebas-rapidas-de-covid-19-en-bolivar\/","url":"https:\/\/www.manabi.gob.ec\/index.php\/pruebas-rapidas-de-covid-19-en-bolivar\/","name":"PRUEBAS R\u00c1PIDAS DE COVID-19 EN BOL\u00cdVAR - Prefectura de Manab\u00ed","isPartOf":{"@id":"https:\/\/www.manabi.gob.ec\/#website"},"primaryImageOfPage":{"@id":"https:\/\/www.manabi.gob.ec\/index.php\/pruebas-rapidas-de-covid-19-en-bolivar\/#primaryimage"},"image":{"@id":"https:\/\/www.manabi.gob.ec\/index.php\/pruebas-rapidas-de-covid-19-en-bolivar\/#primaryimage"},"thumbnailUrl":"https:\/\/www.manabi.gob.ec\/wp-content\/uploads\/2021\/04\/Screenshot_20210409-083759_Gallery.jpg","datePublished":"2021-04-09T13:38:34+00:00","dateModified":"2021-04-09T13:38:37+00:00","author":{"@id":"https:\/\/www.manabi.gob.ec\/#\/schema\/person\/cfc71bd68fe2703b779edcc292a49722"},"breadcrumb":{"@id":"https:\/\/www.manabi.gob.ec\/index.php\/pruebas-rapidas-de-covid-19-en-bolivar\/#breadcrumb"},"inLanguage":"es","potentialAction":[{"@type":"ReadAction","target":["https:\/\/www.manabi.gob.ec\/index.php\/pruebas-rapidas-de-covid-19-en-bolivar\/"]}]},{"@type":"ImageObject","inLanguage":"es","@id":"https:\/\/www.manabi.gob.ec\/index.php\/pruebas-rapidas-de-covid-19-en-bolivar\/#primaryimage","url":"https:\/\/www.manabi.gob.ec\/wp-content\/uploads\/2021\/04\/Screenshot_20210409-083759_Gallery.jpg","contentUrl":"https:\/\/www.manabi.gob.ec\/wp-content\/uploads\/2021\/04\/Screenshot_20210409-083759_Gallery.jpg","width":997,"height":488},{"@type":"BreadcrumbList","@id":"https:\/\/www.manabi.gob.ec\/index.php\/pruebas-rapidas-de-covid-19-en-bolivar\/#breadcrumb","itemListElement":[{"@type":"ListItem","position":1,"name":"Portada","item":"https:\/\/www.manabi.gob.ec\/"},{"@type":"ListItem","position":2,"name":"PRUEBAS R\u00c1PIDAS DE COVID-19 EN BOL\u00cdVAR"}]},{"@type":"WebSite","@id":"https:\/\/www.manabi.gob.ec\/#website","url":"https:\/\/www.manabi.gob.ec\/","name":"Prefectura de Manab\u00ed","description":"P\u00e1gina web de la prefectura","potentialAction":[{"@type":"SearchAction","target":{"@type":"EntryPoint","urlTemplate":"https:\/\/www.manabi.gob.ec\/?s={search_term_string}"},"query-input":{"@type":"PropertyValueSpecification","valueRequired":true,"valueName":"search_term_string"}}],"inLanguage":"es"},{"@type":"Person","@id":"https:\/\/www.manabi.gob.ec\/#\/schema\/person\/cfc71bd68fe2703b779edcc292a49722","name":"admin","image":{"@type":"ImageObject","inLanguage":"es","@id":"https:\/\/secure.gravatar.com\/avatar\/23e9f919492b0a2f65aa168e0d8c5c867ea853b61deffbadf08c7031e15b8d78?s=96&d=mm&r=g","url":"https:\/\/secure.gravatar.com\/avatar\/23e9f919492b0a2f65aa168e0d8c5c867ea853b61deffbadf08c7031e15b8d78?s=96&d=mm&r=g","contentUrl":"https:\/\/secure.gravatar.com\/avatar\/23e9f919492b0a2f65aa168e0d8c5c867ea853b61deffbadf08c7031e15b8d78?s=96&d=mm&r=g","caption":"admin"},"sameAs":["http:\/\/www.manabi.gob.ec"],"url":"https:\/\/www.manabi.gob.ec\/index.php\/author\/admin\/"}]}},"jetpack_featured_media_url":"https:\/\/www.manabi.gob.ec\/wp-content\/uploads\/2021\/04\/Screenshot_20210409-083759_Gallery.jpg","_links":{"self":[{"href":"https:\/\/www.manabi.gob.ec\/index.php\/wp-json\/wp\/v2\/posts\/16715","targetHints":{"allow":["GET"]}}],"collection":[{"href":"https:\/\/www.manabi.gob.ec\/index.php\/wp-json\/wp\/v2\/posts"}],"about":[{"href":"https:\/\/www.manabi.gob.ec\/index.php\/wp-json\/wp\/v2\/types\/post"}],"author":[{"embeddable":true,"href":"https:\/\/www.manabi.gob.ec\/index.php\/wp-json\/wp\/v2\/users\/1"}],"replies":[{"embeddable":true,"href":"https:\/\/www.manabi.gob.ec\/index.php\/wp-json\/wp\/v2\/comments?post=16715"}],"version-history":[{"count":0,"href":"https:\/\/www.manabi.gob.ec\/index.php\/wp-json\/wp\/v2\/posts\/16715\/revisions"}],"wp:featuredmedia":[{"embeddable":true,"href":"https:\/\/www.manabi.gob.ec\/index.php\/wp-json\/wp\/v2\/media\/16716"}],"wp:attachment":[{"href":"https:\/\/www.manabi.gob.ec\/index.php\/wp-json\/wp\/v2\/media?parent=16715"}],"wp:term":[{"taxonomy":"category","embeddable":true,"href":"https:\/\/www.manabi.gob.ec\/index.php\/wp-json\/wp\/v2\/categories?post=16715"},{"taxonomy":"post_tag","embeddable":true,"href":"https:\/\/www.manabi.gob.ec\/index.php\/wp-json\/wp\/v2\/tags?post=16715"}],"curies":[{"name":"wp","href":"https:\/\/api.w.org\/{rel}","templated":true}]}}