{"id":16731,"date":"2021-04-09T17:16:05","date_gmt":"2021-04-09T17:16:05","guid":{"rendered":"https:\/\/www.manabi.gob.ec\/?p=16731"},"modified":"2021-04-09T17:16:08","modified_gmt":"2021-04-09T17:16:08","slug":"al-2030-manabi-sera-territorio-5i-segun-estudio-de-la-onu","status":"publish","type":"post","link":"https:\/\/www.manabi.gob.ec\/index.php\/al-2030-manabi-sera-territorio-5i-segun-estudio-de-la-onu\/","title":{"rendered":"AL 2030 MANAB\u00cd SER\u00c1 \u00abTERRITORIO 5I\u00bb SEG\u00daN ESTUDIO DE LA ONU"},"content":{"rendered":"\n<p>Manab\u00ed para 2030 ser\u00e1: \u201cTerritorio Inteligente, Innovador, Inclusivo, Integrado al mundo y con Identidad cultural\u201d denominado 5I, seg\u00fan un estudio prospectivo, por&nbsp; t\u00e9cnicos de la agencia ONU-H\u00e1bitat, como parte del proyecto de Consolidaci\u00f3n del Sistema de Asentamientos Humanos de la Provincia de Manab\u00ed, &nbsp;que se ejecuta con base en un convenio de cooperaci\u00f3n con el Programa de las Naciones Unidas para los asentamientos humanos.<\/p>\n\n\n\n<p>El proyecto fue recibido de manera formal por el Gobierno de Manab\u00ed, 8 de abril, y presentado en un evento virtual por los representantes de la agencia ONU-H\u00e1bitat, &nbsp;&nbsp;que cont\u00f3 con la presencia del prefecto, Leonardo Orlando, &nbsp;t\u00e9cnicos de la Prefectura de Manab\u00ed, de la agencia ONU H\u00e1bitat, y profesionales del equipo consultor.<\/p>\n\n\n\n<p>El escenario prospectivo planteado para 2030 ubica a Manab\u00ed como \u201cTerritorio 5i\u201d, \u201cUn territorio inteligente, innovador, inclusivo, integrado al mundo y con identidad cultural\u201d, cita el documento presentado.<\/p>\n\n\n\n<p>Esta visi\u00f3n prospectiva para Manab\u00ed 2030 ser\u00e1 incorporada en el Plan de Desarrollo y Ordenamiento Territorial que actualmente est\u00e1 en proceso de actualizaci\u00f3n. Adem\u00e1s, seg\u00fan anunci\u00f3 el Prefecto, su contenido se socializar\u00e1 con la poblaci\u00f3n, para enriquecer todas las propuestas de intervenciones y estrategias estructurantes para el desarrollo.<\/p>\n\n\n\n<p>\u201cHaremos una amplia socializaci\u00f3n en los distintos niveles correspondientes: acad\u00e9mico, sector profesional, Gobiernos Aut\u00f3nomos, y ciudadan\u00eda, para que se empoderen de todas las oportunidades que nos trae este plan estructural para un desarrollo arm\u00f3nico, equilibrado, sostenible\u201d, dijo la autoridad provincial.&nbsp;<\/p>\n\n\n\n<p>Para la elaboraci\u00f3n de este trabajo se seleccionaron 11 factores de cambio: Diversificaci\u00f3n e innovaci\u00f3n productiva; Competitividad territorial; Gesti\u00f3n de los recursos h\u00eddricos; Aprovechamiento sostenible de los recursos naturales; Equidad territorial; Puesta en valor de activos patrimoniales y culturales; Log\u00edstica y transporte sostenible; Mejoramiento del h\u00e1bitat y vivienda; Acceso a internet y TIC; Asociatividad; y, Fortalecimiento institucional del GPM.<\/p>\n","protected":false},"excerpt":{"rendered":"<p>Manab\u00ed para 2030 ser\u00e1: \u201cTerritorio Inteligente, Innovador, Inclusivo, Integrado al mundo y con Identidad cultural\u201d denominado 5I, seg\u00fan un estudio prospectivo, por  t\u00e9cnicos de la agencia ONU-H\u00e1bitat, como parte del proyecto de Consolidaci\u00f3n del Sistema de Asentamientos Humanos de la Provincia de Manab\u00ed,  que se ejecuta con base en un convenio de cooperaci\u00f3n con el Programa de las Naciones Unidas para los asentamientos humanos.<\/p>\n","protected":false},"author":1,"featured_media":16732,"comment_status":"closed","ping_status":"open","sticky":false,"template":"","format":"standard","meta":{"_joinchat":[],"footnotes":""},"categories":[92,91],"tags":[],"class_list":["post-16731","post","type-post","status-publish","format-standard","has-post-thumbnail","hentry","category-noticias-manabi","category-todas"],"yoast_head":"<!-- This site is optimized with the Yoast SEO plugin v27.4 - https:\/\/yoast.com\/product\/yoast-seo-wordpress\/ -->\n<title>AL 2030 MANAB\u00cd SER\u00c1 &quot;TERRITORIO 5I&quot; SEG\u00daN ESTUDIO DE LA ONU - Prefectura de Manab\u00ed<\/title>\n<meta name=\"robots\" content=\"index, follow, max-snippet:-1, max-image-preview:large, max-video-preview:-1\" \/>\n<link rel=\"canonical\" href=\"https:\/\/www.manabi.gob.ec\/index.php\/al-2030-manabi-sera-territorio-5i-segun-estudio-de-la-onu\/\" \/>\n<meta property=\"og:locale\" content=\"es_ES\" \/>\n<meta property=\"og:type\" content=\"article\" \/>\n<meta property=\"og:title\" content=\"AL 2030 MANAB\u00cd SER\u00c1 &quot;TERRITORIO 5I&quot; SEG\u00daN ESTUDIO DE LA ONU - Prefectura de Manab\u00ed\" \/>\n<meta property=\"og:description\" content=\"Manab\u00ed para 2030 ser\u00e1: \u201cTerritorio Inteligente, Innovador, Inclusivo, Integrado al mundo y con Identidad cultural\u201d denominado 5I, seg\u00fan un estudio prospectivo, por t\u00e9cnicos de la agencia ONU-H\u00e1bitat, como parte del proyecto de Consolidaci\u00f3n del Sistema de Asentamientos Humanos de la Provincia de Manab\u00ed, que se ejecuta con base en un convenio de cooperaci\u00f3n con el Programa de las Naciones Unidas para los asentamientos humanos.\" \/>\n<meta property=\"og:url\" content=\"https:\/\/www.manabi.gob.ec\/index.php\/al-2030-manabi-sera-territorio-5i-segun-estudio-de-la-onu\/\" \/>\n<meta property=\"og:site_name\" content=\"Prefectura de Manab\u00ed\" \/>\n<meta property=\"article:published_time\" content=\"2021-04-09T17:16:05+00:00\" \/>\n<meta property=\"article:modified_time\" content=\"2021-04-09T17:16:08+00:00\" \/>\n<meta property=\"og:image\" content=\"https:\/\/www.manabi.gob.ec\/wp-content\/uploads\/2021\/04\/un-un-habitat.jpg\" \/>\n\t<meta property=\"og:image:width\" content=\"810\" \/>\n\t<meta property=\"og:image:height\" content=\"433\" \/>\n\t<meta property=\"og:image:type\" content=\"image\/jpeg\" \/>\n<meta name=\"author\" content=\"admin\" \/>\n<meta name=\"twitter:card\" content=\"summary_large_image\" \/>\n<meta name=\"twitter:label1\" content=\"Escrito por\" \/>\n\t<meta name=\"twitter:data1\" content=\"admin\" \/>\n\t<meta name=\"twitter:label2\" content=\"Tiempo de lectura\" \/>\n\t<meta name=\"twitter:data2\" content=\"2 minutos\" \/>\n<script type=\"application\/ld+json\" class=\"yoast-schema-graph\">{\"@context\":\"https:\\\/\\\/schema.org\",\"@graph\":[{\"@type\":\"Article\",\"@id\":\"https:\\\/\\\/www.manabi.gob.ec\\\/index.php\\\/al-2030-manabi-sera-territorio-5i-segun-estudio-de-la-onu\\\/#article\",\"isPartOf\":{\"@id\":\"https:\\\/\\\/www.manabi.gob.ec\\\/index.php\\\/al-2030-manabi-sera-territorio-5i-segun-estudio-de-la-onu\\\/\"},\"author\":{\"name\":\"admin\",\"@id\":\"https:\\\/\\\/www.manabi.gob.ec\\\/#\\\/schema\\\/person\\\/cfc71bd68fe2703b779edcc292a49722\"},\"headline\":\"AL 2030 MANAB\u00cd SER\u00c1 \u00abTERRITORIO 5I\u00bb SEG\u00daN ESTUDIO DE LA ONU\",\"datePublished\":\"2021-04-09T17:16:05+00:00\",\"dateModified\":\"2021-04-09T17:16:08+00:00\",\"mainEntityOfPage\":{\"@id\":\"https:\\\/\\\/www.manabi.gob.ec\\\/index.php\\\/al-2030-manabi-sera-territorio-5i-segun-estudio-de-la-onu\\\/\"},\"wordCount\":329,\"image\":{\"@id\":\"https:\\\/\\\/www.manabi.gob.ec\\\/index.php\\\/al-2030-manabi-sera-territorio-5i-segun-estudio-de-la-onu\\\/#primaryimage\"},\"thumbnailUrl\":\"https:\\\/\\\/www.manabi.gob.ec\\\/wp-content\\\/uploads\\\/2021\\\/04\\\/un-un-habitat.jpg\",\"articleSection\":[\"Noticias\",\"Todas\"],\"inLanguage\":\"es\"},{\"@type\":\"WebPage\",\"@id\":\"https:\\\/\\\/www.manabi.gob.ec\\\/index.php\\\/al-2030-manabi-sera-territorio-5i-segun-estudio-de-la-onu\\\/\",\"url\":\"https:\\\/\\\/www.manabi.gob.ec\\\/index.php\\\/al-2030-manabi-sera-territorio-5i-segun-estudio-de-la-onu\\\/\",\"name\":\"AL 2030 MANAB\u00cd SER\u00c1 \\\"TERRITORIO 5I\\\" SEG\u00daN ESTUDIO DE LA ONU - Prefectura de Manab\u00ed\",\"isPartOf\":{\"@id\":\"https:\\\/\\\/www.manabi.gob.ec\\\/#website\"},\"primaryImageOfPage\":{\"@id\":\"https:\\\/\\\/www.manabi.gob.ec\\\/index.php\\\/al-2030-manabi-sera-territorio-5i-segun-estudio-de-la-onu\\\/#primaryimage\"},\"image\":{\"@id\":\"https:\\\/\\\/www.manabi.gob.ec\\\/index.php\\\/al-2030-manabi-sera-territorio-5i-segun-estudio-de-la-onu\\\/#primaryimage\"},\"thumbnailUrl\":\"https:\\\/\\\/www.manabi.gob.ec\\\/wp-content\\\/uploads\\\/2021\\\/04\\\/un-un-habitat.jpg\",\"datePublished\":\"2021-04-09T17:16:05+00:00\",\"dateModified\":\"2021-04-09T17:16:08+00:00\",\"author\":{\"@id\":\"https:\\\/\\\/www.manabi.gob.ec\\\/#\\\/schema\\\/person\\\/cfc71bd68fe2703b779edcc292a49722\"},\"breadcrumb\":{\"@id\":\"https:\\\/\\\/www.manabi.gob.ec\\\/index.php\\\/al-2030-manabi-sera-territorio-5i-segun-estudio-de-la-onu\\\/#breadcrumb\"},\"inLanguage\":\"es\",\"potentialAction\":[{\"@type\":\"ReadAction\",\"target\":[\"https:\\\/\\\/www.manabi.gob.ec\\\/index.php\\\/al-2030-manabi-sera-territorio-5i-segun-estudio-de-la-onu\\\/\"]}]},{\"@type\":\"ImageObject\",\"inLanguage\":\"es\",\"@id\":\"https:\\\/\\\/www.manabi.gob.ec\\\/index.php\\\/al-2030-manabi-sera-territorio-5i-segun-estudio-de-la-onu\\\/#primaryimage\",\"url\":\"https:\\\/\\\/www.manabi.gob.ec\\\/wp-content\\\/uploads\\\/2021\\\/04\\\/un-un-habitat.jpg\",\"contentUrl\":\"https:\\\/\\\/www.manabi.gob.ec\\\/wp-content\\\/uploads\\\/2021\\\/04\\\/un-un-habitat.jpg\",\"width\":810,\"height\":433},{\"@type\":\"BreadcrumbList\",\"@id\":\"https:\\\/\\\/www.manabi.gob.ec\\\/index.php\\\/al-2030-manabi-sera-territorio-5i-segun-estudio-de-la-onu\\\/#breadcrumb\",\"itemListElement\":[{\"@type\":\"ListItem\",\"position\":1,\"name\":\"Portada\",\"item\":\"https:\\\/\\\/www.manabi.gob.ec\\\/\"},{\"@type\":\"ListItem\",\"position\":2,\"name\":\"AL 2030 MANAB\u00cd SER\u00c1 \u00abTERRITORIO 5I\u00bb SEG\u00daN ESTUDIO DE LA ONU\"}]},{\"@type\":\"WebSite\",\"@id\":\"https:\\\/\\\/www.manabi.gob.ec\\\/#website\",\"url\":\"https:\\\/\\\/www.manabi.gob.ec\\\/\",\"name\":\"Prefectura de Manab\u00ed\",\"description\":\"P\u00e1gina web de la prefectura\",\"potentialAction\":[{\"@type\":\"SearchAction\",\"target\":{\"@type\":\"EntryPoint\",\"urlTemplate\":\"https:\\\/\\\/www.manabi.gob.ec\\\/?s={search_term_string}\"},\"query-input\":{\"@type\":\"PropertyValueSpecification\",\"valueRequired\":true,\"valueName\":\"search_term_string\"}}],\"inLanguage\":\"es\"},{\"@type\":\"Person\",\"@id\":\"https:\\\/\\\/www.manabi.gob.ec\\\/#\\\/schema\\\/person\\\/cfc71bd68fe2703b779edcc292a49722\",\"name\":\"admin\",\"image\":{\"@type\":\"ImageObject\",\"inLanguage\":\"es\",\"@id\":\"https:\\\/\\\/secure.gravatar.com\\\/avatar\\\/23e9f919492b0a2f65aa168e0d8c5c867ea853b61deffbadf08c7031e15b8d78?s=96&d=mm&r=g\",\"url\":\"https:\\\/\\\/secure.gravatar.com\\\/avatar\\\/23e9f919492b0a2f65aa168e0d8c5c867ea853b61deffbadf08c7031e15b8d78?s=96&d=mm&r=g\",\"contentUrl\":\"https:\\\/\\\/secure.gravatar.com\\\/avatar\\\/23e9f919492b0a2f65aa168e0d8c5c867ea853b61deffbadf08c7031e15b8d78?s=96&d=mm&r=g\",\"caption\":\"admin\"},\"sameAs\":[\"http:\\\/\\\/www.manabi.gob.ec\"],\"url\":\"https:\\\/\\\/www.manabi.gob.ec\\\/index.php\\\/author\\\/admin\\\/\"}]}<\/script>\n<!-- \/ Yoast SEO plugin. -->","yoast_head_json":{"title":"AL 2030 MANAB\u00cd SER\u00c1 \"TERRITORIO 5I\" SEG\u00daN ESTUDIO DE LA ONU - Prefectura de Manab\u00ed","robots":{"index":"index","follow":"follow","max-snippet":"max-snippet:-1","max-image-preview":"max-image-preview:large","max-video-preview":"max-video-preview:-1"},"canonical":"https:\/\/www.manabi.gob.ec\/index.php\/al-2030-manabi-sera-territorio-5i-segun-estudio-de-la-onu\/","og_locale":"es_ES","og_type":"article","og_title":"AL 2030 MANAB\u00cd SER\u00c1 \"TERRITORIO 5I\" SEG\u00daN ESTUDIO DE LA ONU - Prefectura de Manab\u00ed","og_description":"Manab\u00ed para 2030 ser\u00e1: \u201cTerritorio Inteligente, Innovador, Inclusivo, Integrado al mundo y con Identidad cultural\u201d denominado 5I, seg\u00fan un estudio prospectivo, por t\u00e9cnicos de la agencia ONU-H\u00e1bitat, como parte del proyecto de Consolidaci\u00f3n del Sistema de Asentamientos Humanos de la Provincia de Manab\u00ed, que se ejecuta con base en un convenio de cooperaci\u00f3n con el Programa de las Naciones Unidas para los asentamientos humanos.","og_url":"https:\/\/www.manabi.gob.ec\/index.php\/al-2030-manabi-sera-territorio-5i-segun-estudio-de-la-onu\/","og_site_name":"Prefectura de Manab\u00ed","article_published_time":"2021-04-09T17:16:05+00:00","article_modified_time":"2021-04-09T17:16:08+00:00","og_image":[{"width":810,"height":433,"url":"https:\/\/www.manabi.gob.ec\/wp-content\/uploads\/2021\/04\/un-un-habitat.jpg","type":"image\/jpeg"}],"author":"admin","twitter_card":"summary_large_image","twitter_misc":{"Escrito por":"admin","Tiempo de lectura":"2 minutos"},"schema":{"@context":"https:\/\/schema.org","@graph":[{"@type":"Article","@id":"https:\/\/www.manabi.gob.ec\/index.php\/al-2030-manabi-sera-territorio-5i-segun-estudio-de-la-onu\/#article","isPartOf":{"@id":"https:\/\/www.manabi.gob.ec\/index.php\/al-2030-manabi-sera-territorio-5i-segun-estudio-de-la-onu\/"},"author":{"name":"admin","@id":"https:\/\/www.manabi.gob.ec\/#\/schema\/person\/cfc71bd68fe2703b779edcc292a49722"},"headline":"AL 2030 MANAB\u00cd SER\u00c1 \u00abTERRITORIO 5I\u00bb SEG\u00daN ESTUDIO DE LA ONU","datePublished":"2021-04-09T17:16:05+00:00","dateModified":"2021-04-09T17:16:08+00:00","mainEntityOfPage":{"@id":"https:\/\/www.manabi.gob.ec\/index.php\/al-2030-manabi-sera-territorio-5i-segun-estudio-de-la-onu\/"},"wordCount":329,"image":{"@id":"https:\/\/www.manabi.gob.ec\/index.php\/al-2030-manabi-sera-territorio-5i-segun-estudio-de-la-onu\/#primaryimage"},"thumbnailUrl":"https:\/\/www.manabi.gob.ec\/wp-content\/uploads\/2021\/04\/un-un-habitat.jpg","articleSection":["Noticias","Todas"],"inLanguage":"es"},{"@type":"WebPage","@id":"https:\/\/www.manabi.gob.ec\/index.php\/al-2030-manabi-sera-territorio-5i-segun-estudio-de-la-onu\/","url":"https:\/\/www.manabi.gob.ec\/index.php\/al-2030-manabi-sera-territorio-5i-segun-estudio-de-la-onu\/","name":"AL 2030 MANAB\u00cd SER\u00c1 \"TERRITORIO 5I\" SEG\u00daN ESTUDIO DE LA ONU - Prefectura de Manab\u00ed","isPartOf":{"@id":"https:\/\/www.manabi.gob.ec\/#website"},"primaryImageOfPage":{"@id":"https:\/\/www.manabi.gob.ec\/index.php\/al-2030-manabi-sera-territorio-5i-segun-estudio-de-la-onu\/#primaryimage"},"image":{"@id":"https:\/\/www.manabi.gob.ec\/index.php\/al-2030-manabi-sera-territorio-5i-segun-estudio-de-la-onu\/#primaryimage"},"thumbnailUrl":"https:\/\/www.manabi.gob.ec\/wp-content\/uploads\/2021\/04\/un-un-habitat.jpg","datePublished":"2021-04-09T17:16:05+00:00","dateModified":"2021-04-09T17:16:08+00:00","author":{"@id":"https:\/\/www.manabi.gob.ec\/#\/schema\/person\/cfc71bd68fe2703b779edcc292a49722"},"breadcrumb":{"@id":"https:\/\/www.manabi.gob.ec\/index.php\/al-2030-manabi-sera-territorio-5i-segun-estudio-de-la-onu\/#breadcrumb"},"inLanguage":"es","potentialAction":[{"@type":"ReadAction","target":["https:\/\/www.manabi.gob.ec\/index.php\/al-2030-manabi-sera-territorio-5i-segun-estudio-de-la-onu\/"]}]},{"@type":"ImageObject","inLanguage":"es","@id":"https:\/\/www.manabi.gob.ec\/index.php\/al-2030-manabi-sera-territorio-5i-segun-estudio-de-la-onu\/#primaryimage","url":"https:\/\/www.manabi.gob.ec\/wp-content\/uploads\/2021\/04\/un-un-habitat.jpg","contentUrl":"https:\/\/www.manabi.gob.ec\/wp-content\/uploads\/2021\/04\/un-un-habitat.jpg","width":810,"height":433},{"@type":"BreadcrumbList","@id":"https:\/\/www.manabi.gob.ec\/index.php\/al-2030-manabi-sera-territorio-5i-segun-estudio-de-la-onu\/#breadcrumb","itemListElement":[{"@type":"ListItem","position":1,"name":"Portada","item":"https:\/\/www.manabi.gob.ec\/"},{"@type":"ListItem","position":2,"name":"AL 2030 MANAB\u00cd SER\u00c1 \u00abTERRITORIO 5I\u00bb SEG\u00daN ESTUDIO DE LA ONU"}]},{"@type":"WebSite","@id":"https:\/\/www.manabi.gob.ec\/#website","url":"https:\/\/www.manabi.gob.ec\/","name":"Prefectura de Manab\u00ed","description":"P\u00e1gina web de la prefectura","potentialAction":[{"@type":"SearchAction","target":{"@type":"EntryPoint","urlTemplate":"https:\/\/www.manabi.gob.ec\/?s={search_term_string}"},"query-input":{"@type":"PropertyValueSpecification","valueRequired":true,"valueName":"search_term_string"}}],"inLanguage":"es"},{"@type":"Person","@id":"https:\/\/www.manabi.gob.ec\/#\/schema\/person\/cfc71bd68fe2703b779edcc292a49722","name":"admin","image":{"@type":"ImageObject","inLanguage":"es","@id":"https:\/\/secure.gravatar.com\/avatar\/23e9f919492b0a2f65aa168e0d8c5c867ea853b61deffbadf08c7031e15b8d78?s=96&d=mm&r=g","url":"https:\/\/secure.gravatar.com\/avatar\/23e9f919492b0a2f65aa168e0d8c5c867ea853b61deffbadf08c7031e15b8d78?s=96&d=mm&r=g","contentUrl":"https:\/\/secure.gravatar.com\/avatar\/23e9f919492b0a2f65aa168e0d8c5c867ea853b61deffbadf08c7031e15b8d78?s=96&d=mm&r=g","caption":"admin"},"sameAs":["http:\/\/www.manabi.gob.ec"],"url":"https:\/\/www.manabi.gob.ec\/index.php\/author\/admin\/"}]}},"jetpack_featured_media_url":"https:\/\/www.manabi.gob.ec\/wp-content\/uploads\/2021\/04\/un-un-habitat.jpg","_links":{"self":[{"href":"https:\/\/www.manabi.gob.ec\/index.php\/wp-json\/wp\/v2\/posts\/16731","targetHints":{"allow":["GET"]}}],"collection":[{"href":"https:\/\/www.manabi.gob.ec\/index.php\/wp-json\/wp\/v2\/posts"}],"about":[{"href":"https:\/\/www.manabi.gob.ec\/index.php\/wp-json\/wp\/v2\/types\/post"}],"author":[{"embeddable":true,"href":"https:\/\/www.manabi.gob.ec\/index.php\/wp-json\/wp\/v2\/users\/1"}],"replies":[{"embeddable":true,"href":"https:\/\/www.manabi.gob.ec\/index.php\/wp-json\/wp\/v2\/comments?post=16731"}],"version-history":[{"count":0,"href":"https:\/\/www.manabi.gob.ec\/index.php\/wp-json\/wp\/v2\/posts\/16731\/revisions"}],"wp:featuredmedia":[{"embeddable":true,"href":"https:\/\/www.manabi.gob.ec\/index.php\/wp-json\/wp\/v2\/media\/16732"}],"wp:attachment":[{"href":"https:\/\/www.manabi.gob.ec\/index.php\/wp-json\/wp\/v2\/media?parent=16731"}],"wp:term":[{"taxonomy":"category","embeddable":true,"href":"https:\/\/www.manabi.gob.ec\/index.php\/wp-json\/wp\/v2\/categories?post=16731"},{"taxonomy":"post_tag","embeddable":true,"href":"https:\/\/www.manabi.gob.ec\/index.php\/wp-json\/wp\/v2\/tags?post=16731"}],"curies":[{"name":"wp","href":"https:\/\/api.w.org\/{rel}","templated":true}]}}