{"id":16767,"date":"2021-04-12T21:32:21","date_gmt":"2021-04-12T21:32:21","guid":{"rendered":"https:\/\/www.manabi.gob.ec\/?p=16767"},"modified":"2021-04-12T21:32:24","modified_gmt":"2021-04-12T21:32:24","slug":"brigada-medica-del-gpm-realizo-100-examenes-de-papanicolaou-en-el-carmen","status":"publish","type":"post","link":"https:\/\/www.manabi.gob.ec\/index.php\/brigada-medica-del-gpm-realizo-100-examenes-de-papanicolaou-en-el-carmen\/","title":{"rendered":"BRIGADA M\u00c9DICA DEL GPM REALIZ\u00d3  100 EX\u00c1MENES DE PAPANICOLAOU EN EL CARMEN"},"content":{"rendered":"\n<p>100 mujeres del cant\u00f3n El Carmen fueron atendidas por personal m\u00e9dico del Gobierno de Manab\u00ed, durante una nueva jornada de detecci\u00f3n de c\u00e1ncer cervicouterino, como parte del proyecto de salud reproductiva \u201cMujeres de Toquilla\u201d.<\/p>\n\n\n\n<p>Esta acci\u00f3n est\u00e1 dirigida, principalmente, a mujeres v\u00edctimas de violencia y de escasos recursos econ\u00f3micos, con el fin de prevenir y detectar a tiempo lesiones en el cuello de \u00fatero de la poblaci\u00f3n femenina en condici\u00f3n de vulnerabilidad.<\/p>\n\n\n\n<p>INCIDENCIA DE LA ENFERMEDAD<\/p>\n\n\n\n<p>Jahaira Bazurto, integrante del equipo m\u00e9dico a cargo de esta atenci\u00f3n, manifest\u00f3 que el c\u00e1ncer cervicouterino es el segundo con mayor incidencia en Manab\u00ed, raz\u00f3n por la cual resulta muy importante que, a trav\u00e9s de estas brigadas, se tomen muestras para la realizaci\u00f3n de ex\u00e1menes de papanicolaou, cuyos resultados se obtienen en un promedio de 15 a 20 d\u00edas.<\/p>\n\n\n\n<p>\u201cSi se llega a detectar alg\u00fan caso que amerite un estudio m\u00e1s avanzado, se coordina con el Misterio de Salud para que hagan el seguimiento respectivo a la paciente y se pueda actuar a tiempo para precautelar su vida\u201d, manifest\u00f3.&nbsp;<\/p>\n\n\n\n<p>A trav\u00e9s de estas brigadas m\u00e9dicas, tambi\u00e9n se brinda a las mujeres consejer\u00eda sobre lo que implica prevenir el c\u00e1ncer de cuello uterino, y se las asesora sobre el tratamiento de esta enfermedad.<\/p>\n\n\n\n<p>M\u00c1S DE 5 MIL BENEFICIADAS<\/p>\n\n\n\n<p>Estas atenciones se vienen desarrollando en diferentes sectores de los 22 cantones de la provincia, con m\u00e1s de 5 mil beneficiadas, ya que la salud reproductiva de la mujer manabita est\u00e1 entre las prioridades de la actual administraci\u00f3n provincial, liderada por el prefecto Leonardo Orlando.<\/p>\n\n\n\n<p>En esta oportunidad, la asistencia m\u00e9dica se realiz\u00f3 en la casa parroquial del barrio Buenos Aires, perteneciente a la Cooperativa de Vivienda Uni\u00f3n Popular, que re\u00fane a 14 ciudadelas de la cabecera cantonal de El Carmen, en coordinaci\u00f3n con sus dirigentes.<\/p>\n\n\n\n<p>\u201cEl examen de papanicolaou es muy importante para nosotras las mujeres, porque estamos expuestas a muchas enfermedades como el c\u00e1ncer. Es destacable la labor que realiza la Prefectura\u201d, expres\u00f3 la dirigente Teresa Marcillo.<\/p>\n\n\n\n<p>Luz Mu\u00f1oz, catequista del sector, resalt\u00f3 que es la primera vez que reciben este tipo de atenci\u00f3n. \u201cAgradecemos a quienes est\u00e1n apoyando y liderando esta campa\u00f1a, porque existen muchos entes y ministerios, pero son pocos los que se preocupan por llegar hasta nuestras comunidades con este tipo de atenci\u00f3n\u201d, indic\u00f3.<\/p>\n","protected":false},"excerpt":{"rendered":"<p>100 mujeres del cant\u00f3n El Carmen fueron atendidas por personal m\u00e9dico del Gobierno de Manab\u00ed, durante una nueva jornada de detecci\u00f3n de c\u00e1ncer cervicouterino, como parte del proyecto de salud reproductiva \u201cMujeres de Toquilla\u201d. Esta acci\u00f3n est\u00e1 dirigida, principalmente, a mujeres v\u00edctimas de violencia y de escasos recursos econ\u00f3micos, con el fin de prevenir y [&hellip;]<\/p>\n","protected":false},"author":1,"featured_media":16768,"comment_status":"closed","ping_status":"open","sticky":false,"template":"","format":"standard","meta":{"_joinchat":[],"footnotes":""},"categories":[142,183,92,72,91],"tags":[],"class_list":["post-16767","post","type-post","status-publish","format-standard","has-post-thumbnail","hentry","category-desarrollo-social","category-el-carmen","category-noticias-manabi","category-salud","category-todas"],"yoast_head":"<!-- This site is optimized with the Yoast SEO plugin v27.4 - https:\/\/yoast.com\/product\/yoast-seo-wordpress\/ -->\n<title>BRIGADA M\u00c9DICA DEL GPM REALIZ\u00d3 100 EX\u00c1MENES DE PAPANICOLAOU EN EL CARMEN - Prefectura de Manab\u00ed<\/title>\n<meta name=\"robots\" content=\"index, follow, max-snippet:-1, max-image-preview:large, max-video-preview:-1\" \/>\n<link rel=\"canonical\" href=\"https:\/\/www.manabi.gob.ec\/index.php\/brigada-medica-del-gpm-realizo-100-examenes-de-papanicolaou-en-el-carmen\/\" \/>\n<meta property=\"og:locale\" content=\"es_ES\" \/>\n<meta property=\"og:type\" content=\"article\" \/>\n<meta property=\"og:title\" content=\"BRIGADA M\u00c9DICA DEL GPM REALIZ\u00d3 100 EX\u00c1MENES DE PAPANICOLAOU EN EL CARMEN - Prefectura de Manab\u00ed\" \/>\n<meta property=\"og:description\" content=\"100 mujeres del cant\u00f3n El Carmen fueron atendidas por personal m\u00e9dico del Gobierno de Manab\u00ed, durante una nueva jornada de detecci\u00f3n de c\u00e1ncer cervicouterino, como parte del proyecto de salud reproductiva \u201cMujeres de Toquilla\u201d. Esta acci\u00f3n est\u00e1 dirigida, principalmente, a mujeres v\u00edctimas de violencia y de escasos recursos econ\u00f3micos, con el fin de prevenir y [&hellip;]\" \/>\n<meta property=\"og:url\" content=\"https:\/\/www.manabi.gob.ec\/index.php\/brigada-medica-del-gpm-realizo-100-examenes-de-papanicolaou-en-el-carmen\/\" \/>\n<meta property=\"og:site_name\" content=\"Prefectura de Manab\u00ed\" \/>\n<meta property=\"article:published_time\" content=\"2021-04-12T21:32:21+00:00\" \/>\n<meta property=\"article:modified_time\" content=\"2021-04-12T21:32:24+00:00\" \/>\n<meta property=\"og:image\" content=\"https:\/\/www.manabi.gob.ec\/wp-content\/uploads\/2021\/04\/Examanes-en-ElCarmen-2.jpeg\" \/>\n\t<meta property=\"og:image:width\" content=\"1280\" \/>\n\t<meta property=\"og:image:height\" content=\"720\" \/>\n\t<meta property=\"og:image:type\" content=\"image\/jpeg\" \/>\n<meta name=\"author\" content=\"admin\" \/>\n<meta name=\"twitter:card\" content=\"summary_large_image\" \/>\n<meta name=\"twitter:label1\" content=\"Escrito por\" \/>\n\t<meta name=\"twitter:data1\" content=\"admin\" \/>\n\t<meta name=\"twitter:label2\" content=\"Tiempo de lectura\" \/>\n\t<meta name=\"twitter:data2\" content=\"2 minutos\" \/>\n<script type=\"application\/ld+json\" class=\"yoast-schema-graph\">{\"@context\":\"https:\\\/\\\/schema.org\",\"@graph\":[{\"@type\":\"Article\",\"@id\":\"https:\\\/\\\/www.manabi.gob.ec\\\/index.php\\\/brigada-medica-del-gpm-realizo-100-examenes-de-papanicolaou-en-el-carmen\\\/#article\",\"isPartOf\":{\"@id\":\"https:\\\/\\\/www.manabi.gob.ec\\\/index.php\\\/brigada-medica-del-gpm-realizo-100-examenes-de-papanicolaou-en-el-carmen\\\/\"},\"author\":{\"name\":\"admin\",\"@id\":\"https:\\\/\\\/www.manabi.gob.ec\\\/#\\\/schema\\\/person\\\/cfc71bd68fe2703b779edcc292a49722\"},\"headline\":\"BRIGADA M\u00c9DICA DEL GPM REALIZ\u00d3 100 EX\u00c1MENES DE PAPANICOLAOU EN EL CARMEN\",\"datePublished\":\"2021-04-12T21:32:21+00:00\",\"dateModified\":\"2021-04-12T21:32:24+00:00\",\"mainEntityOfPage\":{\"@id\":\"https:\\\/\\\/www.manabi.gob.ec\\\/index.php\\\/brigada-medica-del-gpm-realizo-100-examenes-de-papanicolaou-en-el-carmen\\\/\"},\"wordCount\":426,\"image\":{\"@id\":\"https:\\\/\\\/www.manabi.gob.ec\\\/index.php\\\/brigada-medica-del-gpm-realizo-100-examenes-de-papanicolaou-en-el-carmen\\\/#primaryimage\"},\"thumbnailUrl\":\"https:\\\/\\\/www.manabi.gob.ec\\\/wp-content\\\/uploads\\\/2021\\\/04\\\/Examanes-en-ElCarmen-2.jpeg\",\"articleSection\":[\"Desarrollo Social\",\"El Carmen\",\"Noticias\",\"salud\",\"Todas\"],\"inLanguage\":\"es\"},{\"@type\":\"WebPage\",\"@id\":\"https:\\\/\\\/www.manabi.gob.ec\\\/index.php\\\/brigada-medica-del-gpm-realizo-100-examenes-de-papanicolaou-en-el-carmen\\\/\",\"url\":\"https:\\\/\\\/www.manabi.gob.ec\\\/index.php\\\/brigada-medica-del-gpm-realizo-100-examenes-de-papanicolaou-en-el-carmen\\\/\",\"name\":\"BRIGADA M\u00c9DICA DEL GPM REALIZ\u00d3 100 EX\u00c1MENES DE PAPANICOLAOU EN EL CARMEN - Prefectura de Manab\u00ed\",\"isPartOf\":{\"@id\":\"https:\\\/\\\/www.manabi.gob.ec\\\/#website\"},\"primaryImageOfPage\":{\"@id\":\"https:\\\/\\\/www.manabi.gob.ec\\\/index.php\\\/brigada-medica-del-gpm-realizo-100-examenes-de-papanicolaou-en-el-carmen\\\/#primaryimage\"},\"image\":{\"@id\":\"https:\\\/\\\/www.manabi.gob.ec\\\/index.php\\\/brigada-medica-del-gpm-realizo-100-examenes-de-papanicolaou-en-el-carmen\\\/#primaryimage\"},\"thumbnailUrl\":\"https:\\\/\\\/www.manabi.gob.ec\\\/wp-content\\\/uploads\\\/2021\\\/04\\\/Examanes-en-ElCarmen-2.jpeg\",\"datePublished\":\"2021-04-12T21:32:21+00:00\",\"dateModified\":\"2021-04-12T21:32:24+00:00\",\"author\":{\"@id\":\"https:\\\/\\\/www.manabi.gob.ec\\\/#\\\/schema\\\/person\\\/cfc71bd68fe2703b779edcc292a49722\"},\"breadcrumb\":{\"@id\":\"https:\\\/\\\/www.manabi.gob.ec\\\/index.php\\\/brigada-medica-del-gpm-realizo-100-examenes-de-papanicolaou-en-el-carmen\\\/#breadcrumb\"},\"inLanguage\":\"es\",\"potentialAction\":[{\"@type\":\"ReadAction\",\"target\":[\"https:\\\/\\\/www.manabi.gob.ec\\\/index.php\\\/brigada-medica-del-gpm-realizo-100-examenes-de-papanicolaou-en-el-carmen\\\/\"]}]},{\"@type\":\"ImageObject\",\"inLanguage\":\"es\",\"@id\":\"https:\\\/\\\/www.manabi.gob.ec\\\/index.php\\\/brigada-medica-del-gpm-realizo-100-examenes-de-papanicolaou-en-el-carmen\\\/#primaryimage\",\"url\":\"https:\\\/\\\/www.manabi.gob.ec\\\/wp-content\\\/uploads\\\/2021\\\/04\\\/Examanes-en-ElCarmen-2.jpeg\",\"contentUrl\":\"https:\\\/\\\/www.manabi.gob.ec\\\/wp-content\\\/uploads\\\/2021\\\/04\\\/Examanes-en-ElCarmen-2.jpeg\",\"width\":1280,\"height\":720},{\"@type\":\"BreadcrumbList\",\"@id\":\"https:\\\/\\\/www.manabi.gob.ec\\\/index.php\\\/brigada-medica-del-gpm-realizo-100-examenes-de-papanicolaou-en-el-carmen\\\/#breadcrumb\",\"itemListElement\":[{\"@type\":\"ListItem\",\"position\":1,\"name\":\"Portada\",\"item\":\"https:\\\/\\\/www.manabi.gob.ec\\\/\"},{\"@type\":\"ListItem\",\"position\":2,\"name\":\"BRIGADA M\u00c9DICA DEL GPM REALIZ\u00d3 100 EX\u00c1MENES DE PAPANICOLAOU EN EL CARMEN\"}]},{\"@type\":\"WebSite\",\"@id\":\"https:\\\/\\\/www.manabi.gob.ec\\\/#website\",\"url\":\"https:\\\/\\\/www.manabi.gob.ec\\\/\",\"name\":\"Prefectura de Manab\u00ed\",\"description\":\"P\u00e1gina web de la prefectura\",\"potentialAction\":[{\"@type\":\"SearchAction\",\"target\":{\"@type\":\"EntryPoint\",\"urlTemplate\":\"https:\\\/\\\/www.manabi.gob.ec\\\/?s={search_term_string}\"},\"query-input\":{\"@type\":\"PropertyValueSpecification\",\"valueRequired\":true,\"valueName\":\"search_term_string\"}}],\"inLanguage\":\"es\"},{\"@type\":\"Person\",\"@id\":\"https:\\\/\\\/www.manabi.gob.ec\\\/#\\\/schema\\\/person\\\/cfc71bd68fe2703b779edcc292a49722\",\"name\":\"admin\",\"image\":{\"@type\":\"ImageObject\",\"inLanguage\":\"es\",\"@id\":\"https:\\\/\\\/secure.gravatar.com\\\/avatar\\\/23e9f919492b0a2f65aa168e0d8c5c867ea853b61deffbadf08c7031e15b8d78?s=96&d=mm&r=g\",\"url\":\"https:\\\/\\\/secure.gravatar.com\\\/avatar\\\/23e9f919492b0a2f65aa168e0d8c5c867ea853b61deffbadf08c7031e15b8d78?s=96&d=mm&r=g\",\"contentUrl\":\"https:\\\/\\\/secure.gravatar.com\\\/avatar\\\/23e9f919492b0a2f65aa168e0d8c5c867ea853b61deffbadf08c7031e15b8d78?s=96&d=mm&r=g\",\"caption\":\"admin\"},\"sameAs\":[\"http:\\\/\\\/www.manabi.gob.ec\"],\"url\":\"https:\\\/\\\/www.manabi.gob.ec\\\/index.php\\\/author\\\/admin\\\/\"}]}<\/script>\n<!-- \/ Yoast SEO plugin. -->","yoast_head_json":{"title":"BRIGADA M\u00c9DICA DEL GPM REALIZ\u00d3 100 EX\u00c1MENES DE PAPANICOLAOU EN EL CARMEN - Prefectura de Manab\u00ed","robots":{"index":"index","follow":"follow","max-snippet":"max-snippet:-1","max-image-preview":"max-image-preview:large","max-video-preview":"max-video-preview:-1"},"canonical":"https:\/\/www.manabi.gob.ec\/index.php\/brigada-medica-del-gpm-realizo-100-examenes-de-papanicolaou-en-el-carmen\/","og_locale":"es_ES","og_type":"article","og_title":"BRIGADA M\u00c9DICA DEL GPM REALIZ\u00d3 100 EX\u00c1MENES DE PAPANICOLAOU EN EL CARMEN - Prefectura de Manab\u00ed","og_description":"100 mujeres del cant\u00f3n El Carmen fueron atendidas por personal m\u00e9dico del Gobierno de Manab\u00ed, durante una nueva jornada de detecci\u00f3n de c\u00e1ncer cervicouterino, como parte del proyecto de salud reproductiva \u201cMujeres de Toquilla\u201d. Esta acci\u00f3n est\u00e1 dirigida, principalmente, a mujeres v\u00edctimas de violencia y de escasos recursos econ\u00f3micos, con el fin de prevenir y [&hellip;]","og_url":"https:\/\/www.manabi.gob.ec\/index.php\/brigada-medica-del-gpm-realizo-100-examenes-de-papanicolaou-en-el-carmen\/","og_site_name":"Prefectura de Manab\u00ed","article_published_time":"2021-04-12T21:32:21+00:00","article_modified_time":"2021-04-12T21:32:24+00:00","og_image":[{"width":1280,"height":720,"url":"https:\/\/www.manabi.gob.ec\/wp-content\/uploads\/2021\/04\/Examanes-en-ElCarmen-2.jpeg","type":"image\/jpeg"}],"author":"admin","twitter_card":"summary_large_image","twitter_misc":{"Escrito por":"admin","Tiempo de lectura":"2 minutos"},"schema":{"@context":"https:\/\/schema.org","@graph":[{"@type":"Article","@id":"https:\/\/www.manabi.gob.ec\/index.php\/brigada-medica-del-gpm-realizo-100-examenes-de-papanicolaou-en-el-carmen\/#article","isPartOf":{"@id":"https:\/\/www.manabi.gob.ec\/index.php\/brigada-medica-del-gpm-realizo-100-examenes-de-papanicolaou-en-el-carmen\/"},"author":{"name":"admin","@id":"https:\/\/www.manabi.gob.ec\/#\/schema\/person\/cfc71bd68fe2703b779edcc292a49722"},"headline":"BRIGADA M\u00c9DICA DEL GPM REALIZ\u00d3 100 EX\u00c1MENES DE PAPANICOLAOU EN EL CARMEN","datePublished":"2021-04-12T21:32:21+00:00","dateModified":"2021-04-12T21:32:24+00:00","mainEntityOfPage":{"@id":"https:\/\/www.manabi.gob.ec\/index.php\/brigada-medica-del-gpm-realizo-100-examenes-de-papanicolaou-en-el-carmen\/"},"wordCount":426,"image":{"@id":"https:\/\/www.manabi.gob.ec\/index.php\/brigada-medica-del-gpm-realizo-100-examenes-de-papanicolaou-en-el-carmen\/#primaryimage"},"thumbnailUrl":"https:\/\/www.manabi.gob.ec\/wp-content\/uploads\/2021\/04\/Examanes-en-ElCarmen-2.jpeg","articleSection":["Desarrollo Social","El Carmen","Noticias","salud","Todas"],"inLanguage":"es"},{"@type":"WebPage","@id":"https:\/\/www.manabi.gob.ec\/index.php\/brigada-medica-del-gpm-realizo-100-examenes-de-papanicolaou-en-el-carmen\/","url":"https:\/\/www.manabi.gob.ec\/index.php\/brigada-medica-del-gpm-realizo-100-examenes-de-papanicolaou-en-el-carmen\/","name":"BRIGADA M\u00c9DICA DEL GPM REALIZ\u00d3 100 EX\u00c1MENES DE PAPANICOLAOU EN EL CARMEN - Prefectura de Manab\u00ed","isPartOf":{"@id":"https:\/\/www.manabi.gob.ec\/#website"},"primaryImageOfPage":{"@id":"https:\/\/www.manabi.gob.ec\/index.php\/brigada-medica-del-gpm-realizo-100-examenes-de-papanicolaou-en-el-carmen\/#primaryimage"},"image":{"@id":"https:\/\/www.manabi.gob.ec\/index.php\/brigada-medica-del-gpm-realizo-100-examenes-de-papanicolaou-en-el-carmen\/#primaryimage"},"thumbnailUrl":"https:\/\/www.manabi.gob.ec\/wp-content\/uploads\/2021\/04\/Examanes-en-ElCarmen-2.jpeg","datePublished":"2021-04-12T21:32:21+00:00","dateModified":"2021-04-12T21:32:24+00:00","author":{"@id":"https:\/\/www.manabi.gob.ec\/#\/schema\/person\/cfc71bd68fe2703b779edcc292a49722"},"breadcrumb":{"@id":"https:\/\/www.manabi.gob.ec\/index.php\/brigada-medica-del-gpm-realizo-100-examenes-de-papanicolaou-en-el-carmen\/#breadcrumb"},"inLanguage":"es","potentialAction":[{"@type":"ReadAction","target":["https:\/\/www.manabi.gob.ec\/index.php\/brigada-medica-del-gpm-realizo-100-examenes-de-papanicolaou-en-el-carmen\/"]}]},{"@type":"ImageObject","inLanguage":"es","@id":"https:\/\/www.manabi.gob.ec\/index.php\/brigada-medica-del-gpm-realizo-100-examenes-de-papanicolaou-en-el-carmen\/#primaryimage","url":"https:\/\/www.manabi.gob.ec\/wp-content\/uploads\/2021\/04\/Examanes-en-ElCarmen-2.jpeg","contentUrl":"https:\/\/www.manabi.gob.ec\/wp-content\/uploads\/2021\/04\/Examanes-en-ElCarmen-2.jpeg","width":1280,"height":720},{"@type":"BreadcrumbList","@id":"https:\/\/www.manabi.gob.ec\/index.php\/brigada-medica-del-gpm-realizo-100-examenes-de-papanicolaou-en-el-carmen\/#breadcrumb","itemListElement":[{"@type":"ListItem","position":1,"name":"Portada","item":"https:\/\/www.manabi.gob.ec\/"},{"@type":"ListItem","position":2,"name":"BRIGADA M\u00c9DICA DEL GPM REALIZ\u00d3 100 EX\u00c1MENES DE PAPANICOLAOU EN EL CARMEN"}]},{"@type":"WebSite","@id":"https:\/\/www.manabi.gob.ec\/#website","url":"https:\/\/www.manabi.gob.ec\/","name":"Prefectura de Manab\u00ed","description":"P\u00e1gina web de la prefectura","potentialAction":[{"@type":"SearchAction","target":{"@type":"EntryPoint","urlTemplate":"https:\/\/www.manabi.gob.ec\/?s={search_term_string}"},"query-input":{"@type":"PropertyValueSpecification","valueRequired":true,"valueName":"search_term_string"}}],"inLanguage":"es"},{"@type":"Person","@id":"https:\/\/www.manabi.gob.ec\/#\/schema\/person\/cfc71bd68fe2703b779edcc292a49722","name":"admin","image":{"@type":"ImageObject","inLanguage":"es","@id":"https:\/\/secure.gravatar.com\/avatar\/23e9f919492b0a2f65aa168e0d8c5c867ea853b61deffbadf08c7031e15b8d78?s=96&d=mm&r=g","url":"https:\/\/secure.gravatar.com\/avatar\/23e9f919492b0a2f65aa168e0d8c5c867ea853b61deffbadf08c7031e15b8d78?s=96&d=mm&r=g","contentUrl":"https:\/\/secure.gravatar.com\/avatar\/23e9f919492b0a2f65aa168e0d8c5c867ea853b61deffbadf08c7031e15b8d78?s=96&d=mm&r=g","caption":"admin"},"sameAs":["http:\/\/www.manabi.gob.ec"],"url":"https:\/\/www.manabi.gob.ec\/index.php\/author\/admin\/"}]}},"jetpack_featured_media_url":"https:\/\/www.manabi.gob.ec\/wp-content\/uploads\/2021\/04\/Examanes-en-ElCarmen-2.jpeg","_links":{"self":[{"href":"https:\/\/www.manabi.gob.ec\/index.php\/wp-json\/wp\/v2\/posts\/16767","targetHints":{"allow":["GET"]}}],"collection":[{"href":"https:\/\/www.manabi.gob.ec\/index.php\/wp-json\/wp\/v2\/posts"}],"about":[{"href":"https:\/\/www.manabi.gob.ec\/index.php\/wp-json\/wp\/v2\/types\/post"}],"author":[{"embeddable":true,"href":"https:\/\/www.manabi.gob.ec\/index.php\/wp-json\/wp\/v2\/users\/1"}],"replies":[{"embeddable":true,"href":"https:\/\/www.manabi.gob.ec\/index.php\/wp-json\/wp\/v2\/comments?post=16767"}],"version-history":[{"count":0,"href":"https:\/\/www.manabi.gob.ec\/index.php\/wp-json\/wp\/v2\/posts\/16767\/revisions"}],"wp:featuredmedia":[{"embeddable":true,"href":"https:\/\/www.manabi.gob.ec\/index.php\/wp-json\/wp\/v2\/media\/16768"}],"wp:attachment":[{"href":"https:\/\/www.manabi.gob.ec\/index.php\/wp-json\/wp\/v2\/media?parent=16767"}],"wp:term":[{"taxonomy":"category","embeddable":true,"href":"https:\/\/www.manabi.gob.ec\/index.php\/wp-json\/wp\/v2\/categories?post=16767"},{"taxonomy":"post_tag","embeddable":true,"href":"https:\/\/www.manabi.gob.ec\/index.php\/wp-json\/wp\/v2\/tags?post=16767"}],"curies":[{"name":"wp","href":"https:\/\/api.w.org\/{rel}","templated":true}]}}