{"id":16774,"date":"2021-04-13T22:59:03","date_gmt":"2021-04-13T22:59:03","guid":{"rendered":"https:\/\/www.manabi.gob.ec\/?p=16774"},"modified":"2021-04-13T22:59:06","modified_gmt":"2021-04-13T22:59:06","slug":"prefectura-termina-asfaltado-en-paso-lateral-de-portoviejo","status":"publish","type":"post","link":"https:\/\/www.manabi.gob.ec\/index.php\/prefectura-termina-asfaltado-en-paso-lateral-de-portoviejo\/","title":{"rendered":"PREFECTURA TERMINA ASFALTADO EN PASO LATERAL DE PORTOVIEJO"},"content":{"rendered":"\n<p>Desde las primeras horas del s\u00e1bado, personal de la Empresa P\u00fablica Manab\u00ed Vial, adscrita al Gobierno de Manab\u00ed, trabaj\u00f3 en la colocaci\u00f3n de la capa de rodadura asf\u00e1ltica en el tramo del paso lateral de Portoviejo que fue sometido a reconstrucci\u00f3n por el mal estado en que se encontraba.<\/p>\n\n\n\n<p>Estas labores permitieron que, desde horas del mediod\u00eda, este eje vial sea reabierto para el paso de los veh\u00edculos en el tramo intervenido, en el sector del hemiciclo de las banderas o salida hacia el tramo concesionado de la v\u00eda Portoviejo \u2013 Montecristi \u2013 Redondel de Colorado.<\/p>\n\n\n\n<p>El lunes se retomar\u00e1n las labores para terminar una peque\u00f1a franja donde qued\u00f3 pendiente la colocaci\u00f3n del asfalto. Esto, seg\u00fan dijo el prefecto Leonardo Orlando, se debe a los retrasos en la entrega de los insumos para el asfalto en la refiner\u00eda.<\/p>\n\n\n\n<p>\u201cEstamos dentro del plazo para culminar esta obra que servir\u00e1 mucho para mejorar la conectividad del cant\u00f3n Portoviejo y de todos los hermanos de la parte norte que se dirigen hacia el centro y sur de la provincia. Hemos visto que los trabajos se desarrollan a satisfacci\u00f3n\u201d, expres\u00f3 el Prefecto en una visita de inspecci\u00f3n de estas labores.<\/p>\n\n\n\n<p>La Prefectura ha invertido cerca de 50 mil d\u00f3lares para llevar a cabo esta intervenci\u00f3n, a trav\u00e9s de Manab\u00ed Vial y en convenio con el GAD Municipal de Portoviejo. La reconstrucci\u00f3n incluye cambio del paquete estructural, colocaci\u00f3n de una capa drenante y reposici\u00f3n de la capa de rodadura de 3 pulgadas en una extensi\u00f3n de 120 metros.<\/p>\n\n\n\n<p>\u201cCon esta intervenci\u00f3n mantendremos el agua lejos de la v\u00eda, que es lo que estaba haciendo da\u00f1o y causaba las afectaciones que de manera reincidente se ven\u00edan presentando en este tramo. Deber\u00eda no presentar problemas en siete a\u00f1os, que es lo que normalmente tiene un dise\u00f1o de estas caracter\u00edsticas, con el respectivo mantenimiento\u201d, explic\u00f3 Wagner Zambrano, gerente de la empresa Manab\u00ed Vial.<\/p>\n","protected":false},"excerpt":{"rendered":"<p>Desde las primeras horas del s\u00e1bado, personal de la Empresa P\u00fablica Manab\u00ed Vial, adscrita al Gobierno de Manab\u00ed, trabaj\u00f3 en la colocaci\u00f3n de la capa de rodadura asf\u00e1ltica en el tramo del paso lateral de Portoviejo que fue sometido a reconstrucci\u00f3n por el mal estado en que se encontraba. Estas labores permitieron que, desde horas [&hellip;]<\/p>\n","protected":false},"author":1,"featured_media":16775,"comment_status":"closed","ping_status":"open","sticky":false,"template":"","format":"standard","meta":{"_joinchat":[],"footnotes":""},"categories":[170,92,132,91,127],"tags":[],"class_list":["post-16774","post","type-post","status-publish","format-standard","has-post-thumbnail","hentry","category-manabi-vial","category-noticias-manabi","category-portoviejo","category-todas","category-vialidad"],"yoast_head":"<!-- This site is optimized with the Yoast SEO plugin v27.4 - https:\/\/yoast.com\/product\/yoast-seo-wordpress\/ -->\n<title>PREFECTURA TERMINA ASFALTADO EN PASO LATERAL DE PORTOVIEJO - Prefectura de Manab\u00ed<\/title>\n<meta name=\"robots\" content=\"index, follow, max-snippet:-1, max-image-preview:large, max-video-preview:-1\" \/>\n<link rel=\"canonical\" href=\"https:\/\/www.manabi.gob.ec\/index.php\/prefectura-termina-asfaltado-en-paso-lateral-de-portoviejo\/\" \/>\n<meta property=\"og:locale\" content=\"es_ES\" \/>\n<meta property=\"og:type\" content=\"article\" \/>\n<meta property=\"og:title\" content=\"PREFECTURA TERMINA ASFALTADO EN PASO LATERAL DE PORTOVIEJO - Prefectura de Manab\u00ed\" \/>\n<meta property=\"og:description\" content=\"Desde las primeras horas del s\u00e1bado, personal de la Empresa P\u00fablica Manab\u00ed Vial, adscrita al Gobierno de Manab\u00ed, trabaj\u00f3 en la colocaci\u00f3n de la capa de rodadura asf\u00e1ltica en el tramo del paso lateral de Portoviejo que fue sometido a reconstrucci\u00f3n por el mal estado en que se encontraba. Estas labores permitieron que, desde horas [&hellip;]\" \/>\n<meta property=\"og:url\" content=\"https:\/\/www.manabi.gob.ec\/index.php\/prefectura-termina-asfaltado-en-paso-lateral-de-portoviejo\/\" \/>\n<meta property=\"og:site_name\" content=\"Prefectura de Manab\u00ed\" \/>\n<meta property=\"article:published_time\" content=\"2021-04-13T22:59:03+00:00\" \/>\n<meta property=\"article:modified_time\" content=\"2021-04-13T22:59:06+00:00\" \/>\n<meta property=\"og:image\" content=\"https:\/\/www.manabi.gob.ec\/wp-content\/uploads\/2021\/04\/Paso-lateral-asfaltado-4.jpeg\" \/>\n\t<meta property=\"og:image:width\" content=\"1280\" \/>\n\t<meta property=\"og:image:height\" content=\"853\" \/>\n\t<meta property=\"og:image:type\" content=\"image\/jpeg\" \/>\n<meta name=\"author\" content=\"admin\" \/>\n<meta name=\"twitter:card\" content=\"summary_large_image\" \/>\n<meta name=\"twitter:label1\" content=\"Escrito por\" \/>\n\t<meta name=\"twitter:data1\" content=\"admin\" \/>\n\t<meta name=\"twitter:label2\" content=\"Tiempo de lectura\" \/>\n\t<meta name=\"twitter:data2\" content=\"2 minutos\" \/>\n<script type=\"application\/ld+json\" class=\"yoast-schema-graph\">{\"@context\":\"https:\\\/\\\/schema.org\",\"@graph\":[{\"@type\":\"Article\",\"@id\":\"https:\\\/\\\/www.manabi.gob.ec\\\/index.php\\\/prefectura-termina-asfaltado-en-paso-lateral-de-portoviejo\\\/#article\",\"isPartOf\":{\"@id\":\"https:\\\/\\\/www.manabi.gob.ec\\\/index.php\\\/prefectura-termina-asfaltado-en-paso-lateral-de-portoviejo\\\/\"},\"author\":{\"name\":\"admin\",\"@id\":\"https:\\\/\\\/www.manabi.gob.ec\\\/#\\\/schema\\\/person\\\/cfc71bd68fe2703b779edcc292a49722\"},\"headline\":\"PREFECTURA TERMINA ASFALTADO EN PASO LATERAL DE PORTOVIEJO\",\"datePublished\":\"2021-04-13T22:59:03+00:00\",\"dateModified\":\"2021-04-13T22:59:06+00:00\",\"mainEntityOfPage\":{\"@id\":\"https:\\\/\\\/www.manabi.gob.ec\\\/index.php\\\/prefectura-termina-asfaltado-en-paso-lateral-de-portoviejo\\\/\"},\"wordCount\":349,\"image\":{\"@id\":\"https:\\\/\\\/www.manabi.gob.ec\\\/index.php\\\/prefectura-termina-asfaltado-en-paso-lateral-de-portoviejo\\\/#primaryimage\"},\"thumbnailUrl\":\"https:\\\/\\\/www.manabi.gob.ec\\\/wp-content\\\/uploads\\\/2021\\\/04\\\/Paso-lateral-asfaltado-4.jpeg\",\"articleSection\":[\"Manab\u00ed Vial\",\"Noticias\",\"Portoviejo\",\"Todas\",\"Vialidad\"],\"inLanguage\":\"es\"},{\"@type\":\"WebPage\",\"@id\":\"https:\\\/\\\/www.manabi.gob.ec\\\/index.php\\\/prefectura-termina-asfaltado-en-paso-lateral-de-portoviejo\\\/\",\"url\":\"https:\\\/\\\/www.manabi.gob.ec\\\/index.php\\\/prefectura-termina-asfaltado-en-paso-lateral-de-portoviejo\\\/\",\"name\":\"PREFECTURA TERMINA ASFALTADO EN PASO LATERAL DE PORTOVIEJO - Prefectura de Manab\u00ed\",\"isPartOf\":{\"@id\":\"https:\\\/\\\/www.manabi.gob.ec\\\/#website\"},\"primaryImageOfPage\":{\"@id\":\"https:\\\/\\\/www.manabi.gob.ec\\\/index.php\\\/prefectura-termina-asfaltado-en-paso-lateral-de-portoviejo\\\/#primaryimage\"},\"image\":{\"@id\":\"https:\\\/\\\/www.manabi.gob.ec\\\/index.php\\\/prefectura-termina-asfaltado-en-paso-lateral-de-portoviejo\\\/#primaryimage\"},\"thumbnailUrl\":\"https:\\\/\\\/www.manabi.gob.ec\\\/wp-content\\\/uploads\\\/2021\\\/04\\\/Paso-lateral-asfaltado-4.jpeg\",\"datePublished\":\"2021-04-13T22:59:03+00:00\",\"dateModified\":\"2021-04-13T22:59:06+00:00\",\"author\":{\"@id\":\"https:\\\/\\\/www.manabi.gob.ec\\\/#\\\/schema\\\/person\\\/cfc71bd68fe2703b779edcc292a49722\"},\"breadcrumb\":{\"@id\":\"https:\\\/\\\/www.manabi.gob.ec\\\/index.php\\\/prefectura-termina-asfaltado-en-paso-lateral-de-portoviejo\\\/#breadcrumb\"},\"inLanguage\":\"es\",\"potentialAction\":[{\"@type\":\"ReadAction\",\"target\":[\"https:\\\/\\\/www.manabi.gob.ec\\\/index.php\\\/prefectura-termina-asfaltado-en-paso-lateral-de-portoviejo\\\/\"]}]},{\"@type\":\"ImageObject\",\"inLanguage\":\"es\",\"@id\":\"https:\\\/\\\/www.manabi.gob.ec\\\/index.php\\\/prefectura-termina-asfaltado-en-paso-lateral-de-portoviejo\\\/#primaryimage\",\"url\":\"https:\\\/\\\/www.manabi.gob.ec\\\/wp-content\\\/uploads\\\/2021\\\/04\\\/Paso-lateral-asfaltado-4.jpeg\",\"contentUrl\":\"https:\\\/\\\/www.manabi.gob.ec\\\/wp-content\\\/uploads\\\/2021\\\/04\\\/Paso-lateral-asfaltado-4.jpeg\",\"width\":1280,\"height\":853},{\"@type\":\"BreadcrumbList\",\"@id\":\"https:\\\/\\\/www.manabi.gob.ec\\\/index.php\\\/prefectura-termina-asfaltado-en-paso-lateral-de-portoviejo\\\/#breadcrumb\",\"itemListElement\":[{\"@type\":\"ListItem\",\"position\":1,\"name\":\"Portada\",\"item\":\"https:\\\/\\\/www.manabi.gob.ec\\\/\"},{\"@type\":\"ListItem\",\"position\":2,\"name\":\"PREFECTURA TERMINA ASFALTADO EN PASO LATERAL DE PORTOVIEJO\"}]},{\"@type\":\"WebSite\",\"@id\":\"https:\\\/\\\/www.manabi.gob.ec\\\/#website\",\"url\":\"https:\\\/\\\/www.manabi.gob.ec\\\/\",\"name\":\"Prefectura de Manab\u00ed\",\"description\":\"P\u00e1gina web de la prefectura\",\"potentialAction\":[{\"@type\":\"SearchAction\",\"target\":{\"@type\":\"EntryPoint\",\"urlTemplate\":\"https:\\\/\\\/www.manabi.gob.ec\\\/?s={search_term_string}\"},\"query-input\":{\"@type\":\"PropertyValueSpecification\",\"valueRequired\":true,\"valueName\":\"search_term_string\"}}],\"inLanguage\":\"es\"},{\"@type\":\"Person\",\"@id\":\"https:\\\/\\\/www.manabi.gob.ec\\\/#\\\/schema\\\/person\\\/cfc71bd68fe2703b779edcc292a49722\",\"name\":\"admin\",\"image\":{\"@type\":\"ImageObject\",\"inLanguage\":\"es\",\"@id\":\"https:\\\/\\\/secure.gravatar.com\\\/avatar\\\/23e9f919492b0a2f65aa168e0d8c5c867ea853b61deffbadf08c7031e15b8d78?s=96&d=mm&r=g\",\"url\":\"https:\\\/\\\/secure.gravatar.com\\\/avatar\\\/23e9f919492b0a2f65aa168e0d8c5c867ea853b61deffbadf08c7031e15b8d78?s=96&d=mm&r=g\",\"contentUrl\":\"https:\\\/\\\/secure.gravatar.com\\\/avatar\\\/23e9f919492b0a2f65aa168e0d8c5c867ea853b61deffbadf08c7031e15b8d78?s=96&d=mm&r=g\",\"caption\":\"admin\"},\"sameAs\":[\"http:\\\/\\\/www.manabi.gob.ec\"],\"url\":\"https:\\\/\\\/www.manabi.gob.ec\\\/index.php\\\/author\\\/admin\\\/\"}]}<\/script>\n<!-- \/ Yoast SEO plugin. -->","yoast_head_json":{"title":"PREFECTURA TERMINA ASFALTADO EN PASO LATERAL DE PORTOVIEJO - Prefectura de Manab\u00ed","robots":{"index":"index","follow":"follow","max-snippet":"max-snippet:-1","max-image-preview":"max-image-preview:large","max-video-preview":"max-video-preview:-1"},"canonical":"https:\/\/www.manabi.gob.ec\/index.php\/prefectura-termina-asfaltado-en-paso-lateral-de-portoviejo\/","og_locale":"es_ES","og_type":"article","og_title":"PREFECTURA TERMINA ASFALTADO EN PASO LATERAL DE PORTOVIEJO - Prefectura de Manab\u00ed","og_description":"Desde las primeras horas del s\u00e1bado, personal de la Empresa P\u00fablica Manab\u00ed Vial, adscrita al Gobierno de Manab\u00ed, trabaj\u00f3 en la colocaci\u00f3n de la capa de rodadura asf\u00e1ltica en el tramo del paso lateral de Portoviejo que fue sometido a reconstrucci\u00f3n por el mal estado en que se encontraba. Estas labores permitieron que, desde horas [&hellip;]","og_url":"https:\/\/www.manabi.gob.ec\/index.php\/prefectura-termina-asfaltado-en-paso-lateral-de-portoviejo\/","og_site_name":"Prefectura de Manab\u00ed","article_published_time":"2021-04-13T22:59:03+00:00","article_modified_time":"2021-04-13T22:59:06+00:00","og_image":[{"width":1280,"height":853,"url":"https:\/\/www.manabi.gob.ec\/wp-content\/uploads\/2021\/04\/Paso-lateral-asfaltado-4.jpeg","type":"image\/jpeg"}],"author":"admin","twitter_card":"summary_large_image","twitter_misc":{"Escrito por":"admin","Tiempo de lectura":"2 minutos"},"schema":{"@context":"https:\/\/schema.org","@graph":[{"@type":"Article","@id":"https:\/\/www.manabi.gob.ec\/index.php\/prefectura-termina-asfaltado-en-paso-lateral-de-portoviejo\/#article","isPartOf":{"@id":"https:\/\/www.manabi.gob.ec\/index.php\/prefectura-termina-asfaltado-en-paso-lateral-de-portoviejo\/"},"author":{"name":"admin","@id":"https:\/\/www.manabi.gob.ec\/#\/schema\/person\/cfc71bd68fe2703b779edcc292a49722"},"headline":"PREFECTURA TERMINA ASFALTADO EN PASO LATERAL DE PORTOVIEJO","datePublished":"2021-04-13T22:59:03+00:00","dateModified":"2021-04-13T22:59:06+00:00","mainEntityOfPage":{"@id":"https:\/\/www.manabi.gob.ec\/index.php\/prefectura-termina-asfaltado-en-paso-lateral-de-portoviejo\/"},"wordCount":349,"image":{"@id":"https:\/\/www.manabi.gob.ec\/index.php\/prefectura-termina-asfaltado-en-paso-lateral-de-portoviejo\/#primaryimage"},"thumbnailUrl":"https:\/\/www.manabi.gob.ec\/wp-content\/uploads\/2021\/04\/Paso-lateral-asfaltado-4.jpeg","articleSection":["Manab\u00ed Vial","Noticias","Portoviejo","Todas","Vialidad"],"inLanguage":"es"},{"@type":"WebPage","@id":"https:\/\/www.manabi.gob.ec\/index.php\/prefectura-termina-asfaltado-en-paso-lateral-de-portoviejo\/","url":"https:\/\/www.manabi.gob.ec\/index.php\/prefectura-termina-asfaltado-en-paso-lateral-de-portoviejo\/","name":"PREFECTURA TERMINA ASFALTADO EN PASO LATERAL DE PORTOVIEJO - Prefectura de Manab\u00ed","isPartOf":{"@id":"https:\/\/www.manabi.gob.ec\/#website"},"primaryImageOfPage":{"@id":"https:\/\/www.manabi.gob.ec\/index.php\/prefectura-termina-asfaltado-en-paso-lateral-de-portoviejo\/#primaryimage"},"image":{"@id":"https:\/\/www.manabi.gob.ec\/index.php\/prefectura-termina-asfaltado-en-paso-lateral-de-portoviejo\/#primaryimage"},"thumbnailUrl":"https:\/\/www.manabi.gob.ec\/wp-content\/uploads\/2021\/04\/Paso-lateral-asfaltado-4.jpeg","datePublished":"2021-04-13T22:59:03+00:00","dateModified":"2021-04-13T22:59:06+00:00","author":{"@id":"https:\/\/www.manabi.gob.ec\/#\/schema\/person\/cfc71bd68fe2703b779edcc292a49722"},"breadcrumb":{"@id":"https:\/\/www.manabi.gob.ec\/index.php\/prefectura-termina-asfaltado-en-paso-lateral-de-portoviejo\/#breadcrumb"},"inLanguage":"es","potentialAction":[{"@type":"ReadAction","target":["https:\/\/www.manabi.gob.ec\/index.php\/prefectura-termina-asfaltado-en-paso-lateral-de-portoviejo\/"]}]},{"@type":"ImageObject","inLanguage":"es","@id":"https:\/\/www.manabi.gob.ec\/index.php\/prefectura-termina-asfaltado-en-paso-lateral-de-portoviejo\/#primaryimage","url":"https:\/\/www.manabi.gob.ec\/wp-content\/uploads\/2021\/04\/Paso-lateral-asfaltado-4.jpeg","contentUrl":"https:\/\/www.manabi.gob.ec\/wp-content\/uploads\/2021\/04\/Paso-lateral-asfaltado-4.jpeg","width":1280,"height":853},{"@type":"BreadcrumbList","@id":"https:\/\/www.manabi.gob.ec\/index.php\/prefectura-termina-asfaltado-en-paso-lateral-de-portoviejo\/#breadcrumb","itemListElement":[{"@type":"ListItem","position":1,"name":"Portada","item":"https:\/\/www.manabi.gob.ec\/"},{"@type":"ListItem","position":2,"name":"PREFECTURA TERMINA ASFALTADO EN PASO LATERAL DE PORTOVIEJO"}]},{"@type":"WebSite","@id":"https:\/\/www.manabi.gob.ec\/#website","url":"https:\/\/www.manabi.gob.ec\/","name":"Prefectura de Manab\u00ed","description":"P\u00e1gina web de la prefectura","potentialAction":[{"@type":"SearchAction","target":{"@type":"EntryPoint","urlTemplate":"https:\/\/www.manabi.gob.ec\/?s={search_term_string}"},"query-input":{"@type":"PropertyValueSpecification","valueRequired":true,"valueName":"search_term_string"}}],"inLanguage":"es"},{"@type":"Person","@id":"https:\/\/www.manabi.gob.ec\/#\/schema\/person\/cfc71bd68fe2703b779edcc292a49722","name":"admin","image":{"@type":"ImageObject","inLanguage":"es","@id":"https:\/\/secure.gravatar.com\/avatar\/23e9f919492b0a2f65aa168e0d8c5c867ea853b61deffbadf08c7031e15b8d78?s=96&d=mm&r=g","url":"https:\/\/secure.gravatar.com\/avatar\/23e9f919492b0a2f65aa168e0d8c5c867ea853b61deffbadf08c7031e15b8d78?s=96&d=mm&r=g","contentUrl":"https:\/\/secure.gravatar.com\/avatar\/23e9f919492b0a2f65aa168e0d8c5c867ea853b61deffbadf08c7031e15b8d78?s=96&d=mm&r=g","caption":"admin"},"sameAs":["http:\/\/www.manabi.gob.ec"],"url":"https:\/\/www.manabi.gob.ec\/index.php\/author\/admin\/"}]}},"jetpack_featured_media_url":"https:\/\/www.manabi.gob.ec\/wp-content\/uploads\/2021\/04\/Paso-lateral-asfaltado-4.jpeg","_links":{"self":[{"href":"https:\/\/www.manabi.gob.ec\/index.php\/wp-json\/wp\/v2\/posts\/16774","targetHints":{"allow":["GET"]}}],"collection":[{"href":"https:\/\/www.manabi.gob.ec\/index.php\/wp-json\/wp\/v2\/posts"}],"about":[{"href":"https:\/\/www.manabi.gob.ec\/index.php\/wp-json\/wp\/v2\/types\/post"}],"author":[{"embeddable":true,"href":"https:\/\/www.manabi.gob.ec\/index.php\/wp-json\/wp\/v2\/users\/1"}],"replies":[{"embeddable":true,"href":"https:\/\/www.manabi.gob.ec\/index.php\/wp-json\/wp\/v2\/comments?post=16774"}],"version-history":[{"count":0,"href":"https:\/\/www.manabi.gob.ec\/index.php\/wp-json\/wp\/v2\/posts\/16774\/revisions"}],"wp:featuredmedia":[{"embeddable":true,"href":"https:\/\/www.manabi.gob.ec\/index.php\/wp-json\/wp\/v2\/media\/16775"}],"wp:attachment":[{"href":"https:\/\/www.manabi.gob.ec\/index.php\/wp-json\/wp\/v2\/media?parent=16774"}],"wp:term":[{"taxonomy":"category","embeddable":true,"href":"https:\/\/www.manabi.gob.ec\/index.php\/wp-json\/wp\/v2\/categories?post=16774"},{"taxonomy":"post_tag","embeddable":true,"href":"https:\/\/www.manabi.gob.ec\/index.php\/wp-json\/wp\/v2\/tags?post=16774"}],"curies":[{"name":"wp","href":"https:\/\/api.w.org\/{rel}","templated":true}]}}