{"id":16821,"date":"2021-04-15T17:34:54","date_gmt":"2021-04-15T17:34:54","guid":{"rendered":"https:\/\/www.manabi.gob.ec\/?p=16821"},"modified":"2021-04-15T17:34:55","modified_gmt":"2021-04-15T17:34:55","slug":"reconformamos-muro-y-proteccion-de-ribera-del-rio-portoviejo","status":"publish","type":"post","link":"https:\/\/www.manabi.gob.ec\/index.php\/reconformamos-muro-y-proteccion-de-ribera-del-rio-portoviejo\/","title":{"rendered":"RECONFORMAMOS MURO Y PROTECCI\u00d3N DE RIBERA DEL RIO PORTOVIEJO"},"content":{"rendered":"\n<p>La Prefectura de Manab\u00ed realiza trabajos de reconformaci\u00f3n de muro en el margen izquierdo&nbsp;del r\u00edo Portoviejo, en una extensi\u00f3n de 120 metros lineales, a la altura del sitio Los Pocitos, perteneciente a la comuna Sosote del cant\u00f3n Rocafuerte.<\/p>\n\n\n\n<p>Estos trabajos son coordinados por las direcciones de Vialidad y Riego y Drenaje, con el prop\u00f3sito de prevenir inundaciones en la \u00e9poca invernal, especialmente en estas zonas bajas del valle del r\u00edo Portoviejo.<\/p>\n\n\n\n<p>\u00abSe benefician aproximadamente&nbsp;unas mil familias de las comunidades Sosote, Puerto Loor,&nbsp;Tierras Amarillas, El Horc\u00f3n\u00bb, indic\u00f3 el t\u00e9cnico de Riego y Drenaje, Wilson Alc\u00edvar.<\/p>\n\n\n\n<p>Los trabajos iniciaron el s\u00e1bado 10 de abril, y tienen ya un avance del 30%, indic\u00f3 Arturo Espinoza, inspector de obras de la entidad provincial.<\/p>\n\n\n\n<p>\u00abAqu\u00ed tenemos 7 volquetas, 1 excavadora brazo largo. El muro tendr\u00e1 4 metros de alto, y&nbsp;&nbsp; 5 metros de ancho, y tambi\u00e9n se proteger\u00e1 con 1000 metros c\u00fabicos de piedra escollera\u00bb, dijo el t\u00e9cnico.<\/p>\n\n\n\n<p>Para Ney Rom\u00e1n, presidente del sitio Los Pocitos, considera que estos trabajos preventivos vienen a ser un gran aliciente para el agricultor, porque evitar\u00e1 que se pierdan sus siembras. Esta una zona muy productiva, especialmente en cultivos de ciclo corto, se\u00f1al\u00f3. &nbsp;<\/p>\n","protected":false},"excerpt":{"rendered":"<p>La Prefectura de Manab\u00ed realiza trabajos de reconformaci\u00f3n de muro en el margen izquierdo&nbsp;del r\u00edo Portoviejo, en una extensi\u00f3n de 120 metros lineales, a la altura del sitio Los Pocitos, perteneciente a la comuna Sosote del cant\u00f3n Rocafuerte. Estos trabajos son coordinados por las direcciones de Vialidad y Riego y Drenaje, con el prop\u00f3sito de [&hellip;]<\/p>\n","protected":false},"author":1,"featured_media":16822,"comment_status":"closed","ping_status":"open","sticky":false,"template":"","format":"standard","meta":{"_joinchat":[],"footnotes":""},"categories":[92,132,89,91],"tags":[],"class_list":["post-16821","post","type-post","status-publish","format-standard","has-post-thumbnail","hentry","category-noticias-manabi","category-portoviejo","category-riego-drenaje","category-todas"],"yoast_head":"<!-- This site is optimized with the Yoast SEO plugin v27.4 - https:\/\/yoast.com\/product\/yoast-seo-wordpress\/ -->\n<title>RECONFORMAMOS MURO Y PROTECCI\u00d3N DE RIBERA DEL RIO PORTOVIEJO - Prefectura de Manab\u00ed<\/title>\n<meta name=\"robots\" content=\"index, follow, max-snippet:-1, max-image-preview:large, max-video-preview:-1\" \/>\n<link rel=\"canonical\" href=\"https:\/\/www.manabi.gob.ec\/index.php\/reconformamos-muro-y-proteccion-de-ribera-del-rio-portoviejo\/\" \/>\n<meta property=\"og:locale\" content=\"es_ES\" \/>\n<meta property=\"og:type\" content=\"article\" \/>\n<meta property=\"og:title\" content=\"RECONFORMAMOS MURO Y PROTECCI\u00d3N DE RIBERA DEL RIO PORTOVIEJO - Prefectura de Manab\u00ed\" \/>\n<meta property=\"og:description\" content=\"La Prefectura de Manab\u00ed realiza trabajos de reconformaci\u00f3n de muro en el margen izquierdo&nbsp;del r\u00edo Portoviejo, en una extensi\u00f3n de 120 metros lineales, a la altura del sitio Los Pocitos, perteneciente a la comuna Sosote del cant\u00f3n Rocafuerte. Estos trabajos son coordinados por las direcciones de Vialidad y Riego y Drenaje, con el prop\u00f3sito de [&hellip;]\" \/>\n<meta property=\"og:url\" content=\"https:\/\/www.manabi.gob.ec\/index.php\/reconformamos-muro-y-proteccion-de-ribera-del-rio-portoviejo\/\" \/>\n<meta property=\"og:site_name\" content=\"Prefectura de Manab\u00ed\" \/>\n<meta property=\"article:published_time\" content=\"2021-04-15T17:34:54+00:00\" \/>\n<meta property=\"article:modified_time\" content=\"2021-04-15T17:34:55+00:00\" \/>\n<meta property=\"og:image\" content=\"https:\/\/www.manabi.gob.ec\/wp-content\/uploads\/2021\/04\/Trabajos-en-ribera-del-rio-Portoviejo-1.jpeg\" \/>\n\t<meta property=\"og:image:width\" content=\"1280\" \/>\n\t<meta property=\"og:image:height\" content=\"577\" \/>\n\t<meta property=\"og:image:type\" content=\"image\/jpeg\" \/>\n<meta name=\"author\" content=\"admin\" \/>\n<meta name=\"twitter:card\" content=\"summary_large_image\" \/>\n<meta name=\"twitter:label1\" content=\"Escrito por\" \/>\n\t<meta name=\"twitter:data1\" content=\"admin\" \/>\n\t<meta name=\"twitter:label2\" content=\"Tiempo de lectura\" \/>\n\t<meta name=\"twitter:data2\" content=\"1 minuto\" \/>\n<script type=\"application\/ld+json\" class=\"yoast-schema-graph\">{\"@context\":\"https:\\\/\\\/schema.org\",\"@graph\":[{\"@type\":\"Article\",\"@id\":\"https:\\\/\\\/www.manabi.gob.ec\\\/index.php\\\/reconformamos-muro-y-proteccion-de-ribera-del-rio-portoviejo\\\/#article\",\"isPartOf\":{\"@id\":\"https:\\\/\\\/www.manabi.gob.ec\\\/index.php\\\/reconformamos-muro-y-proteccion-de-ribera-del-rio-portoviejo\\\/\"},\"author\":{\"name\":\"admin\",\"@id\":\"https:\\\/\\\/www.manabi.gob.ec\\\/#\\\/schema\\\/person\\\/cfc71bd68fe2703b779edcc292a49722\"},\"headline\":\"RECONFORMAMOS MURO Y PROTECCI\u00d3N DE RIBERA DEL RIO PORTOVIEJO\",\"datePublished\":\"2021-04-15T17:34:54+00:00\",\"dateModified\":\"2021-04-15T17:34:55+00:00\",\"mainEntityOfPage\":{\"@id\":\"https:\\\/\\\/www.manabi.gob.ec\\\/index.php\\\/reconformamos-muro-y-proteccion-de-ribera-del-rio-portoviejo\\\/\"},\"wordCount\":220,\"image\":{\"@id\":\"https:\\\/\\\/www.manabi.gob.ec\\\/index.php\\\/reconformamos-muro-y-proteccion-de-ribera-del-rio-portoviejo\\\/#primaryimage\"},\"thumbnailUrl\":\"https:\\\/\\\/www.manabi.gob.ec\\\/wp-content\\\/uploads\\\/2021\\\/04\\\/Trabajos-en-ribera-del-rio-Portoviejo-1.jpeg\",\"articleSection\":[\"Noticias\",\"Portoviejo\",\"Riego y drenaje\",\"Todas\"],\"inLanguage\":\"es\"},{\"@type\":\"WebPage\",\"@id\":\"https:\\\/\\\/www.manabi.gob.ec\\\/index.php\\\/reconformamos-muro-y-proteccion-de-ribera-del-rio-portoviejo\\\/\",\"url\":\"https:\\\/\\\/www.manabi.gob.ec\\\/index.php\\\/reconformamos-muro-y-proteccion-de-ribera-del-rio-portoviejo\\\/\",\"name\":\"RECONFORMAMOS MURO Y PROTECCI\u00d3N DE RIBERA DEL RIO PORTOVIEJO - Prefectura de Manab\u00ed\",\"isPartOf\":{\"@id\":\"https:\\\/\\\/www.manabi.gob.ec\\\/#website\"},\"primaryImageOfPage\":{\"@id\":\"https:\\\/\\\/www.manabi.gob.ec\\\/index.php\\\/reconformamos-muro-y-proteccion-de-ribera-del-rio-portoviejo\\\/#primaryimage\"},\"image\":{\"@id\":\"https:\\\/\\\/www.manabi.gob.ec\\\/index.php\\\/reconformamos-muro-y-proteccion-de-ribera-del-rio-portoviejo\\\/#primaryimage\"},\"thumbnailUrl\":\"https:\\\/\\\/www.manabi.gob.ec\\\/wp-content\\\/uploads\\\/2021\\\/04\\\/Trabajos-en-ribera-del-rio-Portoviejo-1.jpeg\",\"datePublished\":\"2021-04-15T17:34:54+00:00\",\"dateModified\":\"2021-04-15T17:34:55+00:00\",\"author\":{\"@id\":\"https:\\\/\\\/www.manabi.gob.ec\\\/#\\\/schema\\\/person\\\/cfc71bd68fe2703b779edcc292a49722\"},\"breadcrumb\":{\"@id\":\"https:\\\/\\\/www.manabi.gob.ec\\\/index.php\\\/reconformamos-muro-y-proteccion-de-ribera-del-rio-portoviejo\\\/#breadcrumb\"},\"inLanguage\":\"es\",\"potentialAction\":[{\"@type\":\"ReadAction\",\"target\":[\"https:\\\/\\\/www.manabi.gob.ec\\\/index.php\\\/reconformamos-muro-y-proteccion-de-ribera-del-rio-portoviejo\\\/\"]}]},{\"@type\":\"ImageObject\",\"inLanguage\":\"es\",\"@id\":\"https:\\\/\\\/www.manabi.gob.ec\\\/index.php\\\/reconformamos-muro-y-proteccion-de-ribera-del-rio-portoviejo\\\/#primaryimage\",\"url\":\"https:\\\/\\\/www.manabi.gob.ec\\\/wp-content\\\/uploads\\\/2021\\\/04\\\/Trabajos-en-ribera-del-rio-Portoviejo-1.jpeg\",\"contentUrl\":\"https:\\\/\\\/www.manabi.gob.ec\\\/wp-content\\\/uploads\\\/2021\\\/04\\\/Trabajos-en-ribera-del-rio-Portoviejo-1.jpeg\",\"width\":1280,\"height\":577},{\"@type\":\"BreadcrumbList\",\"@id\":\"https:\\\/\\\/www.manabi.gob.ec\\\/index.php\\\/reconformamos-muro-y-proteccion-de-ribera-del-rio-portoviejo\\\/#breadcrumb\",\"itemListElement\":[{\"@type\":\"ListItem\",\"position\":1,\"name\":\"Portada\",\"item\":\"https:\\\/\\\/www.manabi.gob.ec\\\/\"},{\"@type\":\"ListItem\",\"position\":2,\"name\":\"RECONFORMAMOS MURO Y PROTECCI\u00d3N DE RIBERA DEL RIO PORTOVIEJO\"}]},{\"@type\":\"WebSite\",\"@id\":\"https:\\\/\\\/www.manabi.gob.ec\\\/#website\",\"url\":\"https:\\\/\\\/www.manabi.gob.ec\\\/\",\"name\":\"Prefectura de Manab\u00ed\",\"description\":\"P\u00e1gina web de la prefectura\",\"potentialAction\":[{\"@type\":\"SearchAction\",\"target\":{\"@type\":\"EntryPoint\",\"urlTemplate\":\"https:\\\/\\\/www.manabi.gob.ec\\\/?s={search_term_string}\"},\"query-input\":{\"@type\":\"PropertyValueSpecification\",\"valueRequired\":true,\"valueName\":\"search_term_string\"}}],\"inLanguage\":\"es\"},{\"@type\":\"Person\",\"@id\":\"https:\\\/\\\/www.manabi.gob.ec\\\/#\\\/schema\\\/person\\\/cfc71bd68fe2703b779edcc292a49722\",\"name\":\"admin\",\"image\":{\"@type\":\"ImageObject\",\"inLanguage\":\"es\",\"@id\":\"https:\\\/\\\/secure.gravatar.com\\\/avatar\\\/23e9f919492b0a2f65aa168e0d8c5c867ea853b61deffbadf08c7031e15b8d78?s=96&d=mm&r=g\",\"url\":\"https:\\\/\\\/secure.gravatar.com\\\/avatar\\\/23e9f919492b0a2f65aa168e0d8c5c867ea853b61deffbadf08c7031e15b8d78?s=96&d=mm&r=g\",\"contentUrl\":\"https:\\\/\\\/secure.gravatar.com\\\/avatar\\\/23e9f919492b0a2f65aa168e0d8c5c867ea853b61deffbadf08c7031e15b8d78?s=96&d=mm&r=g\",\"caption\":\"admin\"},\"sameAs\":[\"http:\\\/\\\/www.manabi.gob.ec\"],\"url\":\"https:\\\/\\\/www.manabi.gob.ec\\\/index.php\\\/author\\\/admin\\\/\"}]}<\/script>\n<!-- \/ Yoast SEO plugin. -->","yoast_head_json":{"title":"RECONFORMAMOS MURO Y PROTECCI\u00d3N DE RIBERA DEL RIO PORTOVIEJO - Prefectura de Manab\u00ed","robots":{"index":"index","follow":"follow","max-snippet":"max-snippet:-1","max-image-preview":"max-image-preview:large","max-video-preview":"max-video-preview:-1"},"canonical":"https:\/\/www.manabi.gob.ec\/index.php\/reconformamos-muro-y-proteccion-de-ribera-del-rio-portoviejo\/","og_locale":"es_ES","og_type":"article","og_title":"RECONFORMAMOS MURO Y PROTECCI\u00d3N DE RIBERA DEL RIO PORTOVIEJO - Prefectura de Manab\u00ed","og_description":"La Prefectura de Manab\u00ed realiza trabajos de reconformaci\u00f3n de muro en el margen izquierdo&nbsp;del r\u00edo Portoviejo, en una extensi\u00f3n de 120 metros lineales, a la altura del sitio Los Pocitos, perteneciente a la comuna Sosote del cant\u00f3n Rocafuerte. Estos trabajos son coordinados por las direcciones de Vialidad y Riego y Drenaje, con el prop\u00f3sito de [&hellip;]","og_url":"https:\/\/www.manabi.gob.ec\/index.php\/reconformamos-muro-y-proteccion-de-ribera-del-rio-portoviejo\/","og_site_name":"Prefectura de Manab\u00ed","article_published_time":"2021-04-15T17:34:54+00:00","article_modified_time":"2021-04-15T17:34:55+00:00","og_image":[{"width":1280,"height":577,"url":"https:\/\/www.manabi.gob.ec\/wp-content\/uploads\/2021\/04\/Trabajos-en-ribera-del-rio-Portoviejo-1.jpeg","type":"image\/jpeg"}],"author":"admin","twitter_card":"summary_large_image","twitter_misc":{"Escrito por":"admin","Tiempo de lectura":"1 minuto"},"schema":{"@context":"https:\/\/schema.org","@graph":[{"@type":"Article","@id":"https:\/\/www.manabi.gob.ec\/index.php\/reconformamos-muro-y-proteccion-de-ribera-del-rio-portoviejo\/#article","isPartOf":{"@id":"https:\/\/www.manabi.gob.ec\/index.php\/reconformamos-muro-y-proteccion-de-ribera-del-rio-portoviejo\/"},"author":{"name":"admin","@id":"https:\/\/www.manabi.gob.ec\/#\/schema\/person\/cfc71bd68fe2703b779edcc292a49722"},"headline":"RECONFORMAMOS MURO Y PROTECCI\u00d3N DE RIBERA DEL RIO PORTOVIEJO","datePublished":"2021-04-15T17:34:54+00:00","dateModified":"2021-04-15T17:34:55+00:00","mainEntityOfPage":{"@id":"https:\/\/www.manabi.gob.ec\/index.php\/reconformamos-muro-y-proteccion-de-ribera-del-rio-portoviejo\/"},"wordCount":220,"image":{"@id":"https:\/\/www.manabi.gob.ec\/index.php\/reconformamos-muro-y-proteccion-de-ribera-del-rio-portoviejo\/#primaryimage"},"thumbnailUrl":"https:\/\/www.manabi.gob.ec\/wp-content\/uploads\/2021\/04\/Trabajos-en-ribera-del-rio-Portoviejo-1.jpeg","articleSection":["Noticias","Portoviejo","Riego y drenaje","Todas"],"inLanguage":"es"},{"@type":"WebPage","@id":"https:\/\/www.manabi.gob.ec\/index.php\/reconformamos-muro-y-proteccion-de-ribera-del-rio-portoviejo\/","url":"https:\/\/www.manabi.gob.ec\/index.php\/reconformamos-muro-y-proteccion-de-ribera-del-rio-portoviejo\/","name":"RECONFORMAMOS MURO Y PROTECCI\u00d3N DE RIBERA DEL RIO PORTOVIEJO - Prefectura de Manab\u00ed","isPartOf":{"@id":"https:\/\/www.manabi.gob.ec\/#website"},"primaryImageOfPage":{"@id":"https:\/\/www.manabi.gob.ec\/index.php\/reconformamos-muro-y-proteccion-de-ribera-del-rio-portoviejo\/#primaryimage"},"image":{"@id":"https:\/\/www.manabi.gob.ec\/index.php\/reconformamos-muro-y-proteccion-de-ribera-del-rio-portoviejo\/#primaryimage"},"thumbnailUrl":"https:\/\/www.manabi.gob.ec\/wp-content\/uploads\/2021\/04\/Trabajos-en-ribera-del-rio-Portoviejo-1.jpeg","datePublished":"2021-04-15T17:34:54+00:00","dateModified":"2021-04-15T17:34:55+00:00","author":{"@id":"https:\/\/www.manabi.gob.ec\/#\/schema\/person\/cfc71bd68fe2703b779edcc292a49722"},"breadcrumb":{"@id":"https:\/\/www.manabi.gob.ec\/index.php\/reconformamos-muro-y-proteccion-de-ribera-del-rio-portoviejo\/#breadcrumb"},"inLanguage":"es","potentialAction":[{"@type":"ReadAction","target":["https:\/\/www.manabi.gob.ec\/index.php\/reconformamos-muro-y-proteccion-de-ribera-del-rio-portoviejo\/"]}]},{"@type":"ImageObject","inLanguage":"es","@id":"https:\/\/www.manabi.gob.ec\/index.php\/reconformamos-muro-y-proteccion-de-ribera-del-rio-portoviejo\/#primaryimage","url":"https:\/\/www.manabi.gob.ec\/wp-content\/uploads\/2021\/04\/Trabajos-en-ribera-del-rio-Portoviejo-1.jpeg","contentUrl":"https:\/\/www.manabi.gob.ec\/wp-content\/uploads\/2021\/04\/Trabajos-en-ribera-del-rio-Portoviejo-1.jpeg","width":1280,"height":577},{"@type":"BreadcrumbList","@id":"https:\/\/www.manabi.gob.ec\/index.php\/reconformamos-muro-y-proteccion-de-ribera-del-rio-portoviejo\/#breadcrumb","itemListElement":[{"@type":"ListItem","position":1,"name":"Portada","item":"https:\/\/www.manabi.gob.ec\/"},{"@type":"ListItem","position":2,"name":"RECONFORMAMOS MURO Y PROTECCI\u00d3N DE RIBERA DEL RIO PORTOVIEJO"}]},{"@type":"WebSite","@id":"https:\/\/www.manabi.gob.ec\/#website","url":"https:\/\/www.manabi.gob.ec\/","name":"Prefectura de Manab\u00ed","description":"P\u00e1gina web de la prefectura","potentialAction":[{"@type":"SearchAction","target":{"@type":"EntryPoint","urlTemplate":"https:\/\/www.manabi.gob.ec\/?s={search_term_string}"},"query-input":{"@type":"PropertyValueSpecification","valueRequired":true,"valueName":"search_term_string"}}],"inLanguage":"es"},{"@type":"Person","@id":"https:\/\/www.manabi.gob.ec\/#\/schema\/person\/cfc71bd68fe2703b779edcc292a49722","name":"admin","image":{"@type":"ImageObject","inLanguage":"es","@id":"https:\/\/secure.gravatar.com\/avatar\/23e9f919492b0a2f65aa168e0d8c5c867ea853b61deffbadf08c7031e15b8d78?s=96&d=mm&r=g","url":"https:\/\/secure.gravatar.com\/avatar\/23e9f919492b0a2f65aa168e0d8c5c867ea853b61deffbadf08c7031e15b8d78?s=96&d=mm&r=g","contentUrl":"https:\/\/secure.gravatar.com\/avatar\/23e9f919492b0a2f65aa168e0d8c5c867ea853b61deffbadf08c7031e15b8d78?s=96&d=mm&r=g","caption":"admin"},"sameAs":["http:\/\/www.manabi.gob.ec"],"url":"https:\/\/www.manabi.gob.ec\/index.php\/author\/admin\/"}]}},"jetpack_featured_media_url":"https:\/\/www.manabi.gob.ec\/wp-content\/uploads\/2021\/04\/Trabajos-en-ribera-del-rio-Portoviejo-1.jpeg","_links":{"self":[{"href":"https:\/\/www.manabi.gob.ec\/index.php\/wp-json\/wp\/v2\/posts\/16821","targetHints":{"allow":["GET"]}}],"collection":[{"href":"https:\/\/www.manabi.gob.ec\/index.php\/wp-json\/wp\/v2\/posts"}],"about":[{"href":"https:\/\/www.manabi.gob.ec\/index.php\/wp-json\/wp\/v2\/types\/post"}],"author":[{"embeddable":true,"href":"https:\/\/www.manabi.gob.ec\/index.php\/wp-json\/wp\/v2\/users\/1"}],"replies":[{"embeddable":true,"href":"https:\/\/www.manabi.gob.ec\/index.php\/wp-json\/wp\/v2\/comments?post=16821"}],"version-history":[{"count":0,"href":"https:\/\/www.manabi.gob.ec\/index.php\/wp-json\/wp\/v2\/posts\/16821\/revisions"}],"wp:featuredmedia":[{"embeddable":true,"href":"https:\/\/www.manabi.gob.ec\/index.php\/wp-json\/wp\/v2\/media\/16822"}],"wp:attachment":[{"href":"https:\/\/www.manabi.gob.ec\/index.php\/wp-json\/wp\/v2\/media?parent=16821"}],"wp:term":[{"taxonomy":"category","embeddable":true,"href":"https:\/\/www.manabi.gob.ec\/index.php\/wp-json\/wp\/v2\/categories?post=16821"},{"taxonomy":"post_tag","embeddable":true,"href":"https:\/\/www.manabi.gob.ec\/index.php\/wp-json\/wp\/v2\/tags?post=16821"}],"curies":[{"name":"wp","href":"https:\/\/api.w.org\/{rel}","templated":true}]}}