{"id":16891,"date":"2021-04-22T14:20:40","date_gmt":"2021-04-22T14:20:40","guid":{"rendered":"https:\/\/www.manabi.gob.ec\/?p=16891"},"modified":"2021-04-22T14:20:42","modified_gmt":"2021-04-22T14:20:42","slug":"continuamos-recuperando-vias-afectadas-por-fuertes-lluvias-en-el-carmen","status":"publish","type":"post","link":"https:\/\/www.manabi.gob.ec\/index.php\/continuamos-recuperando-vias-afectadas-por-fuertes-lluvias-en-el-carmen\/","title":{"rendered":"CONTINUAMOS RECUPERANDO V\u00cdAS AFECTADAS POR FUERTES LLUVIAS EN EL CARMEN"},"content":{"rendered":"\n<p>Maquinaria y personal del Gobierno de Manab\u00ed contin\u00faa trabajando en limpieza y desalojo de tierra en varias arterias de circulaci\u00f3n en sectores productivos y ganaderos que conectan con las v\u00edas Pambilar y Flor de Manab\u00ed, del cant\u00f3n El Carmen.<\/p>\n\n\n\n<p>Entre las v\u00edas en las que se trabaja est\u00e1n las v\u00edas La Virgencita- Pl\u00e1tano &#8211; El Mono &#8211; Santa Rosa &#8211; Las Ca\u00f1as, de 18 kil\u00f3metros; y Teodomiro &#8211; Pambilar,&nbsp; de 20 kil\u00f3metros, son atendidas con trabajos de limpieza, &nbsp;desalojo de tierra y estabilizaci\u00f3n de talud, luego que se suscitaron&nbsp; deslaves producto de las fuertes lluvias presentadas en los \u00faltimos d\u00edas, inform\u00f3 Kevin Loor, residente de obra del Gobierno de Manab\u00ed.<\/p>\n\n\n\n<p>\u00abYa tenemos tres semanas de trabajo en coordinaci\u00f3n con dirigentes de comunidades, para hacer los desalojos de taludes. Se ha retirado m\u00e1s de 800 metros c\u00fabicos de tierra\u00bb, mencion\u00f3 el t\u00e9cnico.<\/p>\n\n\n\n<p>Agreg\u00f3, que se cuenta con un equipo contratado por la Prefectura, conformado por una cargadora y una gallineta para atender estos frentes de trabajo emergentes que benefician a comunidades productivas de la parroquia Wilfrido Loor Moreira (Maicito).<\/p>\n\n\n\n<p>Otros trabajos<\/p>\n\n\n\n<p>Hace cuatro meses se ejecutaron trabajos de mantenimiento, reconformaci\u00f3n, limpieza de espaldones, cunetas, en 17 kil\u00f3metros desde el ingreso del sector del 80 &#8211; Pambilar \u2013 Teodomiro, hasta llegar a la Flor de Manab\u00ed.&nbsp; All\u00ed se realiz\u00f3 la reconformaci\u00f3n del camino y la compensaci\u00f3n de material existente.<\/p>\n","protected":false},"excerpt":{"rendered":"<p>Maquinaria y personal del Gobierno de Manab\u00ed contin\u00faa trabajando en limpieza y desalojo de tierra en varias arterias de circulaci\u00f3n en sectores productivos y ganaderos que conectan con las v\u00edas Pambilar y Flor de Manab\u00ed, del cant\u00f3n El Carmen.<\/p>\n","protected":false},"author":1,"featured_media":16892,"comment_status":"closed","ping_status":"open","sticky":false,"template":"","format":"standard","meta":{"_joinchat":[],"footnotes":""},"categories":[183,92,181,91,127],"tags":[],"class_list":["post-16891","post","type-post","status-publish","format-standard","has-post-thumbnail","hentry","category-el-carmen","category-noticias-manabi","category-obra-publica","category-todas","category-vialidad"],"yoast_head":"<!-- This site is optimized with the Yoast SEO plugin v27.4 - https:\/\/yoast.com\/product\/yoast-seo-wordpress\/ -->\n<title>CONTINUAMOS RECUPERANDO V\u00cdAS AFECTADAS POR FUERTES LLUVIAS EN EL CARMEN<\/title>\n<meta name=\"description\" content=\"Maquinaria y personal del Gobierno de Manab\u00ed contin\u00faa trabajando en limpieza y desalojo de tierra en varias arterias de circulaci\u00f3n en sectores productivos y ganaderos que conectan con las v\u00edas Pambilar y Flor de Manab\u00ed, del cant\u00f3n El Carmen.Entre las v\u00edas en las que se trabaja est\u00e1n las v\u00edas La Virgencita- Pl\u00e1tano - El Mono - Santa Rosa - Las Ca\u00f1as, de 18 kil\u00f3metros; y Teodomiro - Pambilar, de 20 kil\u00f3metros, son atendidas con trabajos de limpieza, desalojo de tierra y estabilizaci\u00f3n de talud, luego que se suscitaron deslaves producto de las fuertes lluvias presentadas en los \u00faltimos d\u00edas, inform\u00f3 Kevin Loor, residente de obra del Gobierno de Manab\u00ed.&quot;Ya tenemos tres semanas de trabajo en coordinaci\u00f3n con dirigentes de comunidades, para hacer los desalojos de taludes. Se ha retirado m\u00e1s de 800 metros c\u00fabicos de tierra&quot;, mencion\u00f3 el t\u00e9cnico.Agreg\u00f3, que se cuenta con un equipo contratado por la Prefectura, conformado por una cargadora y una gallineta para atender estos frentes de trabajo emergentes que benefician a comunidades productivas de la parroquia Wilfrido Loor Moreira (Maicito).Otros trabajosHace cuatro meses se ejecutaron trabajos de mantenimiento, reconformaci\u00f3n, limpieza de espaldones, cunetas, en 17 kil\u00f3metros desde el ingreso del sector del 80 - Pambilar \u2013 Teodomiro, hasta llegar a la Flor de Manab\u00ed. All\u00ed se realiz\u00f3 la reconformaci\u00f3n del camino y la compensaci\u00f3n de material existente.\" \/>\n<meta name=\"robots\" content=\"index, follow, max-snippet:-1, max-image-preview:large, max-video-preview:-1\" \/>\n<link rel=\"canonical\" href=\"https:\/\/www.manabi.gob.ec\/index.php\/continuamos-recuperando-vias-afectadas-por-fuertes-lluvias-en-el-carmen\/\" \/>\n<meta property=\"og:locale\" content=\"es_ES\" \/>\n<meta property=\"og:type\" content=\"article\" \/>\n<meta property=\"og:title\" content=\"CONTINUAMOS RECUPERANDO V\u00cdAS AFECTADAS POR FUERTES LLUVIAS EN EL CARMEN\" \/>\n<meta property=\"og:description\" content=\"Maquinaria y personal del Gobierno de Manab\u00ed contin\u00faa trabajando en limpieza y desalojo de tierra en varias arterias de circulaci\u00f3n en sectores productivos y ganaderos que conectan con las v\u00edas Pambilar y Flor de Manab\u00ed, del cant\u00f3n El Carmen.Entre las v\u00edas en las que se trabaja est\u00e1n las v\u00edas La Virgencita- Pl\u00e1tano - El Mono - Santa Rosa - Las Ca\u00f1as, de 18 kil\u00f3metros; y Teodomiro - Pambilar, de 20 kil\u00f3metros, son atendidas con trabajos de limpieza, desalojo de tierra y estabilizaci\u00f3n de talud, luego que se suscitaron deslaves producto de las fuertes lluvias presentadas en los \u00faltimos d\u00edas, inform\u00f3 Kevin Loor, residente de obra del Gobierno de Manab\u00ed.&quot;Ya tenemos tres semanas de trabajo en coordinaci\u00f3n con dirigentes de comunidades, para hacer los desalojos de taludes. Se ha retirado m\u00e1s de 800 metros c\u00fabicos de tierra&quot;, mencion\u00f3 el t\u00e9cnico.Agreg\u00f3, que se cuenta con un equipo contratado por la Prefectura, conformado por una cargadora y una gallineta para atender estos frentes de trabajo emergentes que benefician a comunidades productivas de la parroquia Wilfrido Loor Moreira (Maicito).Otros trabajosHace cuatro meses se ejecutaron trabajos de mantenimiento, reconformaci\u00f3n, limpieza de espaldones, cunetas, en 17 kil\u00f3metros desde el ingreso del sector del 80 - Pambilar \u2013 Teodomiro, hasta llegar a la Flor de Manab\u00ed. All\u00ed se realiz\u00f3 la reconformaci\u00f3n del camino y la compensaci\u00f3n de material existente.\" \/>\n<meta property=\"og:url\" content=\"https:\/\/www.manabi.gob.ec\/index.php\/continuamos-recuperando-vias-afectadas-por-fuertes-lluvias-en-el-carmen\/\" \/>\n<meta property=\"og:site_name\" content=\"Prefectura de Manab\u00ed\" \/>\n<meta property=\"article:published_time\" content=\"2021-04-22T14:20:40+00:00\" \/>\n<meta property=\"article:modified_time\" content=\"2021-04-22T14:20:42+00:00\" \/>\n<meta property=\"og:image\" content=\"https:\/\/www.manabi.gob.ec\/wp-content\/uploads\/2021\/04\/Via-Pambilar-La-Flor-de-Manabi-2.jpeg\" \/>\n\t<meta property=\"og:image:width\" content=\"1280\" \/>\n\t<meta property=\"og:image:height\" content=\"605\" \/>\n\t<meta property=\"og:image:type\" content=\"image\/jpeg\" \/>\n<meta name=\"author\" content=\"admin\" \/>\n<meta name=\"twitter:card\" content=\"summary_large_image\" \/>\n<meta name=\"twitter:label1\" content=\"Escrito por\" \/>\n\t<meta name=\"twitter:data1\" content=\"admin\" \/>\n\t<meta name=\"twitter:label2\" content=\"Tiempo de lectura\" \/>\n\t<meta name=\"twitter:data2\" content=\"1 minuto\" \/>\n<script type=\"application\/ld+json\" class=\"yoast-schema-graph\">{\"@context\":\"https:\\\/\\\/schema.org\",\"@graph\":[{\"@type\":\"Article\",\"@id\":\"https:\\\/\\\/www.manabi.gob.ec\\\/index.php\\\/continuamos-recuperando-vias-afectadas-por-fuertes-lluvias-en-el-carmen\\\/#article\",\"isPartOf\":{\"@id\":\"https:\\\/\\\/www.manabi.gob.ec\\\/index.php\\\/continuamos-recuperando-vias-afectadas-por-fuertes-lluvias-en-el-carmen\\\/\"},\"author\":{\"name\":\"admin\",\"@id\":\"https:\\\/\\\/www.manabi.gob.ec\\\/#\\\/schema\\\/person\\\/cfc71bd68fe2703b779edcc292a49722\"},\"headline\":\"CONTINUAMOS RECUPERANDO V\u00cdAS AFECTADAS POR FUERTES LLUVIAS EN EL CARMEN\",\"datePublished\":\"2021-04-22T14:20:40+00:00\",\"dateModified\":\"2021-04-22T14:20:42+00:00\",\"mainEntityOfPage\":{\"@id\":\"https:\\\/\\\/www.manabi.gob.ec\\\/index.php\\\/continuamos-recuperando-vias-afectadas-por-fuertes-lluvias-en-el-carmen\\\/\"},\"wordCount\":257,\"image\":{\"@id\":\"https:\\\/\\\/www.manabi.gob.ec\\\/index.php\\\/continuamos-recuperando-vias-afectadas-por-fuertes-lluvias-en-el-carmen\\\/#primaryimage\"},\"thumbnailUrl\":\"https:\\\/\\\/www.manabi.gob.ec\\\/wp-content\\\/uploads\\\/2021\\\/04\\\/Via-Pambilar-La-Flor-de-Manabi-2.jpeg\",\"articleSection\":[\"El Carmen\",\"Noticias\",\"Obra P\u00fablica\",\"Todas\",\"Vialidad\"],\"inLanguage\":\"es\"},{\"@type\":\"WebPage\",\"@id\":\"https:\\\/\\\/www.manabi.gob.ec\\\/index.php\\\/continuamos-recuperando-vias-afectadas-por-fuertes-lluvias-en-el-carmen\\\/\",\"url\":\"https:\\\/\\\/www.manabi.gob.ec\\\/index.php\\\/continuamos-recuperando-vias-afectadas-por-fuertes-lluvias-en-el-carmen\\\/\",\"name\":\"CONTINUAMOS RECUPERANDO V\u00cdAS AFECTADAS POR FUERTES LLUVIAS EN EL CARMEN\",\"isPartOf\":{\"@id\":\"https:\\\/\\\/www.manabi.gob.ec\\\/#website\"},\"primaryImageOfPage\":{\"@id\":\"https:\\\/\\\/www.manabi.gob.ec\\\/index.php\\\/continuamos-recuperando-vias-afectadas-por-fuertes-lluvias-en-el-carmen\\\/#primaryimage\"},\"image\":{\"@id\":\"https:\\\/\\\/www.manabi.gob.ec\\\/index.php\\\/continuamos-recuperando-vias-afectadas-por-fuertes-lluvias-en-el-carmen\\\/#primaryimage\"},\"thumbnailUrl\":\"https:\\\/\\\/www.manabi.gob.ec\\\/wp-content\\\/uploads\\\/2021\\\/04\\\/Via-Pambilar-La-Flor-de-Manabi-2.jpeg\",\"datePublished\":\"2021-04-22T14:20:40+00:00\",\"dateModified\":\"2021-04-22T14:20:42+00:00\",\"author\":{\"@id\":\"https:\\\/\\\/www.manabi.gob.ec\\\/#\\\/schema\\\/person\\\/cfc71bd68fe2703b779edcc292a49722\"},\"description\":\"Maquinaria y personal del Gobierno de Manab\u00ed contin\u00faa trabajando en limpieza y desalojo de tierra en varias arterias de circulaci\u00f3n en sectores productivos y ganaderos que conectan con las v\u00edas Pambilar y Flor de Manab\u00ed, del cant\u00f3n El Carmen.Entre las v\u00edas en las que se trabaja est\u00e1n las v\u00edas La Virgencita- Pl\u00e1tano - El Mono - Santa Rosa - Las Ca\u00f1as, de 18 kil\u00f3metros; y Teodomiro - Pambilar, de 20 kil\u00f3metros, son atendidas con trabajos de limpieza, desalojo de tierra y estabilizaci\u00f3n de talud, luego que se suscitaron deslaves producto de las fuertes lluvias presentadas en los \u00faltimos d\u00edas, inform\u00f3 Kevin Loor, residente de obra del Gobierno de Manab\u00ed.\\\"Ya tenemos tres semanas de trabajo en coordinaci\u00f3n con dirigentes de comunidades, para hacer los desalojos de taludes. Se ha retirado m\u00e1s de 800 metros c\u00fabicos de tierra\\\", mencion\u00f3 el t\u00e9cnico.Agreg\u00f3, que se cuenta con un equipo contratado por la Prefectura, conformado por una cargadora y una gallineta para atender estos frentes de trabajo emergentes que benefician a comunidades productivas de la parroquia Wilfrido Loor Moreira (Maicito).Otros trabajosHace cuatro meses se ejecutaron trabajos de mantenimiento, reconformaci\u00f3n, limpieza de espaldones, cunetas, en 17 kil\u00f3metros desde el ingreso del sector del 80 - Pambilar \u2013 Teodomiro, hasta llegar a la Flor de Manab\u00ed. All\u00ed se realiz\u00f3 la reconformaci\u00f3n del camino y la compensaci\u00f3n de material existente.\",\"breadcrumb\":{\"@id\":\"https:\\\/\\\/www.manabi.gob.ec\\\/index.php\\\/continuamos-recuperando-vias-afectadas-por-fuertes-lluvias-en-el-carmen\\\/#breadcrumb\"},\"inLanguage\":\"es\",\"potentialAction\":[{\"@type\":\"ReadAction\",\"target\":[\"https:\\\/\\\/www.manabi.gob.ec\\\/index.php\\\/continuamos-recuperando-vias-afectadas-por-fuertes-lluvias-en-el-carmen\\\/\"]}]},{\"@type\":\"ImageObject\",\"inLanguage\":\"es\",\"@id\":\"https:\\\/\\\/www.manabi.gob.ec\\\/index.php\\\/continuamos-recuperando-vias-afectadas-por-fuertes-lluvias-en-el-carmen\\\/#primaryimage\",\"url\":\"https:\\\/\\\/www.manabi.gob.ec\\\/wp-content\\\/uploads\\\/2021\\\/04\\\/Via-Pambilar-La-Flor-de-Manabi-2.jpeg\",\"contentUrl\":\"https:\\\/\\\/www.manabi.gob.ec\\\/wp-content\\\/uploads\\\/2021\\\/04\\\/Via-Pambilar-La-Flor-de-Manabi-2.jpeg\",\"width\":1280,\"height\":605},{\"@type\":\"BreadcrumbList\",\"@id\":\"https:\\\/\\\/www.manabi.gob.ec\\\/index.php\\\/continuamos-recuperando-vias-afectadas-por-fuertes-lluvias-en-el-carmen\\\/#breadcrumb\",\"itemListElement\":[{\"@type\":\"ListItem\",\"position\":1,\"name\":\"Portada\",\"item\":\"https:\\\/\\\/www.manabi.gob.ec\\\/\"},{\"@type\":\"ListItem\",\"position\":2,\"name\":\"CONTINUAMOS RECUPERANDO V\u00cdAS AFECTADAS POR FUERTES LLUVIAS EN EL CARMEN\"}]},{\"@type\":\"WebSite\",\"@id\":\"https:\\\/\\\/www.manabi.gob.ec\\\/#website\",\"url\":\"https:\\\/\\\/www.manabi.gob.ec\\\/\",\"name\":\"Prefectura de Manab\u00ed\",\"description\":\"P\u00e1gina web de la prefectura\",\"potentialAction\":[{\"@type\":\"SearchAction\",\"target\":{\"@type\":\"EntryPoint\",\"urlTemplate\":\"https:\\\/\\\/www.manabi.gob.ec\\\/?s={search_term_string}\"},\"query-input\":{\"@type\":\"PropertyValueSpecification\",\"valueRequired\":true,\"valueName\":\"search_term_string\"}}],\"inLanguage\":\"es\"},{\"@type\":\"Person\",\"@id\":\"https:\\\/\\\/www.manabi.gob.ec\\\/#\\\/schema\\\/person\\\/cfc71bd68fe2703b779edcc292a49722\",\"name\":\"admin\",\"image\":{\"@type\":\"ImageObject\",\"inLanguage\":\"es\",\"@id\":\"https:\\\/\\\/secure.gravatar.com\\\/avatar\\\/23e9f919492b0a2f65aa168e0d8c5c867ea853b61deffbadf08c7031e15b8d78?s=96&d=mm&r=g\",\"url\":\"https:\\\/\\\/secure.gravatar.com\\\/avatar\\\/23e9f919492b0a2f65aa168e0d8c5c867ea853b61deffbadf08c7031e15b8d78?s=96&d=mm&r=g\",\"contentUrl\":\"https:\\\/\\\/secure.gravatar.com\\\/avatar\\\/23e9f919492b0a2f65aa168e0d8c5c867ea853b61deffbadf08c7031e15b8d78?s=96&d=mm&r=g\",\"caption\":\"admin\"},\"sameAs\":[\"http:\\\/\\\/www.manabi.gob.ec\"],\"url\":\"https:\\\/\\\/www.manabi.gob.ec\\\/index.php\\\/author\\\/admin\\\/\"}]}<\/script>\n<!-- \/ Yoast SEO plugin. -->","yoast_head_json":{"title":"CONTINUAMOS RECUPERANDO V\u00cdAS AFECTADAS POR FUERTES LLUVIAS EN EL CARMEN","description":"Maquinaria y personal del Gobierno de Manab\u00ed contin\u00faa trabajando en limpieza y desalojo de tierra en varias arterias de circulaci\u00f3n en sectores productivos y ganaderos que conectan con las v\u00edas Pambilar y Flor de Manab\u00ed, del cant\u00f3n El Carmen.Entre las v\u00edas en las que se trabaja est\u00e1n las v\u00edas La Virgencita- Pl\u00e1tano - El Mono - Santa Rosa - Las Ca\u00f1as, de 18 kil\u00f3metros; y Teodomiro - Pambilar, de 20 kil\u00f3metros, son atendidas con trabajos de limpieza, desalojo de tierra y estabilizaci\u00f3n de talud, luego que se suscitaron deslaves producto de las fuertes lluvias presentadas en los \u00faltimos d\u00edas, inform\u00f3 Kevin Loor, residente de obra del Gobierno de Manab\u00ed.\"Ya tenemos tres semanas de trabajo en coordinaci\u00f3n con dirigentes de comunidades, para hacer los desalojos de taludes. Se ha retirado m\u00e1s de 800 metros c\u00fabicos de tierra\", mencion\u00f3 el t\u00e9cnico.Agreg\u00f3, que se cuenta con un equipo contratado por la Prefectura, conformado por una cargadora y una gallineta para atender estos frentes de trabajo emergentes que benefician a comunidades productivas de la parroquia Wilfrido Loor Moreira (Maicito).Otros trabajosHace cuatro meses se ejecutaron trabajos de mantenimiento, reconformaci\u00f3n, limpieza de espaldones, cunetas, en 17 kil\u00f3metros desde el ingreso del sector del 80 - Pambilar \u2013 Teodomiro, hasta llegar a la Flor de Manab\u00ed. All\u00ed se realiz\u00f3 la reconformaci\u00f3n del camino y la compensaci\u00f3n de material existente.","robots":{"index":"index","follow":"follow","max-snippet":"max-snippet:-1","max-image-preview":"max-image-preview:large","max-video-preview":"max-video-preview:-1"},"canonical":"https:\/\/www.manabi.gob.ec\/index.php\/continuamos-recuperando-vias-afectadas-por-fuertes-lluvias-en-el-carmen\/","og_locale":"es_ES","og_type":"article","og_title":"CONTINUAMOS RECUPERANDO V\u00cdAS AFECTADAS POR FUERTES LLUVIAS EN EL CARMEN","og_description":"Maquinaria y personal del Gobierno de Manab\u00ed contin\u00faa trabajando en limpieza y desalojo de tierra en varias arterias de circulaci\u00f3n en sectores productivos y ganaderos que conectan con las v\u00edas Pambilar y Flor de Manab\u00ed, del cant\u00f3n El Carmen.Entre las v\u00edas en las que se trabaja est\u00e1n las v\u00edas La Virgencita- Pl\u00e1tano - El Mono - Santa Rosa - Las Ca\u00f1as, de 18 kil\u00f3metros; y Teodomiro - Pambilar, de 20 kil\u00f3metros, son atendidas con trabajos de limpieza, desalojo de tierra y estabilizaci\u00f3n de talud, luego que se suscitaron deslaves producto de las fuertes lluvias presentadas en los \u00faltimos d\u00edas, inform\u00f3 Kevin Loor, residente de obra del Gobierno de Manab\u00ed.\"Ya tenemos tres semanas de trabajo en coordinaci\u00f3n con dirigentes de comunidades, para hacer los desalojos de taludes. Se ha retirado m\u00e1s de 800 metros c\u00fabicos de tierra\", mencion\u00f3 el t\u00e9cnico.Agreg\u00f3, que se cuenta con un equipo contratado por la Prefectura, conformado por una cargadora y una gallineta para atender estos frentes de trabajo emergentes que benefician a comunidades productivas de la parroquia Wilfrido Loor Moreira (Maicito).Otros trabajosHace cuatro meses se ejecutaron trabajos de mantenimiento, reconformaci\u00f3n, limpieza de espaldones, cunetas, en 17 kil\u00f3metros desde el ingreso del sector del 80 - Pambilar \u2013 Teodomiro, hasta llegar a la Flor de Manab\u00ed. All\u00ed se realiz\u00f3 la reconformaci\u00f3n del camino y la compensaci\u00f3n de material existente.","og_url":"https:\/\/www.manabi.gob.ec\/index.php\/continuamos-recuperando-vias-afectadas-por-fuertes-lluvias-en-el-carmen\/","og_site_name":"Prefectura de Manab\u00ed","article_published_time":"2021-04-22T14:20:40+00:00","article_modified_time":"2021-04-22T14:20:42+00:00","og_image":[{"width":1280,"height":605,"url":"https:\/\/www.manabi.gob.ec\/wp-content\/uploads\/2021\/04\/Via-Pambilar-La-Flor-de-Manabi-2.jpeg","type":"image\/jpeg"}],"author":"admin","twitter_card":"summary_large_image","twitter_misc":{"Escrito por":"admin","Tiempo de lectura":"1 minuto"},"schema":{"@context":"https:\/\/schema.org","@graph":[{"@type":"Article","@id":"https:\/\/www.manabi.gob.ec\/index.php\/continuamos-recuperando-vias-afectadas-por-fuertes-lluvias-en-el-carmen\/#article","isPartOf":{"@id":"https:\/\/www.manabi.gob.ec\/index.php\/continuamos-recuperando-vias-afectadas-por-fuertes-lluvias-en-el-carmen\/"},"author":{"name":"admin","@id":"https:\/\/www.manabi.gob.ec\/#\/schema\/person\/cfc71bd68fe2703b779edcc292a49722"},"headline":"CONTINUAMOS RECUPERANDO V\u00cdAS AFECTADAS POR FUERTES LLUVIAS EN EL CARMEN","datePublished":"2021-04-22T14:20:40+00:00","dateModified":"2021-04-22T14:20:42+00:00","mainEntityOfPage":{"@id":"https:\/\/www.manabi.gob.ec\/index.php\/continuamos-recuperando-vias-afectadas-por-fuertes-lluvias-en-el-carmen\/"},"wordCount":257,"image":{"@id":"https:\/\/www.manabi.gob.ec\/index.php\/continuamos-recuperando-vias-afectadas-por-fuertes-lluvias-en-el-carmen\/#primaryimage"},"thumbnailUrl":"https:\/\/www.manabi.gob.ec\/wp-content\/uploads\/2021\/04\/Via-Pambilar-La-Flor-de-Manabi-2.jpeg","articleSection":["El Carmen","Noticias","Obra P\u00fablica","Todas","Vialidad"],"inLanguage":"es"},{"@type":"WebPage","@id":"https:\/\/www.manabi.gob.ec\/index.php\/continuamos-recuperando-vias-afectadas-por-fuertes-lluvias-en-el-carmen\/","url":"https:\/\/www.manabi.gob.ec\/index.php\/continuamos-recuperando-vias-afectadas-por-fuertes-lluvias-en-el-carmen\/","name":"CONTINUAMOS RECUPERANDO V\u00cdAS AFECTADAS POR FUERTES LLUVIAS EN EL CARMEN","isPartOf":{"@id":"https:\/\/www.manabi.gob.ec\/#website"},"primaryImageOfPage":{"@id":"https:\/\/www.manabi.gob.ec\/index.php\/continuamos-recuperando-vias-afectadas-por-fuertes-lluvias-en-el-carmen\/#primaryimage"},"image":{"@id":"https:\/\/www.manabi.gob.ec\/index.php\/continuamos-recuperando-vias-afectadas-por-fuertes-lluvias-en-el-carmen\/#primaryimage"},"thumbnailUrl":"https:\/\/www.manabi.gob.ec\/wp-content\/uploads\/2021\/04\/Via-Pambilar-La-Flor-de-Manabi-2.jpeg","datePublished":"2021-04-22T14:20:40+00:00","dateModified":"2021-04-22T14:20:42+00:00","author":{"@id":"https:\/\/www.manabi.gob.ec\/#\/schema\/person\/cfc71bd68fe2703b779edcc292a49722"},"description":"Maquinaria y personal del Gobierno de Manab\u00ed contin\u00faa trabajando en limpieza y desalojo de tierra en varias arterias de circulaci\u00f3n en sectores productivos y ganaderos que conectan con las v\u00edas Pambilar y Flor de Manab\u00ed, del cant\u00f3n El Carmen.Entre las v\u00edas en las que se trabaja est\u00e1n las v\u00edas La Virgencita- Pl\u00e1tano - El Mono - Santa Rosa - Las Ca\u00f1as, de 18 kil\u00f3metros; y Teodomiro - Pambilar, de 20 kil\u00f3metros, son atendidas con trabajos de limpieza, desalojo de tierra y estabilizaci\u00f3n de talud, luego que se suscitaron deslaves producto de las fuertes lluvias presentadas en los \u00faltimos d\u00edas, inform\u00f3 Kevin Loor, residente de obra del Gobierno de Manab\u00ed.\"Ya tenemos tres semanas de trabajo en coordinaci\u00f3n con dirigentes de comunidades, para hacer los desalojos de taludes. Se ha retirado m\u00e1s de 800 metros c\u00fabicos de tierra\", mencion\u00f3 el t\u00e9cnico.Agreg\u00f3, que se cuenta con un equipo contratado por la Prefectura, conformado por una cargadora y una gallineta para atender estos frentes de trabajo emergentes que benefician a comunidades productivas de la parroquia Wilfrido Loor Moreira (Maicito).Otros trabajosHace cuatro meses se ejecutaron trabajos de mantenimiento, reconformaci\u00f3n, limpieza de espaldones, cunetas, en 17 kil\u00f3metros desde el ingreso del sector del 80 - Pambilar \u2013 Teodomiro, hasta llegar a la Flor de Manab\u00ed. All\u00ed se realiz\u00f3 la reconformaci\u00f3n del camino y la compensaci\u00f3n de material existente.","breadcrumb":{"@id":"https:\/\/www.manabi.gob.ec\/index.php\/continuamos-recuperando-vias-afectadas-por-fuertes-lluvias-en-el-carmen\/#breadcrumb"},"inLanguage":"es","potentialAction":[{"@type":"ReadAction","target":["https:\/\/www.manabi.gob.ec\/index.php\/continuamos-recuperando-vias-afectadas-por-fuertes-lluvias-en-el-carmen\/"]}]},{"@type":"ImageObject","inLanguage":"es","@id":"https:\/\/www.manabi.gob.ec\/index.php\/continuamos-recuperando-vias-afectadas-por-fuertes-lluvias-en-el-carmen\/#primaryimage","url":"https:\/\/www.manabi.gob.ec\/wp-content\/uploads\/2021\/04\/Via-Pambilar-La-Flor-de-Manabi-2.jpeg","contentUrl":"https:\/\/www.manabi.gob.ec\/wp-content\/uploads\/2021\/04\/Via-Pambilar-La-Flor-de-Manabi-2.jpeg","width":1280,"height":605},{"@type":"BreadcrumbList","@id":"https:\/\/www.manabi.gob.ec\/index.php\/continuamos-recuperando-vias-afectadas-por-fuertes-lluvias-en-el-carmen\/#breadcrumb","itemListElement":[{"@type":"ListItem","position":1,"name":"Portada","item":"https:\/\/www.manabi.gob.ec\/"},{"@type":"ListItem","position":2,"name":"CONTINUAMOS RECUPERANDO V\u00cdAS AFECTADAS POR FUERTES LLUVIAS EN EL CARMEN"}]},{"@type":"WebSite","@id":"https:\/\/www.manabi.gob.ec\/#website","url":"https:\/\/www.manabi.gob.ec\/","name":"Prefectura de Manab\u00ed","description":"P\u00e1gina web de la prefectura","potentialAction":[{"@type":"SearchAction","target":{"@type":"EntryPoint","urlTemplate":"https:\/\/www.manabi.gob.ec\/?s={search_term_string}"},"query-input":{"@type":"PropertyValueSpecification","valueRequired":true,"valueName":"search_term_string"}}],"inLanguage":"es"},{"@type":"Person","@id":"https:\/\/www.manabi.gob.ec\/#\/schema\/person\/cfc71bd68fe2703b779edcc292a49722","name":"admin","image":{"@type":"ImageObject","inLanguage":"es","@id":"https:\/\/secure.gravatar.com\/avatar\/23e9f919492b0a2f65aa168e0d8c5c867ea853b61deffbadf08c7031e15b8d78?s=96&d=mm&r=g","url":"https:\/\/secure.gravatar.com\/avatar\/23e9f919492b0a2f65aa168e0d8c5c867ea853b61deffbadf08c7031e15b8d78?s=96&d=mm&r=g","contentUrl":"https:\/\/secure.gravatar.com\/avatar\/23e9f919492b0a2f65aa168e0d8c5c867ea853b61deffbadf08c7031e15b8d78?s=96&d=mm&r=g","caption":"admin"},"sameAs":["http:\/\/www.manabi.gob.ec"],"url":"https:\/\/www.manabi.gob.ec\/index.php\/author\/admin\/"}]}},"jetpack_featured_media_url":"https:\/\/www.manabi.gob.ec\/wp-content\/uploads\/2021\/04\/Via-Pambilar-La-Flor-de-Manabi-2.jpeg","_links":{"self":[{"href":"https:\/\/www.manabi.gob.ec\/index.php\/wp-json\/wp\/v2\/posts\/16891","targetHints":{"allow":["GET"]}}],"collection":[{"href":"https:\/\/www.manabi.gob.ec\/index.php\/wp-json\/wp\/v2\/posts"}],"about":[{"href":"https:\/\/www.manabi.gob.ec\/index.php\/wp-json\/wp\/v2\/types\/post"}],"author":[{"embeddable":true,"href":"https:\/\/www.manabi.gob.ec\/index.php\/wp-json\/wp\/v2\/users\/1"}],"replies":[{"embeddable":true,"href":"https:\/\/www.manabi.gob.ec\/index.php\/wp-json\/wp\/v2\/comments?post=16891"}],"version-history":[{"count":0,"href":"https:\/\/www.manabi.gob.ec\/index.php\/wp-json\/wp\/v2\/posts\/16891\/revisions"}],"wp:featuredmedia":[{"embeddable":true,"href":"https:\/\/www.manabi.gob.ec\/index.php\/wp-json\/wp\/v2\/media\/16892"}],"wp:attachment":[{"href":"https:\/\/www.manabi.gob.ec\/index.php\/wp-json\/wp\/v2\/media?parent=16891"}],"wp:term":[{"taxonomy":"category","embeddable":true,"href":"https:\/\/www.manabi.gob.ec\/index.php\/wp-json\/wp\/v2\/categories?post=16891"},{"taxonomy":"post_tag","embeddable":true,"href":"https:\/\/www.manabi.gob.ec\/index.php\/wp-json\/wp\/v2\/tags?post=16891"}],"curies":[{"name":"wp","href":"https:\/\/api.w.org\/{rel}","templated":true}]}}