{"id":17011,"date":"2021-04-23T21:52:56","date_gmt":"2021-04-23T21:52:56","guid":{"rendered":"https:\/\/www.manabi.gob.ec\/?p=17011"},"modified":"2021-04-23T21:53:44","modified_gmt":"2021-04-23T21:53:44","slug":"se-cristaliza-la-rehabilitacion-del-puente-velasco-ibarra-en-el-canton-pichincha","status":"publish","type":"post","link":"https:\/\/www.manabi.gob.ec\/index.php\/se-cristaliza-la-rehabilitacion-del-puente-velasco-ibarra-en-el-canton-pichincha\/","title":{"rendered":"SE CRISTALIZA LA REHABILITACI\u00d3N DEL PUENTE VELASCO IBARRA EN EL CANT\u00d3N  PICHINCHA"},"content":{"rendered":"\n<p>El mantenimiento y repotenciaci\u00f3n del puente Velasco Ibarra del cant\u00f3n Pichincha, se cristaliz\u00f3 mediante firma de convenio tripartito de cooperaci\u00f3n interinstitucional entre el Ministerio de Transporte y Obras P\u00fablicas, GAD Municipal de Pichincha, y la Prefectura de Manab\u00ed.<\/p>\n\n\n\n<p>En el sal\u00f3n municipal del cant\u00f3n Pichincha, el ministro de Transporte y Obras P\u00fablicas, Marcelo Loor Sojos&nbsp;junto al prefecto de Manab\u00ed, Leonardo Orlando Arteaga, y Domingo L\u00f3pez Rodr\u00edguez, alcalde del cant\u00f3n Pichincha, suscribieron el convenio marco de cooperaci\u00f3n interinstitucional, haciendo realidad el sue\u00f1o de los habitantes de este cant\u00f3n manabita.<\/p>\n\n\n\n<p>Este puente&nbsp;tiene 60 a\u00f1os de antig\u00fcedad, con una longitud de 170 metros&nbsp; y 9,30 metros de ancho, beneficiar\u00e1 a m\u00e1s de 30 mil habitantes, y est\u00e1 ubicado sobre el R\u00edo Daule, en la red estatal que enlaza con importantes zonas productivas de Guayas, Los R\u00edos y Manab\u00ed. El viaducto forma parte de la v\u00eda Manta &#8211; Quevedo que integra al centro del pa\u00eds con el puerto de Manta.<\/p>\n\n\n\n<p>\u00abHoy es un d\u00eda hist\u00f3rico para Pichincha, se marca un antes y un despu\u00e9s, con esta obra que se cristaliza despu\u00e9s de m\u00e1s de 60 a\u00f1os\u00bb, puntualiz\u00f3 el alcalde de Pichincha, Domingo L\u00f3pez, quien adem\u00e1s en este acto destac\u00f3 el apoyo y gesti\u00f3n del Prefecto de Manab\u00ed para la concreci\u00f3n de esta obra.<\/p>\n\n\n\n<p>En su intervenci\u00f3n el prefecto, Leonardo Orlando, resalt\u00f3 la importancia hist\u00f3rica y productiva de esta obra que da conectividad a Manab\u00ed con las provincias de Santo Domingo, Los R\u00edos y Guayas, y que permitir\u00e1 sacar la producci\u00f3n hacia el puerto de Manta. \u00abQu\u00e9 grato es que hoy se concrete esta obra, un puente que ya cumpli\u00f3 su ciclo de vida en su estructura original y que ameritaba su rehabilitaci\u00f3n integral para seguir dando servicio a productores manabitas y de otras provincias\u00bb, expres\u00f3 la autoridad provincial.<\/p>\n\n\n\n<p>Leornardo Orlando, tambi\u00e9n anunci\u00f3 que el Gobierno de Manab\u00ed intervendr\u00e1 en la rehabilitaci\u00f3n de la v\u00eda Damas &#8211; Puerto Congillo, y tambi\u00e9n en la v\u00eda San Pl\u00e1cido &#8211; Pichincha, con trabajos de rehabilitaci\u00f3n de los tramos m\u00e1s cr\u00edticos.<\/p>\n\n\n\n<p>Por su parte el ministro de Transporte y Obras P\u00fablicas, Marcelo Loor Sojos, en este acto agradeci\u00f3 el apoyo del Prefecto de Manab\u00ed, que con su gesti\u00f3n ha logrado afianzar un trabajo mancomunado entre entidades estatal y p\u00fablica. A su vez el ministro tambi\u00e9n comprometi\u00f3 a su cartera de estado con la rehabilitaci\u00f3n de la v\u00eda San Pl\u00e1cido &#8211; Pichincha, y anunci\u00f3 que se coordinar\u00e1 esta atenci\u00f3n mediante convenio espec\u00edfico con la Prefectura de Manab\u00ed.<\/p>\n\n\n\n<p>RECURSOS<\/p>\n\n\n\n<p>El proyecto se realizar\u00e1 con recursos del gobierno nacional por un monto de 1, 4 millones de d\u00f3lares. El Gobierno de Manab\u00ed, aportar\u00e1 con el 30% de la inversi\u00f3n total (m\u00e1s de 400.000 d\u00f3lares) y&nbsp; el GAD cantonal con los estudios&nbsp; para la ejecuci\u00f3n del proyecto. La obra incluye la reposici\u00f3n de la superestructura de acero, demolici\u00f3n del tablero de hormigon armado, reparaciones el\u00e9ctricas, entre otras labores.<\/p>\n","protected":false},"excerpt":{"rendered":"<p>El mantenimiento y repotenciaci\u00f3n del puente Velasco Ibarra del cant\u00f3n Pichincha, se cristaliz\u00f3 mediante firma de convenio tripartito de cooperaci\u00f3n interinstitucional entre el Ministerio de Transporte y Obras P\u00fablicas, GAD Municipal de Pichincha, y la Prefectura de Manab\u00ed.<\/p>\n","protected":false},"author":1,"featured_media":17014,"comment_status":"closed","ping_status":"open","sticky":false,"template":"","format":"standard","meta":{"_joinchat":[],"footnotes":""},"categories":[92,181,200,91],"tags":[],"class_list":["post-17011","post","type-post","status-publish","format-standard","has-post-thumbnail","hentry","category-noticias-manabi","category-obra-publica","category-pichincha","category-todas"],"yoast_head":"<!-- This site is optimized with the Yoast SEO plugin v27.4 - https:\/\/yoast.com\/product\/yoast-seo-wordpress\/ -->\n<title>SE CRISTALIZA LA REHABILITACI\u00d3N DEL PUENTE VELASCO IBARRA EN EL CANT\u00d3N PICHINCHA<\/title>\n<meta name=\"description\" content=\"El mantenimiento y repotenciaci\u00f3n del puente Velasco Ibarra del cant\u00f3n Pichincha, se cristaliz\u00f3 mediante firma de convenio tripartito de cooperaci\u00f3n interinstitucional entre el Ministerio de Transporte y Obras P\u00fablicas, GAD Municipal de Pichincha, y la Prefectura de Manab\u00ed.\" \/>\n<meta name=\"robots\" content=\"index, follow, max-snippet:-1, max-image-preview:large, max-video-preview:-1\" \/>\n<link rel=\"canonical\" href=\"https:\/\/www.manabi.gob.ec\/index.php\/se-cristaliza-la-rehabilitacion-del-puente-velasco-ibarra-en-el-canton-pichincha\/\" \/>\n<meta property=\"og:locale\" content=\"es_ES\" \/>\n<meta property=\"og:type\" content=\"article\" \/>\n<meta property=\"og:title\" content=\"SE CRISTALIZA LA REHABILITACI\u00d3N DEL PUENTE VELASCO IBARRA EN EL CANT\u00d3N PICHINCHA\" \/>\n<meta property=\"og:description\" content=\"El mantenimiento y repotenciaci\u00f3n del puente Velasco Ibarra del cant\u00f3n Pichincha, se cristaliz\u00f3 mediante firma de convenio tripartito de cooperaci\u00f3n interinstitucional entre el Ministerio de Transporte y Obras P\u00fablicas, GAD Municipal de Pichincha, y la Prefectura de Manab\u00ed.\" \/>\n<meta property=\"og:url\" content=\"https:\/\/www.manabi.gob.ec\/index.php\/se-cristaliza-la-rehabilitacion-del-puente-velasco-ibarra-en-el-canton-pichincha\/\" \/>\n<meta property=\"og:site_name\" content=\"Prefectura de Manab\u00ed\" \/>\n<meta property=\"article:published_time\" content=\"2021-04-23T21:52:56+00:00\" \/>\n<meta property=\"article:modified_time\" content=\"2021-04-23T21:53:44+00:00\" \/>\n<meta property=\"og:image\" content=\"https:\/\/www.manabi.gob.ec\/wp-content\/uploads\/2021\/04\/Puente-Pichincha-1.jpeg\" \/>\n\t<meta property=\"og:image:width\" content=\"1280\" \/>\n\t<meta property=\"og:image:height\" content=\"853\" \/>\n\t<meta property=\"og:image:type\" content=\"image\/jpeg\" \/>\n<meta name=\"author\" content=\"admin\" \/>\n<meta name=\"twitter:card\" content=\"summary_large_image\" \/>\n<meta name=\"twitter:label1\" content=\"Escrito por\" \/>\n\t<meta name=\"twitter:data1\" content=\"admin\" \/>\n\t<meta name=\"twitter:label2\" content=\"Tiempo de lectura\" \/>\n\t<meta name=\"twitter:data2\" content=\"3 minutos\" \/>\n<script type=\"application\/ld+json\" class=\"yoast-schema-graph\">{\"@context\":\"https:\\\/\\\/schema.org\",\"@graph\":[{\"@type\":\"Article\",\"@id\":\"https:\\\/\\\/www.manabi.gob.ec\\\/index.php\\\/se-cristaliza-la-rehabilitacion-del-puente-velasco-ibarra-en-el-canton-pichincha\\\/#article\",\"isPartOf\":{\"@id\":\"https:\\\/\\\/www.manabi.gob.ec\\\/index.php\\\/se-cristaliza-la-rehabilitacion-del-puente-velasco-ibarra-en-el-canton-pichincha\\\/\"},\"author\":{\"name\":\"admin\",\"@id\":\"https:\\\/\\\/www.manabi.gob.ec\\\/#\\\/schema\\\/person\\\/cfc71bd68fe2703b779edcc292a49722\"},\"headline\":\"SE CRISTALIZA LA REHABILITACI\u00d3N DEL PUENTE VELASCO IBARRA EN EL CANT\u00d3N PICHINCHA\",\"datePublished\":\"2021-04-23T21:52:56+00:00\",\"dateModified\":\"2021-04-23T21:53:44+00:00\",\"mainEntityOfPage\":{\"@id\":\"https:\\\/\\\/www.manabi.gob.ec\\\/index.php\\\/se-cristaliza-la-rehabilitacion-del-puente-velasco-ibarra-en-el-canton-pichincha\\\/\"},\"wordCount\":548,\"image\":{\"@id\":\"https:\\\/\\\/www.manabi.gob.ec\\\/index.php\\\/se-cristaliza-la-rehabilitacion-del-puente-velasco-ibarra-en-el-canton-pichincha\\\/#primaryimage\"},\"thumbnailUrl\":\"https:\\\/\\\/www.manabi.gob.ec\\\/wp-content\\\/uploads\\\/2021\\\/04\\\/Puente-Pichincha-1.jpeg\",\"articleSection\":[\"Noticias\",\"Obra P\u00fablica\",\"Pichincha\",\"Todas\"],\"inLanguage\":\"es\"},{\"@type\":\"WebPage\",\"@id\":\"https:\\\/\\\/www.manabi.gob.ec\\\/index.php\\\/se-cristaliza-la-rehabilitacion-del-puente-velasco-ibarra-en-el-canton-pichincha\\\/\",\"url\":\"https:\\\/\\\/www.manabi.gob.ec\\\/index.php\\\/se-cristaliza-la-rehabilitacion-del-puente-velasco-ibarra-en-el-canton-pichincha\\\/\",\"name\":\"SE CRISTALIZA LA REHABILITACI\u00d3N DEL PUENTE VELASCO IBARRA EN EL CANT\u00d3N PICHINCHA\",\"isPartOf\":{\"@id\":\"https:\\\/\\\/www.manabi.gob.ec\\\/#website\"},\"primaryImageOfPage\":{\"@id\":\"https:\\\/\\\/www.manabi.gob.ec\\\/index.php\\\/se-cristaliza-la-rehabilitacion-del-puente-velasco-ibarra-en-el-canton-pichincha\\\/#primaryimage\"},\"image\":{\"@id\":\"https:\\\/\\\/www.manabi.gob.ec\\\/index.php\\\/se-cristaliza-la-rehabilitacion-del-puente-velasco-ibarra-en-el-canton-pichincha\\\/#primaryimage\"},\"thumbnailUrl\":\"https:\\\/\\\/www.manabi.gob.ec\\\/wp-content\\\/uploads\\\/2021\\\/04\\\/Puente-Pichincha-1.jpeg\",\"datePublished\":\"2021-04-23T21:52:56+00:00\",\"dateModified\":\"2021-04-23T21:53:44+00:00\",\"author\":{\"@id\":\"https:\\\/\\\/www.manabi.gob.ec\\\/#\\\/schema\\\/person\\\/cfc71bd68fe2703b779edcc292a49722\"},\"description\":\"El mantenimiento y repotenciaci\u00f3n del puente Velasco Ibarra del cant\u00f3n Pichincha, se cristaliz\u00f3 mediante firma de convenio tripartito de cooperaci\u00f3n interinstitucional entre el Ministerio de Transporte y Obras P\u00fablicas, GAD Municipal de Pichincha, y la Prefectura de Manab\u00ed.\",\"breadcrumb\":{\"@id\":\"https:\\\/\\\/www.manabi.gob.ec\\\/index.php\\\/se-cristaliza-la-rehabilitacion-del-puente-velasco-ibarra-en-el-canton-pichincha\\\/#breadcrumb\"},\"inLanguage\":\"es\",\"potentialAction\":[{\"@type\":\"ReadAction\",\"target\":[\"https:\\\/\\\/www.manabi.gob.ec\\\/index.php\\\/se-cristaliza-la-rehabilitacion-del-puente-velasco-ibarra-en-el-canton-pichincha\\\/\"]}]},{\"@type\":\"ImageObject\",\"inLanguage\":\"es\",\"@id\":\"https:\\\/\\\/www.manabi.gob.ec\\\/index.php\\\/se-cristaliza-la-rehabilitacion-del-puente-velasco-ibarra-en-el-canton-pichincha\\\/#primaryimage\",\"url\":\"https:\\\/\\\/www.manabi.gob.ec\\\/wp-content\\\/uploads\\\/2021\\\/04\\\/Puente-Pichincha-1.jpeg\",\"contentUrl\":\"https:\\\/\\\/www.manabi.gob.ec\\\/wp-content\\\/uploads\\\/2021\\\/04\\\/Puente-Pichincha-1.jpeg\",\"width\":1280,\"height\":853},{\"@type\":\"BreadcrumbList\",\"@id\":\"https:\\\/\\\/www.manabi.gob.ec\\\/index.php\\\/se-cristaliza-la-rehabilitacion-del-puente-velasco-ibarra-en-el-canton-pichincha\\\/#breadcrumb\",\"itemListElement\":[{\"@type\":\"ListItem\",\"position\":1,\"name\":\"Portada\",\"item\":\"https:\\\/\\\/www.manabi.gob.ec\\\/\"},{\"@type\":\"ListItem\",\"position\":2,\"name\":\"SE CRISTALIZA LA REHABILITACI\u00d3N DEL PUENTE VELASCO IBARRA EN EL CANT\u00d3N PICHINCHA\"}]},{\"@type\":\"WebSite\",\"@id\":\"https:\\\/\\\/www.manabi.gob.ec\\\/#website\",\"url\":\"https:\\\/\\\/www.manabi.gob.ec\\\/\",\"name\":\"Prefectura de Manab\u00ed\",\"description\":\"P\u00e1gina web de la prefectura\",\"potentialAction\":[{\"@type\":\"SearchAction\",\"target\":{\"@type\":\"EntryPoint\",\"urlTemplate\":\"https:\\\/\\\/www.manabi.gob.ec\\\/?s={search_term_string}\"},\"query-input\":{\"@type\":\"PropertyValueSpecification\",\"valueRequired\":true,\"valueName\":\"search_term_string\"}}],\"inLanguage\":\"es\"},{\"@type\":\"Person\",\"@id\":\"https:\\\/\\\/www.manabi.gob.ec\\\/#\\\/schema\\\/person\\\/cfc71bd68fe2703b779edcc292a49722\",\"name\":\"admin\",\"image\":{\"@type\":\"ImageObject\",\"inLanguage\":\"es\",\"@id\":\"https:\\\/\\\/secure.gravatar.com\\\/avatar\\\/23e9f919492b0a2f65aa168e0d8c5c867ea853b61deffbadf08c7031e15b8d78?s=96&d=mm&r=g\",\"url\":\"https:\\\/\\\/secure.gravatar.com\\\/avatar\\\/23e9f919492b0a2f65aa168e0d8c5c867ea853b61deffbadf08c7031e15b8d78?s=96&d=mm&r=g\",\"contentUrl\":\"https:\\\/\\\/secure.gravatar.com\\\/avatar\\\/23e9f919492b0a2f65aa168e0d8c5c867ea853b61deffbadf08c7031e15b8d78?s=96&d=mm&r=g\",\"caption\":\"admin\"},\"sameAs\":[\"http:\\\/\\\/www.manabi.gob.ec\"],\"url\":\"https:\\\/\\\/www.manabi.gob.ec\\\/index.php\\\/author\\\/admin\\\/\"}]}<\/script>\n<!-- \/ Yoast SEO plugin. -->","yoast_head_json":{"title":"SE CRISTALIZA LA REHABILITACI\u00d3N DEL PUENTE VELASCO IBARRA EN EL CANT\u00d3N PICHINCHA","description":"El mantenimiento y repotenciaci\u00f3n del puente Velasco Ibarra del cant\u00f3n Pichincha, se cristaliz\u00f3 mediante firma de convenio tripartito de cooperaci\u00f3n interinstitucional entre el Ministerio de Transporte y Obras P\u00fablicas, GAD Municipal de Pichincha, y la Prefectura de Manab\u00ed.","robots":{"index":"index","follow":"follow","max-snippet":"max-snippet:-1","max-image-preview":"max-image-preview:large","max-video-preview":"max-video-preview:-1"},"canonical":"https:\/\/www.manabi.gob.ec\/index.php\/se-cristaliza-la-rehabilitacion-del-puente-velasco-ibarra-en-el-canton-pichincha\/","og_locale":"es_ES","og_type":"article","og_title":"SE CRISTALIZA LA REHABILITACI\u00d3N DEL PUENTE VELASCO IBARRA EN EL CANT\u00d3N PICHINCHA","og_description":"El mantenimiento y repotenciaci\u00f3n del puente Velasco Ibarra del cant\u00f3n Pichincha, se cristaliz\u00f3 mediante firma de convenio tripartito de cooperaci\u00f3n interinstitucional entre el Ministerio de Transporte y Obras P\u00fablicas, GAD Municipal de Pichincha, y la Prefectura de Manab\u00ed.","og_url":"https:\/\/www.manabi.gob.ec\/index.php\/se-cristaliza-la-rehabilitacion-del-puente-velasco-ibarra-en-el-canton-pichincha\/","og_site_name":"Prefectura de Manab\u00ed","article_published_time":"2021-04-23T21:52:56+00:00","article_modified_time":"2021-04-23T21:53:44+00:00","og_image":[{"width":1280,"height":853,"url":"https:\/\/www.manabi.gob.ec\/wp-content\/uploads\/2021\/04\/Puente-Pichincha-1.jpeg","type":"image\/jpeg"}],"author":"admin","twitter_card":"summary_large_image","twitter_misc":{"Escrito por":"admin","Tiempo de lectura":"3 minutos"},"schema":{"@context":"https:\/\/schema.org","@graph":[{"@type":"Article","@id":"https:\/\/www.manabi.gob.ec\/index.php\/se-cristaliza-la-rehabilitacion-del-puente-velasco-ibarra-en-el-canton-pichincha\/#article","isPartOf":{"@id":"https:\/\/www.manabi.gob.ec\/index.php\/se-cristaliza-la-rehabilitacion-del-puente-velasco-ibarra-en-el-canton-pichincha\/"},"author":{"name":"admin","@id":"https:\/\/www.manabi.gob.ec\/#\/schema\/person\/cfc71bd68fe2703b779edcc292a49722"},"headline":"SE CRISTALIZA LA REHABILITACI\u00d3N DEL PUENTE VELASCO IBARRA EN EL CANT\u00d3N PICHINCHA","datePublished":"2021-04-23T21:52:56+00:00","dateModified":"2021-04-23T21:53:44+00:00","mainEntityOfPage":{"@id":"https:\/\/www.manabi.gob.ec\/index.php\/se-cristaliza-la-rehabilitacion-del-puente-velasco-ibarra-en-el-canton-pichincha\/"},"wordCount":548,"image":{"@id":"https:\/\/www.manabi.gob.ec\/index.php\/se-cristaliza-la-rehabilitacion-del-puente-velasco-ibarra-en-el-canton-pichincha\/#primaryimage"},"thumbnailUrl":"https:\/\/www.manabi.gob.ec\/wp-content\/uploads\/2021\/04\/Puente-Pichincha-1.jpeg","articleSection":["Noticias","Obra P\u00fablica","Pichincha","Todas"],"inLanguage":"es"},{"@type":"WebPage","@id":"https:\/\/www.manabi.gob.ec\/index.php\/se-cristaliza-la-rehabilitacion-del-puente-velasco-ibarra-en-el-canton-pichincha\/","url":"https:\/\/www.manabi.gob.ec\/index.php\/se-cristaliza-la-rehabilitacion-del-puente-velasco-ibarra-en-el-canton-pichincha\/","name":"SE CRISTALIZA LA REHABILITACI\u00d3N DEL PUENTE VELASCO IBARRA EN EL CANT\u00d3N PICHINCHA","isPartOf":{"@id":"https:\/\/www.manabi.gob.ec\/#website"},"primaryImageOfPage":{"@id":"https:\/\/www.manabi.gob.ec\/index.php\/se-cristaliza-la-rehabilitacion-del-puente-velasco-ibarra-en-el-canton-pichincha\/#primaryimage"},"image":{"@id":"https:\/\/www.manabi.gob.ec\/index.php\/se-cristaliza-la-rehabilitacion-del-puente-velasco-ibarra-en-el-canton-pichincha\/#primaryimage"},"thumbnailUrl":"https:\/\/www.manabi.gob.ec\/wp-content\/uploads\/2021\/04\/Puente-Pichincha-1.jpeg","datePublished":"2021-04-23T21:52:56+00:00","dateModified":"2021-04-23T21:53:44+00:00","author":{"@id":"https:\/\/www.manabi.gob.ec\/#\/schema\/person\/cfc71bd68fe2703b779edcc292a49722"},"description":"El mantenimiento y repotenciaci\u00f3n del puente Velasco Ibarra del cant\u00f3n Pichincha, se cristaliz\u00f3 mediante firma de convenio tripartito de cooperaci\u00f3n interinstitucional entre el Ministerio de Transporte y Obras P\u00fablicas, GAD Municipal de Pichincha, y la Prefectura de Manab\u00ed.","breadcrumb":{"@id":"https:\/\/www.manabi.gob.ec\/index.php\/se-cristaliza-la-rehabilitacion-del-puente-velasco-ibarra-en-el-canton-pichincha\/#breadcrumb"},"inLanguage":"es","potentialAction":[{"@type":"ReadAction","target":["https:\/\/www.manabi.gob.ec\/index.php\/se-cristaliza-la-rehabilitacion-del-puente-velasco-ibarra-en-el-canton-pichincha\/"]}]},{"@type":"ImageObject","inLanguage":"es","@id":"https:\/\/www.manabi.gob.ec\/index.php\/se-cristaliza-la-rehabilitacion-del-puente-velasco-ibarra-en-el-canton-pichincha\/#primaryimage","url":"https:\/\/www.manabi.gob.ec\/wp-content\/uploads\/2021\/04\/Puente-Pichincha-1.jpeg","contentUrl":"https:\/\/www.manabi.gob.ec\/wp-content\/uploads\/2021\/04\/Puente-Pichincha-1.jpeg","width":1280,"height":853},{"@type":"BreadcrumbList","@id":"https:\/\/www.manabi.gob.ec\/index.php\/se-cristaliza-la-rehabilitacion-del-puente-velasco-ibarra-en-el-canton-pichincha\/#breadcrumb","itemListElement":[{"@type":"ListItem","position":1,"name":"Portada","item":"https:\/\/www.manabi.gob.ec\/"},{"@type":"ListItem","position":2,"name":"SE CRISTALIZA LA REHABILITACI\u00d3N DEL PUENTE VELASCO IBARRA EN EL CANT\u00d3N PICHINCHA"}]},{"@type":"WebSite","@id":"https:\/\/www.manabi.gob.ec\/#website","url":"https:\/\/www.manabi.gob.ec\/","name":"Prefectura de Manab\u00ed","description":"P\u00e1gina web de la prefectura","potentialAction":[{"@type":"SearchAction","target":{"@type":"EntryPoint","urlTemplate":"https:\/\/www.manabi.gob.ec\/?s={search_term_string}"},"query-input":{"@type":"PropertyValueSpecification","valueRequired":true,"valueName":"search_term_string"}}],"inLanguage":"es"},{"@type":"Person","@id":"https:\/\/www.manabi.gob.ec\/#\/schema\/person\/cfc71bd68fe2703b779edcc292a49722","name":"admin","image":{"@type":"ImageObject","inLanguage":"es","@id":"https:\/\/secure.gravatar.com\/avatar\/23e9f919492b0a2f65aa168e0d8c5c867ea853b61deffbadf08c7031e15b8d78?s=96&d=mm&r=g","url":"https:\/\/secure.gravatar.com\/avatar\/23e9f919492b0a2f65aa168e0d8c5c867ea853b61deffbadf08c7031e15b8d78?s=96&d=mm&r=g","contentUrl":"https:\/\/secure.gravatar.com\/avatar\/23e9f919492b0a2f65aa168e0d8c5c867ea853b61deffbadf08c7031e15b8d78?s=96&d=mm&r=g","caption":"admin"},"sameAs":["http:\/\/www.manabi.gob.ec"],"url":"https:\/\/www.manabi.gob.ec\/index.php\/author\/admin\/"}]}},"jetpack_featured_media_url":"https:\/\/www.manabi.gob.ec\/wp-content\/uploads\/2021\/04\/Puente-Pichincha-1.jpeg","_links":{"self":[{"href":"https:\/\/www.manabi.gob.ec\/index.php\/wp-json\/wp\/v2\/posts\/17011","targetHints":{"allow":["GET"]}}],"collection":[{"href":"https:\/\/www.manabi.gob.ec\/index.php\/wp-json\/wp\/v2\/posts"}],"about":[{"href":"https:\/\/www.manabi.gob.ec\/index.php\/wp-json\/wp\/v2\/types\/post"}],"author":[{"embeddable":true,"href":"https:\/\/www.manabi.gob.ec\/index.php\/wp-json\/wp\/v2\/users\/1"}],"replies":[{"embeddable":true,"href":"https:\/\/www.manabi.gob.ec\/index.php\/wp-json\/wp\/v2\/comments?post=17011"}],"version-history":[{"count":0,"href":"https:\/\/www.manabi.gob.ec\/index.php\/wp-json\/wp\/v2\/posts\/17011\/revisions"}],"wp:featuredmedia":[{"embeddable":true,"href":"https:\/\/www.manabi.gob.ec\/index.php\/wp-json\/wp\/v2\/media\/17014"}],"wp:attachment":[{"href":"https:\/\/www.manabi.gob.ec\/index.php\/wp-json\/wp\/v2\/media?parent=17011"}],"wp:term":[{"taxonomy":"category","embeddable":true,"href":"https:\/\/www.manabi.gob.ec\/index.php\/wp-json\/wp\/v2\/categories?post=17011"},{"taxonomy":"post_tag","embeddable":true,"href":"https:\/\/www.manabi.gob.ec\/index.php\/wp-json\/wp\/v2\/tags?post=17011"}],"curies":[{"name":"wp","href":"https:\/\/api.w.org\/{rel}","templated":true}]}}