{"id":17021,"date":"2021-04-26T21:17:34","date_gmt":"2021-04-26T21:17:34","guid":{"rendered":"https:\/\/www.manabi.gob.ec\/?p=17021"},"modified":"2021-04-26T21:17:37","modified_gmt":"2021-04-26T21:17:37","slug":"prefectura-de-manabi-lidera-propuesta-de-cambio-climatico-ante-union-europea","status":"publish","type":"post","link":"https:\/\/www.manabi.gob.ec\/index.php\/prefectura-de-manabi-lidera-propuesta-de-cambio-climatico-ante-union-europea\/","title":{"rendered":"PREFECTURA  DE MANAB\u00cd LIDERA PROPUESTA DE CAMBIO CLIM\u00c1TICO ANTE UNI\u00d3N EUROPEA"},"content":{"rendered":"\n<p>La Prefectura de Manab\u00ed lidera y articula acciones junto a varios municipios para enfrentar el cambio clim\u00e1tico desde la realidad de la provincia.<\/p>\n\n\n\n<p>Esta iniciativa fue presentada a la Uni\u00f3n Europea como parte de la convocatoria global \u00abAlianzas para Ciudades Sostenibles\u00bb de este organismo internacional.<\/p>\n\n\n\n<p>Este viernes 23 de abril se envi\u00f3la propuesta de acci\u00f3n estrat\u00e9gica denominada \u00abPlan de acci\u00f3n territorial y proyectos piloto sobre Sostenibilidad Energ\u00e9tica y Adaptaci\u00f3n al Cambio Clim\u00e1tico en los cantones Manta, Rocafuerte, Jaramij\u00f3 y Montecristi\u00bb, que a trav\u00e9s de articulaci\u00f3n y alianza estrat\u00e9gica busca financiamiento para promover acciones de prevenci\u00f3n y adaptaci\u00f3n frente a los efectos del cambio clim\u00e1tico.<\/p>\n\n\n\n<p>Vanesa Rodr\u00edguez, directora de Cooperaci\u00f3n Internacional de la Prefectura de Manab\u00ed, inform\u00f3 que la convocatoria de la Uni\u00f3n Europea est\u00e1 enfocada en poblaciones urbanas, por lo que la postulaci\u00f3n se enfoc\u00f3 en la microrregi\u00f3n metropolitana de Manab\u00ed: Manta, Rocafuerte, Jaramij\u00f3 y Montecristi, en un trabajo en conjunto con la prefectura, y los municipios.<\/p>\n\n\n\n<p>Rodr\u00edguez, recalc\u00f3 que es la primera vez que se unen t\u00e9cnicos de la Prefectura y de los municipios para trabajar mancomunadamente por prevenci\u00f3n y adaptaci\u00f3n al cambio clim\u00e1tico, proyecto que adem\u00e1s cuenta con el apoyo de la Universidad Polit\u00e9cnica Salesiana y el Municipio italiano de San Benedetto del Tronto, con las que la entidad provincial mantiene nexos de cooperaci\u00f3n.<\/p>\n\n\n\n<p>Los resultados esperados del proyecto son contar con&nbsp;pol\u00edticas p\u00fablicas provinciales resilientes, alineadas al acuerdo verde de la Uni\u00f3n Europea; mejorar la calidad ambiental de las ciudades, e implementaci\u00f3n de proyectos pilotos basados en la econom\u00eda circular que mejoren los ingresos de las comunidades y reduzcan la contaminaci\u00f3n ambiental.<\/p>\n\n\n\n<p>COSTO Y FASES DEL PROYECTO<\/p>\n\n\n\n<p>El monto estimado para el financiamiento del proyecto es de 3 millones de euros, y un plazo de 36 meses para la implementaci\u00f3n, que est\u00e1 considerando en dos fases.<\/p>\n\n\n\n<p>Fase 1:<\/p>\n\n\n\n<p>En esta primera fase se crear\u00e1 una Red de autoridades locales por el clima.<\/p>\n\n\n\n<p>Se desarrollar\u00e1 un Plan territorial de mitigaci\u00f3n y prevenci\u00f3n del cambio clim\u00e1tico.&nbsp;&nbsp;&nbsp;<\/p>\n\n\n\n<p>Se trabajar\u00e1 en el fortalecimiento de las capacidades de los funcionarios p\u00fablicos, privados, organizaciones sociales, sobre adaptaci\u00f3n y mitigaci\u00f3n al cambio clim\u00e1tico.<\/p>\n\n\n\n<p>Asimismo, se crear\u00e1 un sistema de informaci\u00f3n ambiental que permita tomar decisiones para reducir los efectos negativos del cambio clim\u00e1tico.<\/p>\n\n\n\n<p>En esta fase de realizar\u00e1 un levantamiento y an\u00e1lisis de datos.<\/p>\n\n\n\n<p>Fase 2:<\/p>\n\n\n\n<p>En la fase se incluir\u00e1n acciones pilotos para la mejora ambiental y la ecologizaci\u00f3n a escala barrial.<\/p>\n\n\n\n<p>Tambi\u00e9n se prev\u00e9 la introducci\u00f3n de criterios para promover compras p\u00fablicas verdes y el dise\u00f1o e implementaci\u00f3n de tres proyectos de bioconversi\u00f3n larvaria para generar valor a los desechos agr\u00edcolas, tur\u00edsticos y pesqueros.<\/p>\n","protected":false},"excerpt":{"rendered":"<p>La Prefectura de Manab\u00ed lidera y articula acciones junto a varios municipios para enfrentar el cambio clim\u00e1tico desde la realidad de la provincia<\/p>\n","protected":false},"author":1,"featured_media":17022,"comment_status":"closed","ping_status":"open","sticky":false,"template":"","format":"standard","meta":{"_joinchat":[],"footnotes":""},"categories":[150,92,91],"tags":[],"class_list":["post-17021","post","type-post","status-publish","format-standard","has-post-thumbnail","hentry","category-ambiente","category-noticias-manabi","category-todas"],"yoast_head":"<!-- This site is optimized with the Yoast SEO plugin v27.4 - https:\/\/yoast.com\/product\/yoast-seo-wordpress\/ -->\n<title>PREFECTURA DE MANAB\u00cd LIDERA PROPUESTA DE CAMBIO CLIM\u00c1TICO ANTE UNI\u00d3N EUROPEA - Prefectura de Manab\u00ed<\/title>\n<meta name=\"robots\" content=\"index, follow, max-snippet:-1, max-image-preview:large, max-video-preview:-1\" \/>\n<link rel=\"canonical\" href=\"https:\/\/www.manabi.gob.ec\/index.php\/prefectura-de-manabi-lidera-propuesta-de-cambio-climatico-ante-union-europea\/\" \/>\n<meta property=\"og:locale\" content=\"es_ES\" \/>\n<meta property=\"og:type\" content=\"article\" \/>\n<meta property=\"og:title\" content=\"PREFECTURA DE MANAB\u00cd LIDERA PROPUESTA DE CAMBIO CLIM\u00c1TICO ANTE UNI\u00d3N EUROPEA - Prefectura de Manab\u00ed\" \/>\n<meta property=\"og:description\" content=\"La Prefectura de Manab\u00ed lidera y articula acciones junto a varios municipios para enfrentar el cambio clim\u00e1tico desde la realidad de la provincia\" \/>\n<meta property=\"og:url\" content=\"https:\/\/www.manabi.gob.ec\/index.php\/prefectura-de-manabi-lidera-propuesta-de-cambio-climatico-ante-union-europea\/\" \/>\n<meta property=\"og:site_name\" content=\"Prefectura de Manab\u00ed\" \/>\n<meta property=\"article:published_time\" content=\"2021-04-26T21:17:34+00:00\" \/>\n<meta property=\"article:modified_time\" content=\"2021-04-26T21:17:37+00:00\" \/>\n<meta property=\"og:image\" content=\"https:\/\/www.manabi.gob.ec\/wp-content\/uploads\/2021\/04\/Paisaje-2.jpeg\" \/>\n\t<meta property=\"og:image:width\" content=\"1280\" \/>\n\t<meta property=\"og:image:height\" content=\"853\" \/>\n\t<meta property=\"og:image:type\" content=\"image\/jpeg\" \/>\n<meta name=\"author\" content=\"admin\" \/>\n<meta name=\"twitter:card\" content=\"summary_large_image\" \/>\n<meta name=\"twitter:label1\" content=\"Escrito por\" \/>\n\t<meta name=\"twitter:data1\" content=\"admin\" \/>\n\t<meta name=\"twitter:label2\" content=\"Tiempo de lectura\" \/>\n\t<meta name=\"twitter:data2\" content=\"2 minutos\" \/>\n<script type=\"application\/ld+json\" class=\"yoast-schema-graph\">{\"@context\":\"https:\\\/\\\/schema.org\",\"@graph\":[{\"@type\":\"Article\",\"@id\":\"https:\\\/\\\/www.manabi.gob.ec\\\/index.php\\\/prefectura-de-manabi-lidera-propuesta-de-cambio-climatico-ante-union-europea\\\/#article\",\"isPartOf\":{\"@id\":\"https:\\\/\\\/www.manabi.gob.ec\\\/index.php\\\/prefectura-de-manabi-lidera-propuesta-de-cambio-climatico-ante-union-europea\\\/\"},\"author\":{\"name\":\"admin\",\"@id\":\"https:\\\/\\\/www.manabi.gob.ec\\\/#\\\/schema\\\/person\\\/cfc71bd68fe2703b779edcc292a49722\"},\"headline\":\"PREFECTURA DE MANAB\u00cd LIDERA PROPUESTA DE CAMBIO CLIM\u00c1TICO ANTE UNI\u00d3N EUROPEA\",\"datePublished\":\"2021-04-26T21:17:34+00:00\",\"dateModified\":\"2021-04-26T21:17:37+00:00\",\"mainEntityOfPage\":{\"@id\":\"https:\\\/\\\/www.manabi.gob.ec\\\/index.php\\\/prefectura-de-manabi-lidera-propuesta-de-cambio-climatico-ante-union-europea\\\/\"},\"wordCount\":499,\"image\":{\"@id\":\"https:\\\/\\\/www.manabi.gob.ec\\\/index.php\\\/prefectura-de-manabi-lidera-propuesta-de-cambio-climatico-ante-union-europea\\\/#primaryimage\"},\"thumbnailUrl\":\"https:\\\/\\\/www.manabi.gob.ec\\\/wp-content\\\/uploads\\\/2021\\\/04\\\/Paisaje-2.jpeg\",\"articleSection\":[\"Ambiente\",\"Noticias\",\"Todas\"],\"inLanguage\":\"es\"},{\"@type\":\"WebPage\",\"@id\":\"https:\\\/\\\/www.manabi.gob.ec\\\/index.php\\\/prefectura-de-manabi-lidera-propuesta-de-cambio-climatico-ante-union-europea\\\/\",\"url\":\"https:\\\/\\\/www.manabi.gob.ec\\\/index.php\\\/prefectura-de-manabi-lidera-propuesta-de-cambio-climatico-ante-union-europea\\\/\",\"name\":\"PREFECTURA DE MANAB\u00cd LIDERA PROPUESTA DE CAMBIO CLIM\u00c1TICO ANTE UNI\u00d3N EUROPEA - Prefectura de Manab\u00ed\",\"isPartOf\":{\"@id\":\"https:\\\/\\\/www.manabi.gob.ec\\\/#website\"},\"primaryImageOfPage\":{\"@id\":\"https:\\\/\\\/www.manabi.gob.ec\\\/index.php\\\/prefectura-de-manabi-lidera-propuesta-de-cambio-climatico-ante-union-europea\\\/#primaryimage\"},\"image\":{\"@id\":\"https:\\\/\\\/www.manabi.gob.ec\\\/index.php\\\/prefectura-de-manabi-lidera-propuesta-de-cambio-climatico-ante-union-europea\\\/#primaryimage\"},\"thumbnailUrl\":\"https:\\\/\\\/www.manabi.gob.ec\\\/wp-content\\\/uploads\\\/2021\\\/04\\\/Paisaje-2.jpeg\",\"datePublished\":\"2021-04-26T21:17:34+00:00\",\"dateModified\":\"2021-04-26T21:17:37+00:00\",\"author\":{\"@id\":\"https:\\\/\\\/www.manabi.gob.ec\\\/#\\\/schema\\\/person\\\/cfc71bd68fe2703b779edcc292a49722\"},\"breadcrumb\":{\"@id\":\"https:\\\/\\\/www.manabi.gob.ec\\\/index.php\\\/prefectura-de-manabi-lidera-propuesta-de-cambio-climatico-ante-union-europea\\\/#breadcrumb\"},\"inLanguage\":\"es\",\"potentialAction\":[{\"@type\":\"ReadAction\",\"target\":[\"https:\\\/\\\/www.manabi.gob.ec\\\/index.php\\\/prefectura-de-manabi-lidera-propuesta-de-cambio-climatico-ante-union-europea\\\/\"]}]},{\"@type\":\"ImageObject\",\"inLanguage\":\"es\",\"@id\":\"https:\\\/\\\/www.manabi.gob.ec\\\/index.php\\\/prefectura-de-manabi-lidera-propuesta-de-cambio-climatico-ante-union-europea\\\/#primaryimage\",\"url\":\"https:\\\/\\\/www.manabi.gob.ec\\\/wp-content\\\/uploads\\\/2021\\\/04\\\/Paisaje-2.jpeg\",\"contentUrl\":\"https:\\\/\\\/www.manabi.gob.ec\\\/wp-content\\\/uploads\\\/2021\\\/04\\\/Paisaje-2.jpeg\",\"width\":1280,\"height\":853},{\"@type\":\"BreadcrumbList\",\"@id\":\"https:\\\/\\\/www.manabi.gob.ec\\\/index.php\\\/prefectura-de-manabi-lidera-propuesta-de-cambio-climatico-ante-union-europea\\\/#breadcrumb\",\"itemListElement\":[{\"@type\":\"ListItem\",\"position\":1,\"name\":\"Portada\",\"item\":\"https:\\\/\\\/www.manabi.gob.ec\\\/\"},{\"@type\":\"ListItem\",\"position\":2,\"name\":\"PREFECTURA DE MANAB\u00cd LIDERA PROPUESTA DE CAMBIO CLIM\u00c1TICO ANTE UNI\u00d3N EUROPEA\"}]},{\"@type\":\"WebSite\",\"@id\":\"https:\\\/\\\/www.manabi.gob.ec\\\/#website\",\"url\":\"https:\\\/\\\/www.manabi.gob.ec\\\/\",\"name\":\"Prefectura de Manab\u00ed\",\"description\":\"P\u00e1gina web de la prefectura\",\"potentialAction\":[{\"@type\":\"SearchAction\",\"target\":{\"@type\":\"EntryPoint\",\"urlTemplate\":\"https:\\\/\\\/www.manabi.gob.ec\\\/?s={search_term_string}\"},\"query-input\":{\"@type\":\"PropertyValueSpecification\",\"valueRequired\":true,\"valueName\":\"search_term_string\"}}],\"inLanguage\":\"es\"},{\"@type\":\"Person\",\"@id\":\"https:\\\/\\\/www.manabi.gob.ec\\\/#\\\/schema\\\/person\\\/cfc71bd68fe2703b779edcc292a49722\",\"name\":\"admin\",\"image\":{\"@type\":\"ImageObject\",\"inLanguage\":\"es\",\"@id\":\"https:\\\/\\\/secure.gravatar.com\\\/avatar\\\/23e9f919492b0a2f65aa168e0d8c5c867ea853b61deffbadf08c7031e15b8d78?s=96&d=mm&r=g\",\"url\":\"https:\\\/\\\/secure.gravatar.com\\\/avatar\\\/23e9f919492b0a2f65aa168e0d8c5c867ea853b61deffbadf08c7031e15b8d78?s=96&d=mm&r=g\",\"contentUrl\":\"https:\\\/\\\/secure.gravatar.com\\\/avatar\\\/23e9f919492b0a2f65aa168e0d8c5c867ea853b61deffbadf08c7031e15b8d78?s=96&d=mm&r=g\",\"caption\":\"admin\"},\"sameAs\":[\"http:\\\/\\\/www.manabi.gob.ec\"],\"url\":\"https:\\\/\\\/www.manabi.gob.ec\\\/index.php\\\/author\\\/admin\\\/\"}]}<\/script>\n<!-- \/ Yoast SEO plugin. -->","yoast_head_json":{"title":"PREFECTURA DE MANAB\u00cd LIDERA PROPUESTA DE CAMBIO CLIM\u00c1TICO ANTE UNI\u00d3N EUROPEA - Prefectura de Manab\u00ed","robots":{"index":"index","follow":"follow","max-snippet":"max-snippet:-1","max-image-preview":"max-image-preview:large","max-video-preview":"max-video-preview:-1"},"canonical":"https:\/\/www.manabi.gob.ec\/index.php\/prefectura-de-manabi-lidera-propuesta-de-cambio-climatico-ante-union-europea\/","og_locale":"es_ES","og_type":"article","og_title":"PREFECTURA DE MANAB\u00cd LIDERA PROPUESTA DE CAMBIO CLIM\u00c1TICO ANTE UNI\u00d3N EUROPEA - Prefectura de Manab\u00ed","og_description":"La Prefectura de Manab\u00ed lidera y articula acciones junto a varios municipios para enfrentar el cambio clim\u00e1tico desde la realidad de la provincia","og_url":"https:\/\/www.manabi.gob.ec\/index.php\/prefectura-de-manabi-lidera-propuesta-de-cambio-climatico-ante-union-europea\/","og_site_name":"Prefectura de Manab\u00ed","article_published_time":"2021-04-26T21:17:34+00:00","article_modified_time":"2021-04-26T21:17:37+00:00","og_image":[{"width":1280,"height":853,"url":"https:\/\/www.manabi.gob.ec\/wp-content\/uploads\/2021\/04\/Paisaje-2.jpeg","type":"image\/jpeg"}],"author":"admin","twitter_card":"summary_large_image","twitter_misc":{"Escrito por":"admin","Tiempo de lectura":"2 minutos"},"schema":{"@context":"https:\/\/schema.org","@graph":[{"@type":"Article","@id":"https:\/\/www.manabi.gob.ec\/index.php\/prefectura-de-manabi-lidera-propuesta-de-cambio-climatico-ante-union-europea\/#article","isPartOf":{"@id":"https:\/\/www.manabi.gob.ec\/index.php\/prefectura-de-manabi-lidera-propuesta-de-cambio-climatico-ante-union-europea\/"},"author":{"name":"admin","@id":"https:\/\/www.manabi.gob.ec\/#\/schema\/person\/cfc71bd68fe2703b779edcc292a49722"},"headline":"PREFECTURA DE MANAB\u00cd LIDERA PROPUESTA DE CAMBIO CLIM\u00c1TICO ANTE UNI\u00d3N EUROPEA","datePublished":"2021-04-26T21:17:34+00:00","dateModified":"2021-04-26T21:17:37+00:00","mainEntityOfPage":{"@id":"https:\/\/www.manabi.gob.ec\/index.php\/prefectura-de-manabi-lidera-propuesta-de-cambio-climatico-ante-union-europea\/"},"wordCount":499,"image":{"@id":"https:\/\/www.manabi.gob.ec\/index.php\/prefectura-de-manabi-lidera-propuesta-de-cambio-climatico-ante-union-europea\/#primaryimage"},"thumbnailUrl":"https:\/\/www.manabi.gob.ec\/wp-content\/uploads\/2021\/04\/Paisaje-2.jpeg","articleSection":["Ambiente","Noticias","Todas"],"inLanguage":"es"},{"@type":"WebPage","@id":"https:\/\/www.manabi.gob.ec\/index.php\/prefectura-de-manabi-lidera-propuesta-de-cambio-climatico-ante-union-europea\/","url":"https:\/\/www.manabi.gob.ec\/index.php\/prefectura-de-manabi-lidera-propuesta-de-cambio-climatico-ante-union-europea\/","name":"PREFECTURA DE MANAB\u00cd LIDERA PROPUESTA DE CAMBIO CLIM\u00c1TICO ANTE UNI\u00d3N EUROPEA - Prefectura de Manab\u00ed","isPartOf":{"@id":"https:\/\/www.manabi.gob.ec\/#website"},"primaryImageOfPage":{"@id":"https:\/\/www.manabi.gob.ec\/index.php\/prefectura-de-manabi-lidera-propuesta-de-cambio-climatico-ante-union-europea\/#primaryimage"},"image":{"@id":"https:\/\/www.manabi.gob.ec\/index.php\/prefectura-de-manabi-lidera-propuesta-de-cambio-climatico-ante-union-europea\/#primaryimage"},"thumbnailUrl":"https:\/\/www.manabi.gob.ec\/wp-content\/uploads\/2021\/04\/Paisaje-2.jpeg","datePublished":"2021-04-26T21:17:34+00:00","dateModified":"2021-04-26T21:17:37+00:00","author":{"@id":"https:\/\/www.manabi.gob.ec\/#\/schema\/person\/cfc71bd68fe2703b779edcc292a49722"},"breadcrumb":{"@id":"https:\/\/www.manabi.gob.ec\/index.php\/prefectura-de-manabi-lidera-propuesta-de-cambio-climatico-ante-union-europea\/#breadcrumb"},"inLanguage":"es","potentialAction":[{"@type":"ReadAction","target":["https:\/\/www.manabi.gob.ec\/index.php\/prefectura-de-manabi-lidera-propuesta-de-cambio-climatico-ante-union-europea\/"]}]},{"@type":"ImageObject","inLanguage":"es","@id":"https:\/\/www.manabi.gob.ec\/index.php\/prefectura-de-manabi-lidera-propuesta-de-cambio-climatico-ante-union-europea\/#primaryimage","url":"https:\/\/www.manabi.gob.ec\/wp-content\/uploads\/2021\/04\/Paisaje-2.jpeg","contentUrl":"https:\/\/www.manabi.gob.ec\/wp-content\/uploads\/2021\/04\/Paisaje-2.jpeg","width":1280,"height":853},{"@type":"BreadcrumbList","@id":"https:\/\/www.manabi.gob.ec\/index.php\/prefectura-de-manabi-lidera-propuesta-de-cambio-climatico-ante-union-europea\/#breadcrumb","itemListElement":[{"@type":"ListItem","position":1,"name":"Portada","item":"https:\/\/www.manabi.gob.ec\/"},{"@type":"ListItem","position":2,"name":"PREFECTURA DE MANAB\u00cd LIDERA PROPUESTA DE CAMBIO CLIM\u00c1TICO ANTE UNI\u00d3N EUROPEA"}]},{"@type":"WebSite","@id":"https:\/\/www.manabi.gob.ec\/#website","url":"https:\/\/www.manabi.gob.ec\/","name":"Prefectura de Manab\u00ed","description":"P\u00e1gina web de la prefectura","potentialAction":[{"@type":"SearchAction","target":{"@type":"EntryPoint","urlTemplate":"https:\/\/www.manabi.gob.ec\/?s={search_term_string}"},"query-input":{"@type":"PropertyValueSpecification","valueRequired":true,"valueName":"search_term_string"}}],"inLanguage":"es"},{"@type":"Person","@id":"https:\/\/www.manabi.gob.ec\/#\/schema\/person\/cfc71bd68fe2703b779edcc292a49722","name":"admin","image":{"@type":"ImageObject","inLanguage":"es","@id":"https:\/\/secure.gravatar.com\/avatar\/23e9f919492b0a2f65aa168e0d8c5c867ea853b61deffbadf08c7031e15b8d78?s=96&d=mm&r=g","url":"https:\/\/secure.gravatar.com\/avatar\/23e9f919492b0a2f65aa168e0d8c5c867ea853b61deffbadf08c7031e15b8d78?s=96&d=mm&r=g","contentUrl":"https:\/\/secure.gravatar.com\/avatar\/23e9f919492b0a2f65aa168e0d8c5c867ea853b61deffbadf08c7031e15b8d78?s=96&d=mm&r=g","caption":"admin"},"sameAs":["http:\/\/www.manabi.gob.ec"],"url":"https:\/\/www.manabi.gob.ec\/index.php\/author\/admin\/"}]}},"jetpack_featured_media_url":"https:\/\/www.manabi.gob.ec\/wp-content\/uploads\/2021\/04\/Paisaje-2.jpeg","_links":{"self":[{"href":"https:\/\/www.manabi.gob.ec\/index.php\/wp-json\/wp\/v2\/posts\/17021","targetHints":{"allow":["GET"]}}],"collection":[{"href":"https:\/\/www.manabi.gob.ec\/index.php\/wp-json\/wp\/v2\/posts"}],"about":[{"href":"https:\/\/www.manabi.gob.ec\/index.php\/wp-json\/wp\/v2\/types\/post"}],"author":[{"embeddable":true,"href":"https:\/\/www.manabi.gob.ec\/index.php\/wp-json\/wp\/v2\/users\/1"}],"replies":[{"embeddable":true,"href":"https:\/\/www.manabi.gob.ec\/index.php\/wp-json\/wp\/v2\/comments?post=17021"}],"version-history":[{"count":0,"href":"https:\/\/www.manabi.gob.ec\/index.php\/wp-json\/wp\/v2\/posts\/17021\/revisions"}],"wp:featuredmedia":[{"embeddable":true,"href":"https:\/\/www.manabi.gob.ec\/index.php\/wp-json\/wp\/v2\/media\/17022"}],"wp:attachment":[{"href":"https:\/\/www.manabi.gob.ec\/index.php\/wp-json\/wp\/v2\/media?parent=17021"}],"wp:term":[{"taxonomy":"category","embeddable":true,"href":"https:\/\/www.manabi.gob.ec\/index.php\/wp-json\/wp\/v2\/categories?post=17021"},{"taxonomy":"post_tag","embeddable":true,"href":"https:\/\/www.manabi.gob.ec\/index.php\/wp-json\/wp\/v2\/tags?post=17021"}],"curies":[{"name":"wp","href":"https:\/\/api.w.org\/{rel}","templated":true}]}}