{"id":17093,"date":"2021-04-29T14:15:31","date_gmt":"2021-04-29T14:15:31","guid":{"rendered":"https:\/\/www.manabi.gob.ec\/?p=17093"},"modified":"2021-04-29T14:24:41","modified_gmt":"2021-04-29T14:24:41","slug":"la-historia-de-milton-un-joven-que-ha-enfrentado-adversidades-y-a-sus-15-anos-recibe-sus-anhelados-lentes","status":"publish","type":"post","link":"https:\/\/www.manabi.gob.ec\/index.php\/la-historia-de-milton-un-joven-que-ha-enfrentado-adversidades-y-a-sus-15-anos-recibe-sus-anhelados-lentes\/","title":{"rendered":"LA HISTORIA DE MILTON, UN JOVEN QUE HA ENFRENTADO ADVERSIDADES Y A SUS 15 A\u00d1OS RECIBE SUS ANHELADOS LENTES"},"content":{"rendered":"\n<p>Milton Mieles es un joven de 15 a\u00f1os, habitante del cant\u00f3n Olmedo y un luchador incansable. Desde el vientre de su madre se aferr\u00f3 a vivir contra todo pron\u00f3stico.&nbsp;<\/p>\n\n\n\n<p>\u201cJunior\u201d, como tambi\u00e9n se lo conoce, sufre de artrogriposis leve, una enfermedad cong\u00e9nita que limit\u00f3 el desarrollo y movilidad de sus piernas y brazos.&nbsp;<\/p>\n\n\n\n<p>Durante su infancia se someti\u00f3 a m\u00faltiples operaciones, lo que le devolvi\u00f3 a Milton la posibilidad de caminar. Pero hubo una operaci\u00f3n que marc\u00f3 su desarrollo visual, afectando un nervio \u00f3ptico y provocando la inmovilidad de uno de sus ojos.&nbsp;<\/p>\n\n\n\n<p>Desde entonces, fueron muchos los problemas visuales con los que Milton carg\u00f3, pero por los limitados recursos econ\u00f3micos de sus padres, sigui\u00f3 viviendo con la incomodidad visual.&nbsp;<\/p>\n\n\n\n<p>El panorama cambi\u00f3 gracias al Gobierno de Manab\u00ed, y a la gesti\u00f3n del prefecto, Leonardo Orlando, quien a trav\u00e9s de la campa\u00f1a Visi\u00f3n con Coraz\u00f3n, le otorg\u00f3 a Milton la atenci\u00f3n oftalmol\u00f3gica, y sus tan anhelados lentes.&nbsp;<\/p>\n\n\n\n<p>Al igual que Milton existen otras historias por contar. En la actualidad a trav\u00e9s de este programa el Gobierno de Manab\u00ed ha atendido a 4.892 personas y entregado m\u00e1s de 2.000 lentes a quienes lo necesitan, trabajo que se contin\u00faa porque la meta es llegar con atenci\u00f3n a 50 mil ni\u00f1os, ni\u00f1as y adolescentes y entregar 15 mil. Lentes. Y as\u00ed continuamos, de forma justa y oportuna, llevando bienestar y equidad a todo el territorio manabita.<\/p>\n","protected":false},"excerpt":{"rendered":"<p>Milton Mieles es un joven de 15 a\u00f1os, habitante del cant\u00f3n Olmedo y un luchador incansable. Desde el vientre de su madre se aferr\u00f3 a vivir contra todo pron\u00f3stico.&nbsp; \u201cJunior\u201d, como tambi\u00e9n se lo conoce, sufre de artrogriposis leve, una enfermedad cong\u00e9nita que limit\u00f3 el desarrollo y movilidad de sus piernas y brazos.&nbsp; Durante su [&hellip;]<\/p>\n","protected":false},"author":1,"featured_media":17094,"comment_status":"closed","ping_status":"open","sticky":false,"template":"","format":"standard","meta":{"_joinchat":[],"footnotes":""},"categories":[142,92,72,91],"tags":[],"class_list":["post-17093","post","type-post","status-publish","format-standard","has-post-thumbnail","hentry","category-desarrollo-social","category-noticias-manabi","category-salud","category-todas"],"yoast_head":"<!-- This site is optimized with the Yoast SEO plugin v27.4 - https:\/\/yoast.com\/product\/yoast-seo-wordpress\/ -->\n<title>LA HISTORIA DE MILTON, UN JOVEN QUE HA ENFRENTADO ADVERSIDADES Y A SUS 15 A\u00d1OS RECIBE SUS ANHELADOS LENTES<\/title>\n<meta name=\"description\" content=\"Milton Mieles es un joven de 15 a\u00f1os, habitante del cant\u00f3n Olmedo y un luchador incansable. Desde el vientre de su madre se aferr\u00f3 a vivir contra todo pron\u00f3stico.\u201cJunior\u201d, como tambi\u00e9n se lo conoce, sufre de artrogriposis leve, una enfermedad cong\u00e9nita que limit\u00f3 el desarrollo y movilidad de sus piernas y brazos.Durante su infancia se someti\u00f3 a m\u00faltiples operaciones, lo que le devolvi\u00f3 a Milton la posibilidad de caminar. Pero hubo una operaci\u00f3n que marc\u00f3 su desarrollo visual, afectando un nervio \u00f3ptico y provocando la inmovilidad de uno de sus ojos.Desde entonces, fueron muchos los problemas visuales con los que Milton carg\u00f3, pero por los limitados recursos econ\u00f3micos de sus padres, sigui\u00f3 viviendo con la incomodidad visual.El panorama cambi\u00f3 gracias al Gobierno de Manab\u00ed, y a la gesti\u00f3n del prefecto, Leonardo Orlando, quien a trav\u00e9s de la campa\u00f1a Visi\u00f3n con Coraz\u00f3n, le otorg\u00f3 a Milton la atenci\u00f3n oftalmol\u00f3gica, y sus tan anhelados lentes.Al igual que Milton existen otras historias por contar. En la actualidad a trav\u00e9s de este programa el Gobierno de Manab\u00ed ha atendido a 4.892 personas y entregado m\u00e1s de 2.000 lentes a quienes lo necesitan, trabajo que se contin\u00faa porque la meta es llegar con atenci\u00f3n a 50 mil ni\u00f1os, ni\u00f1as y adolescentes y entregar 15 mil. Lentes. Y as\u00ed continuamos, de forma justa y oportuna, llevando bienestar y equidad a todo el territorio manabita.\" \/>\n<meta name=\"robots\" content=\"index, follow, max-snippet:-1, max-image-preview:large, max-video-preview:-1\" \/>\n<link rel=\"canonical\" href=\"https:\/\/www.manabi.gob.ec\/index.php\/la-historia-de-milton-un-joven-que-ha-enfrentado-adversidades-y-a-sus-15-anos-recibe-sus-anhelados-lentes\/\" \/>\n<meta property=\"og:locale\" content=\"es_ES\" \/>\n<meta property=\"og:type\" content=\"article\" \/>\n<meta property=\"og:title\" content=\"LA HISTORIA DE MILTON, UN JOVEN QUE HA ENFRENTADO ADVERSIDADES Y A SUS 15 A\u00d1OS RECIBE SUS ANHELADOS LENTES\" \/>\n<meta property=\"og:description\" content=\"Milton Mieles es un joven de 15 a\u00f1os, habitante del cant\u00f3n Olmedo y un luchador incansable. Desde el vientre de su madre se aferr\u00f3 a vivir contra todo pron\u00f3stico.\u201cJunior\u201d, como tambi\u00e9n se lo conoce, sufre de artrogriposis leve, una enfermedad cong\u00e9nita que limit\u00f3 el desarrollo y movilidad de sus piernas y brazos.Durante su infancia se someti\u00f3 a m\u00faltiples operaciones, lo que le devolvi\u00f3 a Milton la posibilidad de caminar. Pero hubo una operaci\u00f3n que marc\u00f3 su desarrollo visual, afectando un nervio \u00f3ptico y provocando la inmovilidad de uno de sus ojos.Desde entonces, fueron muchos los problemas visuales con los que Milton carg\u00f3, pero por los limitados recursos econ\u00f3micos de sus padres, sigui\u00f3 viviendo con la incomodidad visual.El panorama cambi\u00f3 gracias al Gobierno de Manab\u00ed, y a la gesti\u00f3n del prefecto, Leonardo Orlando, quien a trav\u00e9s de la campa\u00f1a Visi\u00f3n con Coraz\u00f3n, le otorg\u00f3 a Milton la atenci\u00f3n oftalmol\u00f3gica, y sus tan anhelados lentes.Al igual que Milton existen otras historias por contar. En la actualidad a trav\u00e9s de este programa el Gobierno de Manab\u00ed ha atendido a 4.892 personas y entregado m\u00e1s de 2.000 lentes a quienes lo necesitan, trabajo que se contin\u00faa porque la meta es llegar con atenci\u00f3n a 50 mil ni\u00f1os, ni\u00f1as y adolescentes y entregar 15 mil. Lentes. Y as\u00ed continuamos, de forma justa y oportuna, llevando bienestar y equidad a todo el territorio manabita.\" \/>\n<meta property=\"og:url\" content=\"https:\/\/www.manabi.gob.ec\/index.php\/la-historia-de-milton-un-joven-que-ha-enfrentado-adversidades-y-a-sus-15-anos-recibe-sus-anhelados-lentes\/\" \/>\n<meta property=\"og:site_name\" content=\"Prefectura de Manab\u00ed\" \/>\n<meta property=\"article:published_time\" content=\"2021-04-29T14:15:31+00:00\" \/>\n<meta property=\"article:modified_time\" content=\"2021-04-29T14:24:41+00:00\" \/>\n<meta property=\"og:image\" content=\"https:\/\/www.manabi.gob.ec\/wp-content\/uploads\/2021\/04\/Entrega-de-lentes...-historias.jpeg\" \/>\n\t<meta property=\"og:image:width\" content=\"1280\" \/>\n\t<meta property=\"og:image:height\" content=\"853\" \/>\n\t<meta property=\"og:image:type\" content=\"image\/jpeg\" \/>\n<meta name=\"author\" content=\"admin\" \/>\n<meta name=\"twitter:card\" content=\"summary_large_image\" \/>\n<meta name=\"twitter:label1\" content=\"Escrito por\" \/>\n\t<meta name=\"twitter:data1\" content=\"admin\" \/>\n\t<meta name=\"twitter:label2\" content=\"Tiempo de lectura\" \/>\n\t<meta name=\"twitter:data2\" content=\"2 minutos\" \/>\n<script type=\"application\/ld+json\" class=\"yoast-schema-graph\">{\"@context\":\"https:\\\/\\\/schema.org\",\"@graph\":[{\"@type\":\"Article\",\"@id\":\"https:\\\/\\\/www.manabi.gob.ec\\\/index.php\\\/la-historia-de-milton-un-joven-que-ha-enfrentado-adversidades-y-a-sus-15-anos-recibe-sus-anhelados-lentes\\\/#article\",\"isPartOf\":{\"@id\":\"https:\\\/\\\/www.manabi.gob.ec\\\/index.php\\\/la-historia-de-milton-un-joven-que-ha-enfrentado-adversidades-y-a-sus-15-anos-recibe-sus-anhelados-lentes\\\/\"},\"author\":{\"name\":\"admin\",\"@id\":\"https:\\\/\\\/www.manabi.gob.ec\\\/#\\\/schema\\\/person\\\/cfc71bd68fe2703b779edcc292a49722\"},\"headline\":\"LA HISTORIA DE MILTON, UN JOVEN QUE HA ENFRENTADO ADVERSIDADES Y A SUS 15 A\u00d1OS RECIBE SUS ANHELADOS LENTES\",\"datePublished\":\"2021-04-29T14:15:31+00:00\",\"dateModified\":\"2021-04-29T14:24:41+00:00\",\"mainEntityOfPage\":{\"@id\":\"https:\\\/\\\/www.manabi.gob.ec\\\/index.php\\\/la-historia-de-milton-un-joven-que-ha-enfrentado-adversidades-y-a-sus-15-anos-recibe-sus-anhelados-lentes\\\/\"},\"wordCount\":273,\"image\":{\"@id\":\"https:\\\/\\\/www.manabi.gob.ec\\\/index.php\\\/la-historia-de-milton-un-joven-que-ha-enfrentado-adversidades-y-a-sus-15-anos-recibe-sus-anhelados-lentes\\\/#primaryimage\"},\"thumbnailUrl\":\"https:\\\/\\\/www.manabi.gob.ec\\\/wp-content\\\/uploads\\\/2021\\\/04\\\/Entrega-de-lentes...-historias.jpeg\",\"articleSection\":[\"Desarrollo Social\",\"Noticias\",\"salud\",\"Todas\"],\"inLanguage\":\"es\"},{\"@type\":\"WebPage\",\"@id\":\"https:\\\/\\\/www.manabi.gob.ec\\\/index.php\\\/la-historia-de-milton-un-joven-que-ha-enfrentado-adversidades-y-a-sus-15-anos-recibe-sus-anhelados-lentes\\\/\",\"url\":\"https:\\\/\\\/www.manabi.gob.ec\\\/index.php\\\/la-historia-de-milton-un-joven-que-ha-enfrentado-adversidades-y-a-sus-15-anos-recibe-sus-anhelados-lentes\\\/\",\"name\":\"LA HISTORIA DE MILTON, UN JOVEN QUE HA ENFRENTADO ADVERSIDADES Y A SUS 15 A\u00d1OS RECIBE SUS ANHELADOS LENTES\",\"isPartOf\":{\"@id\":\"https:\\\/\\\/www.manabi.gob.ec\\\/#website\"},\"primaryImageOfPage\":{\"@id\":\"https:\\\/\\\/www.manabi.gob.ec\\\/index.php\\\/la-historia-de-milton-un-joven-que-ha-enfrentado-adversidades-y-a-sus-15-anos-recibe-sus-anhelados-lentes\\\/#primaryimage\"},\"image\":{\"@id\":\"https:\\\/\\\/www.manabi.gob.ec\\\/index.php\\\/la-historia-de-milton-un-joven-que-ha-enfrentado-adversidades-y-a-sus-15-anos-recibe-sus-anhelados-lentes\\\/#primaryimage\"},\"thumbnailUrl\":\"https:\\\/\\\/www.manabi.gob.ec\\\/wp-content\\\/uploads\\\/2021\\\/04\\\/Entrega-de-lentes...-historias.jpeg\",\"datePublished\":\"2021-04-29T14:15:31+00:00\",\"dateModified\":\"2021-04-29T14:24:41+00:00\",\"author\":{\"@id\":\"https:\\\/\\\/www.manabi.gob.ec\\\/#\\\/schema\\\/person\\\/cfc71bd68fe2703b779edcc292a49722\"},\"description\":\"Milton Mieles es un joven de 15 a\u00f1os, habitante del cant\u00f3n Olmedo y un luchador incansable. Desde el vientre de su madre se aferr\u00f3 a vivir contra todo pron\u00f3stico.\u201cJunior\u201d, como tambi\u00e9n se lo conoce, sufre de artrogriposis leve, una enfermedad cong\u00e9nita que limit\u00f3 el desarrollo y movilidad de sus piernas y brazos.Durante su infancia se someti\u00f3 a m\u00faltiples operaciones, lo que le devolvi\u00f3 a Milton la posibilidad de caminar. Pero hubo una operaci\u00f3n que marc\u00f3 su desarrollo visual, afectando un nervio \u00f3ptico y provocando la inmovilidad de uno de sus ojos.Desde entonces, fueron muchos los problemas visuales con los que Milton carg\u00f3, pero por los limitados recursos econ\u00f3micos de sus padres, sigui\u00f3 viviendo con la incomodidad visual.El panorama cambi\u00f3 gracias al Gobierno de Manab\u00ed, y a la gesti\u00f3n del prefecto, Leonardo Orlando, quien a trav\u00e9s de la campa\u00f1a Visi\u00f3n con Coraz\u00f3n, le otorg\u00f3 a Milton la atenci\u00f3n oftalmol\u00f3gica, y sus tan anhelados lentes.Al igual que Milton existen otras historias por contar. En la actualidad a trav\u00e9s de este programa el Gobierno de Manab\u00ed ha atendido a 4.892 personas y entregado m\u00e1s de 2.000 lentes a quienes lo necesitan, trabajo que se contin\u00faa porque la meta es llegar con atenci\u00f3n a 50 mil ni\u00f1os, ni\u00f1as y adolescentes y entregar 15 mil. Lentes. Y as\u00ed continuamos, de forma justa y oportuna, llevando bienestar y equidad a todo el territorio manabita.\",\"breadcrumb\":{\"@id\":\"https:\\\/\\\/www.manabi.gob.ec\\\/index.php\\\/la-historia-de-milton-un-joven-que-ha-enfrentado-adversidades-y-a-sus-15-anos-recibe-sus-anhelados-lentes\\\/#breadcrumb\"},\"inLanguage\":\"es\",\"potentialAction\":[{\"@type\":\"ReadAction\",\"target\":[\"https:\\\/\\\/www.manabi.gob.ec\\\/index.php\\\/la-historia-de-milton-un-joven-que-ha-enfrentado-adversidades-y-a-sus-15-anos-recibe-sus-anhelados-lentes\\\/\"]}]},{\"@type\":\"ImageObject\",\"inLanguage\":\"es\",\"@id\":\"https:\\\/\\\/www.manabi.gob.ec\\\/index.php\\\/la-historia-de-milton-un-joven-que-ha-enfrentado-adversidades-y-a-sus-15-anos-recibe-sus-anhelados-lentes\\\/#primaryimage\",\"url\":\"https:\\\/\\\/www.manabi.gob.ec\\\/wp-content\\\/uploads\\\/2021\\\/04\\\/Entrega-de-lentes...-historias.jpeg\",\"contentUrl\":\"https:\\\/\\\/www.manabi.gob.ec\\\/wp-content\\\/uploads\\\/2021\\\/04\\\/Entrega-de-lentes...-historias.jpeg\",\"width\":1280,\"height\":853},{\"@type\":\"BreadcrumbList\",\"@id\":\"https:\\\/\\\/www.manabi.gob.ec\\\/index.php\\\/la-historia-de-milton-un-joven-que-ha-enfrentado-adversidades-y-a-sus-15-anos-recibe-sus-anhelados-lentes\\\/#breadcrumb\",\"itemListElement\":[{\"@type\":\"ListItem\",\"position\":1,\"name\":\"Portada\",\"item\":\"https:\\\/\\\/www.manabi.gob.ec\\\/\"},{\"@type\":\"ListItem\",\"position\":2,\"name\":\"LA HISTORIA DE MILTON, UN JOVEN QUE HA ENFRENTADO ADVERSIDADES Y A SUS 15 A\u00d1OS RECIBE SUS ANHELADOS LENTES\"}]},{\"@type\":\"WebSite\",\"@id\":\"https:\\\/\\\/www.manabi.gob.ec\\\/#website\",\"url\":\"https:\\\/\\\/www.manabi.gob.ec\\\/\",\"name\":\"Prefectura de Manab\u00ed\",\"description\":\"P\u00e1gina web de la prefectura\",\"potentialAction\":[{\"@type\":\"SearchAction\",\"target\":{\"@type\":\"EntryPoint\",\"urlTemplate\":\"https:\\\/\\\/www.manabi.gob.ec\\\/?s={search_term_string}\"},\"query-input\":{\"@type\":\"PropertyValueSpecification\",\"valueRequired\":true,\"valueName\":\"search_term_string\"}}],\"inLanguage\":\"es\"},{\"@type\":\"Person\",\"@id\":\"https:\\\/\\\/www.manabi.gob.ec\\\/#\\\/schema\\\/person\\\/cfc71bd68fe2703b779edcc292a49722\",\"name\":\"admin\",\"image\":{\"@type\":\"ImageObject\",\"inLanguage\":\"es\",\"@id\":\"https:\\\/\\\/secure.gravatar.com\\\/avatar\\\/23e9f919492b0a2f65aa168e0d8c5c867ea853b61deffbadf08c7031e15b8d78?s=96&d=mm&r=g\",\"url\":\"https:\\\/\\\/secure.gravatar.com\\\/avatar\\\/23e9f919492b0a2f65aa168e0d8c5c867ea853b61deffbadf08c7031e15b8d78?s=96&d=mm&r=g\",\"contentUrl\":\"https:\\\/\\\/secure.gravatar.com\\\/avatar\\\/23e9f919492b0a2f65aa168e0d8c5c867ea853b61deffbadf08c7031e15b8d78?s=96&d=mm&r=g\",\"caption\":\"admin\"},\"sameAs\":[\"http:\\\/\\\/www.manabi.gob.ec\"],\"url\":\"https:\\\/\\\/www.manabi.gob.ec\\\/index.php\\\/author\\\/admin\\\/\"}]}<\/script>\n<!-- \/ Yoast SEO plugin. -->","yoast_head_json":{"title":"LA HISTORIA DE MILTON, UN JOVEN QUE HA ENFRENTADO ADVERSIDADES Y A SUS 15 A\u00d1OS RECIBE SUS ANHELADOS LENTES","description":"Milton Mieles es un joven de 15 a\u00f1os, habitante del cant\u00f3n Olmedo y un luchador incansable. Desde el vientre de su madre se aferr\u00f3 a vivir contra todo pron\u00f3stico.\u201cJunior\u201d, como tambi\u00e9n se lo conoce, sufre de artrogriposis leve, una enfermedad cong\u00e9nita que limit\u00f3 el desarrollo y movilidad de sus piernas y brazos.Durante su infancia se someti\u00f3 a m\u00faltiples operaciones, lo que le devolvi\u00f3 a Milton la posibilidad de caminar. Pero hubo una operaci\u00f3n que marc\u00f3 su desarrollo visual, afectando un nervio \u00f3ptico y provocando la inmovilidad de uno de sus ojos.Desde entonces, fueron muchos los problemas visuales con los que Milton carg\u00f3, pero por los limitados recursos econ\u00f3micos de sus padres, sigui\u00f3 viviendo con la incomodidad visual.El panorama cambi\u00f3 gracias al Gobierno de Manab\u00ed, y a la gesti\u00f3n del prefecto, Leonardo Orlando, quien a trav\u00e9s de la campa\u00f1a Visi\u00f3n con Coraz\u00f3n, le otorg\u00f3 a Milton la atenci\u00f3n oftalmol\u00f3gica, y sus tan anhelados lentes.Al igual que Milton existen otras historias por contar. En la actualidad a trav\u00e9s de este programa el Gobierno de Manab\u00ed ha atendido a 4.892 personas y entregado m\u00e1s de 2.000 lentes a quienes lo necesitan, trabajo que se contin\u00faa porque la meta es llegar con atenci\u00f3n a 50 mil ni\u00f1os, ni\u00f1as y adolescentes y entregar 15 mil. Lentes. Y as\u00ed continuamos, de forma justa y oportuna, llevando bienestar y equidad a todo el territorio manabita.","robots":{"index":"index","follow":"follow","max-snippet":"max-snippet:-1","max-image-preview":"max-image-preview:large","max-video-preview":"max-video-preview:-1"},"canonical":"https:\/\/www.manabi.gob.ec\/index.php\/la-historia-de-milton-un-joven-que-ha-enfrentado-adversidades-y-a-sus-15-anos-recibe-sus-anhelados-lentes\/","og_locale":"es_ES","og_type":"article","og_title":"LA HISTORIA DE MILTON, UN JOVEN QUE HA ENFRENTADO ADVERSIDADES Y A SUS 15 A\u00d1OS RECIBE SUS ANHELADOS LENTES","og_description":"Milton Mieles es un joven de 15 a\u00f1os, habitante del cant\u00f3n Olmedo y un luchador incansable. Desde el vientre de su madre se aferr\u00f3 a vivir contra todo pron\u00f3stico.\u201cJunior\u201d, como tambi\u00e9n se lo conoce, sufre de artrogriposis leve, una enfermedad cong\u00e9nita que limit\u00f3 el desarrollo y movilidad de sus piernas y brazos.Durante su infancia se someti\u00f3 a m\u00faltiples operaciones, lo que le devolvi\u00f3 a Milton la posibilidad de caminar. Pero hubo una operaci\u00f3n que marc\u00f3 su desarrollo visual, afectando un nervio \u00f3ptico y provocando la inmovilidad de uno de sus ojos.Desde entonces, fueron muchos los problemas visuales con los que Milton carg\u00f3, pero por los limitados recursos econ\u00f3micos de sus padres, sigui\u00f3 viviendo con la incomodidad visual.El panorama cambi\u00f3 gracias al Gobierno de Manab\u00ed, y a la gesti\u00f3n del prefecto, Leonardo Orlando, quien a trav\u00e9s de la campa\u00f1a Visi\u00f3n con Coraz\u00f3n, le otorg\u00f3 a Milton la atenci\u00f3n oftalmol\u00f3gica, y sus tan anhelados lentes.Al igual que Milton existen otras historias por contar. En la actualidad a trav\u00e9s de este programa el Gobierno de Manab\u00ed ha atendido a 4.892 personas y entregado m\u00e1s de 2.000 lentes a quienes lo necesitan, trabajo que se contin\u00faa porque la meta es llegar con atenci\u00f3n a 50 mil ni\u00f1os, ni\u00f1as y adolescentes y entregar 15 mil. Lentes. Y as\u00ed continuamos, de forma justa y oportuna, llevando bienestar y equidad a todo el territorio manabita.","og_url":"https:\/\/www.manabi.gob.ec\/index.php\/la-historia-de-milton-un-joven-que-ha-enfrentado-adversidades-y-a-sus-15-anos-recibe-sus-anhelados-lentes\/","og_site_name":"Prefectura de Manab\u00ed","article_published_time":"2021-04-29T14:15:31+00:00","article_modified_time":"2021-04-29T14:24:41+00:00","og_image":[{"width":1280,"height":853,"url":"https:\/\/www.manabi.gob.ec\/wp-content\/uploads\/2021\/04\/Entrega-de-lentes...-historias.jpeg","type":"image\/jpeg"}],"author":"admin","twitter_card":"summary_large_image","twitter_misc":{"Escrito por":"admin","Tiempo de lectura":"2 minutos"},"schema":{"@context":"https:\/\/schema.org","@graph":[{"@type":"Article","@id":"https:\/\/www.manabi.gob.ec\/index.php\/la-historia-de-milton-un-joven-que-ha-enfrentado-adversidades-y-a-sus-15-anos-recibe-sus-anhelados-lentes\/#article","isPartOf":{"@id":"https:\/\/www.manabi.gob.ec\/index.php\/la-historia-de-milton-un-joven-que-ha-enfrentado-adversidades-y-a-sus-15-anos-recibe-sus-anhelados-lentes\/"},"author":{"name":"admin","@id":"https:\/\/www.manabi.gob.ec\/#\/schema\/person\/cfc71bd68fe2703b779edcc292a49722"},"headline":"LA HISTORIA DE MILTON, UN JOVEN QUE HA ENFRENTADO ADVERSIDADES Y A SUS 15 A\u00d1OS RECIBE SUS ANHELADOS LENTES","datePublished":"2021-04-29T14:15:31+00:00","dateModified":"2021-04-29T14:24:41+00:00","mainEntityOfPage":{"@id":"https:\/\/www.manabi.gob.ec\/index.php\/la-historia-de-milton-un-joven-que-ha-enfrentado-adversidades-y-a-sus-15-anos-recibe-sus-anhelados-lentes\/"},"wordCount":273,"image":{"@id":"https:\/\/www.manabi.gob.ec\/index.php\/la-historia-de-milton-un-joven-que-ha-enfrentado-adversidades-y-a-sus-15-anos-recibe-sus-anhelados-lentes\/#primaryimage"},"thumbnailUrl":"https:\/\/www.manabi.gob.ec\/wp-content\/uploads\/2021\/04\/Entrega-de-lentes...-historias.jpeg","articleSection":["Desarrollo Social","Noticias","salud","Todas"],"inLanguage":"es"},{"@type":"WebPage","@id":"https:\/\/www.manabi.gob.ec\/index.php\/la-historia-de-milton-un-joven-que-ha-enfrentado-adversidades-y-a-sus-15-anos-recibe-sus-anhelados-lentes\/","url":"https:\/\/www.manabi.gob.ec\/index.php\/la-historia-de-milton-un-joven-que-ha-enfrentado-adversidades-y-a-sus-15-anos-recibe-sus-anhelados-lentes\/","name":"LA HISTORIA DE MILTON, UN JOVEN QUE HA ENFRENTADO ADVERSIDADES Y A SUS 15 A\u00d1OS RECIBE SUS ANHELADOS LENTES","isPartOf":{"@id":"https:\/\/www.manabi.gob.ec\/#website"},"primaryImageOfPage":{"@id":"https:\/\/www.manabi.gob.ec\/index.php\/la-historia-de-milton-un-joven-que-ha-enfrentado-adversidades-y-a-sus-15-anos-recibe-sus-anhelados-lentes\/#primaryimage"},"image":{"@id":"https:\/\/www.manabi.gob.ec\/index.php\/la-historia-de-milton-un-joven-que-ha-enfrentado-adversidades-y-a-sus-15-anos-recibe-sus-anhelados-lentes\/#primaryimage"},"thumbnailUrl":"https:\/\/www.manabi.gob.ec\/wp-content\/uploads\/2021\/04\/Entrega-de-lentes...-historias.jpeg","datePublished":"2021-04-29T14:15:31+00:00","dateModified":"2021-04-29T14:24:41+00:00","author":{"@id":"https:\/\/www.manabi.gob.ec\/#\/schema\/person\/cfc71bd68fe2703b779edcc292a49722"},"description":"Milton Mieles es un joven de 15 a\u00f1os, habitante del cant\u00f3n Olmedo y un luchador incansable. Desde el vientre de su madre se aferr\u00f3 a vivir contra todo pron\u00f3stico.\u201cJunior\u201d, como tambi\u00e9n se lo conoce, sufre de artrogriposis leve, una enfermedad cong\u00e9nita que limit\u00f3 el desarrollo y movilidad de sus piernas y brazos.Durante su infancia se someti\u00f3 a m\u00faltiples operaciones, lo que le devolvi\u00f3 a Milton la posibilidad de caminar. Pero hubo una operaci\u00f3n que marc\u00f3 su desarrollo visual, afectando un nervio \u00f3ptico y provocando la inmovilidad de uno de sus ojos.Desde entonces, fueron muchos los problemas visuales con los que Milton carg\u00f3, pero por los limitados recursos econ\u00f3micos de sus padres, sigui\u00f3 viviendo con la incomodidad visual.El panorama cambi\u00f3 gracias al Gobierno de Manab\u00ed, y a la gesti\u00f3n del prefecto, Leonardo Orlando, quien a trav\u00e9s de la campa\u00f1a Visi\u00f3n con Coraz\u00f3n, le otorg\u00f3 a Milton la atenci\u00f3n oftalmol\u00f3gica, y sus tan anhelados lentes.Al igual que Milton existen otras historias por contar. En la actualidad a trav\u00e9s de este programa el Gobierno de Manab\u00ed ha atendido a 4.892 personas y entregado m\u00e1s de 2.000 lentes a quienes lo necesitan, trabajo que se contin\u00faa porque la meta es llegar con atenci\u00f3n a 50 mil ni\u00f1os, ni\u00f1as y adolescentes y entregar 15 mil. Lentes. Y as\u00ed continuamos, de forma justa y oportuna, llevando bienestar y equidad a todo el territorio manabita.","breadcrumb":{"@id":"https:\/\/www.manabi.gob.ec\/index.php\/la-historia-de-milton-un-joven-que-ha-enfrentado-adversidades-y-a-sus-15-anos-recibe-sus-anhelados-lentes\/#breadcrumb"},"inLanguage":"es","potentialAction":[{"@type":"ReadAction","target":["https:\/\/www.manabi.gob.ec\/index.php\/la-historia-de-milton-un-joven-que-ha-enfrentado-adversidades-y-a-sus-15-anos-recibe-sus-anhelados-lentes\/"]}]},{"@type":"ImageObject","inLanguage":"es","@id":"https:\/\/www.manabi.gob.ec\/index.php\/la-historia-de-milton-un-joven-que-ha-enfrentado-adversidades-y-a-sus-15-anos-recibe-sus-anhelados-lentes\/#primaryimage","url":"https:\/\/www.manabi.gob.ec\/wp-content\/uploads\/2021\/04\/Entrega-de-lentes...-historias.jpeg","contentUrl":"https:\/\/www.manabi.gob.ec\/wp-content\/uploads\/2021\/04\/Entrega-de-lentes...-historias.jpeg","width":1280,"height":853},{"@type":"BreadcrumbList","@id":"https:\/\/www.manabi.gob.ec\/index.php\/la-historia-de-milton-un-joven-que-ha-enfrentado-adversidades-y-a-sus-15-anos-recibe-sus-anhelados-lentes\/#breadcrumb","itemListElement":[{"@type":"ListItem","position":1,"name":"Portada","item":"https:\/\/www.manabi.gob.ec\/"},{"@type":"ListItem","position":2,"name":"LA HISTORIA DE MILTON, UN JOVEN QUE HA ENFRENTADO ADVERSIDADES Y A SUS 15 A\u00d1OS RECIBE SUS ANHELADOS LENTES"}]},{"@type":"WebSite","@id":"https:\/\/www.manabi.gob.ec\/#website","url":"https:\/\/www.manabi.gob.ec\/","name":"Prefectura de Manab\u00ed","description":"P\u00e1gina web de la prefectura","potentialAction":[{"@type":"SearchAction","target":{"@type":"EntryPoint","urlTemplate":"https:\/\/www.manabi.gob.ec\/?s={search_term_string}"},"query-input":{"@type":"PropertyValueSpecification","valueRequired":true,"valueName":"search_term_string"}}],"inLanguage":"es"},{"@type":"Person","@id":"https:\/\/www.manabi.gob.ec\/#\/schema\/person\/cfc71bd68fe2703b779edcc292a49722","name":"admin","image":{"@type":"ImageObject","inLanguage":"es","@id":"https:\/\/secure.gravatar.com\/avatar\/23e9f919492b0a2f65aa168e0d8c5c867ea853b61deffbadf08c7031e15b8d78?s=96&d=mm&r=g","url":"https:\/\/secure.gravatar.com\/avatar\/23e9f919492b0a2f65aa168e0d8c5c867ea853b61deffbadf08c7031e15b8d78?s=96&d=mm&r=g","contentUrl":"https:\/\/secure.gravatar.com\/avatar\/23e9f919492b0a2f65aa168e0d8c5c867ea853b61deffbadf08c7031e15b8d78?s=96&d=mm&r=g","caption":"admin"},"sameAs":["http:\/\/www.manabi.gob.ec"],"url":"https:\/\/www.manabi.gob.ec\/index.php\/author\/admin\/"}]}},"jetpack_featured_media_url":"https:\/\/www.manabi.gob.ec\/wp-content\/uploads\/2021\/04\/Entrega-de-lentes...-historias.jpeg","_links":{"self":[{"href":"https:\/\/www.manabi.gob.ec\/index.php\/wp-json\/wp\/v2\/posts\/17093","targetHints":{"allow":["GET"]}}],"collection":[{"href":"https:\/\/www.manabi.gob.ec\/index.php\/wp-json\/wp\/v2\/posts"}],"about":[{"href":"https:\/\/www.manabi.gob.ec\/index.php\/wp-json\/wp\/v2\/types\/post"}],"author":[{"embeddable":true,"href":"https:\/\/www.manabi.gob.ec\/index.php\/wp-json\/wp\/v2\/users\/1"}],"replies":[{"embeddable":true,"href":"https:\/\/www.manabi.gob.ec\/index.php\/wp-json\/wp\/v2\/comments?post=17093"}],"version-history":[{"count":0,"href":"https:\/\/www.manabi.gob.ec\/index.php\/wp-json\/wp\/v2\/posts\/17093\/revisions"}],"wp:featuredmedia":[{"embeddable":true,"href":"https:\/\/www.manabi.gob.ec\/index.php\/wp-json\/wp\/v2\/media\/17094"}],"wp:attachment":[{"href":"https:\/\/www.manabi.gob.ec\/index.php\/wp-json\/wp\/v2\/media?parent=17093"}],"wp:term":[{"taxonomy":"category","embeddable":true,"href":"https:\/\/www.manabi.gob.ec\/index.php\/wp-json\/wp\/v2\/categories?post=17093"},{"taxonomy":"post_tag","embeddable":true,"href":"https:\/\/www.manabi.gob.ec\/index.php\/wp-json\/wp\/v2\/tags?post=17093"}],"curies":[{"name":"wp","href":"https:\/\/api.w.org\/{rel}","templated":true}]}}