{"id":17110,"date":"2021-04-29T14:57:33","date_gmt":"2021-04-29T14:57:33","guid":{"rendered":"https:\/\/www.manabi.gob.ec\/?p=17110"},"modified":"2021-04-29T14:57:36","modified_gmt":"2021-04-29T14:57:36","slug":"prefectura-promueve-comunidades-resilientes-a-traves-de-la-iniciativa-meta","status":"publish","type":"post","link":"https:\/\/www.manabi.gob.ec\/index.php\/prefectura-promueve-comunidades-resilientes-a-traves-de-la-iniciativa-meta\/","title":{"rendered":"PREFECTURA PROMUEVE COMUNIDADES RESILIENTES A TRAV\u00c9S DE LA INICIATIVA META"},"content":{"rendered":"\n<p>Dos gu\u00edas para el fortalecimiento de capacidades de funcionarios p\u00fablicos y promotores ciudadanos en temas de planificaci\u00f3n participativa fueron elaborados como parte de la Iniciativa Meta \u00abManab\u00ed y Esmeraldas Territorios Activos\u00bb.&nbsp;&nbsp;<\/p>\n\n\n\n<p>Esta iniciativa, de la que el Gobierno de Manab\u00ed es socio, es implementada por las fundaciones Somos Ecuador, Copade, Paz y Desarrollo, ULEAM y es co-financiada por la Uni\u00f3n Europea.&nbsp;<\/p>\n\n\n\n<p>Las gu\u00edas son un aporte para los funcionarios p\u00fablicos conozcan mejor los instrumentos de participaci\u00f3n ciudadana y control social que dispone la Constituci\u00f3n; as\u00ed como consolidar espacios de articulaci\u00f3n, di\u00e1logo y concertaci\u00f3n, para incidir en los procesos de reconstrucci\u00f3n y reactivaci\u00f3n productiva luego del terremoto de hace 5 a\u00f1os.&nbsp;&nbsp;&nbsp;<\/p>\n\n\n\n<p>Estas gu\u00edas son complemento de cursos de formaci\u00f3n, previamente dictados, que buscan recuperar y resumir lo m\u00e1s relevante de esta iniciativa dirigida tanto a funcionarios y funcionarias del servicio p\u00fablico, as\u00ed como una segunda gu\u00eda para promotoras y promotores de la comunidad de Manab\u00ed y Esmeraldas.<\/p>\n\n\n\n<p>El prop\u00f3sito de las gu\u00edas es ampliar la difusi\u00f3n de los contenidos de los cursos, as\u00ed como apuntalar los aprendizajes de cada uno de los m\u00f3dulos dise\u00f1ados originalmente.<\/p>\n\n\n\n<p>Las gu\u00edas est\u00e1n disponibles para toda la comunidad y se pueden descargar en forma gratuita en el enlace:<strong>&nbsp;<\/strong><strong><a href=\"http:\/\/somosmeta.org\/category\/publicaciones\/\" target=\"_blank\" rel=\"noreferrer noopener\">http:\/\/somosmeta.org\/category\/publicaciones\/<\/a><\/strong><\/p>\n","protected":false},"excerpt":{"rendered":"<p>Dos gu\u00edas para el fortalecimiento de capacidades de funcionarios p\u00fablicos y promotores ciudadanos en temas de planificaci\u00f3n participativa fueron elaborados como parte de la Iniciativa Meta \u00abManab\u00ed y Esmeraldas Territorios Activos\u00bb.&nbsp;&nbsp; Esta iniciativa, de la que el Gobierno de Manab\u00ed es socio, es implementada por las fundaciones Somos Ecuador, Copade, Paz y Desarrollo, ULEAM y [&hellip;]<\/p>\n","protected":false},"author":1,"featured_media":17111,"comment_status":"closed","ping_status":"open","sticky":false,"template":"","format":"standard","meta":{"_joinchat":[],"footnotes":""},"categories":[142,92,91],"tags":[],"class_list":["post-17110","post","type-post","status-publish","format-standard","has-post-thumbnail","hentry","category-desarrollo-social","category-noticias-manabi","category-todas"],"yoast_head":"<!-- This site is optimized with the Yoast SEO plugin v27.4 - https:\/\/yoast.com\/product\/yoast-seo-wordpress\/ -->\n<title>PREFECTURA PROMUEVE COMUNIDADES RESILIENTES A TRAV\u00c9S DE LA INICIATIVA META - Prefectura de Manab\u00ed<\/title>\n<meta name=\"robots\" content=\"index, follow, max-snippet:-1, max-image-preview:large, max-video-preview:-1\" \/>\n<link rel=\"canonical\" href=\"https:\/\/www.manabi.gob.ec\/index.php\/prefectura-promueve-comunidades-resilientes-a-traves-de-la-iniciativa-meta\/\" \/>\n<meta property=\"og:locale\" content=\"es_ES\" \/>\n<meta property=\"og:type\" content=\"article\" \/>\n<meta property=\"og:title\" content=\"PREFECTURA PROMUEVE COMUNIDADES RESILIENTES A TRAV\u00c9S DE LA INICIATIVA META - Prefectura de Manab\u00ed\" \/>\n<meta property=\"og:description\" content=\"Dos gu\u00edas para el fortalecimiento de capacidades de funcionarios p\u00fablicos y promotores ciudadanos en temas de planificaci\u00f3n participativa fueron elaborados como parte de la Iniciativa Meta \u00abManab\u00ed y Esmeraldas Territorios Activos\u00bb.&nbsp;&nbsp; Esta iniciativa, de la que el Gobierno de Manab\u00ed es socio, es implementada por las fundaciones Somos Ecuador, Copade, Paz y Desarrollo, ULEAM y [&hellip;]\" \/>\n<meta property=\"og:url\" content=\"https:\/\/www.manabi.gob.ec\/index.php\/prefectura-promueve-comunidades-resilientes-a-traves-de-la-iniciativa-meta\/\" \/>\n<meta property=\"og:site_name\" content=\"Prefectura de Manab\u00ed\" \/>\n<meta property=\"article:published_time\" content=\"2021-04-29T14:57:33+00:00\" \/>\n<meta property=\"article:modified_time\" content=\"2021-04-29T14:57:36+00:00\" \/>\n<meta property=\"og:image\" content=\"https:\/\/www.manabi.gob.ec\/wp-content\/uploads\/2021\/04\/Grupos-ciudadanos-2.jpeg\" \/>\n\t<meta property=\"og:image:width\" content=\"1280\" \/>\n\t<meta property=\"og:image:height\" content=\"853\" \/>\n\t<meta property=\"og:image:type\" content=\"image\/jpeg\" \/>\n<meta name=\"author\" content=\"admin\" \/>\n<meta name=\"twitter:card\" content=\"summary_large_image\" \/>\n<meta name=\"twitter:label1\" content=\"Escrito por\" \/>\n\t<meta name=\"twitter:data1\" content=\"admin\" \/>\n\t<meta name=\"twitter:label2\" content=\"Tiempo de lectura\" \/>\n\t<meta name=\"twitter:data2\" content=\"1 minuto\" \/>\n<script type=\"application\/ld+json\" class=\"yoast-schema-graph\">{\"@context\":\"https:\\\/\\\/schema.org\",\"@graph\":[{\"@type\":\"Article\",\"@id\":\"https:\\\/\\\/www.manabi.gob.ec\\\/index.php\\\/prefectura-promueve-comunidades-resilientes-a-traves-de-la-iniciativa-meta\\\/#article\",\"isPartOf\":{\"@id\":\"https:\\\/\\\/www.manabi.gob.ec\\\/index.php\\\/prefectura-promueve-comunidades-resilientes-a-traves-de-la-iniciativa-meta\\\/\"},\"author\":{\"name\":\"admin\",\"@id\":\"https:\\\/\\\/www.manabi.gob.ec\\\/#\\\/schema\\\/person\\\/cfc71bd68fe2703b779edcc292a49722\"},\"headline\":\"PREFECTURA PROMUEVE COMUNIDADES RESILIENTES A TRAV\u00c9S DE LA INICIATIVA META\",\"datePublished\":\"2021-04-29T14:57:33+00:00\",\"dateModified\":\"2021-04-29T14:57:36+00:00\",\"mainEntityOfPage\":{\"@id\":\"https:\\\/\\\/www.manabi.gob.ec\\\/index.php\\\/prefectura-promueve-comunidades-resilientes-a-traves-de-la-iniciativa-meta\\\/\"},\"wordCount\":250,\"image\":{\"@id\":\"https:\\\/\\\/www.manabi.gob.ec\\\/index.php\\\/prefectura-promueve-comunidades-resilientes-a-traves-de-la-iniciativa-meta\\\/#primaryimage\"},\"thumbnailUrl\":\"https:\\\/\\\/www.manabi.gob.ec\\\/wp-content\\\/uploads\\\/2021\\\/04\\\/Grupos-ciudadanos-2.jpeg\",\"articleSection\":[\"Desarrollo Social\",\"Noticias\",\"Todas\"],\"inLanguage\":\"es\"},{\"@type\":\"WebPage\",\"@id\":\"https:\\\/\\\/www.manabi.gob.ec\\\/index.php\\\/prefectura-promueve-comunidades-resilientes-a-traves-de-la-iniciativa-meta\\\/\",\"url\":\"https:\\\/\\\/www.manabi.gob.ec\\\/index.php\\\/prefectura-promueve-comunidades-resilientes-a-traves-de-la-iniciativa-meta\\\/\",\"name\":\"PREFECTURA PROMUEVE COMUNIDADES RESILIENTES A TRAV\u00c9S DE LA INICIATIVA META - Prefectura de Manab\u00ed\",\"isPartOf\":{\"@id\":\"https:\\\/\\\/www.manabi.gob.ec\\\/#website\"},\"primaryImageOfPage\":{\"@id\":\"https:\\\/\\\/www.manabi.gob.ec\\\/index.php\\\/prefectura-promueve-comunidades-resilientes-a-traves-de-la-iniciativa-meta\\\/#primaryimage\"},\"image\":{\"@id\":\"https:\\\/\\\/www.manabi.gob.ec\\\/index.php\\\/prefectura-promueve-comunidades-resilientes-a-traves-de-la-iniciativa-meta\\\/#primaryimage\"},\"thumbnailUrl\":\"https:\\\/\\\/www.manabi.gob.ec\\\/wp-content\\\/uploads\\\/2021\\\/04\\\/Grupos-ciudadanos-2.jpeg\",\"datePublished\":\"2021-04-29T14:57:33+00:00\",\"dateModified\":\"2021-04-29T14:57:36+00:00\",\"author\":{\"@id\":\"https:\\\/\\\/www.manabi.gob.ec\\\/#\\\/schema\\\/person\\\/cfc71bd68fe2703b779edcc292a49722\"},\"breadcrumb\":{\"@id\":\"https:\\\/\\\/www.manabi.gob.ec\\\/index.php\\\/prefectura-promueve-comunidades-resilientes-a-traves-de-la-iniciativa-meta\\\/#breadcrumb\"},\"inLanguage\":\"es\",\"potentialAction\":[{\"@type\":\"ReadAction\",\"target\":[\"https:\\\/\\\/www.manabi.gob.ec\\\/index.php\\\/prefectura-promueve-comunidades-resilientes-a-traves-de-la-iniciativa-meta\\\/\"]}]},{\"@type\":\"ImageObject\",\"inLanguage\":\"es\",\"@id\":\"https:\\\/\\\/www.manabi.gob.ec\\\/index.php\\\/prefectura-promueve-comunidades-resilientes-a-traves-de-la-iniciativa-meta\\\/#primaryimage\",\"url\":\"https:\\\/\\\/www.manabi.gob.ec\\\/wp-content\\\/uploads\\\/2021\\\/04\\\/Grupos-ciudadanos-2.jpeg\",\"contentUrl\":\"https:\\\/\\\/www.manabi.gob.ec\\\/wp-content\\\/uploads\\\/2021\\\/04\\\/Grupos-ciudadanos-2.jpeg\",\"width\":1280,\"height\":853},{\"@type\":\"BreadcrumbList\",\"@id\":\"https:\\\/\\\/www.manabi.gob.ec\\\/index.php\\\/prefectura-promueve-comunidades-resilientes-a-traves-de-la-iniciativa-meta\\\/#breadcrumb\",\"itemListElement\":[{\"@type\":\"ListItem\",\"position\":1,\"name\":\"Portada\",\"item\":\"https:\\\/\\\/www.manabi.gob.ec\\\/\"},{\"@type\":\"ListItem\",\"position\":2,\"name\":\"PREFECTURA PROMUEVE COMUNIDADES RESILIENTES A TRAV\u00c9S DE LA INICIATIVA META\"}]},{\"@type\":\"WebSite\",\"@id\":\"https:\\\/\\\/www.manabi.gob.ec\\\/#website\",\"url\":\"https:\\\/\\\/www.manabi.gob.ec\\\/\",\"name\":\"Prefectura de Manab\u00ed\",\"description\":\"P\u00e1gina web de la prefectura\",\"potentialAction\":[{\"@type\":\"SearchAction\",\"target\":{\"@type\":\"EntryPoint\",\"urlTemplate\":\"https:\\\/\\\/www.manabi.gob.ec\\\/?s={search_term_string}\"},\"query-input\":{\"@type\":\"PropertyValueSpecification\",\"valueRequired\":true,\"valueName\":\"search_term_string\"}}],\"inLanguage\":\"es\"},{\"@type\":\"Person\",\"@id\":\"https:\\\/\\\/www.manabi.gob.ec\\\/#\\\/schema\\\/person\\\/cfc71bd68fe2703b779edcc292a49722\",\"name\":\"admin\",\"image\":{\"@type\":\"ImageObject\",\"inLanguage\":\"es\",\"@id\":\"https:\\\/\\\/secure.gravatar.com\\\/avatar\\\/23e9f919492b0a2f65aa168e0d8c5c867ea853b61deffbadf08c7031e15b8d78?s=96&d=mm&r=g\",\"url\":\"https:\\\/\\\/secure.gravatar.com\\\/avatar\\\/23e9f919492b0a2f65aa168e0d8c5c867ea853b61deffbadf08c7031e15b8d78?s=96&d=mm&r=g\",\"contentUrl\":\"https:\\\/\\\/secure.gravatar.com\\\/avatar\\\/23e9f919492b0a2f65aa168e0d8c5c867ea853b61deffbadf08c7031e15b8d78?s=96&d=mm&r=g\",\"caption\":\"admin\"},\"sameAs\":[\"http:\\\/\\\/www.manabi.gob.ec\"],\"url\":\"https:\\\/\\\/www.manabi.gob.ec\\\/index.php\\\/author\\\/admin\\\/\"}]}<\/script>\n<!-- \/ Yoast SEO plugin. -->","yoast_head_json":{"title":"PREFECTURA PROMUEVE COMUNIDADES RESILIENTES A TRAV\u00c9S DE LA INICIATIVA META - Prefectura de Manab\u00ed","robots":{"index":"index","follow":"follow","max-snippet":"max-snippet:-1","max-image-preview":"max-image-preview:large","max-video-preview":"max-video-preview:-1"},"canonical":"https:\/\/www.manabi.gob.ec\/index.php\/prefectura-promueve-comunidades-resilientes-a-traves-de-la-iniciativa-meta\/","og_locale":"es_ES","og_type":"article","og_title":"PREFECTURA PROMUEVE COMUNIDADES RESILIENTES A TRAV\u00c9S DE LA INICIATIVA META - Prefectura de Manab\u00ed","og_description":"Dos gu\u00edas para el fortalecimiento de capacidades de funcionarios p\u00fablicos y promotores ciudadanos en temas de planificaci\u00f3n participativa fueron elaborados como parte de la Iniciativa Meta \u00abManab\u00ed y Esmeraldas Territorios Activos\u00bb.&nbsp;&nbsp; Esta iniciativa, de la que el Gobierno de Manab\u00ed es socio, es implementada por las fundaciones Somos Ecuador, Copade, Paz y Desarrollo, ULEAM y [&hellip;]","og_url":"https:\/\/www.manabi.gob.ec\/index.php\/prefectura-promueve-comunidades-resilientes-a-traves-de-la-iniciativa-meta\/","og_site_name":"Prefectura de Manab\u00ed","article_published_time":"2021-04-29T14:57:33+00:00","article_modified_time":"2021-04-29T14:57:36+00:00","og_image":[{"width":1280,"height":853,"url":"https:\/\/www.manabi.gob.ec\/wp-content\/uploads\/2021\/04\/Grupos-ciudadanos-2.jpeg","type":"image\/jpeg"}],"author":"admin","twitter_card":"summary_large_image","twitter_misc":{"Escrito por":"admin","Tiempo de lectura":"1 minuto"},"schema":{"@context":"https:\/\/schema.org","@graph":[{"@type":"Article","@id":"https:\/\/www.manabi.gob.ec\/index.php\/prefectura-promueve-comunidades-resilientes-a-traves-de-la-iniciativa-meta\/#article","isPartOf":{"@id":"https:\/\/www.manabi.gob.ec\/index.php\/prefectura-promueve-comunidades-resilientes-a-traves-de-la-iniciativa-meta\/"},"author":{"name":"admin","@id":"https:\/\/www.manabi.gob.ec\/#\/schema\/person\/cfc71bd68fe2703b779edcc292a49722"},"headline":"PREFECTURA PROMUEVE COMUNIDADES RESILIENTES A TRAV\u00c9S DE LA INICIATIVA META","datePublished":"2021-04-29T14:57:33+00:00","dateModified":"2021-04-29T14:57:36+00:00","mainEntityOfPage":{"@id":"https:\/\/www.manabi.gob.ec\/index.php\/prefectura-promueve-comunidades-resilientes-a-traves-de-la-iniciativa-meta\/"},"wordCount":250,"image":{"@id":"https:\/\/www.manabi.gob.ec\/index.php\/prefectura-promueve-comunidades-resilientes-a-traves-de-la-iniciativa-meta\/#primaryimage"},"thumbnailUrl":"https:\/\/www.manabi.gob.ec\/wp-content\/uploads\/2021\/04\/Grupos-ciudadanos-2.jpeg","articleSection":["Desarrollo Social","Noticias","Todas"],"inLanguage":"es"},{"@type":"WebPage","@id":"https:\/\/www.manabi.gob.ec\/index.php\/prefectura-promueve-comunidades-resilientes-a-traves-de-la-iniciativa-meta\/","url":"https:\/\/www.manabi.gob.ec\/index.php\/prefectura-promueve-comunidades-resilientes-a-traves-de-la-iniciativa-meta\/","name":"PREFECTURA PROMUEVE COMUNIDADES RESILIENTES A TRAV\u00c9S DE LA INICIATIVA META - Prefectura de Manab\u00ed","isPartOf":{"@id":"https:\/\/www.manabi.gob.ec\/#website"},"primaryImageOfPage":{"@id":"https:\/\/www.manabi.gob.ec\/index.php\/prefectura-promueve-comunidades-resilientes-a-traves-de-la-iniciativa-meta\/#primaryimage"},"image":{"@id":"https:\/\/www.manabi.gob.ec\/index.php\/prefectura-promueve-comunidades-resilientes-a-traves-de-la-iniciativa-meta\/#primaryimage"},"thumbnailUrl":"https:\/\/www.manabi.gob.ec\/wp-content\/uploads\/2021\/04\/Grupos-ciudadanos-2.jpeg","datePublished":"2021-04-29T14:57:33+00:00","dateModified":"2021-04-29T14:57:36+00:00","author":{"@id":"https:\/\/www.manabi.gob.ec\/#\/schema\/person\/cfc71bd68fe2703b779edcc292a49722"},"breadcrumb":{"@id":"https:\/\/www.manabi.gob.ec\/index.php\/prefectura-promueve-comunidades-resilientes-a-traves-de-la-iniciativa-meta\/#breadcrumb"},"inLanguage":"es","potentialAction":[{"@type":"ReadAction","target":["https:\/\/www.manabi.gob.ec\/index.php\/prefectura-promueve-comunidades-resilientes-a-traves-de-la-iniciativa-meta\/"]}]},{"@type":"ImageObject","inLanguage":"es","@id":"https:\/\/www.manabi.gob.ec\/index.php\/prefectura-promueve-comunidades-resilientes-a-traves-de-la-iniciativa-meta\/#primaryimage","url":"https:\/\/www.manabi.gob.ec\/wp-content\/uploads\/2021\/04\/Grupos-ciudadanos-2.jpeg","contentUrl":"https:\/\/www.manabi.gob.ec\/wp-content\/uploads\/2021\/04\/Grupos-ciudadanos-2.jpeg","width":1280,"height":853},{"@type":"BreadcrumbList","@id":"https:\/\/www.manabi.gob.ec\/index.php\/prefectura-promueve-comunidades-resilientes-a-traves-de-la-iniciativa-meta\/#breadcrumb","itemListElement":[{"@type":"ListItem","position":1,"name":"Portada","item":"https:\/\/www.manabi.gob.ec\/"},{"@type":"ListItem","position":2,"name":"PREFECTURA PROMUEVE COMUNIDADES RESILIENTES A TRAV\u00c9S DE LA INICIATIVA META"}]},{"@type":"WebSite","@id":"https:\/\/www.manabi.gob.ec\/#website","url":"https:\/\/www.manabi.gob.ec\/","name":"Prefectura de Manab\u00ed","description":"P\u00e1gina web de la prefectura","potentialAction":[{"@type":"SearchAction","target":{"@type":"EntryPoint","urlTemplate":"https:\/\/www.manabi.gob.ec\/?s={search_term_string}"},"query-input":{"@type":"PropertyValueSpecification","valueRequired":true,"valueName":"search_term_string"}}],"inLanguage":"es"},{"@type":"Person","@id":"https:\/\/www.manabi.gob.ec\/#\/schema\/person\/cfc71bd68fe2703b779edcc292a49722","name":"admin","image":{"@type":"ImageObject","inLanguage":"es","@id":"https:\/\/secure.gravatar.com\/avatar\/23e9f919492b0a2f65aa168e0d8c5c867ea853b61deffbadf08c7031e15b8d78?s=96&d=mm&r=g","url":"https:\/\/secure.gravatar.com\/avatar\/23e9f919492b0a2f65aa168e0d8c5c867ea853b61deffbadf08c7031e15b8d78?s=96&d=mm&r=g","contentUrl":"https:\/\/secure.gravatar.com\/avatar\/23e9f919492b0a2f65aa168e0d8c5c867ea853b61deffbadf08c7031e15b8d78?s=96&d=mm&r=g","caption":"admin"},"sameAs":["http:\/\/www.manabi.gob.ec"],"url":"https:\/\/www.manabi.gob.ec\/index.php\/author\/admin\/"}]}},"jetpack_featured_media_url":"https:\/\/www.manabi.gob.ec\/wp-content\/uploads\/2021\/04\/Grupos-ciudadanos-2.jpeg","_links":{"self":[{"href":"https:\/\/www.manabi.gob.ec\/index.php\/wp-json\/wp\/v2\/posts\/17110","targetHints":{"allow":["GET"]}}],"collection":[{"href":"https:\/\/www.manabi.gob.ec\/index.php\/wp-json\/wp\/v2\/posts"}],"about":[{"href":"https:\/\/www.manabi.gob.ec\/index.php\/wp-json\/wp\/v2\/types\/post"}],"author":[{"embeddable":true,"href":"https:\/\/www.manabi.gob.ec\/index.php\/wp-json\/wp\/v2\/users\/1"}],"replies":[{"embeddable":true,"href":"https:\/\/www.manabi.gob.ec\/index.php\/wp-json\/wp\/v2\/comments?post=17110"}],"version-history":[{"count":0,"href":"https:\/\/www.manabi.gob.ec\/index.php\/wp-json\/wp\/v2\/posts\/17110\/revisions"}],"wp:featuredmedia":[{"embeddable":true,"href":"https:\/\/www.manabi.gob.ec\/index.php\/wp-json\/wp\/v2\/media\/17111"}],"wp:attachment":[{"href":"https:\/\/www.manabi.gob.ec\/index.php\/wp-json\/wp\/v2\/media?parent=17110"}],"wp:term":[{"taxonomy":"category","embeddable":true,"href":"https:\/\/www.manabi.gob.ec\/index.php\/wp-json\/wp\/v2\/categories?post=17110"},{"taxonomy":"post_tag","embeddable":true,"href":"https:\/\/www.manabi.gob.ec\/index.php\/wp-json\/wp\/v2\/tags?post=17110"}],"curies":[{"name":"wp","href":"https:\/\/api.w.org\/{rel}","templated":true}]}}