{"id":17238,"date":"2021-05-05T18:02:01","date_gmt":"2021-05-05T18:02:01","guid":{"rendered":"https:\/\/www.manabi.gob.ec\/?p=17238"},"modified":"2021-05-05T18:02:04","modified_gmt":"2021-05-05T18:02:04","slug":"17238","status":"publish","type":"post","link":"https:\/\/www.manabi.gob.ec\/index.php\/17238\/","title":{"rendered":""},"content":{"rendered":"\n<p><strong>COLOCAN GEOMALLA PARA GARANTIZAR ESTABILIDAD Y DURACI\u00d3N DE LA V\u00cdA LA SEQUITA &#8211; CORREAGUA<\/strong><\/p>\n\n\n\n<p><\/p>\n\n\n\n<p>Sin contratiempos contin\u00faan los trabajos de ampliaci\u00f3n y reconstrucci\u00f3n de la v\u00eda La Sequita-Correagua, a cargo de la constructora PROCONCI.<\/p>\n\n\n\n<p>La obra registra un avance f\u00edsico del 7.5%, seg\u00fan inform\u00f3 el residente, Galo Pico.<\/p>\n\n\n\n<p>Los trabajos de cambio de estructura de la v\u00eda incluyen la colocaci\u00f3n de geomalla a lo largo de los 2.8 kil\u00f3metros de extensi\u00f3n de esta carretera y sus aproches.<\/p>\n\n\n\n<p>\u00abEl prop\u00f3sito es garantizar una mejor estabilidad a la v\u00eda, darle mayor tiempo de duraci\u00f3n, y mayor capacidad importante al suelo que tenemos en la actualidad\u00bb, explic\u00f3 Pico.<\/p>\n\n\n\n<p>2.2 millones de d\u00f3lares invierte el Gobierno de Manab\u00ed en esta obra que tiene un plazo de ejecuci\u00f3n de 180 d\u00edas<\/p>\n","protected":false},"excerpt":{"rendered":"<p>COLOCAN GEOMALLA PARA GARANTIZAR ESTABILIDAD Y DURACI\u00d3N DE LA V\u00cdA LA SEQUITA &#8211; CORREAGUA Sin contratiempos contin\u00faan los trabajos de ampliaci\u00f3n y reconstrucci\u00f3n de la v\u00eda La Sequita-Correagua, a cargo de la constructora PROCONCI. La obra registra un avance f\u00edsico del 7.5%, seg\u00fan inform\u00f3 el residente, Galo Pico. Los trabajos de cambio de estructura de [&hellip;]<\/p>\n","protected":false},"author":1,"featured_media":17239,"comment_status":"closed","ping_status":"open","sticky":false,"template":"","format":"standard","meta":{"_joinchat":[],"footnotes":""},"categories":[92,181,132,91],"tags":[],"class_list":["post-17238","post","type-post","status-publish","format-standard","has-post-thumbnail","hentry","category-noticias-manabi","category-obra-publica","category-portoviejo","category-todas"],"yoast_head":"<!-- This site is optimized with the Yoast SEO plugin v27.4 - https:\/\/yoast.com\/product\/yoast-seo-wordpress\/ -->\n<title>- Prefectura de Manab\u00ed<\/title>\n<meta name=\"robots\" content=\"index, follow, max-snippet:-1, max-image-preview:large, max-video-preview:-1\" \/>\n<link rel=\"canonical\" href=\"https:\/\/www.manabi.gob.ec\/index.php\/17238\/\" \/>\n<meta property=\"og:locale\" content=\"es_ES\" \/>\n<meta property=\"og:type\" content=\"article\" \/>\n<meta property=\"og:title\" content=\"- Prefectura de Manab\u00ed\" \/>\n<meta property=\"og:description\" content=\"COLOCAN GEOMALLA PARA GARANTIZAR ESTABILIDAD Y DURACI\u00d3N DE LA V\u00cdA LA SEQUITA &#8211; CORREAGUA Sin contratiempos contin\u00faan los trabajos de ampliaci\u00f3n y reconstrucci\u00f3n de la v\u00eda La Sequita-Correagua, a cargo de la constructora PROCONCI. La obra registra un avance f\u00edsico del 7.5%, seg\u00fan inform\u00f3 el residente, Galo Pico. Los trabajos de cambio de estructura de [&hellip;]\" \/>\n<meta property=\"og:url\" content=\"https:\/\/www.manabi.gob.ec\/index.php\/17238\/\" \/>\n<meta property=\"og:site_name\" content=\"Prefectura de Manab\u00ed\" \/>\n<meta property=\"article:published_time\" content=\"2021-05-05T18:02:01+00:00\" \/>\n<meta property=\"article:modified_time\" content=\"2021-05-05T18:02:04+00:00\" \/>\n<meta property=\"og:image\" content=\"https:\/\/www.manabi.gob.ec\/wp-content\/uploads\/2021\/05\/Screenshot_20210505-130030_Gallery.jpg\" \/>\n\t<meta property=\"og:image:width\" content=\"990\" \/>\n\t<meta property=\"og:image:height\" content=\"489\" \/>\n\t<meta property=\"og:image:type\" content=\"image\/jpeg\" \/>\n<meta name=\"author\" content=\"admin\" \/>\n<meta name=\"twitter:card\" content=\"summary_large_image\" \/>\n<meta name=\"twitter:label1\" content=\"Escrito por\" \/>\n\t<meta name=\"twitter:data1\" content=\"admin\" \/>\n\t<meta name=\"twitter:label2\" content=\"Tiempo de lectura\" \/>\n\t<meta name=\"twitter:data2\" content=\"1 minuto\" \/>\n<script type=\"application\/ld+json\" class=\"yoast-schema-graph\">{\"@context\":\"https:\\\/\\\/schema.org\",\"@graph\":[{\"@type\":\"Article\",\"@id\":\"https:\\\/\\\/www.manabi.gob.ec\\\/index.php\\\/17238\\\/#article\",\"isPartOf\":{\"@id\":\"https:\\\/\\\/www.manabi.gob.ec\\\/index.php\\\/17238\\\/\"},\"author\":{\"name\":\"admin\",\"@id\":\"https:\\\/\\\/www.manabi.gob.ec\\\/#\\\/schema\\\/person\\\/cfc71bd68fe2703b779edcc292a49722\"},\"headline\":\"Sin t\u00edtulo\",\"datePublished\":\"2021-05-05T18:02:01+00:00\",\"dateModified\":\"2021-05-05T18:02:04+00:00\",\"mainEntityOfPage\":{\"@id\":\"https:\\\/\\\/www.manabi.gob.ec\\\/index.php\\\/17238\\\/\"},\"wordCount\":140,\"image\":{\"@id\":\"https:\\\/\\\/www.manabi.gob.ec\\\/index.php\\\/17238\\\/#primaryimage\"},\"thumbnailUrl\":\"https:\\\/\\\/www.manabi.gob.ec\\\/wp-content\\\/uploads\\\/2021\\\/05\\\/Screenshot_20210505-130030_Gallery.jpg\",\"articleSection\":[\"Noticias\",\"Obra P\u00fablica\",\"Portoviejo\",\"Todas\"],\"inLanguage\":\"es\"},{\"@type\":\"WebPage\",\"@id\":\"https:\\\/\\\/www.manabi.gob.ec\\\/index.php\\\/17238\\\/\",\"url\":\"https:\\\/\\\/www.manabi.gob.ec\\\/index.php\\\/17238\\\/\",\"name\":\"- Prefectura de Manab\u00ed\",\"isPartOf\":{\"@id\":\"https:\\\/\\\/www.manabi.gob.ec\\\/#website\"},\"primaryImageOfPage\":{\"@id\":\"https:\\\/\\\/www.manabi.gob.ec\\\/index.php\\\/17238\\\/#primaryimage\"},\"image\":{\"@id\":\"https:\\\/\\\/www.manabi.gob.ec\\\/index.php\\\/17238\\\/#primaryimage\"},\"thumbnailUrl\":\"https:\\\/\\\/www.manabi.gob.ec\\\/wp-content\\\/uploads\\\/2021\\\/05\\\/Screenshot_20210505-130030_Gallery.jpg\",\"datePublished\":\"2021-05-05T18:02:01+00:00\",\"dateModified\":\"2021-05-05T18:02:04+00:00\",\"author\":{\"@id\":\"https:\\\/\\\/www.manabi.gob.ec\\\/#\\\/schema\\\/person\\\/cfc71bd68fe2703b779edcc292a49722\"},\"inLanguage\":\"es\",\"potentialAction\":[{\"@type\":\"ReadAction\",\"target\":[\"https:\\\/\\\/www.manabi.gob.ec\\\/index.php\\\/17238\\\/\"]}]},{\"@type\":\"ImageObject\",\"inLanguage\":\"es\",\"@id\":\"https:\\\/\\\/www.manabi.gob.ec\\\/index.php\\\/17238\\\/#primaryimage\",\"url\":\"https:\\\/\\\/www.manabi.gob.ec\\\/wp-content\\\/uploads\\\/2021\\\/05\\\/Screenshot_20210505-130030_Gallery.jpg\",\"contentUrl\":\"https:\\\/\\\/www.manabi.gob.ec\\\/wp-content\\\/uploads\\\/2021\\\/05\\\/Screenshot_20210505-130030_Gallery.jpg\",\"width\":990,\"height\":489},{\"@type\":\"WebSite\",\"@id\":\"https:\\\/\\\/www.manabi.gob.ec\\\/#website\",\"url\":\"https:\\\/\\\/www.manabi.gob.ec\\\/\",\"name\":\"Prefectura de Manab\u00ed\",\"description\":\"P\u00e1gina web de la prefectura\",\"potentialAction\":[{\"@type\":\"SearchAction\",\"target\":{\"@type\":\"EntryPoint\",\"urlTemplate\":\"https:\\\/\\\/www.manabi.gob.ec\\\/?s={search_term_string}\"},\"query-input\":{\"@type\":\"PropertyValueSpecification\",\"valueRequired\":true,\"valueName\":\"search_term_string\"}}],\"inLanguage\":\"es\"},{\"@type\":\"Person\",\"@id\":\"https:\\\/\\\/www.manabi.gob.ec\\\/#\\\/schema\\\/person\\\/cfc71bd68fe2703b779edcc292a49722\",\"name\":\"admin\",\"image\":{\"@type\":\"ImageObject\",\"inLanguage\":\"es\",\"@id\":\"https:\\\/\\\/secure.gravatar.com\\\/avatar\\\/23e9f919492b0a2f65aa168e0d8c5c867ea853b61deffbadf08c7031e15b8d78?s=96&d=mm&r=g\",\"url\":\"https:\\\/\\\/secure.gravatar.com\\\/avatar\\\/23e9f919492b0a2f65aa168e0d8c5c867ea853b61deffbadf08c7031e15b8d78?s=96&d=mm&r=g\",\"contentUrl\":\"https:\\\/\\\/secure.gravatar.com\\\/avatar\\\/23e9f919492b0a2f65aa168e0d8c5c867ea853b61deffbadf08c7031e15b8d78?s=96&d=mm&r=g\",\"caption\":\"admin\"},\"sameAs\":[\"http:\\\/\\\/www.manabi.gob.ec\"],\"url\":\"https:\\\/\\\/www.manabi.gob.ec\\\/index.php\\\/author\\\/admin\\\/\"}]}<\/script>\n<!-- \/ Yoast SEO plugin. -->","yoast_head_json":{"title":"- Prefectura de Manab\u00ed","robots":{"index":"index","follow":"follow","max-snippet":"max-snippet:-1","max-image-preview":"max-image-preview:large","max-video-preview":"max-video-preview:-1"},"canonical":"https:\/\/www.manabi.gob.ec\/index.php\/17238\/","og_locale":"es_ES","og_type":"article","og_title":"- Prefectura de Manab\u00ed","og_description":"COLOCAN GEOMALLA PARA GARANTIZAR ESTABILIDAD Y DURACI\u00d3N DE LA V\u00cdA LA SEQUITA &#8211; CORREAGUA Sin contratiempos contin\u00faan los trabajos de ampliaci\u00f3n y reconstrucci\u00f3n de la v\u00eda La Sequita-Correagua, a cargo de la constructora PROCONCI. La obra registra un avance f\u00edsico del 7.5%, seg\u00fan inform\u00f3 el residente, Galo Pico. Los trabajos de cambio de estructura de [&hellip;]","og_url":"https:\/\/www.manabi.gob.ec\/index.php\/17238\/","og_site_name":"Prefectura de Manab\u00ed","article_published_time":"2021-05-05T18:02:01+00:00","article_modified_time":"2021-05-05T18:02:04+00:00","og_image":[{"width":990,"height":489,"url":"https:\/\/www.manabi.gob.ec\/wp-content\/uploads\/2021\/05\/Screenshot_20210505-130030_Gallery.jpg","type":"image\/jpeg"}],"author":"admin","twitter_card":"summary_large_image","twitter_misc":{"Escrito por":"admin","Tiempo de lectura":"1 minuto"},"schema":{"@context":"https:\/\/schema.org","@graph":[{"@type":"Article","@id":"https:\/\/www.manabi.gob.ec\/index.php\/17238\/#article","isPartOf":{"@id":"https:\/\/www.manabi.gob.ec\/index.php\/17238\/"},"author":{"name":"admin","@id":"https:\/\/www.manabi.gob.ec\/#\/schema\/person\/cfc71bd68fe2703b779edcc292a49722"},"headline":"Sin t\u00edtulo","datePublished":"2021-05-05T18:02:01+00:00","dateModified":"2021-05-05T18:02:04+00:00","mainEntityOfPage":{"@id":"https:\/\/www.manabi.gob.ec\/index.php\/17238\/"},"wordCount":140,"image":{"@id":"https:\/\/www.manabi.gob.ec\/index.php\/17238\/#primaryimage"},"thumbnailUrl":"https:\/\/www.manabi.gob.ec\/wp-content\/uploads\/2021\/05\/Screenshot_20210505-130030_Gallery.jpg","articleSection":["Noticias","Obra P\u00fablica","Portoviejo","Todas"],"inLanguage":"es"},{"@type":"WebPage","@id":"https:\/\/www.manabi.gob.ec\/index.php\/17238\/","url":"https:\/\/www.manabi.gob.ec\/index.php\/17238\/","name":"- Prefectura de Manab\u00ed","isPartOf":{"@id":"https:\/\/www.manabi.gob.ec\/#website"},"primaryImageOfPage":{"@id":"https:\/\/www.manabi.gob.ec\/index.php\/17238\/#primaryimage"},"image":{"@id":"https:\/\/www.manabi.gob.ec\/index.php\/17238\/#primaryimage"},"thumbnailUrl":"https:\/\/www.manabi.gob.ec\/wp-content\/uploads\/2021\/05\/Screenshot_20210505-130030_Gallery.jpg","datePublished":"2021-05-05T18:02:01+00:00","dateModified":"2021-05-05T18:02:04+00:00","author":{"@id":"https:\/\/www.manabi.gob.ec\/#\/schema\/person\/cfc71bd68fe2703b779edcc292a49722"},"inLanguage":"es","potentialAction":[{"@type":"ReadAction","target":["https:\/\/www.manabi.gob.ec\/index.php\/17238\/"]}]},{"@type":"ImageObject","inLanguage":"es","@id":"https:\/\/www.manabi.gob.ec\/index.php\/17238\/#primaryimage","url":"https:\/\/www.manabi.gob.ec\/wp-content\/uploads\/2021\/05\/Screenshot_20210505-130030_Gallery.jpg","contentUrl":"https:\/\/www.manabi.gob.ec\/wp-content\/uploads\/2021\/05\/Screenshot_20210505-130030_Gallery.jpg","width":990,"height":489},{"@type":"WebSite","@id":"https:\/\/www.manabi.gob.ec\/#website","url":"https:\/\/www.manabi.gob.ec\/","name":"Prefectura de Manab\u00ed","description":"P\u00e1gina web de la prefectura","potentialAction":[{"@type":"SearchAction","target":{"@type":"EntryPoint","urlTemplate":"https:\/\/www.manabi.gob.ec\/?s={search_term_string}"},"query-input":{"@type":"PropertyValueSpecification","valueRequired":true,"valueName":"search_term_string"}}],"inLanguage":"es"},{"@type":"Person","@id":"https:\/\/www.manabi.gob.ec\/#\/schema\/person\/cfc71bd68fe2703b779edcc292a49722","name":"admin","image":{"@type":"ImageObject","inLanguage":"es","@id":"https:\/\/secure.gravatar.com\/avatar\/23e9f919492b0a2f65aa168e0d8c5c867ea853b61deffbadf08c7031e15b8d78?s=96&d=mm&r=g","url":"https:\/\/secure.gravatar.com\/avatar\/23e9f919492b0a2f65aa168e0d8c5c867ea853b61deffbadf08c7031e15b8d78?s=96&d=mm&r=g","contentUrl":"https:\/\/secure.gravatar.com\/avatar\/23e9f919492b0a2f65aa168e0d8c5c867ea853b61deffbadf08c7031e15b8d78?s=96&d=mm&r=g","caption":"admin"},"sameAs":["http:\/\/www.manabi.gob.ec"],"url":"https:\/\/www.manabi.gob.ec\/index.php\/author\/admin\/"}]}},"jetpack_featured_media_url":"https:\/\/www.manabi.gob.ec\/wp-content\/uploads\/2021\/05\/Screenshot_20210505-130030_Gallery.jpg","_links":{"self":[{"href":"https:\/\/www.manabi.gob.ec\/index.php\/wp-json\/wp\/v2\/posts\/17238","targetHints":{"allow":["GET"]}}],"collection":[{"href":"https:\/\/www.manabi.gob.ec\/index.php\/wp-json\/wp\/v2\/posts"}],"about":[{"href":"https:\/\/www.manabi.gob.ec\/index.php\/wp-json\/wp\/v2\/types\/post"}],"author":[{"embeddable":true,"href":"https:\/\/www.manabi.gob.ec\/index.php\/wp-json\/wp\/v2\/users\/1"}],"replies":[{"embeddable":true,"href":"https:\/\/www.manabi.gob.ec\/index.php\/wp-json\/wp\/v2\/comments?post=17238"}],"version-history":[{"count":0,"href":"https:\/\/www.manabi.gob.ec\/index.php\/wp-json\/wp\/v2\/posts\/17238\/revisions"}],"wp:featuredmedia":[{"embeddable":true,"href":"https:\/\/www.manabi.gob.ec\/index.php\/wp-json\/wp\/v2\/media\/17239"}],"wp:attachment":[{"href":"https:\/\/www.manabi.gob.ec\/index.php\/wp-json\/wp\/v2\/media?parent=17238"}],"wp:term":[{"taxonomy":"category","embeddable":true,"href":"https:\/\/www.manabi.gob.ec\/index.php\/wp-json\/wp\/v2\/categories?post=17238"},{"taxonomy":"post_tag","embeddable":true,"href":"https:\/\/www.manabi.gob.ec\/index.php\/wp-json\/wp\/v2\/tags?post=17238"}],"curies":[{"name":"wp","href":"https:\/\/api.w.org\/{rel}","templated":true}]}}