{"id":17257,"date":"2021-05-06T21:17:19","date_gmt":"2021-05-06T21:17:19","guid":{"rendered":"https:\/\/www.manabi.gob.ec\/?p=17257"},"modified":"2021-05-06T21:17:22","modified_gmt":"2021-05-06T21:17:22","slug":"prefectura-atendio-afectaciones-causadas-por-las-lluvias-en-la-parroquia-chirijos","status":"publish","type":"post","link":"https:\/\/www.manabi.gob.ec\/index.php\/prefectura-atendio-afectaciones-causadas-por-las-lluvias-en-la-parroquia-chirijos\/","title":{"rendered":"PREFECTURA ATENDI\u00d3 AFECTACIONES CAUSADAS POR LAS LLUVIAS  EN LA PARROQUIA CHIRIJOS"},"content":{"rendered":"\n<p>Fuertes lluvias registradas en la parroquia Chirijos del cant\u00f3n Portoviejo, ocasionaron deslizamientos de tierra, derrumbes en comunidades y afectaciones en varios badenes de la parroquia.<\/p>\n\n\n\n<p>Ante estos eventos, el Gobierno de Manab\u00ed, activ\u00f3 su Plan Invernal 2021 y despleg\u00f3 t\u00e9cnicos y maquinaria, para la r\u00e1pida intervenci\u00f3n. Se realiz\u00f3 la limpieza en tres puntos cr\u00edticos de v\u00edas donde la tierra h\u00fameda hab\u00eda ocasionado un derrumbe sobre la v\u00eda; adem\u00e1s, se intervino en la limpieza de 5 badenes.<\/p>\n\n\n\n<p>Jos\u00e9 Falcon\u00ed, habitante de la comunidad Boquer\u00f3n, describi\u00f3 que las lluvias parec\u00edan interminables. Una noche \u00e9l, junto a su familia, dorm\u00edan y comenz\u00f3 a subir el estero, ubicado a lado de su casa, y estuvo a punto de causar inundaciones en la comunidad, es as\u00ed que Jos\u00e9 manifest\u00f3 que&nbsp; est\u00e1 muy agradecido con la instituci\u00f3n y con el prefecto, Leonardo Orlando por la pronta respuesta.<\/p>\n\n\n\n<p>El vocal de la Junta parroquial de Chirijos, Amil Intriago, indic\u00f3 que apenas la emergencia fue informada a la Prefectura, lleg\u00f3 maquinaria y evit\u00f3 que mayores afectaciones.<\/p>\n\n\n\n<p>Actualmente los habitantes de varias comunidades se sientes atendidas y agradecidas con la primera autoridad provincial por haber actuado r\u00e1pido.<\/p>\n","protected":false},"excerpt":{"rendered":"<p>Fuertes lluvias registradas en la parroquia Chirijos del cant\u00f3n Portoviejo, ocasionaron deslizamientos de tierra, derrumbes en comunidades y afectaciones en varios badenes de la parroquia.<\/p>\n","protected":false},"author":1,"featured_media":17258,"comment_status":"closed","ping_status":"open","sticky":false,"template":"","format":"standard","meta":{"_joinchat":[],"footnotes":""},"categories":[142,92,132,89,91],"tags":[],"class_list":["post-17257","post","type-post","status-publish","format-standard","has-post-thumbnail","hentry","category-desarrollo-social","category-noticias-manabi","category-portoviejo","category-riego-drenaje","category-todas"],"yoast_head":"<!-- This site is optimized with the Yoast SEO plugin v27.4 - https:\/\/yoast.com\/product\/yoast-seo-wordpress\/ -->\n<title>PREFECTURA ATENDI\u00d3 AFECTACIONES CAUSADAS POR LAS LLUVIAS EN LA PARROQUIA CHIRIJOS<\/title>\n<meta name=\"description\" content=\"Fuertes lluvias registradas en la parroquia Chirijos del cant\u00f3n Portoviejo, ocasionaron deslizamientos de tierra, derrumbes en comunidades y afectaciones en varios badenes de la parroquia.Ante estos eventos, el Gobierno de Manab\u00ed, activ\u00f3 su Plan Invernal 2021 y despleg\u00f3 t\u00e9cnicos y maquinaria, para la r\u00e1pida intervenci\u00f3n. Se realiz\u00f3 la limpieza en tres puntos cr\u00edticos de v\u00edas donde la tierra h\u00fameda hab\u00eda ocasionado un derrumbe sobre la v\u00eda; adem\u00e1s, se intervino en la limpieza de 5 badenes.Jos\u00e9 Falcon\u00ed, habitante de la comunidad Boquer\u00f3n, describi\u00f3 que las lluvias parec\u00edan interminables. Una noche \u00e9l, junto a su familia, dorm\u00edan y comenz\u00f3 a subir el estero, ubicado a lado de su casa, y estuvo a punto de causar inundaciones en la comunidad, es as\u00ed que Jos\u00e9 manifest\u00f3 que est\u00e1 muy agradecido con la instituci\u00f3n y con el prefecto, Leonardo Orlando por la pronta respuesta.El vocal de la Junta parroquial de Chirijos, Amil Intriago, indic\u00f3 que apenas la emergencia fue informada a la Prefectura, lleg\u00f3 maquinaria y evit\u00f3 que mayores afectaciones.Actualmente los habitantes de varias comunidades se sientes atendidas y agradecidas con la primera autoridad provincial por haber actuado r\u00e1pido.\" \/>\n<meta name=\"robots\" content=\"index, follow, max-snippet:-1, max-image-preview:large, max-video-preview:-1\" \/>\n<link rel=\"canonical\" href=\"https:\/\/www.manabi.gob.ec\/index.php\/prefectura-atendio-afectaciones-causadas-por-las-lluvias-en-la-parroquia-chirijos\/\" \/>\n<meta property=\"og:locale\" content=\"es_ES\" \/>\n<meta property=\"og:type\" content=\"article\" \/>\n<meta property=\"og:title\" content=\"PREFECTURA ATENDI\u00d3 AFECTACIONES CAUSADAS POR LAS LLUVIAS EN LA PARROQUIA CHIRIJOS\" \/>\n<meta property=\"og:description\" content=\"Fuertes lluvias registradas en la parroquia Chirijos del cant\u00f3n Portoviejo, ocasionaron deslizamientos de tierra, derrumbes en comunidades y afectaciones en varios badenes de la parroquia.Ante estos eventos, el Gobierno de Manab\u00ed, activ\u00f3 su Plan Invernal 2021 y despleg\u00f3 t\u00e9cnicos y maquinaria, para la r\u00e1pida intervenci\u00f3n. Se realiz\u00f3 la limpieza en tres puntos cr\u00edticos de v\u00edas donde la tierra h\u00fameda hab\u00eda ocasionado un derrumbe sobre la v\u00eda; adem\u00e1s, se intervino en la limpieza de 5 badenes.Jos\u00e9 Falcon\u00ed, habitante de la comunidad Boquer\u00f3n, describi\u00f3 que las lluvias parec\u00edan interminables. Una noche \u00e9l, junto a su familia, dorm\u00edan y comenz\u00f3 a subir el estero, ubicado a lado de su casa, y estuvo a punto de causar inundaciones en la comunidad, es as\u00ed que Jos\u00e9 manifest\u00f3 que est\u00e1 muy agradecido con la instituci\u00f3n y con el prefecto, Leonardo Orlando por la pronta respuesta.El vocal de la Junta parroquial de Chirijos, Amil Intriago, indic\u00f3 que apenas la emergencia fue informada a la Prefectura, lleg\u00f3 maquinaria y evit\u00f3 que mayores afectaciones.Actualmente los habitantes de varias comunidades se sientes atendidas y agradecidas con la primera autoridad provincial por haber actuado r\u00e1pido.\" \/>\n<meta property=\"og:url\" content=\"https:\/\/www.manabi.gob.ec\/index.php\/prefectura-atendio-afectaciones-causadas-por-las-lluvias-en-la-parroquia-chirijos\/\" \/>\n<meta property=\"og:site_name\" content=\"Prefectura de Manab\u00ed\" \/>\n<meta property=\"article:published_time\" content=\"2021-05-06T21:17:19+00:00\" \/>\n<meta property=\"article:modified_time\" content=\"2021-05-06T21:17:22+00:00\" \/>\n<meta property=\"og:image\" content=\"https:\/\/www.manabi.gob.ec\/wp-content\/uploads\/2021\/05\/Atendemos-a-Chirijos-2.jpg\" \/>\n\t<meta property=\"og:image:width\" content=\"1280\" \/>\n\t<meta property=\"og:image:height\" content=\"720\" \/>\n\t<meta property=\"og:image:type\" content=\"image\/jpeg\" \/>\n<meta name=\"author\" content=\"admin\" \/>\n<meta name=\"twitter:card\" content=\"summary_large_image\" \/>\n<meta name=\"twitter:label1\" content=\"Escrito por\" \/>\n\t<meta name=\"twitter:data1\" content=\"admin\" \/>\n\t<meta name=\"twitter:label2\" content=\"Tiempo de lectura\" \/>\n\t<meta name=\"twitter:data2\" content=\"1 minuto\" \/>\n<script type=\"application\/ld+json\" class=\"yoast-schema-graph\">{\"@context\":\"https:\\\/\\\/schema.org\",\"@graph\":[{\"@type\":\"Article\",\"@id\":\"https:\\\/\\\/www.manabi.gob.ec\\\/index.php\\\/prefectura-atendio-afectaciones-causadas-por-las-lluvias-en-la-parroquia-chirijos\\\/#article\",\"isPartOf\":{\"@id\":\"https:\\\/\\\/www.manabi.gob.ec\\\/index.php\\\/prefectura-atendio-afectaciones-causadas-por-las-lluvias-en-la-parroquia-chirijos\\\/\"},\"author\":{\"name\":\"admin\",\"@id\":\"https:\\\/\\\/www.manabi.gob.ec\\\/#\\\/schema\\\/person\\\/cfc71bd68fe2703b779edcc292a49722\"},\"headline\":\"PREFECTURA ATENDI\u00d3 AFECTACIONES CAUSADAS POR LAS LLUVIAS EN LA PARROQUIA CHIRIJOS\",\"datePublished\":\"2021-05-06T21:17:19+00:00\",\"dateModified\":\"2021-05-06T21:17:22+00:00\",\"mainEntityOfPage\":{\"@id\":\"https:\\\/\\\/www.manabi.gob.ec\\\/index.php\\\/prefectura-atendio-afectaciones-causadas-por-las-lluvias-en-la-parroquia-chirijos\\\/\"},\"wordCount\":213,\"image\":{\"@id\":\"https:\\\/\\\/www.manabi.gob.ec\\\/index.php\\\/prefectura-atendio-afectaciones-causadas-por-las-lluvias-en-la-parroquia-chirijos\\\/#primaryimage\"},\"thumbnailUrl\":\"https:\\\/\\\/www.manabi.gob.ec\\\/wp-content\\\/uploads\\\/2021\\\/05\\\/Atendemos-a-Chirijos-2.jpg\",\"articleSection\":[\"Desarrollo Social\",\"Noticias\",\"Portoviejo\",\"Riego y drenaje\",\"Todas\"],\"inLanguage\":\"es\"},{\"@type\":\"WebPage\",\"@id\":\"https:\\\/\\\/www.manabi.gob.ec\\\/index.php\\\/prefectura-atendio-afectaciones-causadas-por-las-lluvias-en-la-parroquia-chirijos\\\/\",\"url\":\"https:\\\/\\\/www.manabi.gob.ec\\\/index.php\\\/prefectura-atendio-afectaciones-causadas-por-las-lluvias-en-la-parroquia-chirijos\\\/\",\"name\":\"PREFECTURA ATENDI\u00d3 AFECTACIONES CAUSADAS POR LAS LLUVIAS EN LA PARROQUIA CHIRIJOS\",\"isPartOf\":{\"@id\":\"https:\\\/\\\/www.manabi.gob.ec\\\/#website\"},\"primaryImageOfPage\":{\"@id\":\"https:\\\/\\\/www.manabi.gob.ec\\\/index.php\\\/prefectura-atendio-afectaciones-causadas-por-las-lluvias-en-la-parroquia-chirijos\\\/#primaryimage\"},\"image\":{\"@id\":\"https:\\\/\\\/www.manabi.gob.ec\\\/index.php\\\/prefectura-atendio-afectaciones-causadas-por-las-lluvias-en-la-parroquia-chirijos\\\/#primaryimage\"},\"thumbnailUrl\":\"https:\\\/\\\/www.manabi.gob.ec\\\/wp-content\\\/uploads\\\/2021\\\/05\\\/Atendemos-a-Chirijos-2.jpg\",\"datePublished\":\"2021-05-06T21:17:19+00:00\",\"dateModified\":\"2021-05-06T21:17:22+00:00\",\"author\":{\"@id\":\"https:\\\/\\\/www.manabi.gob.ec\\\/#\\\/schema\\\/person\\\/cfc71bd68fe2703b779edcc292a49722\"},\"description\":\"Fuertes lluvias registradas en la parroquia Chirijos del cant\u00f3n Portoviejo, ocasionaron deslizamientos de tierra, derrumbes en comunidades y afectaciones en varios badenes de la parroquia.Ante estos eventos, el Gobierno de Manab\u00ed, activ\u00f3 su Plan Invernal 2021 y despleg\u00f3 t\u00e9cnicos y maquinaria, para la r\u00e1pida intervenci\u00f3n. Se realiz\u00f3 la limpieza en tres puntos cr\u00edticos de v\u00edas donde la tierra h\u00fameda hab\u00eda ocasionado un derrumbe sobre la v\u00eda; adem\u00e1s, se intervino en la limpieza de 5 badenes.Jos\u00e9 Falcon\u00ed, habitante de la comunidad Boquer\u00f3n, describi\u00f3 que las lluvias parec\u00edan interminables. Una noche \u00e9l, junto a su familia, dorm\u00edan y comenz\u00f3 a subir el estero, ubicado a lado de su casa, y estuvo a punto de causar inundaciones en la comunidad, es as\u00ed que Jos\u00e9 manifest\u00f3 que est\u00e1 muy agradecido con la instituci\u00f3n y con el prefecto, Leonardo Orlando por la pronta respuesta.El vocal de la Junta parroquial de Chirijos, Amil Intriago, indic\u00f3 que apenas la emergencia fue informada a la Prefectura, lleg\u00f3 maquinaria y evit\u00f3 que mayores afectaciones.Actualmente los habitantes de varias comunidades se sientes atendidas y agradecidas con la primera autoridad provincial por haber actuado r\u00e1pido.\",\"breadcrumb\":{\"@id\":\"https:\\\/\\\/www.manabi.gob.ec\\\/index.php\\\/prefectura-atendio-afectaciones-causadas-por-las-lluvias-en-la-parroquia-chirijos\\\/#breadcrumb\"},\"inLanguage\":\"es\",\"potentialAction\":[{\"@type\":\"ReadAction\",\"target\":[\"https:\\\/\\\/www.manabi.gob.ec\\\/index.php\\\/prefectura-atendio-afectaciones-causadas-por-las-lluvias-en-la-parroquia-chirijos\\\/\"]}]},{\"@type\":\"ImageObject\",\"inLanguage\":\"es\",\"@id\":\"https:\\\/\\\/www.manabi.gob.ec\\\/index.php\\\/prefectura-atendio-afectaciones-causadas-por-las-lluvias-en-la-parroquia-chirijos\\\/#primaryimage\",\"url\":\"https:\\\/\\\/www.manabi.gob.ec\\\/wp-content\\\/uploads\\\/2021\\\/05\\\/Atendemos-a-Chirijos-2.jpg\",\"contentUrl\":\"https:\\\/\\\/www.manabi.gob.ec\\\/wp-content\\\/uploads\\\/2021\\\/05\\\/Atendemos-a-Chirijos-2.jpg\",\"width\":1280,\"height\":720},{\"@type\":\"BreadcrumbList\",\"@id\":\"https:\\\/\\\/www.manabi.gob.ec\\\/index.php\\\/prefectura-atendio-afectaciones-causadas-por-las-lluvias-en-la-parroquia-chirijos\\\/#breadcrumb\",\"itemListElement\":[{\"@type\":\"ListItem\",\"position\":1,\"name\":\"Portada\",\"item\":\"https:\\\/\\\/www.manabi.gob.ec\\\/\"},{\"@type\":\"ListItem\",\"position\":2,\"name\":\"PREFECTURA ATENDI\u00d3 AFECTACIONES CAUSADAS POR LAS LLUVIAS EN LA PARROQUIA CHIRIJOS\"}]},{\"@type\":\"WebSite\",\"@id\":\"https:\\\/\\\/www.manabi.gob.ec\\\/#website\",\"url\":\"https:\\\/\\\/www.manabi.gob.ec\\\/\",\"name\":\"Prefectura de Manab\u00ed\",\"description\":\"P\u00e1gina web de la prefectura\",\"potentialAction\":[{\"@type\":\"SearchAction\",\"target\":{\"@type\":\"EntryPoint\",\"urlTemplate\":\"https:\\\/\\\/www.manabi.gob.ec\\\/?s={search_term_string}\"},\"query-input\":{\"@type\":\"PropertyValueSpecification\",\"valueRequired\":true,\"valueName\":\"search_term_string\"}}],\"inLanguage\":\"es\"},{\"@type\":\"Person\",\"@id\":\"https:\\\/\\\/www.manabi.gob.ec\\\/#\\\/schema\\\/person\\\/cfc71bd68fe2703b779edcc292a49722\",\"name\":\"admin\",\"image\":{\"@type\":\"ImageObject\",\"inLanguage\":\"es\",\"@id\":\"https:\\\/\\\/secure.gravatar.com\\\/avatar\\\/23e9f919492b0a2f65aa168e0d8c5c867ea853b61deffbadf08c7031e15b8d78?s=96&d=mm&r=g\",\"url\":\"https:\\\/\\\/secure.gravatar.com\\\/avatar\\\/23e9f919492b0a2f65aa168e0d8c5c867ea853b61deffbadf08c7031e15b8d78?s=96&d=mm&r=g\",\"contentUrl\":\"https:\\\/\\\/secure.gravatar.com\\\/avatar\\\/23e9f919492b0a2f65aa168e0d8c5c867ea853b61deffbadf08c7031e15b8d78?s=96&d=mm&r=g\",\"caption\":\"admin\"},\"sameAs\":[\"http:\\\/\\\/www.manabi.gob.ec\"],\"url\":\"https:\\\/\\\/www.manabi.gob.ec\\\/index.php\\\/author\\\/admin\\\/\"}]}<\/script>\n<!-- \/ Yoast SEO plugin. -->","yoast_head_json":{"title":"PREFECTURA ATENDI\u00d3 AFECTACIONES CAUSADAS POR LAS LLUVIAS EN LA PARROQUIA CHIRIJOS","description":"Fuertes lluvias registradas en la parroquia Chirijos del cant\u00f3n Portoviejo, ocasionaron deslizamientos de tierra, derrumbes en comunidades y afectaciones en varios badenes de la parroquia.Ante estos eventos, el Gobierno de Manab\u00ed, activ\u00f3 su Plan Invernal 2021 y despleg\u00f3 t\u00e9cnicos y maquinaria, para la r\u00e1pida intervenci\u00f3n. Se realiz\u00f3 la limpieza en tres puntos cr\u00edticos de v\u00edas donde la tierra h\u00fameda hab\u00eda ocasionado un derrumbe sobre la v\u00eda; adem\u00e1s, se intervino en la limpieza de 5 badenes.Jos\u00e9 Falcon\u00ed, habitante de la comunidad Boquer\u00f3n, describi\u00f3 que las lluvias parec\u00edan interminables. Una noche \u00e9l, junto a su familia, dorm\u00edan y comenz\u00f3 a subir el estero, ubicado a lado de su casa, y estuvo a punto de causar inundaciones en la comunidad, es as\u00ed que Jos\u00e9 manifest\u00f3 que est\u00e1 muy agradecido con la instituci\u00f3n y con el prefecto, Leonardo Orlando por la pronta respuesta.El vocal de la Junta parroquial de Chirijos, Amil Intriago, indic\u00f3 que apenas la emergencia fue informada a la Prefectura, lleg\u00f3 maquinaria y evit\u00f3 que mayores afectaciones.Actualmente los habitantes de varias comunidades se sientes atendidas y agradecidas con la primera autoridad provincial por haber actuado r\u00e1pido.","robots":{"index":"index","follow":"follow","max-snippet":"max-snippet:-1","max-image-preview":"max-image-preview:large","max-video-preview":"max-video-preview:-1"},"canonical":"https:\/\/www.manabi.gob.ec\/index.php\/prefectura-atendio-afectaciones-causadas-por-las-lluvias-en-la-parroquia-chirijos\/","og_locale":"es_ES","og_type":"article","og_title":"PREFECTURA ATENDI\u00d3 AFECTACIONES CAUSADAS POR LAS LLUVIAS EN LA PARROQUIA CHIRIJOS","og_description":"Fuertes lluvias registradas en la parroquia Chirijos del cant\u00f3n Portoviejo, ocasionaron deslizamientos de tierra, derrumbes en comunidades y afectaciones en varios badenes de la parroquia.Ante estos eventos, el Gobierno de Manab\u00ed, activ\u00f3 su Plan Invernal 2021 y despleg\u00f3 t\u00e9cnicos y maquinaria, para la r\u00e1pida intervenci\u00f3n. Se realiz\u00f3 la limpieza en tres puntos cr\u00edticos de v\u00edas donde la tierra h\u00fameda hab\u00eda ocasionado un derrumbe sobre la v\u00eda; adem\u00e1s, se intervino en la limpieza de 5 badenes.Jos\u00e9 Falcon\u00ed, habitante de la comunidad Boquer\u00f3n, describi\u00f3 que las lluvias parec\u00edan interminables. Una noche \u00e9l, junto a su familia, dorm\u00edan y comenz\u00f3 a subir el estero, ubicado a lado de su casa, y estuvo a punto de causar inundaciones en la comunidad, es as\u00ed que Jos\u00e9 manifest\u00f3 que est\u00e1 muy agradecido con la instituci\u00f3n y con el prefecto, Leonardo Orlando por la pronta respuesta.El vocal de la Junta parroquial de Chirijos, Amil Intriago, indic\u00f3 que apenas la emergencia fue informada a la Prefectura, lleg\u00f3 maquinaria y evit\u00f3 que mayores afectaciones.Actualmente los habitantes de varias comunidades se sientes atendidas y agradecidas con la primera autoridad provincial por haber actuado r\u00e1pido.","og_url":"https:\/\/www.manabi.gob.ec\/index.php\/prefectura-atendio-afectaciones-causadas-por-las-lluvias-en-la-parroquia-chirijos\/","og_site_name":"Prefectura de Manab\u00ed","article_published_time":"2021-05-06T21:17:19+00:00","article_modified_time":"2021-05-06T21:17:22+00:00","og_image":[{"width":1280,"height":720,"url":"https:\/\/www.manabi.gob.ec\/wp-content\/uploads\/2021\/05\/Atendemos-a-Chirijos-2.jpg","type":"image\/jpeg"}],"author":"admin","twitter_card":"summary_large_image","twitter_misc":{"Escrito por":"admin","Tiempo de lectura":"1 minuto"},"schema":{"@context":"https:\/\/schema.org","@graph":[{"@type":"Article","@id":"https:\/\/www.manabi.gob.ec\/index.php\/prefectura-atendio-afectaciones-causadas-por-las-lluvias-en-la-parroquia-chirijos\/#article","isPartOf":{"@id":"https:\/\/www.manabi.gob.ec\/index.php\/prefectura-atendio-afectaciones-causadas-por-las-lluvias-en-la-parroquia-chirijos\/"},"author":{"name":"admin","@id":"https:\/\/www.manabi.gob.ec\/#\/schema\/person\/cfc71bd68fe2703b779edcc292a49722"},"headline":"PREFECTURA ATENDI\u00d3 AFECTACIONES CAUSADAS POR LAS LLUVIAS EN LA PARROQUIA CHIRIJOS","datePublished":"2021-05-06T21:17:19+00:00","dateModified":"2021-05-06T21:17:22+00:00","mainEntityOfPage":{"@id":"https:\/\/www.manabi.gob.ec\/index.php\/prefectura-atendio-afectaciones-causadas-por-las-lluvias-en-la-parroquia-chirijos\/"},"wordCount":213,"image":{"@id":"https:\/\/www.manabi.gob.ec\/index.php\/prefectura-atendio-afectaciones-causadas-por-las-lluvias-en-la-parroquia-chirijos\/#primaryimage"},"thumbnailUrl":"https:\/\/www.manabi.gob.ec\/wp-content\/uploads\/2021\/05\/Atendemos-a-Chirijos-2.jpg","articleSection":["Desarrollo Social","Noticias","Portoviejo","Riego y drenaje","Todas"],"inLanguage":"es"},{"@type":"WebPage","@id":"https:\/\/www.manabi.gob.ec\/index.php\/prefectura-atendio-afectaciones-causadas-por-las-lluvias-en-la-parroquia-chirijos\/","url":"https:\/\/www.manabi.gob.ec\/index.php\/prefectura-atendio-afectaciones-causadas-por-las-lluvias-en-la-parroquia-chirijos\/","name":"PREFECTURA ATENDI\u00d3 AFECTACIONES CAUSADAS POR LAS LLUVIAS EN LA PARROQUIA CHIRIJOS","isPartOf":{"@id":"https:\/\/www.manabi.gob.ec\/#website"},"primaryImageOfPage":{"@id":"https:\/\/www.manabi.gob.ec\/index.php\/prefectura-atendio-afectaciones-causadas-por-las-lluvias-en-la-parroquia-chirijos\/#primaryimage"},"image":{"@id":"https:\/\/www.manabi.gob.ec\/index.php\/prefectura-atendio-afectaciones-causadas-por-las-lluvias-en-la-parroquia-chirijos\/#primaryimage"},"thumbnailUrl":"https:\/\/www.manabi.gob.ec\/wp-content\/uploads\/2021\/05\/Atendemos-a-Chirijos-2.jpg","datePublished":"2021-05-06T21:17:19+00:00","dateModified":"2021-05-06T21:17:22+00:00","author":{"@id":"https:\/\/www.manabi.gob.ec\/#\/schema\/person\/cfc71bd68fe2703b779edcc292a49722"},"description":"Fuertes lluvias registradas en la parroquia Chirijos del cant\u00f3n Portoviejo, ocasionaron deslizamientos de tierra, derrumbes en comunidades y afectaciones en varios badenes de la parroquia.Ante estos eventos, el Gobierno de Manab\u00ed, activ\u00f3 su Plan Invernal 2021 y despleg\u00f3 t\u00e9cnicos y maquinaria, para la r\u00e1pida intervenci\u00f3n. Se realiz\u00f3 la limpieza en tres puntos cr\u00edticos de v\u00edas donde la tierra h\u00fameda hab\u00eda ocasionado un derrumbe sobre la v\u00eda; adem\u00e1s, se intervino en la limpieza de 5 badenes.Jos\u00e9 Falcon\u00ed, habitante de la comunidad Boquer\u00f3n, describi\u00f3 que las lluvias parec\u00edan interminables. Una noche \u00e9l, junto a su familia, dorm\u00edan y comenz\u00f3 a subir el estero, ubicado a lado de su casa, y estuvo a punto de causar inundaciones en la comunidad, es as\u00ed que Jos\u00e9 manifest\u00f3 que est\u00e1 muy agradecido con la instituci\u00f3n y con el prefecto, Leonardo Orlando por la pronta respuesta.El vocal de la Junta parroquial de Chirijos, Amil Intriago, indic\u00f3 que apenas la emergencia fue informada a la Prefectura, lleg\u00f3 maquinaria y evit\u00f3 que mayores afectaciones.Actualmente los habitantes de varias comunidades se sientes atendidas y agradecidas con la primera autoridad provincial por haber actuado r\u00e1pido.","breadcrumb":{"@id":"https:\/\/www.manabi.gob.ec\/index.php\/prefectura-atendio-afectaciones-causadas-por-las-lluvias-en-la-parroquia-chirijos\/#breadcrumb"},"inLanguage":"es","potentialAction":[{"@type":"ReadAction","target":["https:\/\/www.manabi.gob.ec\/index.php\/prefectura-atendio-afectaciones-causadas-por-las-lluvias-en-la-parroquia-chirijos\/"]}]},{"@type":"ImageObject","inLanguage":"es","@id":"https:\/\/www.manabi.gob.ec\/index.php\/prefectura-atendio-afectaciones-causadas-por-las-lluvias-en-la-parroquia-chirijos\/#primaryimage","url":"https:\/\/www.manabi.gob.ec\/wp-content\/uploads\/2021\/05\/Atendemos-a-Chirijos-2.jpg","contentUrl":"https:\/\/www.manabi.gob.ec\/wp-content\/uploads\/2021\/05\/Atendemos-a-Chirijos-2.jpg","width":1280,"height":720},{"@type":"BreadcrumbList","@id":"https:\/\/www.manabi.gob.ec\/index.php\/prefectura-atendio-afectaciones-causadas-por-las-lluvias-en-la-parroquia-chirijos\/#breadcrumb","itemListElement":[{"@type":"ListItem","position":1,"name":"Portada","item":"https:\/\/www.manabi.gob.ec\/"},{"@type":"ListItem","position":2,"name":"PREFECTURA ATENDI\u00d3 AFECTACIONES CAUSADAS POR LAS LLUVIAS EN LA PARROQUIA CHIRIJOS"}]},{"@type":"WebSite","@id":"https:\/\/www.manabi.gob.ec\/#website","url":"https:\/\/www.manabi.gob.ec\/","name":"Prefectura de Manab\u00ed","description":"P\u00e1gina web de la prefectura","potentialAction":[{"@type":"SearchAction","target":{"@type":"EntryPoint","urlTemplate":"https:\/\/www.manabi.gob.ec\/?s={search_term_string}"},"query-input":{"@type":"PropertyValueSpecification","valueRequired":true,"valueName":"search_term_string"}}],"inLanguage":"es"},{"@type":"Person","@id":"https:\/\/www.manabi.gob.ec\/#\/schema\/person\/cfc71bd68fe2703b779edcc292a49722","name":"admin","image":{"@type":"ImageObject","inLanguage":"es","@id":"https:\/\/secure.gravatar.com\/avatar\/23e9f919492b0a2f65aa168e0d8c5c867ea853b61deffbadf08c7031e15b8d78?s=96&d=mm&r=g","url":"https:\/\/secure.gravatar.com\/avatar\/23e9f919492b0a2f65aa168e0d8c5c867ea853b61deffbadf08c7031e15b8d78?s=96&d=mm&r=g","contentUrl":"https:\/\/secure.gravatar.com\/avatar\/23e9f919492b0a2f65aa168e0d8c5c867ea853b61deffbadf08c7031e15b8d78?s=96&d=mm&r=g","caption":"admin"},"sameAs":["http:\/\/www.manabi.gob.ec"],"url":"https:\/\/www.manabi.gob.ec\/index.php\/author\/admin\/"}]}},"jetpack_featured_media_url":"https:\/\/www.manabi.gob.ec\/wp-content\/uploads\/2021\/05\/Atendemos-a-Chirijos-2.jpg","_links":{"self":[{"href":"https:\/\/www.manabi.gob.ec\/index.php\/wp-json\/wp\/v2\/posts\/17257","targetHints":{"allow":["GET"]}}],"collection":[{"href":"https:\/\/www.manabi.gob.ec\/index.php\/wp-json\/wp\/v2\/posts"}],"about":[{"href":"https:\/\/www.manabi.gob.ec\/index.php\/wp-json\/wp\/v2\/types\/post"}],"author":[{"embeddable":true,"href":"https:\/\/www.manabi.gob.ec\/index.php\/wp-json\/wp\/v2\/users\/1"}],"replies":[{"embeddable":true,"href":"https:\/\/www.manabi.gob.ec\/index.php\/wp-json\/wp\/v2\/comments?post=17257"}],"version-history":[{"count":0,"href":"https:\/\/www.manabi.gob.ec\/index.php\/wp-json\/wp\/v2\/posts\/17257\/revisions"}],"wp:featuredmedia":[{"embeddable":true,"href":"https:\/\/www.manabi.gob.ec\/index.php\/wp-json\/wp\/v2\/media\/17258"}],"wp:attachment":[{"href":"https:\/\/www.manabi.gob.ec\/index.php\/wp-json\/wp\/v2\/media?parent=17257"}],"wp:term":[{"taxonomy":"category","embeddable":true,"href":"https:\/\/www.manabi.gob.ec\/index.php\/wp-json\/wp\/v2\/categories?post=17257"},{"taxonomy":"post_tag","embeddable":true,"href":"https:\/\/www.manabi.gob.ec\/index.php\/wp-json\/wp\/v2\/tags?post=17257"}],"curies":[{"name":"wp","href":"https:\/\/api.w.org\/{rel}","templated":true}]}}