{"id":17267,"date":"2021-05-07T13:26:42","date_gmt":"2021-05-07T13:26:42","guid":{"rendered":"https:\/\/www.manabi.gob.ec\/?p=17267"},"modified":"2021-05-07T13:26:44","modified_gmt":"2021-05-07T13:26:44","slug":"ya-falta-poco","status":"publish","type":"post","link":"https:\/\/www.manabi.gob.ec\/index.php\/ya-falta-poco\/","title":{"rendered":"\u00a1YA FALTA POCO!"},"content":{"rendered":"\n<p>El retiro de lechuguinos de la presa Poza Honda avanza con el esfuerzo en conjunto del Gobierno de Manab\u00ed y la Empresa P\u00fablica del Agua (EPA).<\/p>\n\n\n\n<p>La meta es desalojar el equivalente a de 100 hect\u00e1reas de lechuguines que cubren el espejo de agua del est\u00e1 infraestructura, de las cuales ya se ha limpiado un 80%. Se prev\u00e9 que el porcentaje restante sea retirar hasta la pr\u00f3xima semana.<\/p>\n\n\n\n<p>El trabajo responde al compromiso del prefecto, Leonardo Orlando, mediante un convenio con EPA, que permite la intervenci\u00f3n de la Prefectura en la infraestructura h\u00eddrica a cargo de la mencionada empresa p\u00fablica.<\/p>\n\n\n\n<p>El contingente de la Prefectura en estas labores de mantenimiento ha consistido en dos excavadoras de brazo largo y una de brazo corto, necesarias para alcanzar y retirarla vegetaci\u00f3n de la presa.<\/p>\n\n\n\n<p>Wagner Garc\u00eda, t\u00e9cnico de la Prefectura, explica que el trabajo beneficia a varios cantones manabitas, pero especialmente a las comunidades que est\u00e1n en el \u00e1rea de&nbsp; la represa y cuya \u00fanica v\u00eda de acceso y movilidad es fluvial, empleando&nbsp; canoas para llegar a sus hogares..<\/p>\n","protected":false},"excerpt":{"rendered":"<p>El retiro de lechuguinos de la presa Poza Honda avanza con el esfuerzo en conjunto del Gobierno de Manab\u00ed y la Empresa P\u00fablica del Agua (EPA).<\/p>\n","protected":false},"author":1,"featured_media":17268,"comment_status":"closed","ping_status":"open","sticky":false,"template":"","format":"standard","meta":{"_joinchat":[],"footnotes":""},"categories":[92,89,107,91],"tags":[],"class_list":["post-17267","post","type-post","status-publish","format-standard","has-post-thumbnail","hentry","category-noticias-manabi","category-riego-drenaje","category-santa-ana","category-todas"],"yoast_head":"<!-- This site is optimized with the Yoast SEO plugin v27.4 - https:\/\/yoast.com\/product\/yoast-seo-wordpress\/ -->\n<title>\u00a1YA FALTA POCO!<\/title>\n<meta name=\"description\" content=\"El retiro de lechuguinos de la presa Poza Honda avanza con el esfuerzo en conjunro del Gobierno de Manab\u00ed y la Empresa P\u00fablica del Agua (EPA).La meta es desalojar el equivalente a de 100 hect\u00e1reas de lechuguines que cubren el espejo de agua del est\u00e1 infraestructura, de las cuales ya se ha limpiado un 80%. Se prev\u00e9 que el porcentaje restante sea retirar hasta la pr\u00f3xima semana.El trabajo responde al compromiso del prefecto, Leonardo Orlando, mediante un convenio con EPA, que permite la intervenci\u00f3n de la Prefectura en la infraestructura h\u00eddrica a cargo de la mencionada empresa p\u00fablica.El contingente de la Prefectura en estas labores de mantenimiento ha consistido en dos excavadoras de brazo largo y una de brazo corto, necesarias para alcanzar y retirarla vegetaci\u00f3n de la presa. Wagner Garc\u00eda, t\u00e9cnico de la Prefectura, explica que el trabajo beneficia a varios cantones manabitas, pero especialmente a las comunidades que est\u00e1n en el \u00e1rea de la represa y cuya \u00fanica v\u00eda de acceso y movilidad es fluvial, empleando canoas para llegar a sus hogares..\" \/>\n<meta name=\"robots\" content=\"index, follow, max-snippet:-1, max-image-preview:large, max-video-preview:-1\" \/>\n<link rel=\"canonical\" href=\"https:\/\/www.manabi.gob.ec\/index.php\/ya-falta-poco\/\" \/>\n<meta property=\"og:locale\" content=\"es_ES\" \/>\n<meta property=\"og:type\" content=\"article\" \/>\n<meta property=\"og:title\" content=\"\u00a1YA FALTA POCO!\" \/>\n<meta property=\"og:description\" content=\"El retiro de lechuguinos de la presa Poza Honda avanza con el esfuerzo en conjunro del Gobierno de Manab\u00ed y la Empresa P\u00fablica del Agua (EPA).La meta es desalojar el equivalente a de 100 hect\u00e1reas de lechuguines que cubren el espejo de agua del est\u00e1 infraestructura, de las cuales ya se ha limpiado un 80%. Se prev\u00e9 que el porcentaje restante sea retirar hasta la pr\u00f3xima semana.El trabajo responde al compromiso del prefecto, Leonardo Orlando, mediante un convenio con EPA, que permite la intervenci\u00f3n de la Prefectura en la infraestructura h\u00eddrica a cargo de la mencionada empresa p\u00fablica.El contingente de la Prefectura en estas labores de mantenimiento ha consistido en dos excavadoras de brazo largo y una de brazo corto, necesarias para alcanzar y retirarla vegetaci\u00f3n de la presa. Wagner Garc\u00eda, t\u00e9cnico de la Prefectura, explica que el trabajo beneficia a varios cantones manabitas, pero especialmente a las comunidades que est\u00e1n en el \u00e1rea de la represa y cuya \u00fanica v\u00eda de acceso y movilidad es fluvial, empleando canoas para llegar a sus hogares..\" \/>\n<meta property=\"og:url\" content=\"https:\/\/www.manabi.gob.ec\/index.php\/ya-falta-poco\/\" \/>\n<meta property=\"og:site_name\" content=\"Prefectura de Manab\u00ed\" \/>\n<meta property=\"article:published_time\" content=\"2021-05-07T13:26:42+00:00\" \/>\n<meta property=\"article:modified_time\" content=\"2021-05-07T13:26:44+00:00\" \/>\n<meta property=\"og:image\" content=\"https:\/\/www.manabi.gob.ec\/wp-content\/uploads\/2021\/05\/Falta-Poco-1.jpg\" \/>\n\t<meta property=\"og:image:width\" content=\"1280\" \/>\n\t<meta property=\"og:image:height\" content=\"720\" \/>\n\t<meta property=\"og:image:type\" content=\"image\/jpeg\" \/>\n<meta name=\"author\" content=\"admin\" \/>\n<meta name=\"twitter:card\" content=\"summary_large_image\" \/>\n<meta name=\"twitter:label1\" content=\"Escrito por\" \/>\n\t<meta name=\"twitter:data1\" content=\"admin\" \/>\n\t<meta name=\"twitter:label2\" content=\"Tiempo de lectura\" \/>\n\t<meta name=\"twitter:data2\" content=\"1 minuto\" \/>\n<script type=\"application\/ld+json\" class=\"yoast-schema-graph\">{\"@context\":\"https:\\\/\\\/schema.org\",\"@graph\":[{\"@type\":\"Article\",\"@id\":\"https:\\\/\\\/www.manabi.gob.ec\\\/index.php\\\/ya-falta-poco\\\/#article\",\"isPartOf\":{\"@id\":\"https:\\\/\\\/www.manabi.gob.ec\\\/index.php\\\/ya-falta-poco\\\/\"},\"author\":{\"name\":\"admin\",\"@id\":\"https:\\\/\\\/www.manabi.gob.ec\\\/#\\\/schema\\\/person\\\/cfc71bd68fe2703b779edcc292a49722\"},\"headline\":\"\u00a1YA FALTA POCO!\",\"datePublished\":\"2021-05-07T13:26:42+00:00\",\"dateModified\":\"2021-05-07T13:26:44+00:00\",\"mainEntityOfPage\":{\"@id\":\"https:\\\/\\\/www.manabi.gob.ec\\\/index.php\\\/ya-falta-poco\\\/\"},\"wordCount\":191,\"image\":{\"@id\":\"https:\\\/\\\/www.manabi.gob.ec\\\/index.php\\\/ya-falta-poco\\\/#primaryimage\"},\"thumbnailUrl\":\"https:\\\/\\\/www.manabi.gob.ec\\\/wp-content\\\/uploads\\\/2021\\\/05\\\/Falta-Poco-1.jpg\",\"articleSection\":[\"Noticias\",\"Riego y drenaje\",\"Santa ana\",\"Todas\"],\"inLanguage\":\"es\"},{\"@type\":\"WebPage\",\"@id\":\"https:\\\/\\\/www.manabi.gob.ec\\\/index.php\\\/ya-falta-poco\\\/\",\"url\":\"https:\\\/\\\/www.manabi.gob.ec\\\/index.php\\\/ya-falta-poco\\\/\",\"name\":\"\u00a1YA FALTA POCO!\",\"isPartOf\":{\"@id\":\"https:\\\/\\\/www.manabi.gob.ec\\\/#website\"},\"primaryImageOfPage\":{\"@id\":\"https:\\\/\\\/www.manabi.gob.ec\\\/index.php\\\/ya-falta-poco\\\/#primaryimage\"},\"image\":{\"@id\":\"https:\\\/\\\/www.manabi.gob.ec\\\/index.php\\\/ya-falta-poco\\\/#primaryimage\"},\"thumbnailUrl\":\"https:\\\/\\\/www.manabi.gob.ec\\\/wp-content\\\/uploads\\\/2021\\\/05\\\/Falta-Poco-1.jpg\",\"datePublished\":\"2021-05-07T13:26:42+00:00\",\"dateModified\":\"2021-05-07T13:26:44+00:00\",\"author\":{\"@id\":\"https:\\\/\\\/www.manabi.gob.ec\\\/#\\\/schema\\\/person\\\/cfc71bd68fe2703b779edcc292a49722\"},\"description\":\"El retiro de lechuguinos de la presa Poza Honda avanza con el esfuerzo en conjunro del Gobierno de Manab\u00ed y la Empresa P\u00fablica del Agua (EPA).La meta es desalojar el equivalente a de 100 hect\u00e1reas de lechuguines que cubren el espejo de agua del est\u00e1 infraestructura, de las cuales ya se ha limpiado un 80%. Se prev\u00e9 que el porcentaje restante sea retirar hasta la pr\u00f3xima semana.El trabajo responde al compromiso del prefecto, Leonardo Orlando, mediante un convenio con EPA, que permite la intervenci\u00f3n de la Prefectura en la infraestructura h\u00eddrica a cargo de la mencionada empresa p\u00fablica.El contingente de la Prefectura en estas labores de mantenimiento ha consistido en dos excavadoras de brazo largo y una de brazo corto, necesarias para alcanzar y retirarla vegetaci\u00f3n de la presa. Wagner Garc\u00eda, t\u00e9cnico de la Prefectura, explica que el trabajo beneficia a varios cantones manabitas, pero especialmente a las comunidades que est\u00e1n en el \u00e1rea de la represa y cuya \u00fanica v\u00eda de acceso y movilidad es fluvial, empleando canoas para llegar a sus hogares..\",\"breadcrumb\":{\"@id\":\"https:\\\/\\\/www.manabi.gob.ec\\\/index.php\\\/ya-falta-poco\\\/#breadcrumb\"},\"inLanguage\":\"es\",\"potentialAction\":[{\"@type\":\"ReadAction\",\"target\":[\"https:\\\/\\\/www.manabi.gob.ec\\\/index.php\\\/ya-falta-poco\\\/\"]}]},{\"@type\":\"ImageObject\",\"inLanguage\":\"es\",\"@id\":\"https:\\\/\\\/www.manabi.gob.ec\\\/index.php\\\/ya-falta-poco\\\/#primaryimage\",\"url\":\"https:\\\/\\\/www.manabi.gob.ec\\\/wp-content\\\/uploads\\\/2021\\\/05\\\/Falta-Poco-1.jpg\",\"contentUrl\":\"https:\\\/\\\/www.manabi.gob.ec\\\/wp-content\\\/uploads\\\/2021\\\/05\\\/Falta-Poco-1.jpg\",\"width\":1280,\"height\":720},{\"@type\":\"BreadcrumbList\",\"@id\":\"https:\\\/\\\/www.manabi.gob.ec\\\/index.php\\\/ya-falta-poco\\\/#breadcrumb\",\"itemListElement\":[{\"@type\":\"ListItem\",\"position\":1,\"name\":\"Portada\",\"item\":\"https:\\\/\\\/www.manabi.gob.ec\\\/\"},{\"@type\":\"ListItem\",\"position\":2,\"name\":\"\u00a1YA FALTA POCO!\"}]},{\"@type\":\"WebSite\",\"@id\":\"https:\\\/\\\/www.manabi.gob.ec\\\/#website\",\"url\":\"https:\\\/\\\/www.manabi.gob.ec\\\/\",\"name\":\"Prefectura de Manab\u00ed\",\"description\":\"P\u00e1gina web de la prefectura\",\"potentialAction\":[{\"@type\":\"SearchAction\",\"target\":{\"@type\":\"EntryPoint\",\"urlTemplate\":\"https:\\\/\\\/www.manabi.gob.ec\\\/?s={search_term_string}\"},\"query-input\":{\"@type\":\"PropertyValueSpecification\",\"valueRequired\":true,\"valueName\":\"search_term_string\"}}],\"inLanguage\":\"es\"},{\"@type\":\"Person\",\"@id\":\"https:\\\/\\\/www.manabi.gob.ec\\\/#\\\/schema\\\/person\\\/cfc71bd68fe2703b779edcc292a49722\",\"name\":\"admin\",\"image\":{\"@type\":\"ImageObject\",\"inLanguage\":\"es\",\"@id\":\"https:\\\/\\\/secure.gravatar.com\\\/avatar\\\/23e9f919492b0a2f65aa168e0d8c5c867ea853b61deffbadf08c7031e15b8d78?s=96&d=mm&r=g\",\"url\":\"https:\\\/\\\/secure.gravatar.com\\\/avatar\\\/23e9f919492b0a2f65aa168e0d8c5c867ea853b61deffbadf08c7031e15b8d78?s=96&d=mm&r=g\",\"contentUrl\":\"https:\\\/\\\/secure.gravatar.com\\\/avatar\\\/23e9f919492b0a2f65aa168e0d8c5c867ea853b61deffbadf08c7031e15b8d78?s=96&d=mm&r=g\",\"caption\":\"admin\"},\"sameAs\":[\"http:\\\/\\\/www.manabi.gob.ec\"],\"url\":\"https:\\\/\\\/www.manabi.gob.ec\\\/index.php\\\/author\\\/admin\\\/\"}]}<\/script>\n<!-- \/ Yoast SEO plugin. -->","yoast_head_json":{"title":"\u00a1YA FALTA POCO!","description":"El retiro de lechuguinos de la presa Poza Honda avanza con el esfuerzo en conjunro del Gobierno de Manab\u00ed y la Empresa P\u00fablica del Agua (EPA).La meta es desalojar el equivalente a de 100 hect\u00e1reas de lechuguines que cubren el espejo de agua del est\u00e1 infraestructura, de las cuales ya se ha limpiado un 80%. Se prev\u00e9 que el porcentaje restante sea retirar hasta la pr\u00f3xima semana.El trabajo responde al compromiso del prefecto, Leonardo Orlando, mediante un convenio con EPA, que permite la intervenci\u00f3n de la Prefectura en la infraestructura h\u00eddrica a cargo de la mencionada empresa p\u00fablica.El contingente de la Prefectura en estas labores de mantenimiento ha consistido en dos excavadoras de brazo largo y una de brazo corto, necesarias para alcanzar y retirarla vegetaci\u00f3n de la presa. Wagner Garc\u00eda, t\u00e9cnico de la Prefectura, explica que el trabajo beneficia a varios cantones manabitas, pero especialmente a las comunidades que est\u00e1n en el \u00e1rea de la represa y cuya \u00fanica v\u00eda de acceso y movilidad es fluvial, empleando canoas para llegar a sus hogares..","robots":{"index":"index","follow":"follow","max-snippet":"max-snippet:-1","max-image-preview":"max-image-preview:large","max-video-preview":"max-video-preview:-1"},"canonical":"https:\/\/www.manabi.gob.ec\/index.php\/ya-falta-poco\/","og_locale":"es_ES","og_type":"article","og_title":"\u00a1YA FALTA POCO!","og_description":"El retiro de lechuguinos de la presa Poza Honda avanza con el esfuerzo en conjunro del Gobierno de Manab\u00ed y la Empresa P\u00fablica del Agua (EPA).La meta es desalojar el equivalente a de 100 hect\u00e1reas de lechuguines que cubren el espejo de agua del est\u00e1 infraestructura, de las cuales ya se ha limpiado un 80%. Se prev\u00e9 que el porcentaje restante sea retirar hasta la pr\u00f3xima semana.El trabajo responde al compromiso del prefecto, Leonardo Orlando, mediante un convenio con EPA, que permite la intervenci\u00f3n de la Prefectura en la infraestructura h\u00eddrica a cargo de la mencionada empresa p\u00fablica.El contingente de la Prefectura en estas labores de mantenimiento ha consistido en dos excavadoras de brazo largo y una de brazo corto, necesarias para alcanzar y retirarla vegetaci\u00f3n de la presa. Wagner Garc\u00eda, t\u00e9cnico de la Prefectura, explica que el trabajo beneficia a varios cantones manabitas, pero especialmente a las comunidades que est\u00e1n en el \u00e1rea de la represa y cuya \u00fanica v\u00eda de acceso y movilidad es fluvial, empleando canoas para llegar a sus hogares..","og_url":"https:\/\/www.manabi.gob.ec\/index.php\/ya-falta-poco\/","og_site_name":"Prefectura de Manab\u00ed","article_published_time":"2021-05-07T13:26:42+00:00","article_modified_time":"2021-05-07T13:26:44+00:00","og_image":[{"width":1280,"height":720,"url":"https:\/\/www.manabi.gob.ec\/wp-content\/uploads\/2021\/05\/Falta-Poco-1.jpg","type":"image\/jpeg"}],"author":"admin","twitter_card":"summary_large_image","twitter_misc":{"Escrito por":"admin","Tiempo de lectura":"1 minuto"},"schema":{"@context":"https:\/\/schema.org","@graph":[{"@type":"Article","@id":"https:\/\/www.manabi.gob.ec\/index.php\/ya-falta-poco\/#article","isPartOf":{"@id":"https:\/\/www.manabi.gob.ec\/index.php\/ya-falta-poco\/"},"author":{"name":"admin","@id":"https:\/\/www.manabi.gob.ec\/#\/schema\/person\/cfc71bd68fe2703b779edcc292a49722"},"headline":"\u00a1YA FALTA POCO!","datePublished":"2021-05-07T13:26:42+00:00","dateModified":"2021-05-07T13:26:44+00:00","mainEntityOfPage":{"@id":"https:\/\/www.manabi.gob.ec\/index.php\/ya-falta-poco\/"},"wordCount":191,"image":{"@id":"https:\/\/www.manabi.gob.ec\/index.php\/ya-falta-poco\/#primaryimage"},"thumbnailUrl":"https:\/\/www.manabi.gob.ec\/wp-content\/uploads\/2021\/05\/Falta-Poco-1.jpg","articleSection":["Noticias","Riego y drenaje","Santa ana","Todas"],"inLanguage":"es"},{"@type":"WebPage","@id":"https:\/\/www.manabi.gob.ec\/index.php\/ya-falta-poco\/","url":"https:\/\/www.manabi.gob.ec\/index.php\/ya-falta-poco\/","name":"\u00a1YA FALTA POCO!","isPartOf":{"@id":"https:\/\/www.manabi.gob.ec\/#website"},"primaryImageOfPage":{"@id":"https:\/\/www.manabi.gob.ec\/index.php\/ya-falta-poco\/#primaryimage"},"image":{"@id":"https:\/\/www.manabi.gob.ec\/index.php\/ya-falta-poco\/#primaryimage"},"thumbnailUrl":"https:\/\/www.manabi.gob.ec\/wp-content\/uploads\/2021\/05\/Falta-Poco-1.jpg","datePublished":"2021-05-07T13:26:42+00:00","dateModified":"2021-05-07T13:26:44+00:00","author":{"@id":"https:\/\/www.manabi.gob.ec\/#\/schema\/person\/cfc71bd68fe2703b779edcc292a49722"},"description":"El retiro de lechuguinos de la presa Poza Honda avanza con el esfuerzo en conjunro del Gobierno de Manab\u00ed y la Empresa P\u00fablica del Agua (EPA).La meta es desalojar el equivalente a de 100 hect\u00e1reas de lechuguines que cubren el espejo de agua del est\u00e1 infraestructura, de las cuales ya se ha limpiado un 80%. Se prev\u00e9 que el porcentaje restante sea retirar hasta la pr\u00f3xima semana.El trabajo responde al compromiso del prefecto, Leonardo Orlando, mediante un convenio con EPA, que permite la intervenci\u00f3n de la Prefectura en la infraestructura h\u00eddrica a cargo de la mencionada empresa p\u00fablica.El contingente de la Prefectura en estas labores de mantenimiento ha consistido en dos excavadoras de brazo largo y una de brazo corto, necesarias para alcanzar y retirarla vegetaci\u00f3n de la presa. Wagner Garc\u00eda, t\u00e9cnico de la Prefectura, explica que el trabajo beneficia a varios cantones manabitas, pero especialmente a las comunidades que est\u00e1n en el \u00e1rea de la represa y cuya \u00fanica v\u00eda de acceso y movilidad es fluvial, empleando canoas para llegar a sus hogares..","breadcrumb":{"@id":"https:\/\/www.manabi.gob.ec\/index.php\/ya-falta-poco\/#breadcrumb"},"inLanguage":"es","potentialAction":[{"@type":"ReadAction","target":["https:\/\/www.manabi.gob.ec\/index.php\/ya-falta-poco\/"]}]},{"@type":"ImageObject","inLanguage":"es","@id":"https:\/\/www.manabi.gob.ec\/index.php\/ya-falta-poco\/#primaryimage","url":"https:\/\/www.manabi.gob.ec\/wp-content\/uploads\/2021\/05\/Falta-Poco-1.jpg","contentUrl":"https:\/\/www.manabi.gob.ec\/wp-content\/uploads\/2021\/05\/Falta-Poco-1.jpg","width":1280,"height":720},{"@type":"BreadcrumbList","@id":"https:\/\/www.manabi.gob.ec\/index.php\/ya-falta-poco\/#breadcrumb","itemListElement":[{"@type":"ListItem","position":1,"name":"Portada","item":"https:\/\/www.manabi.gob.ec\/"},{"@type":"ListItem","position":2,"name":"\u00a1YA FALTA POCO!"}]},{"@type":"WebSite","@id":"https:\/\/www.manabi.gob.ec\/#website","url":"https:\/\/www.manabi.gob.ec\/","name":"Prefectura de Manab\u00ed","description":"P\u00e1gina web de la prefectura","potentialAction":[{"@type":"SearchAction","target":{"@type":"EntryPoint","urlTemplate":"https:\/\/www.manabi.gob.ec\/?s={search_term_string}"},"query-input":{"@type":"PropertyValueSpecification","valueRequired":true,"valueName":"search_term_string"}}],"inLanguage":"es"},{"@type":"Person","@id":"https:\/\/www.manabi.gob.ec\/#\/schema\/person\/cfc71bd68fe2703b779edcc292a49722","name":"admin","image":{"@type":"ImageObject","inLanguage":"es","@id":"https:\/\/secure.gravatar.com\/avatar\/23e9f919492b0a2f65aa168e0d8c5c867ea853b61deffbadf08c7031e15b8d78?s=96&d=mm&r=g","url":"https:\/\/secure.gravatar.com\/avatar\/23e9f919492b0a2f65aa168e0d8c5c867ea853b61deffbadf08c7031e15b8d78?s=96&d=mm&r=g","contentUrl":"https:\/\/secure.gravatar.com\/avatar\/23e9f919492b0a2f65aa168e0d8c5c867ea853b61deffbadf08c7031e15b8d78?s=96&d=mm&r=g","caption":"admin"},"sameAs":["http:\/\/www.manabi.gob.ec"],"url":"https:\/\/www.manabi.gob.ec\/index.php\/author\/admin\/"}]}},"jetpack_featured_media_url":"https:\/\/www.manabi.gob.ec\/wp-content\/uploads\/2021\/05\/Falta-Poco-1.jpg","_links":{"self":[{"href":"https:\/\/www.manabi.gob.ec\/index.php\/wp-json\/wp\/v2\/posts\/17267","targetHints":{"allow":["GET"]}}],"collection":[{"href":"https:\/\/www.manabi.gob.ec\/index.php\/wp-json\/wp\/v2\/posts"}],"about":[{"href":"https:\/\/www.manabi.gob.ec\/index.php\/wp-json\/wp\/v2\/types\/post"}],"author":[{"embeddable":true,"href":"https:\/\/www.manabi.gob.ec\/index.php\/wp-json\/wp\/v2\/users\/1"}],"replies":[{"embeddable":true,"href":"https:\/\/www.manabi.gob.ec\/index.php\/wp-json\/wp\/v2\/comments?post=17267"}],"version-history":[{"count":0,"href":"https:\/\/www.manabi.gob.ec\/index.php\/wp-json\/wp\/v2\/posts\/17267\/revisions"}],"wp:featuredmedia":[{"embeddable":true,"href":"https:\/\/www.manabi.gob.ec\/index.php\/wp-json\/wp\/v2\/media\/17268"}],"wp:attachment":[{"href":"https:\/\/www.manabi.gob.ec\/index.php\/wp-json\/wp\/v2\/media?parent=17267"}],"wp:term":[{"taxonomy":"category","embeddable":true,"href":"https:\/\/www.manabi.gob.ec\/index.php\/wp-json\/wp\/v2\/categories?post=17267"},{"taxonomy":"post_tag","embeddable":true,"href":"https:\/\/www.manabi.gob.ec\/index.php\/wp-json\/wp\/v2\/tags?post=17267"}],"curies":[{"name":"wp","href":"https:\/\/api.w.org\/{rel}","templated":true}]}}