{"id":17310,"date":"2021-05-11T16:19:04","date_gmt":"2021-05-11T16:19:04","guid":{"rendered":"https:\/\/www.manabi.gob.ec\/?p=17310"},"modified":"2021-05-11T16:19:05","modified_gmt":"2021-05-11T16:19:05","slug":"las-jornadas-visuales-llegan-con-una-luz-de-esperanza-a-alhajuela","status":"publish","type":"post","link":"https:\/\/www.manabi.gob.ec\/index.php\/las-jornadas-visuales-llegan-con-una-luz-de-esperanza-a-alhajuela\/","title":{"rendered":"LAS JORNADAS VISUALES LLEGAN CON UNA LUZ DE ESPERANZA A ALHAJUELA"},"content":{"rendered":"\n<p>Fabi\u00e1n Jes\u00fas es un ni\u00f1o al que desde los 6 a\u00f1os, le diagnosticaron&nbsp; problemas visuales y la necesidad de utilizar lentes; pero sus padres no se los pudieron comprar por falta de recursos.<\/p>\n\n\n\n<p>Su madre, Dolores Mendoza, con quien vive en la comunidad El Jobo, de la parroquia Alhajuela, del cant\u00f3n Portoviejo, se enter\u00f3 que estaba por llegar la brigada Visi\u00f3n con Coraz\u00f3n, de la Prefectura de Manab\u00ed, y se prepar\u00f3 para llevar a sus dos hijos: Fabi\u00e1n Jes\u00fas y Fabi\u00e1n Antonio, ambos con problemas visuales.<\/p>\n\n\n\n<p>El d\u00eda esperado lleg\u00f3, Dolores se levant\u00f3 muy temprano para ir hasta las instalaciones del GAD Parroquial de Alhajuela, donde se desarrollaban las jornadas m\u00e9dicas Visuales.<\/p>\n\n\n\n<p>Junto a sus dos hijos subi\u00f3 en el primer bus qu\u00e9 pas\u00f3 frente a su casa, logrando los primeros turnos. Sus hijos fueron atendidos por los profesionales responsables de la campa\u00f1a, quienes corroboraron lo que ya sab\u00edan. La necesidad de lentes.<\/p>\n\n\n\n<p>La historia de su otro hijo, Fabi\u00e1n Antonio, se evidencia por la pandemia, debido a la modalidad virtual de estudios se le presentaron&nbsp; constantes migra\u00f1as, que derivaron en un verdadero reto, por el tiempo que debe pasar frente al computador.<\/p>\n\n\n\n<p>Luego de ser atendidos por nuestros profesionales oftalmol\u00f3gicos, ambos fueron diagnosticados con problemas visuales, lo bueno de esta historia es que en 21 d\u00edas llegar\u00e1n sus lentes con las medida adecuadas.<\/p>\n\n\n\n<p>La historia de Fabi\u00e1n Jes\u00fas y Fabi\u00e1n Antonio, es similar a la de 120 ni\u00f1os, ni\u00f1as y adolescentes que fueron atendidos en la campa\u00f1a \u201cVisi\u00f3n con Coraz\u00f3n\u201d que se lleva adelante en convenio con la Fundaci\u00f3n Corazones Vivos, que atender\u00e1 a 50 mil ni\u00f1os, ni\u00f1as y adolescentes de la provincia y entregar\u00e1 15 mil lentes.<\/p>\n","protected":false},"excerpt":{"rendered":"<p>Fabi\u00e1n Jes\u00fas es un ni\u00f1o al que desde los 6 a\u00f1os, le diagnosticaron  problemas visuales y la necesidad de utilizar lentes; pero sus padres no se los pudieron comprar por falta de recursos.<\/p>\n","protected":false},"author":1,"featured_media":17311,"comment_status":"closed","ping_status":"open","sticky":false,"template":"","format":"standard","meta":{"_joinchat":[],"footnotes":""},"categories":[142,92,132,72,91],"tags":[],"class_list":["post-17310","post","type-post","status-publish","format-standard","has-post-thumbnail","hentry","category-desarrollo-social","category-noticias-manabi","category-portoviejo","category-salud","category-todas"],"yoast_head":"<!-- This site is optimized with the Yoast SEO plugin v27.4 - https:\/\/yoast.com\/product\/yoast-seo-wordpress\/ -->\n<title>LAS JORNADAS VISUALES LLEGAN CON UNA LUZ DE ESPERANZA A ALHAJUELA<\/title>\n<meta name=\"description\" content=\"Fabi\u00e1n Jes\u00fas es un ni\u00f1o al que desde los 6 a\u00f1os, le diagnosticaron problemas visuales y la necesidad de utilizar lentes; pero sus padres no se los pudieron comprar por falta de recursos. Su madre, Dolores Mendoza, con quien vive en la comunidad El Jobo, de la parroquia Alhajuela, del cant\u00f3n Portoviejo, se enter\u00f3 que estaba por llegar la brigada Visi\u00f3n con Coraz\u00f3n, de la Prefectura de Manab\u00ed, y se prepar\u00f3 para llevar a sus dos hijos: Fabi\u00e1n Jes\u00fas y Fabi\u00e1n Antonio, ambos con problemas visuales. El d\u00eda esperado lleg\u00f3, Dolores se levant\u00f3 muy temprano para ir hasta las instalaciones del GAD Parroquial de Alhajuela, donde se desarrollaban las jornadas m\u00e9dicas Visuales. Junto a sus dos hijos subi\u00f3 en el primer bus qu\u00e9 pas\u00f3 frente a su casa, logrando los primeros turnos. Sus hijos fueron atendidos por los profesionales responsables de la campa\u00f1a, quienes corroboraron lo que ya sab\u00edan. La necesidad de lentes.La historia de su otro hijo, Fabi\u00e1n Antonio, se evidencia por la pandemia, debido a la modalidad virtual de estudios se le presentaron constantes migra\u00f1as, que derivaron en un verdadero reto, por el tiempo que debe pasar frente al computador. Luego de ser atendidos por nuestros profesionales oftalmol\u00f3gicos, ambos fueron diagnosticados con problemas visuales, lo bueno de esta historia es que en 21 d\u00edas llegar\u00e1n sus lentes con las medida adecuadas. La historia de Fabi\u00e1n Jes\u00fas y Fabi\u00e1n Antonio, es similar a la de 120 ni\u00f1os, ni\u00f1as y adolescentes que fueron atendidos en la campa\u00f1a \u201cVisi\u00f3n con Coraz\u00f3n\u201d que se lleva adelante en convenio con la Fundaci\u00f3n Corazones Vivos, que atender\u00e1 a 50 mil ni\u00f1os, ni\u00f1as y adolescentes de la provincia y entregar\u00e1 15 mil lentes.\" \/>\n<meta name=\"robots\" content=\"index, follow, max-snippet:-1, max-image-preview:large, max-video-preview:-1\" \/>\n<link rel=\"canonical\" href=\"https:\/\/www.manabi.gob.ec\/index.php\/las-jornadas-visuales-llegan-con-una-luz-de-esperanza-a-alhajuela\/\" \/>\n<meta property=\"og:locale\" content=\"es_ES\" \/>\n<meta property=\"og:type\" content=\"article\" \/>\n<meta property=\"og:title\" content=\"LAS JORNADAS VISUALES LLEGAN CON UNA LUZ DE ESPERANZA A ALHAJUELA\" \/>\n<meta property=\"og:description\" content=\"Fabi\u00e1n Jes\u00fas es un ni\u00f1o al que desde los 6 a\u00f1os, le diagnosticaron problemas visuales y la necesidad de utilizar lentes; pero sus padres no se los pudieron comprar por falta de recursos. Su madre, Dolores Mendoza, con quien vive en la comunidad El Jobo, de la parroquia Alhajuela, del cant\u00f3n Portoviejo, se enter\u00f3 que estaba por llegar la brigada Visi\u00f3n con Coraz\u00f3n, de la Prefectura de Manab\u00ed, y se prepar\u00f3 para llevar a sus dos hijos: Fabi\u00e1n Jes\u00fas y Fabi\u00e1n Antonio, ambos con problemas visuales. El d\u00eda esperado lleg\u00f3, Dolores se levant\u00f3 muy temprano para ir hasta las instalaciones del GAD Parroquial de Alhajuela, donde se desarrollaban las jornadas m\u00e9dicas Visuales. Junto a sus dos hijos subi\u00f3 en el primer bus qu\u00e9 pas\u00f3 frente a su casa, logrando los primeros turnos. Sus hijos fueron atendidos por los profesionales responsables de la campa\u00f1a, quienes corroboraron lo que ya sab\u00edan. La necesidad de lentes.La historia de su otro hijo, Fabi\u00e1n Antonio, se evidencia por la pandemia, debido a la modalidad virtual de estudios se le presentaron constantes migra\u00f1as, que derivaron en un verdadero reto, por el tiempo que debe pasar frente al computador. Luego de ser atendidos por nuestros profesionales oftalmol\u00f3gicos, ambos fueron diagnosticados con problemas visuales, lo bueno de esta historia es que en 21 d\u00edas llegar\u00e1n sus lentes con las medida adecuadas. La historia de Fabi\u00e1n Jes\u00fas y Fabi\u00e1n Antonio, es similar a la de 120 ni\u00f1os, ni\u00f1as y adolescentes que fueron atendidos en la campa\u00f1a \u201cVisi\u00f3n con Coraz\u00f3n\u201d que se lleva adelante en convenio con la Fundaci\u00f3n Corazones Vivos, que atender\u00e1 a 50 mil ni\u00f1os, ni\u00f1as y adolescentes de la provincia y entregar\u00e1 15 mil lentes.\" \/>\n<meta property=\"og:url\" content=\"https:\/\/www.manabi.gob.ec\/index.php\/las-jornadas-visuales-llegan-con-una-luz-de-esperanza-a-alhajuela\/\" \/>\n<meta property=\"og:site_name\" content=\"Prefectura de Manab\u00ed\" \/>\n<meta property=\"article:published_time\" content=\"2021-05-11T16:19:04+00:00\" \/>\n<meta property=\"article:modified_time\" content=\"2021-05-11T16:19:05+00:00\" \/>\n<meta property=\"og:image\" content=\"https:\/\/www.manabi.gob.ec\/wp-content\/uploads\/2021\/05\/Jornadas-medicasn-en-Alahuela-2.jpg\" \/>\n\t<meta property=\"og:image:width\" content=\"1280\" \/>\n\t<meta property=\"og:image:height\" content=\"720\" \/>\n\t<meta property=\"og:image:type\" content=\"image\/jpeg\" \/>\n<meta name=\"author\" content=\"admin\" \/>\n<meta name=\"twitter:card\" content=\"summary_large_image\" \/>\n<meta name=\"twitter:label1\" content=\"Escrito por\" \/>\n\t<meta name=\"twitter:data1\" content=\"admin\" \/>\n\t<meta name=\"twitter:label2\" content=\"Tiempo de lectura\" \/>\n\t<meta name=\"twitter:data2\" content=\"2 minutos\" \/>\n<script type=\"application\/ld+json\" class=\"yoast-schema-graph\">{\"@context\":\"https:\\\/\\\/schema.org\",\"@graph\":[{\"@type\":\"Article\",\"@id\":\"https:\\\/\\\/www.manabi.gob.ec\\\/index.php\\\/las-jornadas-visuales-llegan-con-una-luz-de-esperanza-a-alhajuela\\\/#article\",\"isPartOf\":{\"@id\":\"https:\\\/\\\/www.manabi.gob.ec\\\/index.php\\\/las-jornadas-visuales-llegan-con-una-luz-de-esperanza-a-alhajuela\\\/\"},\"author\":{\"name\":\"admin\",\"@id\":\"https:\\\/\\\/www.manabi.gob.ec\\\/#\\\/schema\\\/person\\\/cfc71bd68fe2703b779edcc292a49722\"},\"headline\":\"LAS JORNADAS VISUALES LLEGAN CON UNA LUZ DE ESPERANZA A ALHAJUELA\",\"datePublished\":\"2021-05-11T16:19:04+00:00\",\"dateModified\":\"2021-05-11T16:19:05+00:00\",\"mainEntityOfPage\":{\"@id\":\"https:\\\/\\\/www.manabi.gob.ec\\\/index.php\\\/las-jornadas-visuales-llegan-con-una-luz-de-esperanza-a-alhajuela\\\/\"},\"wordCount\":317,\"image\":{\"@id\":\"https:\\\/\\\/www.manabi.gob.ec\\\/index.php\\\/las-jornadas-visuales-llegan-con-una-luz-de-esperanza-a-alhajuela\\\/#primaryimage\"},\"thumbnailUrl\":\"https:\\\/\\\/www.manabi.gob.ec\\\/wp-content\\\/uploads\\\/2021\\\/05\\\/Jornadas-medicasn-en-Alahuela-2.jpg\",\"articleSection\":[\"Desarrollo Social\",\"Noticias\",\"Portoviejo\",\"salud\",\"Todas\"],\"inLanguage\":\"es\"},{\"@type\":\"WebPage\",\"@id\":\"https:\\\/\\\/www.manabi.gob.ec\\\/index.php\\\/las-jornadas-visuales-llegan-con-una-luz-de-esperanza-a-alhajuela\\\/\",\"url\":\"https:\\\/\\\/www.manabi.gob.ec\\\/index.php\\\/las-jornadas-visuales-llegan-con-una-luz-de-esperanza-a-alhajuela\\\/\",\"name\":\"LAS JORNADAS VISUALES LLEGAN CON UNA LUZ DE ESPERANZA A ALHAJUELA\",\"isPartOf\":{\"@id\":\"https:\\\/\\\/www.manabi.gob.ec\\\/#website\"},\"primaryImageOfPage\":{\"@id\":\"https:\\\/\\\/www.manabi.gob.ec\\\/index.php\\\/las-jornadas-visuales-llegan-con-una-luz-de-esperanza-a-alhajuela\\\/#primaryimage\"},\"image\":{\"@id\":\"https:\\\/\\\/www.manabi.gob.ec\\\/index.php\\\/las-jornadas-visuales-llegan-con-una-luz-de-esperanza-a-alhajuela\\\/#primaryimage\"},\"thumbnailUrl\":\"https:\\\/\\\/www.manabi.gob.ec\\\/wp-content\\\/uploads\\\/2021\\\/05\\\/Jornadas-medicasn-en-Alahuela-2.jpg\",\"datePublished\":\"2021-05-11T16:19:04+00:00\",\"dateModified\":\"2021-05-11T16:19:05+00:00\",\"author\":{\"@id\":\"https:\\\/\\\/www.manabi.gob.ec\\\/#\\\/schema\\\/person\\\/cfc71bd68fe2703b779edcc292a49722\"},\"description\":\"Fabi\u00e1n Jes\u00fas es un ni\u00f1o al que desde los 6 a\u00f1os, le diagnosticaron problemas visuales y la necesidad de utilizar lentes; pero sus padres no se los pudieron comprar por falta de recursos. Su madre, Dolores Mendoza, con quien vive en la comunidad El Jobo, de la parroquia Alhajuela, del cant\u00f3n Portoviejo, se enter\u00f3 que estaba por llegar la brigada Visi\u00f3n con Coraz\u00f3n, de la Prefectura de Manab\u00ed, y se prepar\u00f3 para llevar a sus dos hijos: Fabi\u00e1n Jes\u00fas y Fabi\u00e1n Antonio, ambos con problemas visuales. El d\u00eda esperado lleg\u00f3, Dolores se levant\u00f3 muy temprano para ir hasta las instalaciones del GAD Parroquial de Alhajuela, donde se desarrollaban las jornadas m\u00e9dicas Visuales. Junto a sus dos hijos subi\u00f3 en el primer bus qu\u00e9 pas\u00f3 frente a su casa, logrando los primeros turnos. Sus hijos fueron atendidos por los profesionales responsables de la campa\u00f1a, quienes corroboraron lo que ya sab\u00edan. La necesidad de lentes.La historia de su otro hijo, Fabi\u00e1n Antonio, se evidencia por la pandemia, debido a la modalidad virtual de estudios se le presentaron constantes migra\u00f1as, que derivaron en un verdadero reto, por el tiempo que debe pasar frente al computador. Luego de ser atendidos por nuestros profesionales oftalmol\u00f3gicos, ambos fueron diagnosticados con problemas visuales, lo bueno de esta historia es que en 21 d\u00edas llegar\u00e1n sus lentes con las medida adecuadas. La historia de Fabi\u00e1n Jes\u00fas y Fabi\u00e1n Antonio, es similar a la de 120 ni\u00f1os, ni\u00f1as y adolescentes que fueron atendidos en la campa\u00f1a \u201cVisi\u00f3n con Coraz\u00f3n\u201d que se lleva adelante en convenio con la Fundaci\u00f3n Corazones Vivos, que atender\u00e1 a 50 mil ni\u00f1os, ni\u00f1as y adolescentes de la provincia y entregar\u00e1 15 mil lentes.\",\"breadcrumb\":{\"@id\":\"https:\\\/\\\/www.manabi.gob.ec\\\/index.php\\\/las-jornadas-visuales-llegan-con-una-luz-de-esperanza-a-alhajuela\\\/#breadcrumb\"},\"inLanguage\":\"es\",\"potentialAction\":[{\"@type\":\"ReadAction\",\"target\":[\"https:\\\/\\\/www.manabi.gob.ec\\\/index.php\\\/las-jornadas-visuales-llegan-con-una-luz-de-esperanza-a-alhajuela\\\/\"]}]},{\"@type\":\"ImageObject\",\"inLanguage\":\"es\",\"@id\":\"https:\\\/\\\/www.manabi.gob.ec\\\/index.php\\\/las-jornadas-visuales-llegan-con-una-luz-de-esperanza-a-alhajuela\\\/#primaryimage\",\"url\":\"https:\\\/\\\/www.manabi.gob.ec\\\/wp-content\\\/uploads\\\/2021\\\/05\\\/Jornadas-medicasn-en-Alahuela-2.jpg\",\"contentUrl\":\"https:\\\/\\\/www.manabi.gob.ec\\\/wp-content\\\/uploads\\\/2021\\\/05\\\/Jornadas-medicasn-en-Alahuela-2.jpg\",\"width\":1280,\"height\":720},{\"@type\":\"BreadcrumbList\",\"@id\":\"https:\\\/\\\/www.manabi.gob.ec\\\/index.php\\\/las-jornadas-visuales-llegan-con-una-luz-de-esperanza-a-alhajuela\\\/#breadcrumb\",\"itemListElement\":[{\"@type\":\"ListItem\",\"position\":1,\"name\":\"Portada\",\"item\":\"https:\\\/\\\/www.manabi.gob.ec\\\/\"},{\"@type\":\"ListItem\",\"position\":2,\"name\":\"LAS JORNADAS VISUALES LLEGAN CON UNA LUZ DE ESPERANZA A ALHAJUELA\"}]},{\"@type\":\"WebSite\",\"@id\":\"https:\\\/\\\/www.manabi.gob.ec\\\/#website\",\"url\":\"https:\\\/\\\/www.manabi.gob.ec\\\/\",\"name\":\"Prefectura de Manab\u00ed\",\"description\":\"P\u00e1gina web de la prefectura\",\"potentialAction\":[{\"@type\":\"SearchAction\",\"target\":{\"@type\":\"EntryPoint\",\"urlTemplate\":\"https:\\\/\\\/www.manabi.gob.ec\\\/?s={search_term_string}\"},\"query-input\":{\"@type\":\"PropertyValueSpecification\",\"valueRequired\":true,\"valueName\":\"search_term_string\"}}],\"inLanguage\":\"es\"},{\"@type\":\"Person\",\"@id\":\"https:\\\/\\\/www.manabi.gob.ec\\\/#\\\/schema\\\/person\\\/cfc71bd68fe2703b779edcc292a49722\",\"name\":\"admin\",\"image\":{\"@type\":\"ImageObject\",\"inLanguage\":\"es\",\"@id\":\"https:\\\/\\\/secure.gravatar.com\\\/avatar\\\/23e9f919492b0a2f65aa168e0d8c5c867ea853b61deffbadf08c7031e15b8d78?s=96&d=mm&r=g\",\"url\":\"https:\\\/\\\/secure.gravatar.com\\\/avatar\\\/23e9f919492b0a2f65aa168e0d8c5c867ea853b61deffbadf08c7031e15b8d78?s=96&d=mm&r=g\",\"contentUrl\":\"https:\\\/\\\/secure.gravatar.com\\\/avatar\\\/23e9f919492b0a2f65aa168e0d8c5c867ea853b61deffbadf08c7031e15b8d78?s=96&d=mm&r=g\",\"caption\":\"admin\"},\"sameAs\":[\"http:\\\/\\\/www.manabi.gob.ec\"],\"url\":\"https:\\\/\\\/www.manabi.gob.ec\\\/index.php\\\/author\\\/admin\\\/\"}]}<\/script>\n<!-- \/ Yoast SEO plugin. -->","yoast_head_json":{"title":"LAS JORNADAS VISUALES LLEGAN CON UNA LUZ DE ESPERANZA A ALHAJUELA","description":"Fabi\u00e1n Jes\u00fas es un ni\u00f1o al que desde los 6 a\u00f1os, le diagnosticaron problemas visuales y la necesidad de utilizar lentes; pero sus padres no se los pudieron comprar por falta de recursos. Su madre, Dolores Mendoza, con quien vive en la comunidad El Jobo, de la parroquia Alhajuela, del cant\u00f3n Portoviejo, se enter\u00f3 que estaba por llegar la brigada Visi\u00f3n con Coraz\u00f3n, de la Prefectura de Manab\u00ed, y se prepar\u00f3 para llevar a sus dos hijos: Fabi\u00e1n Jes\u00fas y Fabi\u00e1n Antonio, ambos con problemas visuales. El d\u00eda esperado lleg\u00f3, Dolores se levant\u00f3 muy temprano para ir hasta las instalaciones del GAD Parroquial de Alhajuela, donde se desarrollaban las jornadas m\u00e9dicas Visuales. Junto a sus dos hijos subi\u00f3 en el primer bus qu\u00e9 pas\u00f3 frente a su casa, logrando los primeros turnos. Sus hijos fueron atendidos por los profesionales responsables de la campa\u00f1a, quienes corroboraron lo que ya sab\u00edan. La necesidad de lentes.La historia de su otro hijo, Fabi\u00e1n Antonio, se evidencia por la pandemia, debido a la modalidad virtual de estudios se le presentaron constantes migra\u00f1as, que derivaron en un verdadero reto, por el tiempo que debe pasar frente al computador. Luego de ser atendidos por nuestros profesionales oftalmol\u00f3gicos, ambos fueron diagnosticados con problemas visuales, lo bueno de esta historia es que en 21 d\u00edas llegar\u00e1n sus lentes con las medida adecuadas. La historia de Fabi\u00e1n Jes\u00fas y Fabi\u00e1n Antonio, es similar a la de 120 ni\u00f1os, ni\u00f1as y adolescentes que fueron atendidos en la campa\u00f1a \u201cVisi\u00f3n con Coraz\u00f3n\u201d que se lleva adelante en convenio con la Fundaci\u00f3n Corazones Vivos, que atender\u00e1 a 50 mil ni\u00f1os, ni\u00f1as y adolescentes de la provincia y entregar\u00e1 15 mil lentes.","robots":{"index":"index","follow":"follow","max-snippet":"max-snippet:-1","max-image-preview":"max-image-preview:large","max-video-preview":"max-video-preview:-1"},"canonical":"https:\/\/www.manabi.gob.ec\/index.php\/las-jornadas-visuales-llegan-con-una-luz-de-esperanza-a-alhajuela\/","og_locale":"es_ES","og_type":"article","og_title":"LAS JORNADAS VISUALES LLEGAN CON UNA LUZ DE ESPERANZA A ALHAJUELA","og_description":"Fabi\u00e1n Jes\u00fas es un ni\u00f1o al que desde los 6 a\u00f1os, le diagnosticaron problemas visuales y la necesidad de utilizar lentes; pero sus padres no se los pudieron comprar por falta de recursos. Su madre, Dolores Mendoza, con quien vive en la comunidad El Jobo, de la parroquia Alhajuela, del cant\u00f3n Portoviejo, se enter\u00f3 que estaba por llegar la brigada Visi\u00f3n con Coraz\u00f3n, de la Prefectura de Manab\u00ed, y se prepar\u00f3 para llevar a sus dos hijos: Fabi\u00e1n Jes\u00fas y Fabi\u00e1n Antonio, ambos con problemas visuales. El d\u00eda esperado lleg\u00f3, Dolores se levant\u00f3 muy temprano para ir hasta las instalaciones del GAD Parroquial de Alhajuela, donde se desarrollaban las jornadas m\u00e9dicas Visuales. Junto a sus dos hijos subi\u00f3 en el primer bus qu\u00e9 pas\u00f3 frente a su casa, logrando los primeros turnos. Sus hijos fueron atendidos por los profesionales responsables de la campa\u00f1a, quienes corroboraron lo que ya sab\u00edan. La necesidad de lentes.La historia de su otro hijo, Fabi\u00e1n Antonio, se evidencia por la pandemia, debido a la modalidad virtual de estudios se le presentaron constantes migra\u00f1as, que derivaron en un verdadero reto, por el tiempo que debe pasar frente al computador. Luego de ser atendidos por nuestros profesionales oftalmol\u00f3gicos, ambos fueron diagnosticados con problemas visuales, lo bueno de esta historia es que en 21 d\u00edas llegar\u00e1n sus lentes con las medida adecuadas. La historia de Fabi\u00e1n Jes\u00fas y Fabi\u00e1n Antonio, es similar a la de 120 ni\u00f1os, ni\u00f1as y adolescentes que fueron atendidos en la campa\u00f1a \u201cVisi\u00f3n con Coraz\u00f3n\u201d que se lleva adelante en convenio con la Fundaci\u00f3n Corazones Vivos, que atender\u00e1 a 50 mil ni\u00f1os, ni\u00f1as y adolescentes de la provincia y entregar\u00e1 15 mil lentes.","og_url":"https:\/\/www.manabi.gob.ec\/index.php\/las-jornadas-visuales-llegan-con-una-luz-de-esperanza-a-alhajuela\/","og_site_name":"Prefectura de Manab\u00ed","article_published_time":"2021-05-11T16:19:04+00:00","article_modified_time":"2021-05-11T16:19:05+00:00","og_image":[{"width":1280,"height":720,"url":"https:\/\/www.manabi.gob.ec\/wp-content\/uploads\/2021\/05\/Jornadas-medicasn-en-Alahuela-2.jpg","type":"image\/jpeg"}],"author":"admin","twitter_card":"summary_large_image","twitter_misc":{"Escrito por":"admin","Tiempo de lectura":"2 minutos"},"schema":{"@context":"https:\/\/schema.org","@graph":[{"@type":"Article","@id":"https:\/\/www.manabi.gob.ec\/index.php\/las-jornadas-visuales-llegan-con-una-luz-de-esperanza-a-alhajuela\/#article","isPartOf":{"@id":"https:\/\/www.manabi.gob.ec\/index.php\/las-jornadas-visuales-llegan-con-una-luz-de-esperanza-a-alhajuela\/"},"author":{"name":"admin","@id":"https:\/\/www.manabi.gob.ec\/#\/schema\/person\/cfc71bd68fe2703b779edcc292a49722"},"headline":"LAS JORNADAS VISUALES LLEGAN CON UNA LUZ DE ESPERANZA A ALHAJUELA","datePublished":"2021-05-11T16:19:04+00:00","dateModified":"2021-05-11T16:19:05+00:00","mainEntityOfPage":{"@id":"https:\/\/www.manabi.gob.ec\/index.php\/las-jornadas-visuales-llegan-con-una-luz-de-esperanza-a-alhajuela\/"},"wordCount":317,"image":{"@id":"https:\/\/www.manabi.gob.ec\/index.php\/las-jornadas-visuales-llegan-con-una-luz-de-esperanza-a-alhajuela\/#primaryimage"},"thumbnailUrl":"https:\/\/www.manabi.gob.ec\/wp-content\/uploads\/2021\/05\/Jornadas-medicasn-en-Alahuela-2.jpg","articleSection":["Desarrollo Social","Noticias","Portoviejo","salud","Todas"],"inLanguage":"es"},{"@type":"WebPage","@id":"https:\/\/www.manabi.gob.ec\/index.php\/las-jornadas-visuales-llegan-con-una-luz-de-esperanza-a-alhajuela\/","url":"https:\/\/www.manabi.gob.ec\/index.php\/las-jornadas-visuales-llegan-con-una-luz-de-esperanza-a-alhajuela\/","name":"LAS JORNADAS VISUALES LLEGAN CON UNA LUZ DE ESPERANZA A ALHAJUELA","isPartOf":{"@id":"https:\/\/www.manabi.gob.ec\/#website"},"primaryImageOfPage":{"@id":"https:\/\/www.manabi.gob.ec\/index.php\/las-jornadas-visuales-llegan-con-una-luz-de-esperanza-a-alhajuela\/#primaryimage"},"image":{"@id":"https:\/\/www.manabi.gob.ec\/index.php\/las-jornadas-visuales-llegan-con-una-luz-de-esperanza-a-alhajuela\/#primaryimage"},"thumbnailUrl":"https:\/\/www.manabi.gob.ec\/wp-content\/uploads\/2021\/05\/Jornadas-medicasn-en-Alahuela-2.jpg","datePublished":"2021-05-11T16:19:04+00:00","dateModified":"2021-05-11T16:19:05+00:00","author":{"@id":"https:\/\/www.manabi.gob.ec\/#\/schema\/person\/cfc71bd68fe2703b779edcc292a49722"},"description":"Fabi\u00e1n Jes\u00fas es un ni\u00f1o al que desde los 6 a\u00f1os, le diagnosticaron problemas visuales y la necesidad de utilizar lentes; pero sus padres no se los pudieron comprar por falta de recursos. Su madre, Dolores Mendoza, con quien vive en la comunidad El Jobo, de la parroquia Alhajuela, del cant\u00f3n Portoviejo, se enter\u00f3 que estaba por llegar la brigada Visi\u00f3n con Coraz\u00f3n, de la Prefectura de Manab\u00ed, y se prepar\u00f3 para llevar a sus dos hijos: Fabi\u00e1n Jes\u00fas y Fabi\u00e1n Antonio, ambos con problemas visuales. El d\u00eda esperado lleg\u00f3, Dolores se levant\u00f3 muy temprano para ir hasta las instalaciones del GAD Parroquial de Alhajuela, donde se desarrollaban las jornadas m\u00e9dicas Visuales. Junto a sus dos hijos subi\u00f3 en el primer bus qu\u00e9 pas\u00f3 frente a su casa, logrando los primeros turnos. Sus hijos fueron atendidos por los profesionales responsables de la campa\u00f1a, quienes corroboraron lo que ya sab\u00edan. La necesidad de lentes.La historia de su otro hijo, Fabi\u00e1n Antonio, se evidencia por la pandemia, debido a la modalidad virtual de estudios se le presentaron constantes migra\u00f1as, que derivaron en un verdadero reto, por el tiempo que debe pasar frente al computador. Luego de ser atendidos por nuestros profesionales oftalmol\u00f3gicos, ambos fueron diagnosticados con problemas visuales, lo bueno de esta historia es que en 21 d\u00edas llegar\u00e1n sus lentes con las medida adecuadas. La historia de Fabi\u00e1n Jes\u00fas y Fabi\u00e1n Antonio, es similar a la de 120 ni\u00f1os, ni\u00f1as y adolescentes que fueron atendidos en la campa\u00f1a \u201cVisi\u00f3n con Coraz\u00f3n\u201d que se lleva adelante en convenio con la Fundaci\u00f3n Corazones Vivos, que atender\u00e1 a 50 mil ni\u00f1os, ni\u00f1as y adolescentes de la provincia y entregar\u00e1 15 mil lentes.","breadcrumb":{"@id":"https:\/\/www.manabi.gob.ec\/index.php\/las-jornadas-visuales-llegan-con-una-luz-de-esperanza-a-alhajuela\/#breadcrumb"},"inLanguage":"es","potentialAction":[{"@type":"ReadAction","target":["https:\/\/www.manabi.gob.ec\/index.php\/las-jornadas-visuales-llegan-con-una-luz-de-esperanza-a-alhajuela\/"]}]},{"@type":"ImageObject","inLanguage":"es","@id":"https:\/\/www.manabi.gob.ec\/index.php\/las-jornadas-visuales-llegan-con-una-luz-de-esperanza-a-alhajuela\/#primaryimage","url":"https:\/\/www.manabi.gob.ec\/wp-content\/uploads\/2021\/05\/Jornadas-medicasn-en-Alahuela-2.jpg","contentUrl":"https:\/\/www.manabi.gob.ec\/wp-content\/uploads\/2021\/05\/Jornadas-medicasn-en-Alahuela-2.jpg","width":1280,"height":720},{"@type":"BreadcrumbList","@id":"https:\/\/www.manabi.gob.ec\/index.php\/las-jornadas-visuales-llegan-con-una-luz-de-esperanza-a-alhajuela\/#breadcrumb","itemListElement":[{"@type":"ListItem","position":1,"name":"Portada","item":"https:\/\/www.manabi.gob.ec\/"},{"@type":"ListItem","position":2,"name":"LAS JORNADAS VISUALES LLEGAN CON UNA LUZ DE ESPERANZA A ALHAJUELA"}]},{"@type":"WebSite","@id":"https:\/\/www.manabi.gob.ec\/#website","url":"https:\/\/www.manabi.gob.ec\/","name":"Prefectura de Manab\u00ed","description":"P\u00e1gina web de la prefectura","potentialAction":[{"@type":"SearchAction","target":{"@type":"EntryPoint","urlTemplate":"https:\/\/www.manabi.gob.ec\/?s={search_term_string}"},"query-input":{"@type":"PropertyValueSpecification","valueRequired":true,"valueName":"search_term_string"}}],"inLanguage":"es"},{"@type":"Person","@id":"https:\/\/www.manabi.gob.ec\/#\/schema\/person\/cfc71bd68fe2703b779edcc292a49722","name":"admin","image":{"@type":"ImageObject","inLanguage":"es","@id":"https:\/\/secure.gravatar.com\/avatar\/23e9f919492b0a2f65aa168e0d8c5c867ea853b61deffbadf08c7031e15b8d78?s=96&d=mm&r=g","url":"https:\/\/secure.gravatar.com\/avatar\/23e9f919492b0a2f65aa168e0d8c5c867ea853b61deffbadf08c7031e15b8d78?s=96&d=mm&r=g","contentUrl":"https:\/\/secure.gravatar.com\/avatar\/23e9f919492b0a2f65aa168e0d8c5c867ea853b61deffbadf08c7031e15b8d78?s=96&d=mm&r=g","caption":"admin"},"sameAs":["http:\/\/www.manabi.gob.ec"],"url":"https:\/\/www.manabi.gob.ec\/index.php\/author\/admin\/"}]}},"jetpack_featured_media_url":"https:\/\/www.manabi.gob.ec\/wp-content\/uploads\/2021\/05\/Jornadas-medicasn-en-Alahuela-2.jpg","_links":{"self":[{"href":"https:\/\/www.manabi.gob.ec\/index.php\/wp-json\/wp\/v2\/posts\/17310","targetHints":{"allow":["GET"]}}],"collection":[{"href":"https:\/\/www.manabi.gob.ec\/index.php\/wp-json\/wp\/v2\/posts"}],"about":[{"href":"https:\/\/www.manabi.gob.ec\/index.php\/wp-json\/wp\/v2\/types\/post"}],"author":[{"embeddable":true,"href":"https:\/\/www.manabi.gob.ec\/index.php\/wp-json\/wp\/v2\/users\/1"}],"replies":[{"embeddable":true,"href":"https:\/\/www.manabi.gob.ec\/index.php\/wp-json\/wp\/v2\/comments?post=17310"}],"version-history":[{"count":0,"href":"https:\/\/www.manabi.gob.ec\/index.php\/wp-json\/wp\/v2\/posts\/17310\/revisions"}],"wp:featuredmedia":[{"embeddable":true,"href":"https:\/\/www.manabi.gob.ec\/index.php\/wp-json\/wp\/v2\/media\/17311"}],"wp:attachment":[{"href":"https:\/\/www.manabi.gob.ec\/index.php\/wp-json\/wp\/v2\/media?parent=17310"}],"wp:term":[{"taxonomy":"category","embeddable":true,"href":"https:\/\/www.manabi.gob.ec\/index.php\/wp-json\/wp\/v2\/categories?post=17310"},{"taxonomy":"post_tag","embeddable":true,"href":"https:\/\/www.manabi.gob.ec\/index.php\/wp-json\/wp\/v2\/tags?post=17310"}],"curies":[{"name":"wp","href":"https:\/\/api.w.org\/{rel}","templated":true}]}}