{"id":17334,"date":"2021-05-12T19:29:55","date_gmt":"2021-05-12T19:29:55","guid":{"rendered":"https:\/\/www.manabi.gob.ec\/?p=17334"},"modified":"2021-05-12T19:29:58","modified_gmt":"2021-05-12T19:29:58","slug":"servidores-turisticos-aseguran-que-la-via-los-arenales-la-boca-es-una-esperanza-para-su-reactivacion-economica","status":"publish","type":"post","link":"https:\/\/www.manabi.gob.ec\/index.php\/servidores-turisticos-aseguran-que-la-via-los-arenales-la-boca-es-una-esperanza-para-su-reactivacion-economica\/","title":{"rendered":"SERVIDORES TUR\u00cdSTICOS ASEGURAN QUE LA V\u00cdA LOS ARENALES \u2013 LA BOCA ES UNA ESPERANZA PARA SU REACTIVACI\u00d3N ECON\u00d3MICA"},"content":{"rendered":"\n<p>Los tiempos son dif\u00edciles para los 26 integrantes de la Asociaci\u00f3n de Caba\u00f1as Tur\u00edsticas \u201cDesembocadura del r\u00edo Portoviejo\u201d, ubicada en el sector La Boca de la parroquia Crucita.<\/p>\n\n\n\n<p>La pandemia los ha golpeado directamente, debido a las restricciones de movilidad que impiden la llegada de turistas a este balneario. Domingo Lucas, integrante de este gremio, se\u00f1al\u00f3 que sin visitantes no hay ventas y sin ventas no hay ingresos econ\u00f3micos.&nbsp;<\/p>\n\n\n\n<p>\u201cEstamos sobreviviendo. Nuestros \u00fanicos clientes son los trabajadores de la v\u00eda\u201d, dijo el comerciante en referencia al personal del consorcio Los Ranchos, que tiene a su cargo la ampliaci\u00f3n y reconstrucci\u00f3n de la carretera Los Arenales \u2013 La Boca, de 7.1 km; obra contratada por el Gobierno de Manab\u00ed, por 1.8 millones de d\u00f3lares.<\/p>\n\n\n\n<p>Pese a la adversidad, dijo que mantienen la esperanza de mejores d\u00edas. Esperan que para el \u00faltimo trimestre del a\u00f1o se haya controlado la pandemia y, para entonces, lleguen m\u00e1s turistas gracias a que estos contar\u00e1n con una carretera de primer nivel, asfaltada y con ciclov\u00edas.&nbsp;<\/p>\n\n\n\n<p>\u201cVamos a prepararnos para promocionar La Boca, porque con esta v\u00eda cualquiera puede venir con su familia a disfrutar de la playa y nosotros podremos reactivarnos econ\u00f3micamente\u201d, manifest\u00f3.<\/p>\n\n\n\n<p>Lucas tambi\u00e9n se mostr\u00f3 agradecido con la Prefectura por la construcci\u00f3n de muros de piedra escollera para reforzar la zona donde est\u00e1n ubicadas las caba\u00f1as. Esto evit\u00f3 que \u00e9l y sus compa\u00f1eros perdieran sus lugares y herramientas de trabajo, debido al fuerte oleaje.<\/p>\n\n\n\n<p>La reconstrucci\u00f3n de la v\u00eda Los Arenales \u2013 La Boca, tiene un avance f\u00edsico del 27%, seg\u00fan Marlon L\u00f3pez, superintendente de la obra. \u201cEstamos avanzando sin ning\u00fan inconveniente. Hemos intervenido en 6 km en los que ya hemos colocado la capa de mejoramiento y 2 km de subbase, y seguimos con estos trabajos para posteriormente colocar la capa de base\u201d, explic\u00f3.<\/p>\n","protected":false},"excerpt":{"rendered":"<p>Los tiempos son dif\u00edciles para los 26 integrantes de la Asociaci\u00f3n de Caba\u00f1as Tur\u00edsticas \u201cDesembocadura del r\u00edo Portoviejo\u201d, ubicada en el sector La Boca de la parroquia Crucita. La pandemia los ha golpeado directamente, debido a las restricciones de movilidad que impiden la llegada de turistas a este balneario. Domingo Lucas, integrante de este gremio, [&hellip;]<\/p>\n","protected":false},"author":1,"featured_media":17335,"comment_status":"closed","ping_status":"open","sticky":false,"template":"","format":"standard","meta":{"_joinchat":[],"footnotes":""},"categories":[142,92,132,140,91,81],"tags":[],"class_list":["post-17334","post","type-post","status-publish","format-standard","has-post-thumbnail","hentry","category-desarrollo-social","category-noticias-manabi","category-portoviejo","category-produccion","category-todas","category-turismo"],"yoast_head":"<!-- This site is optimized with the Yoast SEO plugin v27.4 - https:\/\/yoast.com\/product\/yoast-seo-wordpress\/ -->\n<title>SERVIDORES TUR\u00cdSTICOS ASEGURAN QUE LA V\u00cdA LOS ARENALES \u2013 LA BOCA ES UNA ESPERANZA PARA SU REACTIVACI\u00d3N ECON\u00d3MICA - Prefectura de Manab\u00ed<\/title>\n<meta name=\"robots\" content=\"index, follow, max-snippet:-1, max-image-preview:large, max-video-preview:-1\" \/>\n<link rel=\"canonical\" href=\"https:\/\/www.manabi.gob.ec\/index.php\/servidores-turisticos-aseguran-que-la-via-los-arenales-la-boca-es-una-esperanza-para-su-reactivacion-economica\/\" \/>\n<meta property=\"og:locale\" content=\"es_ES\" \/>\n<meta property=\"og:type\" content=\"article\" \/>\n<meta property=\"og:title\" content=\"SERVIDORES TUR\u00cdSTICOS ASEGURAN QUE LA V\u00cdA LOS ARENALES \u2013 LA BOCA ES UNA ESPERANZA PARA SU REACTIVACI\u00d3N ECON\u00d3MICA - Prefectura de Manab\u00ed\" \/>\n<meta property=\"og:description\" content=\"Los tiempos son dif\u00edciles para los 26 integrantes de la Asociaci\u00f3n de Caba\u00f1as Tur\u00edsticas \u201cDesembocadura del r\u00edo Portoviejo\u201d, ubicada en el sector La Boca de la parroquia Crucita. La pandemia los ha golpeado directamente, debido a las restricciones de movilidad que impiden la llegada de turistas a este balneario. Domingo Lucas, integrante de este gremio, [&hellip;]\" \/>\n<meta property=\"og:url\" content=\"https:\/\/www.manabi.gob.ec\/index.php\/servidores-turisticos-aseguran-que-la-via-los-arenales-la-boca-es-una-esperanza-para-su-reactivacion-economica\/\" \/>\n<meta property=\"og:site_name\" content=\"Prefectura de Manab\u00ed\" \/>\n<meta property=\"article:published_time\" content=\"2021-05-12T19:29:55+00:00\" \/>\n<meta property=\"article:modified_time\" content=\"2021-05-12T19:29:58+00:00\" \/>\n<meta property=\"og:image\" content=\"https:\/\/www.manabi.gob.ec\/wp-content\/uploads\/2021\/05\/Los-Arenales-La-BOca-1.jpg\" \/>\n\t<meta property=\"og:image:width\" content=\"1530\" \/>\n\t<meta property=\"og:image:height\" content=\"1022\" \/>\n\t<meta property=\"og:image:type\" content=\"image\/jpeg\" \/>\n<meta name=\"author\" content=\"admin\" \/>\n<meta name=\"twitter:card\" content=\"summary_large_image\" \/>\n<meta name=\"twitter:label1\" content=\"Escrito por\" \/>\n\t<meta name=\"twitter:data1\" content=\"admin\" \/>\n\t<meta name=\"twitter:label2\" content=\"Tiempo de lectura\" \/>\n\t<meta name=\"twitter:data2\" content=\"2 minutos\" \/>\n<script type=\"application\/ld+json\" class=\"yoast-schema-graph\">{\"@context\":\"https:\\\/\\\/schema.org\",\"@graph\":[{\"@type\":\"Article\",\"@id\":\"https:\\\/\\\/www.manabi.gob.ec\\\/index.php\\\/servidores-turisticos-aseguran-que-la-via-los-arenales-la-boca-es-una-esperanza-para-su-reactivacion-economica\\\/#article\",\"isPartOf\":{\"@id\":\"https:\\\/\\\/www.manabi.gob.ec\\\/index.php\\\/servidores-turisticos-aseguran-que-la-via-los-arenales-la-boca-es-una-esperanza-para-su-reactivacion-economica\\\/\"},\"author\":{\"name\":\"admin\",\"@id\":\"https:\\\/\\\/www.manabi.gob.ec\\\/#\\\/schema\\\/person\\\/cfc71bd68fe2703b779edcc292a49722\"},\"headline\":\"SERVIDORES TUR\u00cdSTICOS ASEGURAN QUE LA V\u00cdA LOS ARENALES \u2013 LA BOCA ES UNA ESPERANZA PARA SU REACTIVACI\u00d3N ECON\u00d3MICA\",\"datePublished\":\"2021-05-12T19:29:55+00:00\",\"dateModified\":\"2021-05-12T19:29:58+00:00\",\"mainEntityOfPage\":{\"@id\":\"https:\\\/\\\/www.manabi.gob.ec\\\/index.php\\\/servidores-turisticos-aseguran-que-la-via-los-arenales-la-boca-es-una-esperanza-para-su-reactivacion-economica\\\/\"},\"wordCount\":345,\"image\":{\"@id\":\"https:\\\/\\\/www.manabi.gob.ec\\\/index.php\\\/servidores-turisticos-aseguran-que-la-via-los-arenales-la-boca-es-una-esperanza-para-su-reactivacion-economica\\\/#primaryimage\"},\"thumbnailUrl\":\"https:\\\/\\\/www.manabi.gob.ec\\\/wp-content\\\/uploads\\\/2021\\\/05\\\/Los-Arenales-La-BOca-1.jpg\",\"articleSection\":[\"Desarrollo Social\",\"Noticias\",\"Portoviejo\",\"Producci\u00f3n\",\"Todas\",\"Turismo\"],\"inLanguage\":\"es\"},{\"@type\":\"WebPage\",\"@id\":\"https:\\\/\\\/www.manabi.gob.ec\\\/index.php\\\/servidores-turisticos-aseguran-que-la-via-los-arenales-la-boca-es-una-esperanza-para-su-reactivacion-economica\\\/\",\"url\":\"https:\\\/\\\/www.manabi.gob.ec\\\/index.php\\\/servidores-turisticos-aseguran-que-la-via-los-arenales-la-boca-es-una-esperanza-para-su-reactivacion-economica\\\/\",\"name\":\"SERVIDORES TUR\u00cdSTICOS ASEGURAN QUE LA V\u00cdA LOS ARENALES \u2013 LA BOCA ES UNA ESPERANZA PARA SU REACTIVACI\u00d3N ECON\u00d3MICA - Prefectura de Manab\u00ed\",\"isPartOf\":{\"@id\":\"https:\\\/\\\/www.manabi.gob.ec\\\/#website\"},\"primaryImageOfPage\":{\"@id\":\"https:\\\/\\\/www.manabi.gob.ec\\\/index.php\\\/servidores-turisticos-aseguran-que-la-via-los-arenales-la-boca-es-una-esperanza-para-su-reactivacion-economica\\\/#primaryimage\"},\"image\":{\"@id\":\"https:\\\/\\\/www.manabi.gob.ec\\\/index.php\\\/servidores-turisticos-aseguran-que-la-via-los-arenales-la-boca-es-una-esperanza-para-su-reactivacion-economica\\\/#primaryimage\"},\"thumbnailUrl\":\"https:\\\/\\\/www.manabi.gob.ec\\\/wp-content\\\/uploads\\\/2021\\\/05\\\/Los-Arenales-La-BOca-1.jpg\",\"datePublished\":\"2021-05-12T19:29:55+00:00\",\"dateModified\":\"2021-05-12T19:29:58+00:00\",\"author\":{\"@id\":\"https:\\\/\\\/www.manabi.gob.ec\\\/#\\\/schema\\\/person\\\/cfc71bd68fe2703b779edcc292a49722\"},\"breadcrumb\":{\"@id\":\"https:\\\/\\\/www.manabi.gob.ec\\\/index.php\\\/servidores-turisticos-aseguran-que-la-via-los-arenales-la-boca-es-una-esperanza-para-su-reactivacion-economica\\\/#breadcrumb\"},\"inLanguage\":\"es\",\"potentialAction\":[{\"@type\":\"ReadAction\",\"target\":[\"https:\\\/\\\/www.manabi.gob.ec\\\/index.php\\\/servidores-turisticos-aseguran-que-la-via-los-arenales-la-boca-es-una-esperanza-para-su-reactivacion-economica\\\/\"]}]},{\"@type\":\"ImageObject\",\"inLanguage\":\"es\",\"@id\":\"https:\\\/\\\/www.manabi.gob.ec\\\/index.php\\\/servidores-turisticos-aseguran-que-la-via-los-arenales-la-boca-es-una-esperanza-para-su-reactivacion-economica\\\/#primaryimage\",\"url\":\"https:\\\/\\\/www.manabi.gob.ec\\\/wp-content\\\/uploads\\\/2021\\\/05\\\/Los-Arenales-La-BOca-1.jpg\",\"contentUrl\":\"https:\\\/\\\/www.manabi.gob.ec\\\/wp-content\\\/uploads\\\/2021\\\/05\\\/Los-Arenales-La-BOca-1.jpg\",\"width\":1530,\"height\":1022},{\"@type\":\"BreadcrumbList\",\"@id\":\"https:\\\/\\\/www.manabi.gob.ec\\\/index.php\\\/servidores-turisticos-aseguran-que-la-via-los-arenales-la-boca-es-una-esperanza-para-su-reactivacion-economica\\\/#breadcrumb\",\"itemListElement\":[{\"@type\":\"ListItem\",\"position\":1,\"name\":\"Portada\",\"item\":\"https:\\\/\\\/www.manabi.gob.ec\\\/\"},{\"@type\":\"ListItem\",\"position\":2,\"name\":\"SERVIDORES TUR\u00cdSTICOS ASEGURAN QUE LA V\u00cdA LOS ARENALES \u2013 LA BOCA ES UNA ESPERANZA PARA SU REACTIVACI\u00d3N ECON\u00d3MICA\"}]},{\"@type\":\"WebSite\",\"@id\":\"https:\\\/\\\/www.manabi.gob.ec\\\/#website\",\"url\":\"https:\\\/\\\/www.manabi.gob.ec\\\/\",\"name\":\"Prefectura de Manab\u00ed\",\"description\":\"P\u00e1gina web de la prefectura\",\"potentialAction\":[{\"@type\":\"SearchAction\",\"target\":{\"@type\":\"EntryPoint\",\"urlTemplate\":\"https:\\\/\\\/www.manabi.gob.ec\\\/?s={search_term_string}\"},\"query-input\":{\"@type\":\"PropertyValueSpecification\",\"valueRequired\":true,\"valueName\":\"search_term_string\"}}],\"inLanguage\":\"es\"},{\"@type\":\"Person\",\"@id\":\"https:\\\/\\\/www.manabi.gob.ec\\\/#\\\/schema\\\/person\\\/cfc71bd68fe2703b779edcc292a49722\",\"name\":\"admin\",\"image\":{\"@type\":\"ImageObject\",\"inLanguage\":\"es\",\"@id\":\"https:\\\/\\\/secure.gravatar.com\\\/avatar\\\/23e9f919492b0a2f65aa168e0d8c5c867ea853b61deffbadf08c7031e15b8d78?s=96&d=mm&r=g\",\"url\":\"https:\\\/\\\/secure.gravatar.com\\\/avatar\\\/23e9f919492b0a2f65aa168e0d8c5c867ea853b61deffbadf08c7031e15b8d78?s=96&d=mm&r=g\",\"contentUrl\":\"https:\\\/\\\/secure.gravatar.com\\\/avatar\\\/23e9f919492b0a2f65aa168e0d8c5c867ea853b61deffbadf08c7031e15b8d78?s=96&d=mm&r=g\",\"caption\":\"admin\"},\"sameAs\":[\"http:\\\/\\\/www.manabi.gob.ec\"],\"url\":\"https:\\\/\\\/www.manabi.gob.ec\\\/index.php\\\/author\\\/admin\\\/\"}]}<\/script>\n<!-- \/ Yoast SEO plugin. -->","yoast_head_json":{"title":"SERVIDORES TUR\u00cdSTICOS ASEGURAN QUE LA V\u00cdA LOS ARENALES \u2013 LA BOCA ES UNA ESPERANZA PARA SU REACTIVACI\u00d3N ECON\u00d3MICA - Prefectura de Manab\u00ed","robots":{"index":"index","follow":"follow","max-snippet":"max-snippet:-1","max-image-preview":"max-image-preview:large","max-video-preview":"max-video-preview:-1"},"canonical":"https:\/\/www.manabi.gob.ec\/index.php\/servidores-turisticos-aseguran-que-la-via-los-arenales-la-boca-es-una-esperanza-para-su-reactivacion-economica\/","og_locale":"es_ES","og_type":"article","og_title":"SERVIDORES TUR\u00cdSTICOS ASEGURAN QUE LA V\u00cdA LOS ARENALES \u2013 LA BOCA ES UNA ESPERANZA PARA SU REACTIVACI\u00d3N ECON\u00d3MICA - Prefectura de Manab\u00ed","og_description":"Los tiempos son dif\u00edciles para los 26 integrantes de la Asociaci\u00f3n de Caba\u00f1as Tur\u00edsticas \u201cDesembocadura del r\u00edo Portoviejo\u201d, ubicada en el sector La Boca de la parroquia Crucita. La pandemia los ha golpeado directamente, debido a las restricciones de movilidad que impiden la llegada de turistas a este balneario. Domingo Lucas, integrante de este gremio, [&hellip;]","og_url":"https:\/\/www.manabi.gob.ec\/index.php\/servidores-turisticos-aseguran-que-la-via-los-arenales-la-boca-es-una-esperanza-para-su-reactivacion-economica\/","og_site_name":"Prefectura de Manab\u00ed","article_published_time":"2021-05-12T19:29:55+00:00","article_modified_time":"2021-05-12T19:29:58+00:00","og_image":[{"width":1530,"height":1022,"url":"https:\/\/www.manabi.gob.ec\/wp-content\/uploads\/2021\/05\/Los-Arenales-La-BOca-1.jpg","type":"image\/jpeg"}],"author":"admin","twitter_card":"summary_large_image","twitter_misc":{"Escrito por":"admin","Tiempo de lectura":"2 minutos"},"schema":{"@context":"https:\/\/schema.org","@graph":[{"@type":"Article","@id":"https:\/\/www.manabi.gob.ec\/index.php\/servidores-turisticos-aseguran-que-la-via-los-arenales-la-boca-es-una-esperanza-para-su-reactivacion-economica\/#article","isPartOf":{"@id":"https:\/\/www.manabi.gob.ec\/index.php\/servidores-turisticos-aseguran-que-la-via-los-arenales-la-boca-es-una-esperanza-para-su-reactivacion-economica\/"},"author":{"name":"admin","@id":"https:\/\/www.manabi.gob.ec\/#\/schema\/person\/cfc71bd68fe2703b779edcc292a49722"},"headline":"SERVIDORES TUR\u00cdSTICOS ASEGURAN QUE LA V\u00cdA LOS ARENALES \u2013 LA BOCA ES UNA ESPERANZA PARA SU REACTIVACI\u00d3N ECON\u00d3MICA","datePublished":"2021-05-12T19:29:55+00:00","dateModified":"2021-05-12T19:29:58+00:00","mainEntityOfPage":{"@id":"https:\/\/www.manabi.gob.ec\/index.php\/servidores-turisticos-aseguran-que-la-via-los-arenales-la-boca-es-una-esperanza-para-su-reactivacion-economica\/"},"wordCount":345,"image":{"@id":"https:\/\/www.manabi.gob.ec\/index.php\/servidores-turisticos-aseguran-que-la-via-los-arenales-la-boca-es-una-esperanza-para-su-reactivacion-economica\/#primaryimage"},"thumbnailUrl":"https:\/\/www.manabi.gob.ec\/wp-content\/uploads\/2021\/05\/Los-Arenales-La-BOca-1.jpg","articleSection":["Desarrollo Social","Noticias","Portoviejo","Producci\u00f3n","Todas","Turismo"],"inLanguage":"es"},{"@type":"WebPage","@id":"https:\/\/www.manabi.gob.ec\/index.php\/servidores-turisticos-aseguran-que-la-via-los-arenales-la-boca-es-una-esperanza-para-su-reactivacion-economica\/","url":"https:\/\/www.manabi.gob.ec\/index.php\/servidores-turisticos-aseguran-que-la-via-los-arenales-la-boca-es-una-esperanza-para-su-reactivacion-economica\/","name":"SERVIDORES TUR\u00cdSTICOS ASEGURAN QUE LA V\u00cdA LOS ARENALES \u2013 LA BOCA ES UNA ESPERANZA PARA SU REACTIVACI\u00d3N ECON\u00d3MICA - Prefectura de Manab\u00ed","isPartOf":{"@id":"https:\/\/www.manabi.gob.ec\/#website"},"primaryImageOfPage":{"@id":"https:\/\/www.manabi.gob.ec\/index.php\/servidores-turisticos-aseguran-que-la-via-los-arenales-la-boca-es-una-esperanza-para-su-reactivacion-economica\/#primaryimage"},"image":{"@id":"https:\/\/www.manabi.gob.ec\/index.php\/servidores-turisticos-aseguran-que-la-via-los-arenales-la-boca-es-una-esperanza-para-su-reactivacion-economica\/#primaryimage"},"thumbnailUrl":"https:\/\/www.manabi.gob.ec\/wp-content\/uploads\/2021\/05\/Los-Arenales-La-BOca-1.jpg","datePublished":"2021-05-12T19:29:55+00:00","dateModified":"2021-05-12T19:29:58+00:00","author":{"@id":"https:\/\/www.manabi.gob.ec\/#\/schema\/person\/cfc71bd68fe2703b779edcc292a49722"},"breadcrumb":{"@id":"https:\/\/www.manabi.gob.ec\/index.php\/servidores-turisticos-aseguran-que-la-via-los-arenales-la-boca-es-una-esperanza-para-su-reactivacion-economica\/#breadcrumb"},"inLanguage":"es","potentialAction":[{"@type":"ReadAction","target":["https:\/\/www.manabi.gob.ec\/index.php\/servidores-turisticos-aseguran-que-la-via-los-arenales-la-boca-es-una-esperanza-para-su-reactivacion-economica\/"]}]},{"@type":"ImageObject","inLanguage":"es","@id":"https:\/\/www.manabi.gob.ec\/index.php\/servidores-turisticos-aseguran-que-la-via-los-arenales-la-boca-es-una-esperanza-para-su-reactivacion-economica\/#primaryimage","url":"https:\/\/www.manabi.gob.ec\/wp-content\/uploads\/2021\/05\/Los-Arenales-La-BOca-1.jpg","contentUrl":"https:\/\/www.manabi.gob.ec\/wp-content\/uploads\/2021\/05\/Los-Arenales-La-BOca-1.jpg","width":1530,"height":1022},{"@type":"BreadcrumbList","@id":"https:\/\/www.manabi.gob.ec\/index.php\/servidores-turisticos-aseguran-que-la-via-los-arenales-la-boca-es-una-esperanza-para-su-reactivacion-economica\/#breadcrumb","itemListElement":[{"@type":"ListItem","position":1,"name":"Portada","item":"https:\/\/www.manabi.gob.ec\/"},{"@type":"ListItem","position":2,"name":"SERVIDORES TUR\u00cdSTICOS ASEGURAN QUE LA V\u00cdA LOS ARENALES \u2013 LA BOCA ES UNA ESPERANZA PARA SU REACTIVACI\u00d3N ECON\u00d3MICA"}]},{"@type":"WebSite","@id":"https:\/\/www.manabi.gob.ec\/#website","url":"https:\/\/www.manabi.gob.ec\/","name":"Prefectura de Manab\u00ed","description":"P\u00e1gina web de la prefectura","potentialAction":[{"@type":"SearchAction","target":{"@type":"EntryPoint","urlTemplate":"https:\/\/www.manabi.gob.ec\/?s={search_term_string}"},"query-input":{"@type":"PropertyValueSpecification","valueRequired":true,"valueName":"search_term_string"}}],"inLanguage":"es"},{"@type":"Person","@id":"https:\/\/www.manabi.gob.ec\/#\/schema\/person\/cfc71bd68fe2703b779edcc292a49722","name":"admin","image":{"@type":"ImageObject","inLanguage":"es","@id":"https:\/\/secure.gravatar.com\/avatar\/23e9f919492b0a2f65aa168e0d8c5c867ea853b61deffbadf08c7031e15b8d78?s=96&d=mm&r=g","url":"https:\/\/secure.gravatar.com\/avatar\/23e9f919492b0a2f65aa168e0d8c5c867ea853b61deffbadf08c7031e15b8d78?s=96&d=mm&r=g","contentUrl":"https:\/\/secure.gravatar.com\/avatar\/23e9f919492b0a2f65aa168e0d8c5c867ea853b61deffbadf08c7031e15b8d78?s=96&d=mm&r=g","caption":"admin"},"sameAs":["http:\/\/www.manabi.gob.ec"],"url":"https:\/\/www.manabi.gob.ec\/index.php\/author\/admin\/"}]}},"jetpack_featured_media_url":"https:\/\/www.manabi.gob.ec\/wp-content\/uploads\/2021\/05\/Los-Arenales-La-BOca-1.jpg","_links":{"self":[{"href":"https:\/\/www.manabi.gob.ec\/index.php\/wp-json\/wp\/v2\/posts\/17334","targetHints":{"allow":["GET"]}}],"collection":[{"href":"https:\/\/www.manabi.gob.ec\/index.php\/wp-json\/wp\/v2\/posts"}],"about":[{"href":"https:\/\/www.manabi.gob.ec\/index.php\/wp-json\/wp\/v2\/types\/post"}],"author":[{"embeddable":true,"href":"https:\/\/www.manabi.gob.ec\/index.php\/wp-json\/wp\/v2\/users\/1"}],"replies":[{"embeddable":true,"href":"https:\/\/www.manabi.gob.ec\/index.php\/wp-json\/wp\/v2\/comments?post=17334"}],"version-history":[{"count":0,"href":"https:\/\/www.manabi.gob.ec\/index.php\/wp-json\/wp\/v2\/posts\/17334\/revisions"}],"wp:featuredmedia":[{"embeddable":true,"href":"https:\/\/www.manabi.gob.ec\/index.php\/wp-json\/wp\/v2\/media\/17335"}],"wp:attachment":[{"href":"https:\/\/www.manabi.gob.ec\/index.php\/wp-json\/wp\/v2\/media?parent=17334"}],"wp:term":[{"taxonomy":"category","embeddable":true,"href":"https:\/\/www.manabi.gob.ec\/index.php\/wp-json\/wp\/v2\/categories?post=17334"},{"taxonomy":"post_tag","embeddable":true,"href":"https:\/\/www.manabi.gob.ec\/index.php\/wp-json\/wp\/v2\/tags?post=17334"}],"curies":[{"name":"wp","href":"https:\/\/api.w.org\/{rel}","templated":true}]}}