{"id":17337,"date":"2021-05-12T19:32:03","date_gmt":"2021-05-12T19:32:03","guid":{"rendered":"https:\/\/www.manabi.gob.ec\/?p=17337"},"modified":"2021-05-12T19:32:06","modified_gmt":"2021-05-12T19:32:06","slug":"en-sitio-salinas-del-canton-san-vicente-ya-se-respira-un-cambio-de-vida","status":"publish","type":"post","link":"https:\/\/www.manabi.gob.ec\/index.php\/en-sitio-salinas-del-canton-san-vicente-ya-se-respira-un-cambio-de-vida\/","title":{"rendered":"EN SITIO SALINAS DEL CANT\u00d3N SAN VICENTE YA SE RESPIRA UN CAMBIO DE VIDA"},"content":{"rendered":"\n<p>Mediante un convenio de cooperaci\u00f3n interinstitucional entre el Gobierno de Manab\u00ed y la municipalidad de San Vicente, se ejecuta la rehabilitaci\u00f3n de varias v\u00edas para beneficiar a este importante sector pesquero de la provincia.<\/p>\n\n\n\n<p>Son m\u00e1s de 603 mil d\u00f3lares los que se invierten en este convenio donde el Gobierno de Manab\u00ed aporta con 416 mil d\u00f3lares y la municipalidad con 186 mil d\u00f3lares.<\/p>\n\n\n\n<p>La Prefectura trabaja en 16 calles de la comunidad Salinas, del mencionado cant\u00f3n, las cuales&nbsp; quedar\u00e1n a nivel de mejoramiento.<\/p>\n\n\n\n<p>\u00abTen\u00edamos muchos a\u00f1os esperando este proyecto, por eso estamos agradecidos con el prefecto, Leonardo Orlando\u00bb, expres\u00f3 Carlos Bazurto, habitante de Salinas.<\/p>\n\n\n\n<p>\u00abNos dedicamos a la pesca y la captura de guariche, y el mejoramiento de estas calles nos cambia la vida&#8217;, dijo Julio Carrasco, habitante de Salinas.<\/p>\n\n\n\n<p>\u00abEn tiempo de invierno esto se pone muy feo, y con estos arreglos vamos a&nbsp; vivir mejor\u00bb, expres\u00f3 Segundo Zambrano, habitante de Salinas.<\/p>\n\n\n\n<p>.<\/p>\n","protected":false},"excerpt":{"rendered":"<p>Mediante un convenio de cooperaci\u00f3n interinstitucional entre el Gobierno de Manab\u00ed y la municipalidad de San Vicente, se ejecuta la rehabilitaci\u00f3n de varias v\u00edas para beneficiar a este importante sector pesquero de la provincia. Son m\u00e1s de 603 mil d\u00f3lares los que se invierten en este convenio donde el Gobierno de Manab\u00ed aporta con 416 [&hellip;]<\/p>\n","protected":false},"author":1,"featured_media":17338,"comment_status":"closed","ping_status":"open","sticky":false,"template":"","format":"standard","meta":{"_joinchat":[],"footnotes":""},"categories":[92,181,189,91,127],"tags":[],"class_list":["post-17337","post","type-post","status-publish","format-standard","has-post-thumbnail","hentry","category-noticias-manabi","category-obra-publica","category-san-vicente","category-todas","category-vialidad"],"yoast_head":"<!-- This site is optimized with the Yoast SEO plugin v27.4 - https:\/\/yoast.com\/product\/yoast-seo-wordpress\/ -->\n<title>EN SITIO SALINAS DEL CANT\u00d3N SAN VICENTE YA SE RESPIRA UN CAMBIO DE VIDA - Prefectura de Manab\u00ed<\/title>\n<meta name=\"robots\" content=\"index, follow, max-snippet:-1, max-image-preview:large, max-video-preview:-1\" \/>\n<link rel=\"canonical\" href=\"https:\/\/www.manabi.gob.ec\/index.php\/en-sitio-salinas-del-canton-san-vicente-ya-se-respira-un-cambio-de-vida\/\" \/>\n<meta property=\"og:locale\" content=\"es_ES\" \/>\n<meta property=\"og:type\" content=\"article\" \/>\n<meta property=\"og:title\" content=\"EN SITIO SALINAS DEL CANT\u00d3N SAN VICENTE YA SE RESPIRA UN CAMBIO DE VIDA - Prefectura de Manab\u00ed\" \/>\n<meta property=\"og:description\" content=\"Mediante un convenio de cooperaci\u00f3n interinstitucional entre el Gobierno de Manab\u00ed y la municipalidad de San Vicente, se ejecuta la rehabilitaci\u00f3n de varias v\u00edas para beneficiar a este importante sector pesquero de la provincia. Son m\u00e1s de 603 mil d\u00f3lares los que se invierten en este convenio donde el Gobierno de Manab\u00ed aporta con 416 [&hellip;]\" \/>\n<meta property=\"og:url\" content=\"https:\/\/www.manabi.gob.ec\/index.php\/en-sitio-salinas-del-canton-san-vicente-ya-se-respira-un-cambio-de-vida\/\" \/>\n<meta property=\"og:site_name\" content=\"Prefectura de Manab\u00ed\" \/>\n<meta property=\"article:published_time\" content=\"2021-05-12T19:32:03+00:00\" \/>\n<meta property=\"article:modified_time\" content=\"2021-05-12T19:32:06+00:00\" \/>\n<meta property=\"og:image\" content=\"https:\/\/www.manabi.gob.ec\/wp-content\/uploads\/2021\/05\/Calles-de-Salinas-San-Vicente-2.jpg\" \/>\n\t<meta property=\"og:image:width\" content=\"1280\" \/>\n\t<meta property=\"og:image:height\" content=\"720\" \/>\n\t<meta property=\"og:image:type\" content=\"image\/jpeg\" \/>\n<meta name=\"author\" content=\"admin\" \/>\n<meta name=\"twitter:card\" content=\"summary_large_image\" \/>\n<meta name=\"twitter:label1\" content=\"Escrito por\" \/>\n\t<meta name=\"twitter:data1\" content=\"admin\" \/>\n\t<meta name=\"twitter:label2\" content=\"Tiempo de lectura\" \/>\n\t<meta name=\"twitter:data2\" content=\"1 minuto\" \/>\n<script type=\"application\/ld+json\" class=\"yoast-schema-graph\">{\"@context\":\"https:\\\/\\\/schema.org\",\"@graph\":[{\"@type\":\"Article\",\"@id\":\"https:\\\/\\\/www.manabi.gob.ec\\\/index.php\\\/en-sitio-salinas-del-canton-san-vicente-ya-se-respira-un-cambio-de-vida\\\/#article\",\"isPartOf\":{\"@id\":\"https:\\\/\\\/www.manabi.gob.ec\\\/index.php\\\/en-sitio-salinas-del-canton-san-vicente-ya-se-respira-un-cambio-de-vida\\\/\"},\"author\":{\"name\":\"admin\",\"@id\":\"https:\\\/\\\/www.manabi.gob.ec\\\/#\\\/schema\\\/person\\\/cfc71bd68fe2703b779edcc292a49722\"},\"headline\":\"EN SITIO SALINAS DEL CANT\u00d3N SAN VICENTE YA SE RESPIRA UN CAMBIO DE VIDA\",\"datePublished\":\"2021-05-12T19:32:03+00:00\",\"dateModified\":\"2021-05-12T19:32:06+00:00\",\"mainEntityOfPage\":{\"@id\":\"https:\\\/\\\/www.manabi.gob.ec\\\/index.php\\\/en-sitio-salinas-del-canton-san-vicente-ya-se-respira-un-cambio-de-vida\\\/\"},\"wordCount\":178,\"image\":{\"@id\":\"https:\\\/\\\/www.manabi.gob.ec\\\/index.php\\\/en-sitio-salinas-del-canton-san-vicente-ya-se-respira-un-cambio-de-vida\\\/#primaryimage\"},\"thumbnailUrl\":\"https:\\\/\\\/www.manabi.gob.ec\\\/wp-content\\\/uploads\\\/2021\\\/05\\\/Calles-de-Salinas-San-Vicente-2.jpg\",\"articleSection\":[\"Noticias\",\"Obra P\u00fablica\",\"San Vicente\",\"Todas\",\"Vialidad\"],\"inLanguage\":\"es\"},{\"@type\":\"WebPage\",\"@id\":\"https:\\\/\\\/www.manabi.gob.ec\\\/index.php\\\/en-sitio-salinas-del-canton-san-vicente-ya-se-respira-un-cambio-de-vida\\\/\",\"url\":\"https:\\\/\\\/www.manabi.gob.ec\\\/index.php\\\/en-sitio-salinas-del-canton-san-vicente-ya-se-respira-un-cambio-de-vida\\\/\",\"name\":\"EN SITIO SALINAS DEL CANT\u00d3N SAN VICENTE YA SE RESPIRA UN CAMBIO DE VIDA - Prefectura de Manab\u00ed\",\"isPartOf\":{\"@id\":\"https:\\\/\\\/www.manabi.gob.ec\\\/#website\"},\"primaryImageOfPage\":{\"@id\":\"https:\\\/\\\/www.manabi.gob.ec\\\/index.php\\\/en-sitio-salinas-del-canton-san-vicente-ya-se-respira-un-cambio-de-vida\\\/#primaryimage\"},\"image\":{\"@id\":\"https:\\\/\\\/www.manabi.gob.ec\\\/index.php\\\/en-sitio-salinas-del-canton-san-vicente-ya-se-respira-un-cambio-de-vida\\\/#primaryimage\"},\"thumbnailUrl\":\"https:\\\/\\\/www.manabi.gob.ec\\\/wp-content\\\/uploads\\\/2021\\\/05\\\/Calles-de-Salinas-San-Vicente-2.jpg\",\"datePublished\":\"2021-05-12T19:32:03+00:00\",\"dateModified\":\"2021-05-12T19:32:06+00:00\",\"author\":{\"@id\":\"https:\\\/\\\/www.manabi.gob.ec\\\/#\\\/schema\\\/person\\\/cfc71bd68fe2703b779edcc292a49722\"},\"breadcrumb\":{\"@id\":\"https:\\\/\\\/www.manabi.gob.ec\\\/index.php\\\/en-sitio-salinas-del-canton-san-vicente-ya-se-respira-un-cambio-de-vida\\\/#breadcrumb\"},\"inLanguage\":\"es\",\"potentialAction\":[{\"@type\":\"ReadAction\",\"target\":[\"https:\\\/\\\/www.manabi.gob.ec\\\/index.php\\\/en-sitio-salinas-del-canton-san-vicente-ya-se-respira-un-cambio-de-vida\\\/\"]}]},{\"@type\":\"ImageObject\",\"inLanguage\":\"es\",\"@id\":\"https:\\\/\\\/www.manabi.gob.ec\\\/index.php\\\/en-sitio-salinas-del-canton-san-vicente-ya-se-respira-un-cambio-de-vida\\\/#primaryimage\",\"url\":\"https:\\\/\\\/www.manabi.gob.ec\\\/wp-content\\\/uploads\\\/2021\\\/05\\\/Calles-de-Salinas-San-Vicente-2.jpg\",\"contentUrl\":\"https:\\\/\\\/www.manabi.gob.ec\\\/wp-content\\\/uploads\\\/2021\\\/05\\\/Calles-de-Salinas-San-Vicente-2.jpg\",\"width\":1280,\"height\":720},{\"@type\":\"BreadcrumbList\",\"@id\":\"https:\\\/\\\/www.manabi.gob.ec\\\/index.php\\\/en-sitio-salinas-del-canton-san-vicente-ya-se-respira-un-cambio-de-vida\\\/#breadcrumb\",\"itemListElement\":[{\"@type\":\"ListItem\",\"position\":1,\"name\":\"Portada\",\"item\":\"https:\\\/\\\/www.manabi.gob.ec\\\/\"},{\"@type\":\"ListItem\",\"position\":2,\"name\":\"EN SITIO SALINAS DEL CANT\u00d3N SAN VICENTE YA SE RESPIRA UN CAMBIO DE VIDA\"}]},{\"@type\":\"WebSite\",\"@id\":\"https:\\\/\\\/www.manabi.gob.ec\\\/#website\",\"url\":\"https:\\\/\\\/www.manabi.gob.ec\\\/\",\"name\":\"Prefectura de Manab\u00ed\",\"description\":\"P\u00e1gina web de la prefectura\",\"potentialAction\":[{\"@type\":\"SearchAction\",\"target\":{\"@type\":\"EntryPoint\",\"urlTemplate\":\"https:\\\/\\\/www.manabi.gob.ec\\\/?s={search_term_string}\"},\"query-input\":{\"@type\":\"PropertyValueSpecification\",\"valueRequired\":true,\"valueName\":\"search_term_string\"}}],\"inLanguage\":\"es\"},{\"@type\":\"Person\",\"@id\":\"https:\\\/\\\/www.manabi.gob.ec\\\/#\\\/schema\\\/person\\\/cfc71bd68fe2703b779edcc292a49722\",\"name\":\"admin\",\"image\":{\"@type\":\"ImageObject\",\"inLanguage\":\"es\",\"@id\":\"https:\\\/\\\/secure.gravatar.com\\\/avatar\\\/23e9f919492b0a2f65aa168e0d8c5c867ea853b61deffbadf08c7031e15b8d78?s=96&d=mm&r=g\",\"url\":\"https:\\\/\\\/secure.gravatar.com\\\/avatar\\\/23e9f919492b0a2f65aa168e0d8c5c867ea853b61deffbadf08c7031e15b8d78?s=96&d=mm&r=g\",\"contentUrl\":\"https:\\\/\\\/secure.gravatar.com\\\/avatar\\\/23e9f919492b0a2f65aa168e0d8c5c867ea853b61deffbadf08c7031e15b8d78?s=96&d=mm&r=g\",\"caption\":\"admin\"},\"sameAs\":[\"http:\\\/\\\/www.manabi.gob.ec\"],\"url\":\"https:\\\/\\\/www.manabi.gob.ec\\\/index.php\\\/author\\\/admin\\\/\"}]}<\/script>\n<!-- \/ Yoast SEO plugin. -->","yoast_head_json":{"title":"EN SITIO SALINAS DEL CANT\u00d3N SAN VICENTE YA SE RESPIRA UN CAMBIO DE VIDA - Prefectura de Manab\u00ed","robots":{"index":"index","follow":"follow","max-snippet":"max-snippet:-1","max-image-preview":"max-image-preview:large","max-video-preview":"max-video-preview:-1"},"canonical":"https:\/\/www.manabi.gob.ec\/index.php\/en-sitio-salinas-del-canton-san-vicente-ya-se-respira-un-cambio-de-vida\/","og_locale":"es_ES","og_type":"article","og_title":"EN SITIO SALINAS DEL CANT\u00d3N SAN VICENTE YA SE RESPIRA UN CAMBIO DE VIDA - Prefectura de Manab\u00ed","og_description":"Mediante un convenio de cooperaci\u00f3n interinstitucional entre el Gobierno de Manab\u00ed y la municipalidad de San Vicente, se ejecuta la rehabilitaci\u00f3n de varias v\u00edas para beneficiar a este importante sector pesquero de la provincia. Son m\u00e1s de 603 mil d\u00f3lares los que se invierten en este convenio donde el Gobierno de Manab\u00ed aporta con 416 [&hellip;]","og_url":"https:\/\/www.manabi.gob.ec\/index.php\/en-sitio-salinas-del-canton-san-vicente-ya-se-respira-un-cambio-de-vida\/","og_site_name":"Prefectura de Manab\u00ed","article_published_time":"2021-05-12T19:32:03+00:00","article_modified_time":"2021-05-12T19:32:06+00:00","og_image":[{"width":1280,"height":720,"url":"https:\/\/www.manabi.gob.ec\/wp-content\/uploads\/2021\/05\/Calles-de-Salinas-San-Vicente-2.jpg","type":"image\/jpeg"}],"author":"admin","twitter_card":"summary_large_image","twitter_misc":{"Escrito por":"admin","Tiempo de lectura":"1 minuto"},"schema":{"@context":"https:\/\/schema.org","@graph":[{"@type":"Article","@id":"https:\/\/www.manabi.gob.ec\/index.php\/en-sitio-salinas-del-canton-san-vicente-ya-se-respira-un-cambio-de-vida\/#article","isPartOf":{"@id":"https:\/\/www.manabi.gob.ec\/index.php\/en-sitio-salinas-del-canton-san-vicente-ya-se-respira-un-cambio-de-vida\/"},"author":{"name":"admin","@id":"https:\/\/www.manabi.gob.ec\/#\/schema\/person\/cfc71bd68fe2703b779edcc292a49722"},"headline":"EN SITIO SALINAS DEL CANT\u00d3N SAN VICENTE YA SE RESPIRA UN CAMBIO DE VIDA","datePublished":"2021-05-12T19:32:03+00:00","dateModified":"2021-05-12T19:32:06+00:00","mainEntityOfPage":{"@id":"https:\/\/www.manabi.gob.ec\/index.php\/en-sitio-salinas-del-canton-san-vicente-ya-se-respira-un-cambio-de-vida\/"},"wordCount":178,"image":{"@id":"https:\/\/www.manabi.gob.ec\/index.php\/en-sitio-salinas-del-canton-san-vicente-ya-se-respira-un-cambio-de-vida\/#primaryimage"},"thumbnailUrl":"https:\/\/www.manabi.gob.ec\/wp-content\/uploads\/2021\/05\/Calles-de-Salinas-San-Vicente-2.jpg","articleSection":["Noticias","Obra P\u00fablica","San Vicente","Todas","Vialidad"],"inLanguage":"es"},{"@type":"WebPage","@id":"https:\/\/www.manabi.gob.ec\/index.php\/en-sitio-salinas-del-canton-san-vicente-ya-se-respira-un-cambio-de-vida\/","url":"https:\/\/www.manabi.gob.ec\/index.php\/en-sitio-salinas-del-canton-san-vicente-ya-se-respira-un-cambio-de-vida\/","name":"EN SITIO SALINAS DEL CANT\u00d3N SAN VICENTE YA SE RESPIRA UN CAMBIO DE VIDA - Prefectura de Manab\u00ed","isPartOf":{"@id":"https:\/\/www.manabi.gob.ec\/#website"},"primaryImageOfPage":{"@id":"https:\/\/www.manabi.gob.ec\/index.php\/en-sitio-salinas-del-canton-san-vicente-ya-se-respira-un-cambio-de-vida\/#primaryimage"},"image":{"@id":"https:\/\/www.manabi.gob.ec\/index.php\/en-sitio-salinas-del-canton-san-vicente-ya-se-respira-un-cambio-de-vida\/#primaryimage"},"thumbnailUrl":"https:\/\/www.manabi.gob.ec\/wp-content\/uploads\/2021\/05\/Calles-de-Salinas-San-Vicente-2.jpg","datePublished":"2021-05-12T19:32:03+00:00","dateModified":"2021-05-12T19:32:06+00:00","author":{"@id":"https:\/\/www.manabi.gob.ec\/#\/schema\/person\/cfc71bd68fe2703b779edcc292a49722"},"breadcrumb":{"@id":"https:\/\/www.manabi.gob.ec\/index.php\/en-sitio-salinas-del-canton-san-vicente-ya-se-respira-un-cambio-de-vida\/#breadcrumb"},"inLanguage":"es","potentialAction":[{"@type":"ReadAction","target":["https:\/\/www.manabi.gob.ec\/index.php\/en-sitio-salinas-del-canton-san-vicente-ya-se-respira-un-cambio-de-vida\/"]}]},{"@type":"ImageObject","inLanguage":"es","@id":"https:\/\/www.manabi.gob.ec\/index.php\/en-sitio-salinas-del-canton-san-vicente-ya-se-respira-un-cambio-de-vida\/#primaryimage","url":"https:\/\/www.manabi.gob.ec\/wp-content\/uploads\/2021\/05\/Calles-de-Salinas-San-Vicente-2.jpg","contentUrl":"https:\/\/www.manabi.gob.ec\/wp-content\/uploads\/2021\/05\/Calles-de-Salinas-San-Vicente-2.jpg","width":1280,"height":720},{"@type":"BreadcrumbList","@id":"https:\/\/www.manabi.gob.ec\/index.php\/en-sitio-salinas-del-canton-san-vicente-ya-se-respira-un-cambio-de-vida\/#breadcrumb","itemListElement":[{"@type":"ListItem","position":1,"name":"Portada","item":"https:\/\/www.manabi.gob.ec\/"},{"@type":"ListItem","position":2,"name":"EN SITIO SALINAS DEL CANT\u00d3N SAN VICENTE YA SE RESPIRA UN CAMBIO DE VIDA"}]},{"@type":"WebSite","@id":"https:\/\/www.manabi.gob.ec\/#website","url":"https:\/\/www.manabi.gob.ec\/","name":"Prefectura de Manab\u00ed","description":"P\u00e1gina web de la prefectura","potentialAction":[{"@type":"SearchAction","target":{"@type":"EntryPoint","urlTemplate":"https:\/\/www.manabi.gob.ec\/?s={search_term_string}"},"query-input":{"@type":"PropertyValueSpecification","valueRequired":true,"valueName":"search_term_string"}}],"inLanguage":"es"},{"@type":"Person","@id":"https:\/\/www.manabi.gob.ec\/#\/schema\/person\/cfc71bd68fe2703b779edcc292a49722","name":"admin","image":{"@type":"ImageObject","inLanguage":"es","@id":"https:\/\/secure.gravatar.com\/avatar\/23e9f919492b0a2f65aa168e0d8c5c867ea853b61deffbadf08c7031e15b8d78?s=96&d=mm&r=g","url":"https:\/\/secure.gravatar.com\/avatar\/23e9f919492b0a2f65aa168e0d8c5c867ea853b61deffbadf08c7031e15b8d78?s=96&d=mm&r=g","contentUrl":"https:\/\/secure.gravatar.com\/avatar\/23e9f919492b0a2f65aa168e0d8c5c867ea853b61deffbadf08c7031e15b8d78?s=96&d=mm&r=g","caption":"admin"},"sameAs":["http:\/\/www.manabi.gob.ec"],"url":"https:\/\/www.manabi.gob.ec\/index.php\/author\/admin\/"}]}},"jetpack_featured_media_url":"https:\/\/www.manabi.gob.ec\/wp-content\/uploads\/2021\/05\/Calles-de-Salinas-San-Vicente-2.jpg","_links":{"self":[{"href":"https:\/\/www.manabi.gob.ec\/index.php\/wp-json\/wp\/v2\/posts\/17337","targetHints":{"allow":["GET"]}}],"collection":[{"href":"https:\/\/www.manabi.gob.ec\/index.php\/wp-json\/wp\/v2\/posts"}],"about":[{"href":"https:\/\/www.manabi.gob.ec\/index.php\/wp-json\/wp\/v2\/types\/post"}],"author":[{"embeddable":true,"href":"https:\/\/www.manabi.gob.ec\/index.php\/wp-json\/wp\/v2\/users\/1"}],"replies":[{"embeddable":true,"href":"https:\/\/www.manabi.gob.ec\/index.php\/wp-json\/wp\/v2\/comments?post=17337"}],"version-history":[{"count":0,"href":"https:\/\/www.manabi.gob.ec\/index.php\/wp-json\/wp\/v2\/posts\/17337\/revisions"}],"wp:featuredmedia":[{"embeddable":true,"href":"https:\/\/www.manabi.gob.ec\/index.php\/wp-json\/wp\/v2\/media\/17338"}],"wp:attachment":[{"href":"https:\/\/www.manabi.gob.ec\/index.php\/wp-json\/wp\/v2\/media?parent=17337"}],"wp:term":[{"taxonomy":"category","embeddable":true,"href":"https:\/\/www.manabi.gob.ec\/index.php\/wp-json\/wp\/v2\/categories?post=17337"},{"taxonomy":"post_tag","embeddable":true,"href":"https:\/\/www.manabi.gob.ec\/index.php\/wp-json\/wp\/v2\/tags?post=17337"}],"curies":[{"name":"wp","href":"https:\/\/api.w.org\/{rel}","templated":true}]}}