{"id":17404,"date":"2021-05-17T13:45:29","date_gmt":"2021-05-17T13:45:29","guid":{"rendered":"https:\/\/www.manabi.gob.ec\/?p=17404"},"modified":"2021-05-17T13:45:31","modified_gmt":"2021-05-17T13:45:31","slug":"mejoramos-la-via-machalilla-san-isidro","status":"publish","type":"post","link":"https:\/\/www.manabi.gob.ec\/index.php\/mejoramos-la-via-machalilla-san-isidro\/","title":{"rendered":"MEJORAMOS LA V\u00cdA MACHALILLA-SAN ISIDRO"},"content":{"rendered":"\n<p>Maquinaria de la Prefectura de Manab\u00ed trabaja en el mejoramiento&nbsp; de la v\u00eda Machalilla-San Isidro, que tiene una longitud de 4.1 kil\u00f3metros, lo que facilita la movilidad&nbsp; de quienes viven&nbsp;&nbsp; en estas comunidades y a quienes llegan de visita.<\/p>\n\n\n\n<p>Esta intervenci\u00f3n la hace maquinaria y&nbsp; equipos t\u00e9cnicos del Gobierno de Manab\u00ed,&nbsp;&nbsp; que al momento trabajan en el mantenimiento de la capa de rodadura a lo largo de la v\u00eda, la que quedar\u00e1 con un ancho de 6.2 metros.<\/p>\n\n\n\n<p>El acarreo de material,&nbsp; para el mantenimiento de esta importante v\u00eda,&nbsp; se lo realiza con volquetas contratadas por el Gobierno de Manab\u00ed, mediante feria inclusiva.<\/p>\n\n\n\n<p>\u00abEsta v\u00eda es muy importante para nosotros porque nos permite movilizarnos a la parroquia Machalilla\u00bb expres\u00f3 Washington Baque, habitante de la comunidad&nbsp; San Isidro.<\/p>\n\n\n\n<p>\u00abSe ve muy bien este trabajo y todos aqu\u00ed estamos agradecidos por esta obra\u00bb coment\u00f3 Elena Pin,&nbsp;&nbsp; quien&nbsp; vive en&nbsp; Machalilla.<\/p>\n","protected":false},"excerpt":{"rendered":"<p>Maquinaria de la Prefectura de Manab\u00ed trabaja en el mejoramiento  de la v\u00eda Machalilla-San Isidro, que tiene una longitud de 4.1 kil\u00f3metros, lo que facilita la movilidad  de quienes viven   en estas comunidades y a quienes llegan de visita.<\/p>\n","protected":false},"author":1,"featured_media":17405,"comment_status":"closed","ping_status":"open","sticky":false,"template":"","format":"standard","meta":{"_joinchat":[],"footnotes":""},"categories":[92,181,212,91],"tags":[],"class_list":["post-17404","post","type-post","status-publish","format-standard","has-post-thumbnail","hentry","category-noticias-manabi","category-obra-publica","category-puerto-lopez","category-todas"],"yoast_head":"<!-- This site is optimized with the Yoast SEO plugin v27.4 - https:\/\/yoast.com\/product\/yoast-seo-wordpress\/ -->\n<title>MEJORAMOS LA V\u00cdA MACHALILLA-SAN ISIDRO - Prefectura de Manab\u00ed<\/title>\n<meta name=\"robots\" content=\"index, follow, max-snippet:-1, max-image-preview:large, max-video-preview:-1\" \/>\n<link rel=\"canonical\" href=\"https:\/\/www.manabi.gob.ec\/index.php\/mejoramos-la-via-machalilla-san-isidro\/\" \/>\n<meta property=\"og:locale\" content=\"es_ES\" \/>\n<meta property=\"og:type\" content=\"article\" \/>\n<meta property=\"og:title\" content=\"MEJORAMOS LA V\u00cdA MACHALILLA-SAN ISIDRO - Prefectura de Manab\u00ed\" \/>\n<meta property=\"og:description\" content=\"Maquinaria de la Prefectura de Manab\u00ed trabaja en el mejoramiento de la v\u00eda Machalilla-San Isidro, que tiene una longitud de 4.1 kil\u00f3metros, lo que facilita la movilidad de quienes viven  en estas comunidades y a quienes llegan de visita.\" \/>\n<meta property=\"og:url\" content=\"https:\/\/www.manabi.gob.ec\/index.php\/mejoramos-la-via-machalilla-san-isidro\/\" \/>\n<meta property=\"og:site_name\" content=\"Prefectura de Manab\u00ed\" \/>\n<meta property=\"article:published_time\" content=\"2021-05-17T13:45:29+00:00\" \/>\n<meta property=\"article:modified_time\" content=\"2021-05-17T13:45:31+00:00\" \/>\n<meta property=\"og:image\" content=\"https:\/\/www.manabi.gob.ec\/wp-content\/uploads\/2021\/05\/Trabajos-viales-en-Manabi-4.jpg\" \/>\n\t<meta property=\"og:image:width\" content=\"1600\" \/>\n\t<meta property=\"og:image:height\" content=\"1200\" \/>\n\t<meta property=\"og:image:type\" content=\"image\/jpeg\" \/>\n<meta name=\"author\" content=\"admin\" \/>\n<meta name=\"twitter:card\" content=\"summary_large_image\" \/>\n<meta name=\"twitter:label1\" content=\"Escrito por\" \/>\n\t<meta name=\"twitter:data1\" content=\"admin\" \/>\n\t<meta name=\"twitter:label2\" content=\"Tiempo de lectura\" \/>\n\t<meta name=\"twitter:data2\" content=\"1 minuto\" \/>\n<script type=\"application\/ld+json\" class=\"yoast-schema-graph\">{\"@context\":\"https:\\\/\\\/schema.org\",\"@graph\":[{\"@type\":\"Article\",\"@id\":\"https:\\\/\\\/www.manabi.gob.ec\\\/index.php\\\/mejoramos-la-via-machalilla-san-isidro\\\/#article\",\"isPartOf\":{\"@id\":\"https:\\\/\\\/www.manabi.gob.ec\\\/index.php\\\/mejoramos-la-via-machalilla-san-isidro\\\/\"},\"author\":{\"name\":\"admin\",\"@id\":\"https:\\\/\\\/www.manabi.gob.ec\\\/#\\\/schema\\\/person\\\/cfc71bd68fe2703b779edcc292a49722\"},\"headline\":\"MEJORAMOS LA V\u00cdA MACHALILLA-SAN ISIDRO\",\"datePublished\":\"2021-05-17T13:45:29+00:00\",\"dateModified\":\"2021-05-17T13:45:31+00:00\",\"mainEntityOfPage\":{\"@id\":\"https:\\\/\\\/www.manabi.gob.ec\\\/index.php\\\/mejoramos-la-via-machalilla-san-isidro\\\/\"},\"wordCount\":173,\"image\":{\"@id\":\"https:\\\/\\\/www.manabi.gob.ec\\\/index.php\\\/mejoramos-la-via-machalilla-san-isidro\\\/#primaryimage\"},\"thumbnailUrl\":\"https:\\\/\\\/www.manabi.gob.ec\\\/wp-content\\\/uploads\\\/2021\\\/05\\\/Trabajos-viales-en-Manabi-4.jpg\",\"articleSection\":[\"Noticias\",\"Obra P\u00fablica\",\"Puerto L\u00f3pez\",\"Todas\"],\"inLanguage\":\"es\"},{\"@type\":\"WebPage\",\"@id\":\"https:\\\/\\\/www.manabi.gob.ec\\\/index.php\\\/mejoramos-la-via-machalilla-san-isidro\\\/\",\"url\":\"https:\\\/\\\/www.manabi.gob.ec\\\/index.php\\\/mejoramos-la-via-machalilla-san-isidro\\\/\",\"name\":\"MEJORAMOS LA V\u00cdA MACHALILLA-SAN ISIDRO - Prefectura de Manab\u00ed\",\"isPartOf\":{\"@id\":\"https:\\\/\\\/www.manabi.gob.ec\\\/#website\"},\"primaryImageOfPage\":{\"@id\":\"https:\\\/\\\/www.manabi.gob.ec\\\/index.php\\\/mejoramos-la-via-machalilla-san-isidro\\\/#primaryimage\"},\"image\":{\"@id\":\"https:\\\/\\\/www.manabi.gob.ec\\\/index.php\\\/mejoramos-la-via-machalilla-san-isidro\\\/#primaryimage\"},\"thumbnailUrl\":\"https:\\\/\\\/www.manabi.gob.ec\\\/wp-content\\\/uploads\\\/2021\\\/05\\\/Trabajos-viales-en-Manabi-4.jpg\",\"datePublished\":\"2021-05-17T13:45:29+00:00\",\"dateModified\":\"2021-05-17T13:45:31+00:00\",\"author\":{\"@id\":\"https:\\\/\\\/www.manabi.gob.ec\\\/#\\\/schema\\\/person\\\/cfc71bd68fe2703b779edcc292a49722\"},\"breadcrumb\":{\"@id\":\"https:\\\/\\\/www.manabi.gob.ec\\\/index.php\\\/mejoramos-la-via-machalilla-san-isidro\\\/#breadcrumb\"},\"inLanguage\":\"es\",\"potentialAction\":[{\"@type\":\"ReadAction\",\"target\":[\"https:\\\/\\\/www.manabi.gob.ec\\\/index.php\\\/mejoramos-la-via-machalilla-san-isidro\\\/\"]}]},{\"@type\":\"ImageObject\",\"inLanguage\":\"es\",\"@id\":\"https:\\\/\\\/www.manabi.gob.ec\\\/index.php\\\/mejoramos-la-via-machalilla-san-isidro\\\/#primaryimage\",\"url\":\"https:\\\/\\\/www.manabi.gob.ec\\\/wp-content\\\/uploads\\\/2021\\\/05\\\/Trabajos-viales-en-Manabi-4.jpg\",\"contentUrl\":\"https:\\\/\\\/www.manabi.gob.ec\\\/wp-content\\\/uploads\\\/2021\\\/05\\\/Trabajos-viales-en-Manabi-4.jpg\",\"width\":1600,\"height\":1200},{\"@type\":\"BreadcrumbList\",\"@id\":\"https:\\\/\\\/www.manabi.gob.ec\\\/index.php\\\/mejoramos-la-via-machalilla-san-isidro\\\/#breadcrumb\",\"itemListElement\":[{\"@type\":\"ListItem\",\"position\":1,\"name\":\"Portada\",\"item\":\"https:\\\/\\\/www.manabi.gob.ec\\\/\"},{\"@type\":\"ListItem\",\"position\":2,\"name\":\"MEJORAMOS LA V\u00cdA MACHALILLA-SAN ISIDRO\"}]},{\"@type\":\"WebSite\",\"@id\":\"https:\\\/\\\/www.manabi.gob.ec\\\/#website\",\"url\":\"https:\\\/\\\/www.manabi.gob.ec\\\/\",\"name\":\"Prefectura de Manab\u00ed\",\"description\":\"P\u00e1gina web de la prefectura\",\"potentialAction\":[{\"@type\":\"SearchAction\",\"target\":{\"@type\":\"EntryPoint\",\"urlTemplate\":\"https:\\\/\\\/www.manabi.gob.ec\\\/?s={search_term_string}\"},\"query-input\":{\"@type\":\"PropertyValueSpecification\",\"valueRequired\":true,\"valueName\":\"search_term_string\"}}],\"inLanguage\":\"es\"},{\"@type\":\"Person\",\"@id\":\"https:\\\/\\\/www.manabi.gob.ec\\\/#\\\/schema\\\/person\\\/cfc71bd68fe2703b779edcc292a49722\",\"name\":\"admin\",\"image\":{\"@type\":\"ImageObject\",\"inLanguage\":\"es\",\"@id\":\"https:\\\/\\\/secure.gravatar.com\\\/avatar\\\/23e9f919492b0a2f65aa168e0d8c5c867ea853b61deffbadf08c7031e15b8d78?s=96&d=mm&r=g\",\"url\":\"https:\\\/\\\/secure.gravatar.com\\\/avatar\\\/23e9f919492b0a2f65aa168e0d8c5c867ea853b61deffbadf08c7031e15b8d78?s=96&d=mm&r=g\",\"contentUrl\":\"https:\\\/\\\/secure.gravatar.com\\\/avatar\\\/23e9f919492b0a2f65aa168e0d8c5c867ea853b61deffbadf08c7031e15b8d78?s=96&d=mm&r=g\",\"caption\":\"admin\"},\"sameAs\":[\"http:\\\/\\\/www.manabi.gob.ec\"],\"url\":\"https:\\\/\\\/www.manabi.gob.ec\\\/index.php\\\/author\\\/admin\\\/\"}]}<\/script>\n<!-- \/ Yoast SEO plugin. -->","yoast_head_json":{"title":"MEJORAMOS LA V\u00cdA MACHALILLA-SAN ISIDRO - Prefectura de Manab\u00ed","robots":{"index":"index","follow":"follow","max-snippet":"max-snippet:-1","max-image-preview":"max-image-preview:large","max-video-preview":"max-video-preview:-1"},"canonical":"https:\/\/www.manabi.gob.ec\/index.php\/mejoramos-la-via-machalilla-san-isidro\/","og_locale":"es_ES","og_type":"article","og_title":"MEJORAMOS LA V\u00cdA MACHALILLA-SAN ISIDRO - Prefectura de Manab\u00ed","og_description":"Maquinaria de la Prefectura de Manab\u00ed trabaja en el mejoramiento de la v\u00eda Machalilla-San Isidro, que tiene una longitud de 4.1 kil\u00f3metros, lo que facilita la movilidad de quienes viven  en estas comunidades y a quienes llegan de visita.","og_url":"https:\/\/www.manabi.gob.ec\/index.php\/mejoramos-la-via-machalilla-san-isidro\/","og_site_name":"Prefectura de Manab\u00ed","article_published_time":"2021-05-17T13:45:29+00:00","article_modified_time":"2021-05-17T13:45:31+00:00","og_image":[{"width":1600,"height":1200,"url":"https:\/\/www.manabi.gob.ec\/wp-content\/uploads\/2021\/05\/Trabajos-viales-en-Manabi-4.jpg","type":"image\/jpeg"}],"author":"admin","twitter_card":"summary_large_image","twitter_misc":{"Escrito por":"admin","Tiempo de lectura":"1 minuto"},"schema":{"@context":"https:\/\/schema.org","@graph":[{"@type":"Article","@id":"https:\/\/www.manabi.gob.ec\/index.php\/mejoramos-la-via-machalilla-san-isidro\/#article","isPartOf":{"@id":"https:\/\/www.manabi.gob.ec\/index.php\/mejoramos-la-via-machalilla-san-isidro\/"},"author":{"name":"admin","@id":"https:\/\/www.manabi.gob.ec\/#\/schema\/person\/cfc71bd68fe2703b779edcc292a49722"},"headline":"MEJORAMOS LA V\u00cdA MACHALILLA-SAN ISIDRO","datePublished":"2021-05-17T13:45:29+00:00","dateModified":"2021-05-17T13:45:31+00:00","mainEntityOfPage":{"@id":"https:\/\/www.manabi.gob.ec\/index.php\/mejoramos-la-via-machalilla-san-isidro\/"},"wordCount":173,"image":{"@id":"https:\/\/www.manabi.gob.ec\/index.php\/mejoramos-la-via-machalilla-san-isidro\/#primaryimage"},"thumbnailUrl":"https:\/\/www.manabi.gob.ec\/wp-content\/uploads\/2021\/05\/Trabajos-viales-en-Manabi-4.jpg","articleSection":["Noticias","Obra P\u00fablica","Puerto L\u00f3pez","Todas"],"inLanguage":"es"},{"@type":"WebPage","@id":"https:\/\/www.manabi.gob.ec\/index.php\/mejoramos-la-via-machalilla-san-isidro\/","url":"https:\/\/www.manabi.gob.ec\/index.php\/mejoramos-la-via-machalilla-san-isidro\/","name":"MEJORAMOS LA V\u00cdA MACHALILLA-SAN ISIDRO - Prefectura de Manab\u00ed","isPartOf":{"@id":"https:\/\/www.manabi.gob.ec\/#website"},"primaryImageOfPage":{"@id":"https:\/\/www.manabi.gob.ec\/index.php\/mejoramos-la-via-machalilla-san-isidro\/#primaryimage"},"image":{"@id":"https:\/\/www.manabi.gob.ec\/index.php\/mejoramos-la-via-machalilla-san-isidro\/#primaryimage"},"thumbnailUrl":"https:\/\/www.manabi.gob.ec\/wp-content\/uploads\/2021\/05\/Trabajos-viales-en-Manabi-4.jpg","datePublished":"2021-05-17T13:45:29+00:00","dateModified":"2021-05-17T13:45:31+00:00","author":{"@id":"https:\/\/www.manabi.gob.ec\/#\/schema\/person\/cfc71bd68fe2703b779edcc292a49722"},"breadcrumb":{"@id":"https:\/\/www.manabi.gob.ec\/index.php\/mejoramos-la-via-machalilla-san-isidro\/#breadcrumb"},"inLanguage":"es","potentialAction":[{"@type":"ReadAction","target":["https:\/\/www.manabi.gob.ec\/index.php\/mejoramos-la-via-machalilla-san-isidro\/"]}]},{"@type":"ImageObject","inLanguage":"es","@id":"https:\/\/www.manabi.gob.ec\/index.php\/mejoramos-la-via-machalilla-san-isidro\/#primaryimage","url":"https:\/\/www.manabi.gob.ec\/wp-content\/uploads\/2021\/05\/Trabajos-viales-en-Manabi-4.jpg","contentUrl":"https:\/\/www.manabi.gob.ec\/wp-content\/uploads\/2021\/05\/Trabajos-viales-en-Manabi-4.jpg","width":1600,"height":1200},{"@type":"BreadcrumbList","@id":"https:\/\/www.manabi.gob.ec\/index.php\/mejoramos-la-via-machalilla-san-isidro\/#breadcrumb","itemListElement":[{"@type":"ListItem","position":1,"name":"Portada","item":"https:\/\/www.manabi.gob.ec\/"},{"@type":"ListItem","position":2,"name":"MEJORAMOS LA V\u00cdA MACHALILLA-SAN ISIDRO"}]},{"@type":"WebSite","@id":"https:\/\/www.manabi.gob.ec\/#website","url":"https:\/\/www.manabi.gob.ec\/","name":"Prefectura de Manab\u00ed","description":"P\u00e1gina web de la prefectura","potentialAction":[{"@type":"SearchAction","target":{"@type":"EntryPoint","urlTemplate":"https:\/\/www.manabi.gob.ec\/?s={search_term_string}"},"query-input":{"@type":"PropertyValueSpecification","valueRequired":true,"valueName":"search_term_string"}}],"inLanguage":"es"},{"@type":"Person","@id":"https:\/\/www.manabi.gob.ec\/#\/schema\/person\/cfc71bd68fe2703b779edcc292a49722","name":"admin","image":{"@type":"ImageObject","inLanguage":"es","@id":"https:\/\/secure.gravatar.com\/avatar\/23e9f919492b0a2f65aa168e0d8c5c867ea853b61deffbadf08c7031e15b8d78?s=96&d=mm&r=g","url":"https:\/\/secure.gravatar.com\/avatar\/23e9f919492b0a2f65aa168e0d8c5c867ea853b61deffbadf08c7031e15b8d78?s=96&d=mm&r=g","contentUrl":"https:\/\/secure.gravatar.com\/avatar\/23e9f919492b0a2f65aa168e0d8c5c867ea853b61deffbadf08c7031e15b8d78?s=96&d=mm&r=g","caption":"admin"},"sameAs":["http:\/\/www.manabi.gob.ec"],"url":"https:\/\/www.manabi.gob.ec\/index.php\/author\/admin\/"}]}},"jetpack_featured_media_url":"https:\/\/www.manabi.gob.ec\/wp-content\/uploads\/2021\/05\/Trabajos-viales-en-Manabi-4.jpg","_links":{"self":[{"href":"https:\/\/www.manabi.gob.ec\/index.php\/wp-json\/wp\/v2\/posts\/17404","targetHints":{"allow":["GET"]}}],"collection":[{"href":"https:\/\/www.manabi.gob.ec\/index.php\/wp-json\/wp\/v2\/posts"}],"about":[{"href":"https:\/\/www.manabi.gob.ec\/index.php\/wp-json\/wp\/v2\/types\/post"}],"author":[{"embeddable":true,"href":"https:\/\/www.manabi.gob.ec\/index.php\/wp-json\/wp\/v2\/users\/1"}],"replies":[{"embeddable":true,"href":"https:\/\/www.manabi.gob.ec\/index.php\/wp-json\/wp\/v2\/comments?post=17404"}],"version-history":[{"count":0,"href":"https:\/\/www.manabi.gob.ec\/index.php\/wp-json\/wp\/v2\/posts\/17404\/revisions"}],"wp:featuredmedia":[{"embeddable":true,"href":"https:\/\/www.manabi.gob.ec\/index.php\/wp-json\/wp\/v2\/media\/17405"}],"wp:attachment":[{"href":"https:\/\/www.manabi.gob.ec\/index.php\/wp-json\/wp\/v2\/media?parent=17404"}],"wp:term":[{"taxonomy":"category","embeddable":true,"href":"https:\/\/www.manabi.gob.ec\/index.php\/wp-json\/wp\/v2\/categories?post=17404"},{"taxonomy":"post_tag","embeddable":true,"href":"https:\/\/www.manabi.gob.ec\/index.php\/wp-json\/wp\/v2\/tags?post=17404"}],"curies":[{"name":"wp","href":"https:\/\/api.w.org\/{rel}","templated":true}]}}