{"id":17422,"date":"2021-05-17T18:15:25","date_gmt":"2021-05-17T18:15:25","guid":{"rendered":"https:\/\/www.manabi.gob.ec\/?p=17422"},"modified":"2021-05-17T18:15:28","modified_gmt":"2021-05-17T18:15:28","slug":"iniciativa-de-botellas-metalicas-gigantes-para-evitar-la-contaminacion-con-envases-de-plastico","status":"publish","type":"post","link":"https:\/\/www.manabi.gob.ec\/index.php\/iniciativa-de-botellas-metalicas-gigantes-para-evitar-la-contaminacion-con-envases-de-plastico\/","title":{"rendered":"INICIATIVA DE BOTELLAS MET\u00c1LICAS GIGANTES PARA EVITAR LA CONTAMINACI\u00d3N CON ENVASES DE PL\u00c1STICO"},"content":{"rendered":"\n<p>Con el objetivo de reducir la presencia de envases pl\u00e1sticos que contaminan el mar, los r\u00edos y&nbsp; esteros, la Prefectura ejecuta un proyecto ambiental para promover el reciclaje&nbsp;&nbsp; botellas pl\u00e1sticas.<\/p>\n\n\n\n<p>Se trata de estructuras met\u00e1licas gigantes con forma de botella, que miden 2 metros de alto por 90 cent\u00edmetros de ancho.&nbsp;<\/p>\n\n\n\n<p>Son 180&nbsp; de estas botellas met\u00e1licas gigantes est\u00e1n siendo entregadas en los cantones, parroquias rurales y comunidades de&nbsp; la provincia. La inversi\u00f3n de&nbsp; la Prefectura de Manab\u00ed en esta iniciativa&nbsp; es de 32 mil&nbsp; d\u00f3lares.&nbsp;<\/p>\n\n\n\n<p>Hasta el momento se han entregado 77 estructuras met\u00e1licas en 16&nbsp; cantones: Portoviejo, Manta, Montecristi, Sucre, San Vicente, Jama, Pedernales,&nbsp; Jipijapa, Puerto L\u00f3pez, Paj\u00e1n, Santa Ana, Chone, Flavio Alfaro, 24 de Mayo, Tosagua y Bol\u00edvar.<\/p>\n\n\n\n<p>Uno de los compromisos de la administraci\u00f3n provincial liderada por Leonardo Orlando es generar conciencia ambiental, mejorar los ecosistemas y la calidad de vida de todos los manabitas.<\/p>\n","protected":false},"excerpt":{"rendered":"<p>Con el objetivo de reducir la presencia de envases pl\u00e1sticos que contaminan el mar, los r\u00edos y&nbsp; esteros, la Prefectura ejecuta un proyecto ambiental para promover el reciclaje&nbsp;&nbsp; botellas pl\u00e1sticas. Se trata de estructuras met\u00e1licas gigantes con forma de botella, que miden 2 metros de alto por 90 cent\u00edmetros de ancho.&nbsp; Son 180&nbsp; de estas [&hellip;]<\/p>\n","protected":false},"author":1,"featured_media":17423,"comment_status":"closed","ping_status":"open","sticky":false,"template":"","format":"standard","meta":{"_joinchat":[],"footnotes":""},"categories":[150,92,91],"tags":[],"class_list":["post-17422","post","type-post","status-publish","format-standard","has-post-thumbnail","hentry","category-ambiente","category-noticias-manabi","category-todas"],"yoast_head":"<!-- This site is optimized with the Yoast SEO plugin v27.4 - https:\/\/yoast.com\/product\/yoast-seo-wordpress\/ -->\n<title>INICIATIVA DE BOTELLAS MET\u00c1LICAS GIGANTES PARA EVITAR LA CONTAMINACI\u00d3N CON ENVASES DE PL\u00c1STICO - Prefectura de Manab\u00ed<\/title>\n<meta name=\"robots\" content=\"index, follow, max-snippet:-1, max-image-preview:large, max-video-preview:-1\" \/>\n<link rel=\"canonical\" href=\"https:\/\/www.manabi.gob.ec\/index.php\/iniciativa-de-botellas-metalicas-gigantes-para-evitar-la-contaminacion-con-envases-de-plastico\/\" \/>\n<meta property=\"og:locale\" content=\"es_ES\" \/>\n<meta property=\"og:type\" content=\"article\" \/>\n<meta property=\"og:title\" content=\"INICIATIVA DE BOTELLAS MET\u00c1LICAS GIGANTES PARA EVITAR LA CONTAMINACI\u00d3N CON ENVASES DE PL\u00c1STICO - Prefectura de Manab\u00ed\" \/>\n<meta property=\"og:description\" content=\"Con el objetivo de reducir la presencia de envases pl\u00e1sticos que contaminan el mar, los r\u00edos y&nbsp; esteros, la Prefectura ejecuta un proyecto ambiental para promover el reciclaje&nbsp;&nbsp; botellas pl\u00e1sticas. Se trata de estructuras met\u00e1licas gigantes con forma de botella, que miden 2 metros de alto por 90 cent\u00edmetros de ancho.&nbsp; Son 180&nbsp; de estas [&hellip;]\" \/>\n<meta property=\"og:url\" content=\"https:\/\/www.manabi.gob.ec\/index.php\/iniciativa-de-botellas-metalicas-gigantes-para-evitar-la-contaminacion-con-envases-de-plastico\/\" \/>\n<meta property=\"og:site_name\" content=\"Prefectura de Manab\u00ed\" \/>\n<meta property=\"article:published_time\" content=\"2021-05-17T18:15:25+00:00\" \/>\n<meta property=\"article:modified_time\" content=\"2021-05-17T18:15:28+00:00\" \/>\n<meta property=\"og:image\" content=\"https:\/\/www.manabi.gob.ec\/wp-content\/uploads\/2021\/05\/Botellas-metalicas-2.jpg\" \/>\n\t<meta property=\"og:image:width\" content=\"1280\" \/>\n\t<meta property=\"og:image:height\" content=\"720\" \/>\n\t<meta property=\"og:image:type\" content=\"image\/jpeg\" \/>\n<meta name=\"author\" content=\"admin\" \/>\n<meta name=\"twitter:card\" content=\"summary_large_image\" \/>\n<meta name=\"twitter:label1\" content=\"Escrito por\" \/>\n\t<meta name=\"twitter:data1\" content=\"admin\" \/>\n\t<meta name=\"twitter:label2\" content=\"Tiempo de lectura\" \/>\n\t<meta name=\"twitter:data2\" content=\"1 minuto\" \/>\n<script type=\"application\/ld+json\" class=\"yoast-schema-graph\">{\"@context\":\"https:\\\/\\\/schema.org\",\"@graph\":[{\"@type\":\"Article\",\"@id\":\"https:\\\/\\\/www.manabi.gob.ec\\\/index.php\\\/iniciativa-de-botellas-metalicas-gigantes-para-evitar-la-contaminacion-con-envases-de-plastico\\\/#article\",\"isPartOf\":{\"@id\":\"https:\\\/\\\/www.manabi.gob.ec\\\/index.php\\\/iniciativa-de-botellas-metalicas-gigantes-para-evitar-la-contaminacion-con-envases-de-plastico\\\/\"},\"author\":{\"name\":\"admin\",\"@id\":\"https:\\\/\\\/www.manabi.gob.ec\\\/#\\\/schema\\\/person\\\/cfc71bd68fe2703b779edcc292a49722\"},\"headline\":\"INICIATIVA DE BOTELLAS MET\u00c1LICAS GIGANTES PARA EVITAR LA CONTAMINACI\u00d3N CON ENVASES DE PL\u00c1STICO\",\"datePublished\":\"2021-05-17T18:15:25+00:00\",\"dateModified\":\"2021-05-17T18:15:28+00:00\",\"mainEntityOfPage\":{\"@id\":\"https:\\\/\\\/www.manabi.gob.ec\\\/index.php\\\/iniciativa-de-botellas-metalicas-gigantes-para-evitar-la-contaminacion-con-envases-de-plastico\\\/\"},\"wordCount\":184,\"image\":{\"@id\":\"https:\\\/\\\/www.manabi.gob.ec\\\/index.php\\\/iniciativa-de-botellas-metalicas-gigantes-para-evitar-la-contaminacion-con-envases-de-plastico\\\/#primaryimage\"},\"thumbnailUrl\":\"https:\\\/\\\/www.manabi.gob.ec\\\/wp-content\\\/uploads\\\/2021\\\/05\\\/Botellas-metalicas-2.jpg\",\"articleSection\":[\"Ambiente\",\"Noticias\",\"Todas\"],\"inLanguage\":\"es\"},{\"@type\":\"WebPage\",\"@id\":\"https:\\\/\\\/www.manabi.gob.ec\\\/index.php\\\/iniciativa-de-botellas-metalicas-gigantes-para-evitar-la-contaminacion-con-envases-de-plastico\\\/\",\"url\":\"https:\\\/\\\/www.manabi.gob.ec\\\/index.php\\\/iniciativa-de-botellas-metalicas-gigantes-para-evitar-la-contaminacion-con-envases-de-plastico\\\/\",\"name\":\"INICIATIVA DE BOTELLAS MET\u00c1LICAS GIGANTES PARA EVITAR LA CONTAMINACI\u00d3N CON ENVASES DE PL\u00c1STICO - Prefectura de Manab\u00ed\",\"isPartOf\":{\"@id\":\"https:\\\/\\\/www.manabi.gob.ec\\\/#website\"},\"primaryImageOfPage\":{\"@id\":\"https:\\\/\\\/www.manabi.gob.ec\\\/index.php\\\/iniciativa-de-botellas-metalicas-gigantes-para-evitar-la-contaminacion-con-envases-de-plastico\\\/#primaryimage\"},\"image\":{\"@id\":\"https:\\\/\\\/www.manabi.gob.ec\\\/index.php\\\/iniciativa-de-botellas-metalicas-gigantes-para-evitar-la-contaminacion-con-envases-de-plastico\\\/#primaryimage\"},\"thumbnailUrl\":\"https:\\\/\\\/www.manabi.gob.ec\\\/wp-content\\\/uploads\\\/2021\\\/05\\\/Botellas-metalicas-2.jpg\",\"datePublished\":\"2021-05-17T18:15:25+00:00\",\"dateModified\":\"2021-05-17T18:15:28+00:00\",\"author\":{\"@id\":\"https:\\\/\\\/www.manabi.gob.ec\\\/#\\\/schema\\\/person\\\/cfc71bd68fe2703b779edcc292a49722\"},\"breadcrumb\":{\"@id\":\"https:\\\/\\\/www.manabi.gob.ec\\\/index.php\\\/iniciativa-de-botellas-metalicas-gigantes-para-evitar-la-contaminacion-con-envases-de-plastico\\\/#breadcrumb\"},\"inLanguage\":\"es\",\"potentialAction\":[{\"@type\":\"ReadAction\",\"target\":[\"https:\\\/\\\/www.manabi.gob.ec\\\/index.php\\\/iniciativa-de-botellas-metalicas-gigantes-para-evitar-la-contaminacion-con-envases-de-plastico\\\/\"]}]},{\"@type\":\"ImageObject\",\"inLanguage\":\"es\",\"@id\":\"https:\\\/\\\/www.manabi.gob.ec\\\/index.php\\\/iniciativa-de-botellas-metalicas-gigantes-para-evitar-la-contaminacion-con-envases-de-plastico\\\/#primaryimage\",\"url\":\"https:\\\/\\\/www.manabi.gob.ec\\\/wp-content\\\/uploads\\\/2021\\\/05\\\/Botellas-metalicas-2.jpg\",\"contentUrl\":\"https:\\\/\\\/www.manabi.gob.ec\\\/wp-content\\\/uploads\\\/2021\\\/05\\\/Botellas-metalicas-2.jpg\",\"width\":1280,\"height\":720},{\"@type\":\"BreadcrumbList\",\"@id\":\"https:\\\/\\\/www.manabi.gob.ec\\\/index.php\\\/iniciativa-de-botellas-metalicas-gigantes-para-evitar-la-contaminacion-con-envases-de-plastico\\\/#breadcrumb\",\"itemListElement\":[{\"@type\":\"ListItem\",\"position\":1,\"name\":\"Portada\",\"item\":\"https:\\\/\\\/www.manabi.gob.ec\\\/\"},{\"@type\":\"ListItem\",\"position\":2,\"name\":\"INICIATIVA DE BOTELLAS MET\u00c1LICAS GIGANTES PARA EVITAR LA CONTAMINACI\u00d3N CON ENVASES DE PL\u00c1STICO\"}]},{\"@type\":\"WebSite\",\"@id\":\"https:\\\/\\\/www.manabi.gob.ec\\\/#website\",\"url\":\"https:\\\/\\\/www.manabi.gob.ec\\\/\",\"name\":\"Prefectura de Manab\u00ed\",\"description\":\"P\u00e1gina web de la prefectura\",\"potentialAction\":[{\"@type\":\"SearchAction\",\"target\":{\"@type\":\"EntryPoint\",\"urlTemplate\":\"https:\\\/\\\/www.manabi.gob.ec\\\/?s={search_term_string}\"},\"query-input\":{\"@type\":\"PropertyValueSpecification\",\"valueRequired\":true,\"valueName\":\"search_term_string\"}}],\"inLanguage\":\"es\"},{\"@type\":\"Person\",\"@id\":\"https:\\\/\\\/www.manabi.gob.ec\\\/#\\\/schema\\\/person\\\/cfc71bd68fe2703b779edcc292a49722\",\"name\":\"admin\",\"image\":{\"@type\":\"ImageObject\",\"inLanguage\":\"es\",\"@id\":\"https:\\\/\\\/secure.gravatar.com\\\/avatar\\\/23e9f919492b0a2f65aa168e0d8c5c867ea853b61deffbadf08c7031e15b8d78?s=96&d=mm&r=g\",\"url\":\"https:\\\/\\\/secure.gravatar.com\\\/avatar\\\/23e9f919492b0a2f65aa168e0d8c5c867ea853b61deffbadf08c7031e15b8d78?s=96&d=mm&r=g\",\"contentUrl\":\"https:\\\/\\\/secure.gravatar.com\\\/avatar\\\/23e9f919492b0a2f65aa168e0d8c5c867ea853b61deffbadf08c7031e15b8d78?s=96&d=mm&r=g\",\"caption\":\"admin\"},\"sameAs\":[\"http:\\\/\\\/www.manabi.gob.ec\"],\"url\":\"https:\\\/\\\/www.manabi.gob.ec\\\/index.php\\\/author\\\/admin\\\/\"}]}<\/script>\n<!-- \/ Yoast SEO plugin. -->","yoast_head_json":{"title":"INICIATIVA DE BOTELLAS MET\u00c1LICAS GIGANTES PARA EVITAR LA CONTAMINACI\u00d3N CON ENVASES DE PL\u00c1STICO - Prefectura de Manab\u00ed","robots":{"index":"index","follow":"follow","max-snippet":"max-snippet:-1","max-image-preview":"max-image-preview:large","max-video-preview":"max-video-preview:-1"},"canonical":"https:\/\/www.manabi.gob.ec\/index.php\/iniciativa-de-botellas-metalicas-gigantes-para-evitar-la-contaminacion-con-envases-de-plastico\/","og_locale":"es_ES","og_type":"article","og_title":"INICIATIVA DE BOTELLAS MET\u00c1LICAS GIGANTES PARA EVITAR LA CONTAMINACI\u00d3N CON ENVASES DE PL\u00c1STICO - Prefectura de Manab\u00ed","og_description":"Con el objetivo de reducir la presencia de envases pl\u00e1sticos que contaminan el mar, los r\u00edos y&nbsp; esteros, la Prefectura ejecuta un proyecto ambiental para promover el reciclaje&nbsp;&nbsp; botellas pl\u00e1sticas. Se trata de estructuras met\u00e1licas gigantes con forma de botella, que miden 2 metros de alto por 90 cent\u00edmetros de ancho.&nbsp; Son 180&nbsp; de estas [&hellip;]","og_url":"https:\/\/www.manabi.gob.ec\/index.php\/iniciativa-de-botellas-metalicas-gigantes-para-evitar-la-contaminacion-con-envases-de-plastico\/","og_site_name":"Prefectura de Manab\u00ed","article_published_time":"2021-05-17T18:15:25+00:00","article_modified_time":"2021-05-17T18:15:28+00:00","og_image":[{"width":1280,"height":720,"url":"https:\/\/www.manabi.gob.ec\/wp-content\/uploads\/2021\/05\/Botellas-metalicas-2.jpg","type":"image\/jpeg"}],"author":"admin","twitter_card":"summary_large_image","twitter_misc":{"Escrito por":"admin","Tiempo de lectura":"1 minuto"},"schema":{"@context":"https:\/\/schema.org","@graph":[{"@type":"Article","@id":"https:\/\/www.manabi.gob.ec\/index.php\/iniciativa-de-botellas-metalicas-gigantes-para-evitar-la-contaminacion-con-envases-de-plastico\/#article","isPartOf":{"@id":"https:\/\/www.manabi.gob.ec\/index.php\/iniciativa-de-botellas-metalicas-gigantes-para-evitar-la-contaminacion-con-envases-de-plastico\/"},"author":{"name":"admin","@id":"https:\/\/www.manabi.gob.ec\/#\/schema\/person\/cfc71bd68fe2703b779edcc292a49722"},"headline":"INICIATIVA DE BOTELLAS MET\u00c1LICAS GIGANTES PARA EVITAR LA CONTAMINACI\u00d3N CON ENVASES DE PL\u00c1STICO","datePublished":"2021-05-17T18:15:25+00:00","dateModified":"2021-05-17T18:15:28+00:00","mainEntityOfPage":{"@id":"https:\/\/www.manabi.gob.ec\/index.php\/iniciativa-de-botellas-metalicas-gigantes-para-evitar-la-contaminacion-con-envases-de-plastico\/"},"wordCount":184,"image":{"@id":"https:\/\/www.manabi.gob.ec\/index.php\/iniciativa-de-botellas-metalicas-gigantes-para-evitar-la-contaminacion-con-envases-de-plastico\/#primaryimage"},"thumbnailUrl":"https:\/\/www.manabi.gob.ec\/wp-content\/uploads\/2021\/05\/Botellas-metalicas-2.jpg","articleSection":["Ambiente","Noticias","Todas"],"inLanguage":"es"},{"@type":"WebPage","@id":"https:\/\/www.manabi.gob.ec\/index.php\/iniciativa-de-botellas-metalicas-gigantes-para-evitar-la-contaminacion-con-envases-de-plastico\/","url":"https:\/\/www.manabi.gob.ec\/index.php\/iniciativa-de-botellas-metalicas-gigantes-para-evitar-la-contaminacion-con-envases-de-plastico\/","name":"INICIATIVA DE BOTELLAS MET\u00c1LICAS GIGANTES PARA EVITAR LA CONTAMINACI\u00d3N CON ENVASES DE PL\u00c1STICO - Prefectura de Manab\u00ed","isPartOf":{"@id":"https:\/\/www.manabi.gob.ec\/#website"},"primaryImageOfPage":{"@id":"https:\/\/www.manabi.gob.ec\/index.php\/iniciativa-de-botellas-metalicas-gigantes-para-evitar-la-contaminacion-con-envases-de-plastico\/#primaryimage"},"image":{"@id":"https:\/\/www.manabi.gob.ec\/index.php\/iniciativa-de-botellas-metalicas-gigantes-para-evitar-la-contaminacion-con-envases-de-plastico\/#primaryimage"},"thumbnailUrl":"https:\/\/www.manabi.gob.ec\/wp-content\/uploads\/2021\/05\/Botellas-metalicas-2.jpg","datePublished":"2021-05-17T18:15:25+00:00","dateModified":"2021-05-17T18:15:28+00:00","author":{"@id":"https:\/\/www.manabi.gob.ec\/#\/schema\/person\/cfc71bd68fe2703b779edcc292a49722"},"breadcrumb":{"@id":"https:\/\/www.manabi.gob.ec\/index.php\/iniciativa-de-botellas-metalicas-gigantes-para-evitar-la-contaminacion-con-envases-de-plastico\/#breadcrumb"},"inLanguage":"es","potentialAction":[{"@type":"ReadAction","target":["https:\/\/www.manabi.gob.ec\/index.php\/iniciativa-de-botellas-metalicas-gigantes-para-evitar-la-contaminacion-con-envases-de-plastico\/"]}]},{"@type":"ImageObject","inLanguage":"es","@id":"https:\/\/www.manabi.gob.ec\/index.php\/iniciativa-de-botellas-metalicas-gigantes-para-evitar-la-contaminacion-con-envases-de-plastico\/#primaryimage","url":"https:\/\/www.manabi.gob.ec\/wp-content\/uploads\/2021\/05\/Botellas-metalicas-2.jpg","contentUrl":"https:\/\/www.manabi.gob.ec\/wp-content\/uploads\/2021\/05\/Botellas-metalicas-2.jpg","width":1280,"height":720},{"@type":"BreadcrumbList","@id":"https:\/\/www.manabi.gob.ec\/index.php\/iniciativa-de-botellas-metalicas-gigantes-para-evitar-la-contaminacion-con-envases-de-plastico\/#breadcrumb","itemListElement":[{"@type":"ListItem","position":1,"name":"Portada","item":"https:\/\/www.manabi.gob.ec\/"},{"@type":"ListItem","position":2,"name":"INICIATIVA DE BOTELLAS MET\u00c1LICAS GIGANTES PARA EVITAR LA CONTAMINACI\u00d3N CON ENVASES DE PL\u00c1STICO"}]},{"@type":"WebSite","@id":"https:\/\/www.manabi.gob.ec\/#website","url":"https:\/\/www.manabi.gob.ec\/","name":"Prefectura de Manab\u00ed","description":"P\u00e1gina web de la prefectura","potentialAction":[{"@type":"SearchAction","target":{"@type":"EntryPoint","urlTemplate":"https:\/\/www.manabi.gob.ec\/?s={search_term_string}"},"query-input":{"@type":"PropertyValueSpecification","valueRequired":true,"valueName":"search_term_string"}}],"inLanguage":"es"},{"@type":"Person","@id":"https:\/\/www.manabi.gob.ec\/#\/schema\/person\/cfc71bd68fe2703b779edcc292a49722","name":"admin","image":{"@type":"ImageObject","inLanguage":"es","@id":"https:\/\/secure.gravatar.com\/avatar\/23e9f919492b0a2f65aa168e0d8c5c867ea853b61deffbadf08c7031e15b8d78?s=96&d=mm&r=g","url":"https:\/\/secure.gravatar.com\/avatar\/23e9f919492b0a2f65aa168e0d8c5c867ea853b61deffbadf08c7031e15b8d78?s=96&d=mm&r=g","contentUrl":"https:\/\/secure.gravatar.com\/avatar\/23e9f919492b0a2f65aa168e0d8c5c867ea853b61deffbadf08c7031e15b8d78?s=96&d=mm&r=g","caption":"admin"},"sameAs":["http:\/\/www.manabi.gob.ec"],"url":"https:\/\/www.manabi.gob.ec\/index.php\/author\/admin\/"}]}},"jetpack_featured_media_url":"https:\/\/www.manabi.gob.ec\/wp-content\/uploads\/2021\/05\/Botellas-metalicas-2.jpg","_links":{"self":[{"href":"https:\/\/www.manabi.gob.ec\/index.php\/wp-json\/wp\/v2\/posts\/17422","targetHints":{"allow":["GET"]}}],"collection":[{"href":"https:\/\/www.manabi.gob.ec\/index.php\/wp-json\/wp\/v2\/posts"}],"about":[{"href":"https:\/\/www.manabi.gob.ec\/index.php\/wp-json\/wp\/v2\/types\/post"}],"author":[{"embeddable":true,"href":"https:\/\/www.manabi.gob.ec\/index.php\/wp-json\/wp\/v2\/users\/1"}],"replies":[{"embeddable":true,"href":"https:\/\/www.manabi.gob.ec\/index.php\/wp-json\/wp\/v2\/comments?post=17422"}],"version-history":[{"count":0,"href":"https:\/\/www.manabi.gob.ec\/index.php\/wp-json\/wp\/v2\/posts\/17422\/revisions"}],"wp:featuredmedia":[{"embeddable":true,"href":"https:\/\/www.manabi.gob.ec\/index.php\/wp-json\/wp\/v2\/media\/17423"}],"wp:attachment":[{"href":"https:\/\/www.manabi.gob.ec\/index.php\/wp-json\/wp\/v2\/media?parent=17422"}],"wp:term":[{"taxonomy":"category","embeddable":true,"href":"https:\/\/www.manabi.gob.ec\/index.php\/wp-json\/wp\/v2\/categories?post=17422"},{"taxonomy":"post_tag","embeddable":true,"href":"https:\/\/www.manabi.gob.ec\/index.php\/wp-json\/wp\/v2\/tags?post=17422"}],"curies":[{"name":"wp","href":"https:\/\/api.w.org\/{rel}","templated":true}]}}