{"id":17436,"date":"2021-05-18T22:50:32","date_gmt":"2021-05-18T22:50:32","guid":{"rendered":"https:\/\/www.manabi.gob.ec\/?p=17436"},"modified":"2021-05-18T22:50:35","modified_gmt":"2021-05-18T22:50:35","slug":"se-inicio-mantenimiento-de-la-via-guanabano-san-jose-de-guanabano","status":"publish","type":"post","link":"https:\/\/www.manabi.gob.ec\/index.php\/se-inicio-mantenimiento-de-la-via-guanabano-san-jose-de-guanabano\/","title":{"rendered":"SE INICI\u00d3  MANTENIMIENTO DE LA VIA GUAN\u00c1BANO-SAN JOS\u00c9 DE GUANABANO"},"content":{"rendered":"\n<p>La Prefectura de Manab\u00ed inici\u00f3 los trabajos de mantenimiento de la v\u00eda&nbsp; Guan\u00e1bano &#8211; San Jos\u00e9 de Guan\u00e1bano, de la parroquia Cascol, del cant\u00f3n&nbsp; Paj\u00e1n, que tiene una longitud de 3,1 kil\u00f3metros.<\/p>\n\n\n\n<p>Alvin Zambrano, t\u00e9cnico de la Prefectura, inform\u00f3&nbsp; que los trabajos, que se realizan con maquinaria y transporte contratado mediante feria inclusiva, son de limpieza de cunetas y espaldones.<\/p>\n\n\n\n<p>\u00abSe ejecutar\u00e1 la reposici\u00f3n y afirmado de material de mejoramiento en \u00e1reas puntuales de la v\u00eda, como la rehabilitaci\u00f3n de varios badenes y encauzamientos. Una v\u00eda bien&nbsp; cuidada significa beneficio para las comunidades y ahorro para la instituci\u00f3n, porque de esta manera la v\u00eda tiene m\u00e1s a\u00f1os de vida \u00fatil\u00bb, se\u00f1al\u00f3 Zambrano.<\/p>\n\n\n\n<p>Edison Plaza, presidente del Gobierno de la parroquia Cascol, resalt\u00f3 el apoyo que el prefecto, Leonardo Orlando, le est\u00e1 brindando a esta importante zona productiva , donde el beneficio directo los reciben&nbsp; unas 300 personas. Mencion\u00f3 que es una v\u00eda que da acceso a familias de la parroquia Cascol del cant\u00f3n&nbsp; Paj\u00e1n.<\/p>\n\n\n\n<p>La mayor\u00eda de sus habitantes se dedica a la agricultura y otros al comercio. Esta comunidad tiene el privilegio de contar&nbsp; con la cascada conocida como \u00abEl Salto\u00bb,&nbsp; que es de inter\u00e9s de propios y visitantes, y una potencial fuente de turismo.<\/p>\n","protected":false},"excerpt":{"rendered":"<p>La Prefectura de Manab\u00ed inici\u00f3 los trabajos de mantenimiento de la v\u00eda&nbsp; Guan\u00e1bano &#8211; San Jos\u00e9 de Guan\u00e1bano, de la parroquia Cascol, del cant\u00f3n&nbsp; Paj\u00e1n, que tiene una longitud de 3,1 kil\u00f3metros. Alvin Zambrano, t\u00e9cnico de la Prefectura, inform\u00f3&nbsp; que los trabajos, que se realizan con maquinaria y transporte contratado mediante feria inclusiva, son de [&hellip;]<\/p>\n","protected":false},"author":1,"featured_media":17437,"comment_status":"closed","ping_status":"open","sticky":false,"template":"","format":"standard","meta":{"_joinchat":[],"footnotes":""},"categories":[170,92,181,126,91],"tags":[],"class_list":["post-17436","post","type-post","status-publish","format-standard","has-post-thumbnail","hentry","category-manabi-vial","category-noticias-manabi","category-obra-publica","category-pajan","category-todas"],"yoast_head":"<!-- This site is optimized with the Yoast SEO plugin v27.4 - https:\/\/yoast.com\/product\/yoast-seo-wordpress\/ -->\n<title>SE INICI\u00d3 MANTENIMIENTO DE LA VIA GUAN\u00c1BANO-SAN JOS\u00c9 DE GUANABANO - Prefectura de Manab\u00ed<\/title>\n<meta name=\"robots\" content=\"index, follow, max-snippet:-1, max-image-preview:large, max-video-preview:-1\" \/>\n<link rel=\"canonical\" href=\"https:\/\/www.manabi.gob.ec\/index.php\/se-inicio-mantenimiento-de-la-via-guanabano-san-jose-de-guanabano\/\" \/>\n<meta property=\"og:locale\" content=\"es_ES\" \/>\n<meta property=\"og:type\" content=\"article\" \/>\n<meta property=\"og:title\" content=\"SE INICI\u00d3 MANTENIMIENTO DE LA VIA GUAN\u00c1BANO-SAN JOS\u00c9 DE GUANABANO - Prefectura de Manab\u00ed\" \/>\n<meta property=\"og:description\" content=\"La Prefectura de Manab\u00ed inici\u00f3 los trabajos de mantenimiento de la v\u00eda&nbsp; Guan\u00e1bano &#8211; San Jos\u00e9 de Guan\u00e1bano, de la parroquia Cascol, del cant\u00f3n&nbsp; Paj\u00e1n, que tiene una longitud de 3,1 kil\u00f3metros. Alvin Zambrano, t\u00e9cnico de la Prefectura, inform\u00f3&nbsp; que los trabajos, que se realizan con maquinaria y transporte contratado mediante feria inclusiva, son de [&hellip;]\" \/>\n<meta property=\"og:url\" content=\"https:\/\/www.manabi.gob.ec\/index.php\/se-inicio-mantenimiento-de-la-via-guanabano-san-jose-de-guanabano\/\" \/>\n<meta property=\"og:site_name\" content=\"Prefectura de Manab\u00ed\" \/>\n<meta property=\"article:published_time\" content=\"2021-05-18T22:50:32+00:00\" \/>\n<meta property=\"article:modified_time\" content=\"2021-05-18T22:50:35+00:00\" \/>\n<meta property=\"og:image\" content=\"https:\/\/www.manabi.gob.ec\/wp-content\/uploads\/2021\/05\/Via-Guanabano-San-Jose-1.jpg\" \/>\n\t<meta property=\"og:image:width\" content=\"958\" \/>\n\t<meta property=\"og:image:height\" content=\"1280\" \/>\n\t<meta property=\"og:image:type\" content=\"image\/jpeg\" \/>\n<meta name=\"author\" content=\"admin\" \/>\n<meta name=\"twitter:card\" content=\"summary_large_image\" \/>\n<meta name=\"twitter:label1\" content=\"Escrito por\" \/>\n\t<meta name=\"twitter:data1\" content=\"admin\" \/>\n\t<meta name=\"twitter:label2\" content=\"Tiempo de lectura\" \/>\n\t<meta name=\"twitter:data2\" content=\"1 minuto\" \/>\n<script type=\"application\/ld+json\" class=\"yoast-schema-graph\">{\"@context\":\"https:\\\/\\\/schema.org\",\"@graph\":[{\"@type\":\"Article\",\"@id\":\"https:\\\/\\\/www.manabi.gob.ec\\\/index.php\\\/se-inicio-mantenimiento-de-la-via-guanabano-san-jose-de-guanabano\\\/#article\",\"isPartOf\":{\"@id\":\"https:\\\/\\\/www.manabi.gob.ec\\\/index.php\\\/se-inicio-mantenimiento-de-la-via-guanabano-san-jose-de-guanabano\\\/\"},\"author\":{\"name\":\"admin\",\"@id\":\"https:\\\/\\\/www.manabi.gob.ec\\\/#\\\/schema\\\/person\\\/cfc71bd68fe2703b779edcc292a49722\"},\"headline\":\"SE INICI\u00d3 MANTENIMIENTO DE LA VIA GUAN\u00c1BANO-SAN JOS\u00c9 DE GUANABANO\",\"datePublished\":\"2021-05-18T22:50:32+00:00\",\"dateModified\":\"2021-05-18T22:50:35+00:00\",\"mainEntityOfPage\":{\"@id\":\"https:\\\/\\\/www.manabi.gob.ec\\\/index.php\\\/se-inicio-mantenimiento-de-la-via-guanabano-san-jose-de-guanabano\\\/\"},\"wordCount\":243,\"image\":{\"@id\":\"https:\\\/\\\/www.manabi.gob.ec\\\/index.php\\\/se-inicio-mantenimiento-de-la-via-guanabano-san-jose-de-guanabano\\\/#primaryimage\"},\"thumbnailUrl\":\"https:\\\/\\\/www.manabi.gob.ec\\\/wp-content\\\/uploads\\\/2021\\\/05\\\/Via-Guanabano-San-Jose-1.jpg\",\"articleSection\":[\"Manab\u00ed Vial\",\"Noticias\",\"Obra P\u00fablica\",\"Paj\u00e1n\",\"Todas\"],\"inLanguage\":\"es\"},{\"@type\":\"WebPage\",\"@id\":\"https:\\\/\\\/www.manabi.gob.ec\\\/index.php\\\/se-inicio-mantenimiento-de-la-via-guanabano-san-jose-de-guanabano\\\/\",\"url\":\"https:\\\/\\\/www.manabi.gob.ec\\\/index.php\\\/se-inicio-mantenimiento-de-la-via-guanabano-san-jose-de-guanabano\\\/\",\"name\":\"SE INICI\u00d3 MANTENIMIENTO DE LA VIA GUAN\u00c1BANO-SAN JOS\u00c9 DE GUANABANO - Prefectura de Manab\u00ed\",\"isPartOf\":{\"@id\":\"https:\\\/\\\/www.manabi.gob.ec\\\/#website\"},\"primaryImageOfPage\":{\"@id\":\"https:\\\/\\\/www.manabi.gob.ec\\\/index.php\\\/se-inicio-mantenimiento-de-la-via-guanabano-san-jose-de-guanabano\\\/#primaryimage\"},\"image\":{\"@id\":\"https:\\\/\\\/www.manabi.gob.ec\\\/index.php\\\/se-inicio-mantenimiento-de-la-via-guanabano-san-jose-de-guanabano\\\/#primaryimage\"},\"thumbnailUrl\":\"https:\\\/\\\/www.manabi.gob.ec\\\/wp-content\\\/uploads\\\/2021\\\/05\\\/Via-Guanabano-San-Jose-1.jpg\",\"datePublished\":\"2021-05-18T22:50:32+00:00\",\"dateModified\":\"2021-05-18T22:50:35+00:00\",\"author\":{\"@id\":\"https:\\\/\\\/www.manabi.gob.ec\\\/#\\\/schema\\\/person\\\/cfc71bd68fe2703b779edcc292a49722\"},\"breadcrumb\":{\"@id\":\"https:\\\/\\\/www.manabi.gob.ec\\\/index.php\\\/se-inicio-mantenimiento-de-la-via-guanabano-san-jose-de-guanabano\\\/#breadcrumb\"},\"inLanguage\":\"es\",\"potentialAction\":[{\"@type\":\"ReadAction\",\"target\":[\"https:\\\/\\\/www.manabi.gob.ec\\\/index.php\\\/se-inicio-mantenimiento-de-la-via-guanabano-san-jose-de-guanabano\\\/\"]}]},{\"@type\":\"ImageObject\",\"inLanguage\":\"es\",\"@id\":\"https:\\\/\\\/www.manabi.gob.ec\\\/index.php\\\/se-inicio-mantenimiento-de-la-via-guanabano-san-jose-de-guanabano\\\/#primaryimage\",\"url\":\"https:\\\/\\\/www.manabi.gob.ec\\\/wp-content\\\/uploads\\\/2021\\\/05\\\/Via-Guanabano-San-Jose-1.jpg\",\"contentUrl\":\"https:\\\/\\\/www.manabi.gob.ec\\\/wp-content\\\/uploads\\\/2021\\\/05\\\/Via-Guanabano-San-Jose-1.jpg\",\"width\":958,\"height\":1280},{\"@type\":\"BreadcrumbList\",\"@id\":\"https:\\\/\\\/www.manabi.gob.ec\\\/index.php\\\/se-inicio-mantenimiento-de-la-via-guanabano-san-jose-de-guanabano\\\/#breadcrumb\",\"itemListElement\":[{\"@type\":\"ListItem\",\"position\":1,\"name\":\"Portada\",\"item\":\"https:\\\/\\\/www.manabi.gob.ec\\\/\"},{\"@type\":\"ListItem\",\"position\":2,\"name\":\"SE INICI\u00d3 MANTENIMIENTO DE LA VIA GUAN\u00c1BANO-SAN JOS\u00c9 DE GUANABANO\"}]},{\"@type\":\"WebSite\",\"@id\":\"https:\\\/\\\/www.manabi.gob.ec\\\/#website\",\"url\":\"https:\\\/\\\/www.manabi.gob.ec\\\/\",\"name\":\"Prefectura de Manab\u00ed\",\"description\":\"P\u00e1gina web de la prefectura\",\"potentialAction\":[{\"@type\":\"SearchAction\",\"target\":{\"@type\":\"EntryPoint\",\"urlTemplate\":\"https:\\\/\\\/www.manabi.gob.ec\\\/?s={search_term_string}\"},\"query-input\":{\"@type\":\"PropertyValueSpecification\",\"valueRequired\":true,\"valueName\":\"search_term_string\"}}],\"inLanguage\":\"es\"},{\"@type\":\"Person\",\"@id\":\"https:\\\/\\\/www.manabi.gob.ec\\\/#\\\/schema\\\/person\\\/cfc71bd68fe2703b779edcc292a49722\",\"name\":\"admin\",\"image\":{\"@type\":\"ImageObject\",\"inLanguage\":\"es\",\"@id\":\"https:\\\/\\\/secure.gravatar.com\\\/avatar\\\/23e9f919492b0a2f65aa168e0d8c5c867ea853b61deffbadf08c7031e15b8d78?s=96&d=mm&r=g\",\"url\":\"https:\\\/\\\/secure.gravatar.com\\\/avatar\\\/23e9f919492b0a2f65aa168e0d8c5c867ea853b61deffbadf08c7031e15b8d78?s=96&d=mm&r=g\",\"contentUrl\":\"https:\\\/\\\/secure.gravatar.com\\\/avatar\\\/23e9f919492b0a2f65aa168e0d8c5c867ea853b61deffbadf08c7031e15b8d78?s=96&d=mm&r=g\",\"caption\":\"admin\"},\"sameAs\":[\"http:\\\/\\\/www.manabi.gob.ec\"],\"url\":\"https:\\\/\\\/www.manabi.gob.ec\\\/index.php\\\/author\\\/admin\\\/\"}]}<\/script>\n<!-- \/ Yoast SEO plugin. -->","yoast_head_json":{"title":"SE INICI\u00d3 MANTENIMIENTO DE LA VIA GUAN\u00c1BANO-SAN JOS\u00c9 DE GUANABANO - Prefectura de Manab\u00ed","robots":{"index":"index","follow":"follow","max-snippet":"max-snippet:-1","max-image-preview":"max-image-preview:large","max-video-preview":"max-video-preview:-1"},"canonical":"https:\/\/www.manabi.gob.ec\/index.php\/se-inicio-mantenimiento-de-la-via-guanabano-san-jose-de-guanabano\/","og_locale":"es_ES","og_type":"article","og_title":"SE INICI\u00d3 MANTENIMIENTO DE LA VIA GUAN\u00c1BANO-SAN JOS\u00c9 DE GUANABANO - Prefectura de Manab\u00ed","og_description":"La Prefectura de Manab\u00ed inici\u00f3 los trabajos de mantenimiento de la v\u00eda&nbsp; Guan\u00e1bano &#8211; San Jos\u00e9 de Guan\u00e1bano, de la parroquia Cascol, del cant\u00f3n&nbsp; Paj\u00e1n, que tiene una longitud de 3,1 kil\u00f3metros. Alvin Zambrano, t\u00e9cnico de la Prefectura, inform\u00f3&nbsp; que los trabajos, que se realizan con maquinaria y transporte contratado mediante feria inclusiva, son de [&hellip;]","og_url":"https:\/\/www.manabi.gob.ec\/index.php\/se-inicio-mantenimiento-de-la-via-guanabano-san-jose-de-guanabano\/","og_site_name":"Prefectura de Manab\u00ed","article_published_time":"2021-05-18T22:50:32+00:00","article_modified_time":"2021-05-18T22:50:35+00:00","og_image":[{"width":958,"height":1280,"url":"https:\/\/www.manabi.gob.ec\/wp-content\/uploads\/2021\/05\/Via-Guanabano-San-Jose-1.jpg","type":"image\/jpeg"}],"author":"admin","twitter_card":"summary_large_image","twitter_misc":{"Escrito por":"admin","Tiempo de lectura":"1 minuto"},"schema":{"@context":"https:\/\/schema.org","@graph":[{"@type":"Article","@id":"https:\/\/www.manabi.gob.ec\/index.php\/se-inicio-mantenimiento-de-la-via-guanabano-san-jose-de-guanabano\/#article","isPartOf":{"@id":"https:\/\/www.manabi.gob.ec\/index.php\/se-inicio-mantenimiento-de-la-via-guanabano-san-jose-de-guanabano\/"},"author":{"name":"admin","@id":"https:\/\/www.manabi.gob.ec\/#\/schema\/person\/cfc71bd68fe2703b779edcc292a49722"},"headline":"SE INICI\u00d3 MANTENIMIENTO DE LA VIA GUAN\u00c1BANO-SAN JOS\u00c9 DE GUANABANO","datePublished":"2021-05-18T22:50:32+00:00","dateModified":"2021-05-18T22:50:35+00:00","mainEntityOfPage":{"@id":"https:\/\/www.manabi.gob.ec\/index.php\/se-inicio-mantenimiento-de-la-via-guanabano-san-jose-de-guanabano\/"},"wordCount":243,"image":{"@id":"https:\/\/www.manabi.gob.ec\/index.php\/se-inicio-mantenimiento-de-la-via-guanabano-san-jose-de-guanabano\/#primaryimage"},"thumbnailUrl":"https:\/\/www.manabi.gob.ec\/wp-content\/uploads\/2021\/05\/Via-Guanabano-San-Jose-1.jpg","articleSection":["Manab\u00ed Vial","Noticias","Obra P\u00fablica","Paj\u00e1n","Todas"],"inLanguage":"es"},{"@type":"WebPage","@id":"https:\/\/www.manabi.gob.ec\/index.php\/se-inicio-mantenimiento-de-la-via-guanabano-san-jose-de-guanabano\/","url":"https:\/\/www.manabi.gob.ec\/index.php\/se-inicio-mantenimiento-de-la-via-guanabano-san-jose-de-guanabano\/","name":"SE INICI\u00d3 MANTENIMIENTO DE LA VIA GUAN\u00c1BANO-SAN JOS\u00c9 DE GUANABANO - Prefectura de Manab\u00ed","isPartOf":{"@id":"https:\/\/www.manabi.gob.ec\/#website"},"primaryImageOfPage":{"@id":"https:\/\/www.manabi.gob.ec\/index.php\/se-inicio-mantenimiento-de-la-via-guanabano-san-jose-de-guanabano\/#primaryimage"},"image":{"@id":"https:\/\/www.manabi.gob.ec\/index.php\/se-inicio-mantenimiento-de-la-via-guanabano-san-jose-de-guanabano\/#primaryimage"},"thumbnailUrl":"https:\/\/www.manabi.gob.ec\/wp-content\/uploads\/2021\/05\/Via-Guanabano-San-Jose-1.jpg","datePublished":"2021-05-18T22:50:32+00:00","dateModified":"2021-05-18T22:50:35+00:00","author":{"@id":"https:\/\/www.manabi.gob.ec\/#\/schema\/person\/cfc71bd68fe2703b779edcc292a49722"},"breadcrumb":{"@id":"https:\/\/www.manabi.gob.ec\/index.php\/se-inicio-mantenimiento-de-la-via-guanabano-san-jose-de-guanabano\/#breadcrumb"},"inLanguage":"es","potentialAction":[{"@type":"ReadAction","target":["https:\/\/www.manabi.gob.ec\/index.php\/se-inicio-mantenimiento-de-la-via-guanabano-san-jose-de-guanabano\/"]}]},{"@type":"ImageObject","inLanguage":"es","@id":"https:\/\/www.manabi.gob.ec\/index.php\/se-inicio-mantenimiento-de-la-via-guanabano-san-jose-de-guanabano\/#primaryimage","url":"https:\/\/www.manabi.gob.ec\/wp-content\/uploads\/2021\/05\/Via-Guanabano-San-Jose-1.jpg","contentUrl":"https:\/\/www.manabi.gob.ec\/wp-content\/uploads\/2021\/05\/Via-Guanabano-San-Jose-1.jpg","width":958,"height":1280},{"@type":"BreadcrumbList","@id":"https:\/\/www.manabi.gob.ec\/index.php\/se-inicio-mantenimiento-de-la-via-guanabano-san-jose-de-guanabano\/#breadcrumb","itemListElement":[{"@type":"ListItem","position":1,"name":"Portada","item":"https:\/\/www.manabi.gob.ec\/"},{"@type":"ListItem","position":2,"name":"SE INICI\u00d3 MANTENIMIENTO DE LA VIA GUAN\u00c1BANO-SAN JOS\u00c9 DE GUANABANO"}]},{"@type":"WebSite","@id":"https:\/\/www.manabi.gob.ec\/#website","url":"https:\/\/www.manabi.gob.ec\/","name":"Prefectura de Manab\u00ed","description":"P\u00e1gina web de la prefectura","potentialAction":[{"@type":"SearchAction","target":{"@type":"EntryPoint","urlTemplate":"https:\/\/www.manabi.gob.ec\/?s={search_term_string}"},"query-input":{"@type":"PropertyValueSpecification","valueRequired":true,"valueName":"search_term_string"}}],"inLanguage":"es"},{"@type":"Person","@id":"https:\/\/www.manabi.gob.ec\/#\/schema\/person\/cfc71bd68fe2703b779edcc292a49722","name":"admin","image":{"@type":"ImageObject","inLanguage":"es","@id":"https:\/\/secure.gravatar.com\/avatar\/23e9f919492b0a2f65aa168e0d8c5c867ea853b61deffbadf08c7031e15b8d78?s=96&d=mm&r=g","url":"https:\/\/secure.gravatar.com\/avatar\/23e9f919492b0a2f65aa168e0d8c5c867ea853b61deffbadf08c7031e15b8d78?s=96&d=mm&r=g","contentUrl":"https:\/\/secure.gravatar.com\/avatar\/23e9f919492b0a2f65aa168e0d8c5c867ea853b61deffbadf08c7031e15b8d78?s=96&d=mm&r=g","caption":"admin"},"sameAs":["http:\/\/www.manabi.gob.ec"],"url":"https:\/\/www.manabi.gob.ec\/index.php\/author\/admin\/"}]}},"jetpack_featured_media_url":"https:\/\/www.manabi.gob.ec\/wp-content\/uploads\/2021\/05\/Via-Guanabano-San-Jose-1.jpg","_links":{"self":[{"href":"https:\/\/www.manabi.gob.ec\/index.php\/wp-json\/wp\/v2\/posts\/17436","targetHints":{"allow":["GET"]}}],"collection":[{"href":"https:\/\/www.manabi.gob.ec\/index.php\/wp-json\/wp\/v2\/posts"}],"about":[{"href":"https:\/\/www.manabi.gob.ec\/index.php\/wp-json\/wp\/v2\/types\/post"}],"author":[{"embeddable":true,"href":"https:\/\/www.manabi.gob.ec\/index.php\/wp-json\/wp\/v2\/users\/1"}],"replies":[{"embeddable":true,"href":"https:\/\/www.manabi.gob.ec\/index.php\/wp-json\/wp\/v2\/comments?post=17436"}],"version-history":[{"count":0,"href":"https:\/\/www.manabi.gob.ec\/index.php\/wp-json\/wp\/v2\/posts\/17436\/revisions"}],"wp:featuredmedia":[{"embeddable":true,"href":"https:\/\/www.manabi.gob.ec\/index.php\/wp-json\/wp\/v2\/media\/17437"}],"wp:attachment":[{"href":"https:\/\/www.manabi.gob.ec\/index.php\/wp-json\/wp\/v2\/media?parent=17436"}],"wp:term":[{"taxonomy":"category","embeddable":true,"href":"https:\/\/www.manabi.gob.ec\/index.php\/wp-json\/wp\/v2\/categories?post=17436"},{"taxonomy":"post_tag","embeddable":true,"href":"https:\/\/www.manabi.gob.ec\/index.php\/wp-json\/wp\/v2\/tags?post=17436"}],"curies":[{"name":"wp","href":"https:\/\/api.w.org\/{rel}","templated":true}]}}