{"id":17469,"date":"2021-05-21T16:43:21","date_gmt":"2021-05-21T16:43:21","guid":{"rendered":"https:\/\/www.manabi.gob.ec\/?p=17469"},"modified":"2021-05-21T16:43:33","modified_gmt":"2021-05-21T16:43:33","slug":"rehabilitacion-de-la-via-noboa-jipijapa-esta-en-su-fase-final","status":"publish","type":"post","link":"https:\/\/www.manabi.gob.ec\/index.php\/rehabilitacion-de-la-via-noboa-jipijapa-esta-en-su-fase-final\/","title":{"rendered":"REHABILITACI\u00d3N DE LA V\u00cdA NOBOA &#8211; JIPIJAPA EST\u00c1  EN SU FASE FINAL"},"content":{"rendered":"\n<p>Los trabajos, de rehabilitaci\u00f3n de la&nbsp; v\u00eda de integraci\u00f3n Noboa &#8211; Jipijapa de 30 kil\u00f3metros de longitud, &nbsp;est\u00e1n en su fase final, Ya tiene&nbsp;un avance cercano al 80%.<\/p>\n\n\n\n<p>Esta obra la realiza la Prefectura mediante contrato con la Compa\u00f1\u00eda Ciudad Rodrigo por un monto de inversi\u00f3n de 11 millones 400 mil d\u00f3lares.<\/p>\n\n\n\n<p>Roberto S\u00e1nchez t\u00e9cnico del Gobierno de Manab\u00ed,&nbsp; manifest\u00f3, que la v\u00eda Noboa &#8211; Jipijapa, es una carretera de primer orden, &nbsp;&nbsp;que traer\u00e1 mucho progreso a cientos de comunidades rurales como urbanas de los cantones Jipijapa y 24 de Mayo.<\/p>\n\n\n\n<p>Actualmente se trabaja en la reconformaci\u00f3n de varios tramos de base,&nbsp; desde&nbsp; el kil\u00f3metro&nbsp; 21 hasta el kil\u00f3metro 27.5&nbsp; y se coloca&nbsp; carpeta asf\u00e1ltica desde el kil\u00f3metro 26.7,&nbsp; hasta el kil\u00f3metro 27.8, Tambi\u00e9n se construyen sub-drenes en el kil\u00f3metro 21.5. Tambi\u00e9n se trabaja en la reconformaci\u00f3n de base desde el kil\u00f3metro 21.5,&nbsp; hasta el kil\u00f3metro 26.760,&nbsp; se\u00f1al\u00f3&nbsp; S\u00e1nchez.<\/p>\n\n\n\n<p>La obra fue contratada en el 2017, con un plazo de 360 d\u00edas, el cual tuvo un contrato complementario &nbsp;de 230 d\u00edas para la ejecuci\u00f3n de obras complementarias como los 3 kil\u00f3metros para siclov\u00edas y otros rubros nuevos.<\/p>\n\n\n\n<p>Los trabajos quedar\u00e1n&nbsp; terminados en 90 d\u00edas, para servicios de las decenas de&nbsp; comunidades&nbsp; de la zona que tendr\u00e1n mejor movilidad y conectividad gracias a &nbsp;la v\u00eda Noboa-Jipijapa, &nbsp;que adem\u00e1s&nbsp; por sus condiciones reducir\u00e1 tiempos de viaje y dar\u00e1&nbsp; seguridad a los usuarios.<\/p>\n","protected":false},"excerpt":{"rendered":"<p>Los trabajos, de rehabilitaci\u00f3n de la  v\u00eda de integraci\u00f3n Noboa &#8211; Jipijapa de 30 kil\u00f3metros de longitud,  est\u00e1n en su fase final, Ya tiene un avance cercano al 80%.<\/p>\n","protected":false},"author":1,"featured_media":17470,"comment_status":"closed","ping_status":"open","sticky":false,"template":"","format":"standard","meta":{"_joinchat":[],"footnotes":""},"categories":[138,123,92,181,91,127],"tags":[],"class_list":["post-17469","post","type-post","status-publish","format-standard","has-post-thumbnail","hentry","category-24-de-mayo","category-jipijapa","category-noticias-manabi","category-obra-publica","category-todas","category-vialidad"],"yoast_head":"<!-- This site is optimized with the Yoast SEO plugin v27.4 - https:\/\/yoast.com\/product\/yoast-seo-wordpress\/ -->\n<title>REHABILITACI\u00d3N DE LA V\u00cdA NOBOA - JIPIJAPA EST\u00c1 EN SU FASE FINAL - Prefectura de Manab\u00ed<\/title>\n<meta name=\"robots\" content=\"index, follow, max-snippet:-1, max-image-preview:large, max-video-preview:-1\" \/>\n<link rel=\"canonical\" href=\"https:\/\/www.manabi.gob.ec\/index.php\/rehabilitacion-de-la-via-noboa-jipijapa-esta-en-su-fase-final\/\" \/>\n<meta property=\"og:locale\" content=\"es_ES\" \/>\n<meta property=\"og:type\" content=\"article\" \/>\n<meta property=\"og:title\" content=\"REHABILITACI\u00d3N DE LA V\u00cdA NOBOA - JIPIJAPA EST\u00c1 EN SU FASE FINAL - Prefectura de Manab\u00ed\" \/>\n<meta property=\"og:description\" content=\"Los trabajos, de rehabilitaci\u00f3n de la v\u00eda de integraci\u00f3n Noboa - Jipijapa de 30 kil\u00f3metros de longitud, est\u00e1n en su fase final, Ya tiene un avance cercano al 80%.\" \/>\n<meta property=\"og:url\" content=\"https:\/\/www.manabi.gob.ec\/index.php\/rehabilitacion-de-la-via-noboa-jipijapa-esta-en-su-fase-final\/\" \/>\n<meta property=\"og:site_name\" content=\"Prefectura de Manab\u00ed\" \/>\n<meta property=\"article:published_time\" content=\"2021-05-21T16:43:21+00:00\" \/>\n<meta property=\"article:modified_time\" content=\"2021-05-21T16:43:33+00:00\" \/>\n<meta property=\"og:image\" content=\"https:\/\/www.manabi.gob.ec\/wp-content\/uploads\/2021\/05\/Via-Noboa-Jipijapa-3.jpg\" \/>\n\t<meta property=\"og:image:width\" content=\"958\" \/>\n\t<meta property=\"og:image:height\" content=\"1280\" \/>\n\t<meta property=\"og:image:type\" content=\"image\/jpeg\" \/>\n<meta name=\"author\" content=\"admin\" \/>\n<meta name=\"twitter:card\" content=\"summary_large_image\" \/>\n<meta name=\"twitter:label1\" content=\"Escrito por\" \/>\n\t<meta name=\"twitter:data1\" content=\"admin\" \/>\n\t<meta name=\"twitter:label2\" content=\"Tiempo de lectura\" \/>\n\t<meta name=\"twitter:data2\" content=\"1 minuto\" \/>\n<script type=\"application\/ld+json\" class=\"yoast-schema-graph\">{\"@context\":\"https:\\\/\\\/schema.org\",\"@graph\":[{\"@type\":\"Article\",\"@id\":\"https:\\\/\\\/www.manabi.gob.ec\\\/index.php\\\/rehabilitacion-de-la-via-noboa-jipijapa-esta-en-su-fase-final\\\/#article\",\"isPartOf\":{\"@id\":\"https:\\\/\\\/www.manabi.gob.ec\\\/index.php\\\/rehabilitacion-de-la-via-noboa-jipijapa-esta-en-su-fase-final\\\/\"},\"author\":{\"name\":\"admin\",\"@id\":\"https:\\\/\\\/www.manabi.gob.ec\\\/#\\\/schema\\\/person\\\/cfc71bd68fe2703b779edcc292a49722\"},\"headline\":\"REHABILITACI\u00d3N DE LA V\u00cdA NOBOA &#8211; JIPIJAPA EST\u00c1 EN SU FASE FINAL\",\"datePublished\":\"2021-05-21T16:43:21+00:00\",\"dateModified\":\"2021-05-21T16:43:33+00:00\",\"mainEntityOfPage\":{\"@id\":\"https:\\\/\\\/www.manabi.gob.ec\\\/index.php\\\/rehabilitacion-de-la-via-noboa-jipijapa-esta-en-su-fase-final\\\/\"},\"wordCount\":286,\"image\":{\"@id\":\"https:\\\/\\\/www.manabi.gob.ec\\\/index.php\\\/rehabilitacion-de-la-via-noboa-jipijapa-esta-en-su-fase-final\\\/#primaryimage\"},\"thumbnailUrl\":\"https:\\\/\\\/www.manabi.gob.ec\\\/wp-content\\\/uploads\\\/2021\\\/05\\\/Via-Noboa-Jipijapa-3.jpg\",\"articleSection\":[\"24 de Mayo\",\"Jipijapa\",\"Noticias\",\"Obra P\u00fablica\",\"Todas\",\"Vialidad\"],\"inLanguage\":\"es\"},{\"@type\":\"WebPage\",\"@id\":\"https:\\\/\\\/www.manabi.gob.ec\\\/index.php\\\/rehabilitacion-de-la-via-noboa-jipijapa-esta-en-su-fase-final\\\/\",\"url\":\"https:\\\/\\\/www.manabi.gob.ec\\\/index.php\\\/rehabilitacion-de-la-via-noboa-jipijapa-esta-en-su-fase-final\\\/\",\"name\":\"REHABILITACI\u00d3N DE LA V\u00cdA NOBOA - JIPIJAPA EST\u00c1 EN SU FASE FINAL - Prefectura de Manab\u00ed\",\"isPartOf\":{\"@id\":\"https:\\\/\\\/www.manabi.gob.ec\\\/#website\"},\"primaryImageOfPage\":{\"@id\":\"https:\\\/\\\/www.manabi.gob.ec\\\/index.php\\\/rehabilitacion-de-la-via-noboa-jipijapa-esta-en-su-fase-final\\\/#primaryimage\"},\"image\":{\"@id\":\"https:\\\/\\\/www.manabi.gob.ec\\\/index.php\\\/rehabilitacion-de-la-via-noboa-jipijapa-esta-en-su-fase-final\\\/#primaryimage\"},\"thumbnailUrl\":\"https:\\\/\\\/www.manabi.gob.ec\\\/wp-content\\\/uploads\\\/2021\\\/05\\\/Via-Noboa-Jipijapa-3.jpg\",\"datePublished\":\"2021-05-21T16:43:21+00:00\",\"dateModified\":\"2021-05-21T16:43:33+00:00\",\"author\":{\"@id\":\"https:\\\/\\\/www.manabi.gob.ec\\\/#\\\/schema\\\/person\\\/cfc71bd68fe2703b779edcc292a49722\"},\"breadcrumb\":{\"@id\":\"https:\\\/\\\/www.manabi.gob.ec\\\/index.php\\\/rehabilitacion-de-la-via-noboa-jipijapa-esta-en-su-fase-final\\\/#breadcrumb\"},\"inLanguage\":\"es\",\"potentialAction\":[{\"@type\":\"ReadAction\",\"target\":[\"https:\\\/\\\/www.manabi.gob.ec\\\/index.php\\\/rehabilitacion-de-la-via-noboa-jipijapa-esta-en-su-fase-final\\\/\"]}]},{\"@type\":\"ImageObject\",\"inLanguage\":\"es\",\"@id\":\"https:\\\/\\\/www.manabi.gob.ec\\\/index.php\\\/rehabilitacion-de-la-via-noboa-jipijapa-esta-en-su-fase-final\\\/#primaryimage\",\"url\":\"https:\\\/\\\/www.manabi.gob.ec\\\/wp-content\\\/uploads\\\/2021\\\/05\\\/Via-Noboa-Jipijapa-3.jpg\",\"contentUrl\":\"https:\\\/\\\/www.manabi.gob.ec\\\/wp-content\\\/uploads\\\/2021\\\/05\\\/Via-Noboa-Jipijapa-3.jpg\",\"width\":958,\"height\":1280},{\"@type\":\"BreadcrumbList\",\"@id\":\"https:\\\/\\\/www.manabi.gob.ec\\\/index.php\\\/rehabilitacion-de-la-via-noboa-jipijapa-esta-en-su-fase-final\\\/#breadcrumb\",\"itemListElement\":[{\"@type\":\"ListItem\",\"position\":1,\"name\":\"Portada\",\"item\":\"https:\\\/\\\/www.manabi.gob.ec\\\/\"},{\"@type\":\"ListItem\",\"position\":2,\"name\":\"REHABILITACI\u00d3N DE LA V\u00cdA NOBOA &#8211; JIPIJAPA EST\u00c1 EN SU FASE FINAL\"}]},{\"@type\":\"WebSite\",\"@id\":\"https:\\\/\\\/www.manabi.gob.ec\\\/#website\",\"url\":\"https:\\\/\\\/www.manabi.gob.ec\\\/\",\"name\":\"Prefectura de Manab\u00ed\",\"description\":\"P\u00e1gina web de la prefectura\",\"potentialAction\":[{\"@type\":\"SearchAction\",\"target\":{\"@type\":\"EntryPoint\",\"urlTemplate\":\"https:\\\/\\\/www.manabi.gob.ec\\\/?s={search_term_string}\"},\"query-input\":{\"@type\":\"PropertyValueSpecification\",\"valueRequired\":true,\"valueName\":\"search_term_string\"}}],\"inLanguage\":\"es\"},{\"@type\":\"Person\",\"@id\":\"https:\\\/\\\/www.manabi.gob.ec\\\/#\\\/schema\\\/person\\\/cfc71bd68fe2703b779edcc292a49722\",\"name\":\"admin\",\"image\":{\"@type\":\"ImageObject\",\"inLanguage\":\"es\",\"@id\":\"https:\\\/\\\/secure.gravatar.com\\\/avatar\\\/23e9f919492b0a2f65aa168e0d8c5c867ea853b61deffbadf08c7031e15b8d78?s=96&d=mm&r=g\",\"url\":\"https:\\\/\\\/secure.gravatar.com\\\/avatar\\\/23e9f919492b0a2f65aa168e0d8c5c867ea853b61deffbadf08c7031e15b8d78?s=96&d=mm&r=g\",\"contentUrl\":\"https:\\\/\\\/secure.gravatar.com\\\/avatar\\\/23e9f919492b0a2f65aa168e0d8c5c867ea853b61deffbadf08c7031e15b8d78?s=96&d=mm&r=g\",\"caption\":\"admin\"},\"sameAs\":[\"http:\\\/\\\/www.manabi.gob.ec\"],\"url\":\"https:\\\/\\\/www.manabi.gob.ec\\\/index.php\\\/author\\\/admin\\\/\"}]}<\/script>\n<!-- \/ Yoast SEO plugin. -->","yoast_head_json":{"title":"REHABILITACI\u00d3N DE LA V\u00cdA NOBOA - JIPIJAPA EST\u00c1 EN SU FASE FINAL - Prefectura de Manab\u00ed","robots":{"index":"index","follow":"follow","max-snippet":"max-snippet:-1","max-image-preview":"max-image-preview:large","max-video-preview":"max-video-preview:-1"},"canonical":"https:\/\/www.manabi.gob.ec\/index.php\/rehabilitacion-de-la-via-noboa-jipijapa-esta-en-su-fase-final\/","og_locale":"es_ES","og_type":"article","og_title":"REHABILITACI\u00d3N DE LA V\u00cdA NOBOA - JIPIJAPA EST\u00c1 EN SU FASE FINAL - Prefectura de Manab\u00ed","og_description":"Los trabajos, de rehabilitaci\u00f3n de la v\u00eda de integraci\u00f3n Noboa - Jipijapa de 30 kil\u00f3metros de longitud, est\u00e1n en su fase final, Ya tiene un avance cercano al 80%.","og_url":"https:\/\/www.manabi.gob.ec\/index.php\/rehabilitacion-de-la-via-noboa-jipijapa-esta-en-su-fase-final\/","og_site_name":"Prefectura de Manab\u00ed","article_published_time":"2021-05-21T16:43:21+00:00","article_modified_time":"2021-05-21T16:43:33+00:00","og_image":[{"width":958,"height":1280,"url":"https:\/\/www.manabi.gob.ec\/wp-content\/uploads\/2021\/05\/Via-Noboa-Jipijapa-3.jpg","type":"image\/jpeg"}],"author":"admin","twitter_card":"summary_large_image","twitter_misc":{"Escrito por":"admin","Tiempo de lectura":"1 minuto"},"schema":{"@context":"https:\/\/schema.org","@graph":[{"@type":"Article","@id":"https:\/\/www.manabi.gob.ec\/index.php\/rehabilitacion-de-la-via-noboa-jipijapa-esta-en-su-fase-final\/#article","isPartOf":{"@id":"https:\/\/www.manabi.gob.ec\/index.php\/rehabilitacion-de-la-via-noboa-jipijapa-esta-en-su-fase-final\/"},"author":{"name":"admin","@id":"https:\/\/www.manabi.gob.ec\/#\/schema\/person\/cfc71bd68fe2703b779edcc292a49722"},"headline":"REHABILITACI\u00d3N DE LA V\u00cdA NOBOA &#8211; JIPIJAPA EST\u00c1 EN SU FASE FINAL","datePublished":"2021-05-21T16:43:21+00:00","dateModified":"2021-05-21T16:43:33+00:00","mainEntityOfPage":{"@id":"https:\/\/www.manabi.gob.ec\/index.php\/rehabilitacion-de-la-via-noboa-jipijapa-esta-en-su-fase-final\/"},"wordCount":286,"image":{"@id":"https:\/\/www.manabi.gob.ec\/index.php\/rehabilitacion-de-la-via-noboa-jipijapa-esta-en-su-fase-final\/#primaryimage"},"thumbnailUrl":"https:\/\/www.manabi.gob.ec\/wp-content\/uploads\/2021\/05\/Via-Noboa-Jipijapa-3.jpg","articleSection":["24 de Mayo","Jipijapa","Noticias","Obra P\u00fablica","Todas","Vialidad"],"inLanguage":"es"},{"@type":"WebPage","@id":"https:\/\/www.manabi.gob.ec\/index.php\/rehabilitacion-de-la-via-noboa-jipijapa-esta-en-su-fase-final\/","url":"https:\/\/www.manabi.gob.ec\/index.php\/rehabilitacion-de-la-via-noboa-jipijapa-esta-en-su-fase-final\/","name":"REHABILITACI\u00d3N DE LA V\u00cdA NOBOA - JIPIJAPA EST\u00c1 EN SU FASE FINAL - Prefectura de Manab\u00ed","isPartOf":{"@id":"https:\/\/www.manabi.gob.ec\/#website"},"primaryImageOfPage":{"@id":"https:\/\/www.manabi.gob.ec\/index.php\/rehabilitacion-de-la-via-noboa-jipijapa-esta-en-su-fase-final\/#primaryimage"},"image":{"@id":"https:\/\/www.manabi.gob.ec\/index.php\/rehabilitacion-de-la-via-noboa-jipijapa-esta-en-su-fase-final\/#primaryimage"},"thumbnailUrl":"https:\/\/www.manabi.gob.ec\/wp-content\/uploads\/2021\/05\/Via-Noboa-Jipijapa-3.jpg","datePublished":"2021-05-21T16:43:21+00:00","dateModified":"2021-05-21T16:43:33+00:00","author":{"@id":"https:\/\/www.manabi.gob.ec\/#\/schema\/person\/cfc71bd68fe2703b779edcc292a49722"},"breadcrumb":{"@id":"https:\/\/www.manabi.gob.ec\/index.php\/rehabilitacion-de-la-via-noboa-jipijapa-esta-en-su-fase-final\/#breadcrumb"},"inLanguage":"es","potentialAction":[{"@type":"ReadAction","target":["https:\/\/www.manabi.gob.ec\/index.php\/rehabilitacion-de-la-via-noboa-jipijapa-esta-en-su-fase-final\/"]}]},{"@type":"ImageObject","inLanguage":"es","@id":"https:\/\/www.manabi.gob.ec\/index.php\/rehabilitacion-de-la-via-noboa-jipijapa-esta-en-su-fase-final\/#primaryimage","url":"https:\/\/www.manabi.gob.ec\/wp-content\/uploads\/2021\/05\/Via-Noboa-Jipijapa-3.jpg","contentUrl":"https:\/\/www.manabi.gob.ec\/wp-content\/uploads\/2021\/05\/Via-Noboa-Jipijapa-3.jpg","width":958,"height":1280},{"@type":"BreadcrumbList","@id":"https:\/\/www.manabi.gob.ec\/index.php\/rehabilitacion-de-la-via-noboa-jipijapa-esta-en-su-fase-final\/#breadcrumb","itemListElement":[{"@type":"ListItem","position":1,"name":"Portada","item":"https:\/\/www.manabi.gob.ec\/"},{"@type":"ListItem","position":2,"name":"REHABILITACI\u00d3N DE LA V\u00cdA NOBOA &#8211; JIPIJAPA EST\u00c1 EN SU FASE FINAL"}]},{"@type":"WebSite","@id":"https:\/\/www.manabi.gob.ec\/#website","url":"https:\/\/www.manabi.gob.ec\/","name":"Prefectura de Manab\u00ed","description":"P\u00e1gina web de la prefectura","potentialAction":[{"@type":"SearchAction","target":{"@type":"EntryPoint","urlTemplate":"https:\/\/www.manabi.gob.ec\/?s={search_term_string}"},"query-input":{"@type":"PropertyValueSpecification","valueRequired":true,"valueName":"search_term_string"}}],"inLanguage":"es"},{"@type":"Person","@id":"https:\/\/www.manabi.gob.ec\/#\/schema\/person\/cfc71bd68fe2703b779edcc292a49722","name":"admin","image":{"@type":"ImageObject","inLanguage":"es","@id":"https:\/\/secure.gravatar.com\/avatar\/23e9f919492b0a2f65aa168e0d8c5c867ea853b61deffbadf08c7031e15b8d78?s=96&d=mm&r=g","url":"https:\/\/secure.gravatar.com\/avatar\/23e9f919492b0a2f65aa168e0d8c5c867ea853b61deffbadf08c7031e15b8d78?s=96&d=mm&r=g","contentUrl":"https:\/\/secure.gravatar.com\/avatar\/23e9f919492b0a2f65aa168e0d8c5c867ea853b61deffbadf08c7031e15b8d78?s=96&d=mm&r=g","caption":"admin"},"sameAs":["http:\/\/www.manabi.gob.ec"],"url":"https:\/\/www.manabi.gob.ec\/index.php\/author\/admin\/"}]}},"jetpack_featured_media_url":"https:\/\/www.manabi.gob.ec\/wp-content\/uploads\/2021\/05\/Via-Noboa-Jipijapa-3.jpg","_links":{"self":[{"href":"https:\/\/www.manabi.gob.ec\/index.php\/wp-json\/wp\/v2\/posts\/17469","targetHints":{"allow":["GET"]}}],"collection":[{"href":"https:\/\/www.manabi.gob.ec\/index.php\/wp-json\/wp\/v2\/posts"}],"about":[{"href":"https:\/\/www.manabi.gob.ec\/index.php\/wp-json\/wp\/v2\/types\/post"}],"author":[{"embeddable":true,"href":"https:\/\/www.manabi.gob.ec\/index.php\/wp-json\/wp\/v2\/users\/1"}],"replies":[{"embeddable":true,"href":"https:\/\/www.manabi.gob.ec\/index.php\/wp-json\/wp\/v2\/comments?post=17469"}],"version-history":[{"count":0,"href":"https:\/\/www.manabi.gob.ec\/index.php\/wp-json\/wp\/v2\/posts\/17469\/revisions"}],"wp:featuredmedia":[{"embeddable":true,"href":"https:\/\/www.manabi.gob.ec\/index.php\/wp-json\/wp\/v2\/media\/17470"}],"wp:attachment":[{"href":"https:\/\/www.manabi.gob.ec\/index.php\/wp-json\/wp\/v2\/media?parent=17469"}],"wp:term":[{"taxonomy":"category","embeddable":true,"href":"https:\/\/www.manabi.gob.ec\/index.php\/wp-json\/wp\/v2\/categories?post=17469"},{"taxonomy":"post_tag","embeddable":true,"href":"https:\/\/www.manabi.gob.ec\/index.php\/wp-json\/wp\/v2\/tags?post=17469"}],"curies":[{"name":"wp","href":"https:\/\/api.w.org\/{rel}","templated":true}]}}