{"id":17488,"date":"2021-05-21T17:37:22","date_gmt":"2021-05-21T17:37:22","guid":{"rendered":"https:\/\/www.manabi.gob.ec\/?p=17488"},"modified":"2021-05-21T17:37:25","modified_gmt":"2021-05-21T17:37:25","slug":"prefectura-conversa-sobre-los-emprendimientos-digitales","status":"publish","type":"post","link":"https:\/\/www.manabi.gob.ec\/index.php\/prefectura-conversa-sobre-los-emprendimientos-digitales\/","title":{"rendered":"PREFECTURA CONVERSA SOBRE  LOS EMPRENDIMIENTOS DIGITALES"},"content":{"rendered":"\n<p>\u00abEmprendimiento digital, herramienta para alcanzar el \u00e9xito\u00bb, fue el tema principal del espacio participativo virtual&nbsp; Prefectura Conversa, en su tercera edici\u00f3n, que se realiza a trav\u00e9s de la plataformas zoom y Facebook live.<\/p>\n\n\n\n<p>El prefecto de Manab\u00ed, Leonardo Orlando, destac\u00f3 la importancia del emprendimiento digital en estos tiempos de pandemia. \u00abHoy, m\u00e1s que nunca, tenemos que pensar en proyectos sostenibles, resilientes, inclusivos, que promuevan la econom\u00eda circular con enfoque de nuevas tendencias donde el internet constituye retos y desaf\u00edos en temas de comercializaci\u00f3n\u00bb, dijo.<\/p>\n\n\n\n<p>Agreg\u00f3 que desde el Gobierno de Manab\u00ed se trabaja en promover pol\u00edticas p\u00fablicas para desarrollar proyectos de innovaci\u00f3n, asociatividad, resiliencia y comercio justo. \u00abEstamos empe\u00f1ados en llevar internet a los sectores rurales\u00bb, sostuvo el Prefecto.<\/p>\n\n\n\n<p>Resalt\u00f3 la participaci\u00f3n de los conferencistas, unos m\u00e1s j\u00f3venes que otros, u con experiencia empresarial y acad\u00e9mica, que abren posibilidades de expandir&nbsp; conocimientos digitales que aportan modelos de nuevos negocios a trav\u00e9s de la tecnolog\u00eda.<\/p>\n\n\n\n<p>&nbsp;Los cuatro panelistas abordaron temas como: Negocios digitales en tiempos de pandemia, Experiencia de compras del consumidor, Econom\u00eda digital, La digitalizaci\u00f3n como oportunidad de emprender, y Experiencias de tienda on-line de la provincia del Napo.<\/p>\n\n\n\n<p>&nbsp;LOS PONENTES<\/p>\n\n\n\n<p>-Eco.Iv\u00e1n Mu\u00f1oz, manabita, nacido en Portoviejo,&nbsp; presidente y fundador de 3J Group, LLC.<\/p>\n\n\n\n<p>-Mtra.Carolina Montero, experta en el mundo digital.&nbsp;&nbsp;Founder &amp; CEO de Oriens Ebusiness Consulting.<\/p>\n\n\n\n<p>-Dr. Danny Barbery,&nbsp; especializado en Marketing de la Escuela Superior Polit\u00e9cnica del Litoral (ESPOL).&nbsp; Decano Facultad de Ciencias de la Comunicaci\u00f3n de la UEES.<\/p>\n\n\n\n<p>-Dr.Kelvin Cueva Rojas, ingeniero Forestal.<\/p>\n","protected":false},"excerpt":{"rendered":"<p>\u00abEmprendimiento digital, herramienta para alcanzar el \u00e9xito\u00bb, fue el tema principal del espacio participativo virtual  Prefectura Conversa, en su tercera edici\u00f3n, que se realiza a trav\u00e9s de la plataformas zoom y Facebook live.<\/p>\n","protected":false},"author":1,"featured_media":17489,"comment_status":"closed","ping_status":"open","sticky":false,"template":"","format":"standard","meta":{"_joinchat":[],"footnotes":""},"categories":[92,193,140,91],"tags":[],"class_list":["post-17488","post","type-post","status-publish","format-standard","has-post-thumbnail","hentry","category-noticias-manabi","category-participacion-ciudadana","category-produccion","category-todas"],"yoast_head":"<!-- This site is optimized with the Yoast SEO plugin v27.4 - https:\/\/yoast.com\/product\/yoast-seo-wordpress\/ -->\n<title>PREFECTURA CONVERSA SOBRE LOS EMPRENDIMIENTOS DIGITALES - Prefectura de Manab\u00ed<\/title>\n<meta name=\"robots\" content=\"index, follow, max-snippet:-1, max-image-preview:large, max-video-preview:-1\" \/>\n<link rel=\"canonical\" href=\"https:\/\/www.manabi.gob.ec\/index.php\/prefectura-conversa-sobre-los-emprendimientos-digitales\/\" \/>\n<meta property=\"og:locale\" content=\"es_ES\" \/>\n<meta property=\"og:type\" content=\"article\" \/>\n<meta property=\"og:title\" content=\"PREFECTURA CONVERSA SOBRE LOS EMPRENDIMIENTOS DIGITALES - Prefectura de Manab\u00ed\" \/>\n<meta property=\"og:description\" content=\"&quot;Emprendimiento digital, herramienta para alcanzar el \u00e9xito&quot;, fue el tema principal del espacio participativo virtual Prefectura Conversa, en su tercera edici\u00f3n, que se realiza a trav\u00e9s de la plataformas zoom y Facebook live.\" \/>\n<meta property=\"og:url\" content=\"https:\/\/www.manabi.gob.ec\/index.php\/prefectura-conversa-sobre-los-emprendimientos-digitales\/\" \/>\n<meta property=\"og:site_name\" content=\"Prefectura de Manab\u00ed\" \/>\n<meta property=\"article:published_time\" content=\"2021-05-21T17:37:22+00:00\" \/>\n<meta property=\"article:modified_time\" content=\"2021-05-21T17:37:25+00:00\" \/>\n<meta property=\"og:image\" content=\"https:\/\/www.manabi.gob.ec\/wp-content\/uploads\/2021\/05\/Sin-titulo-3.jpg\" \/>\n\t<meta property=\"og:image:width\" content=\"1428\" \/>\n\t<meta property=\"og:image:height\" content=\"855\" \/>\n\t<meta property=\"og:image:type\" content=\"image\/jpeg\" \/>\n<meta name=\"author\" content=\"admin\" \/>\n<meta name=\"twitter:card\" content=\"summary_large_image\" \/>\n<meta name=\"twitter:label1\" content=\"Escrito por\" \/>\n\t<meta name=\"twitter:data1\" content=\"admin\" \/>\n\t<meta name=\"twitter:label2\" content=\"Tiempo de lectura\" \/>\n\t<meta name=\"twitter:data2\" content=\"2 minutos\" \/>\n<script type=\"application\/ld+json\" class=\"yoast-schema-graph\">{\"@context\":\"https:\\\/\\\/schema.org\",\"@graph\":[{\"@type\":\"Article\",\"@id\":\"https:\\\/\\\/www.manabi.gob.ec\\\/index.php\\\/prefectura-conversa-sobre-los-emprendimientos-digitales\\\/#article\",\"isPartOf\":{\"@id\":\"https:\\\/\\\/www.manabi.gob.ec\\\/index.php\\\/prefectura-conversa-sobre-los-emprendimientos-digitales\\\/\"},\"author\":{\"name\":\"admin\",\"@id\":\"https:\\\/\\\/www.manabi.gob.ec\\\/#\\\/schema\\\/person\\\/cfc71bd68fe2703b779edcc292a49722\"},\"headline\":\"PREFECTURA CONVERSA SOBRE LOS EMPRENDIMIENTOS DIGITALES\",\"datePublished\":\"2021-05-21T17:37:22+00:00\",\"dateModified\":\"2021-05-21T17:37:25+00:00\",\"mainEntityOfPage\":{\"@id\":\"https:\\\/\\\/www.manabi.gob.ec\\\/index.php\\\/prefectura-conversa-sobre-los-emprendimientos-digitales\\\/\"},\"wordCount\":287,\"image\":{\"@id\":\"https:\\\/\\\/www.manabi.gob.ec\\\/index.php\\\/prefectura-conversa-sobre-los-emprendimientos-digitales\\\/#primaryimage\"},\"thumbnailUrl\":\"https:\\\/\\\/www.manabi.gob.ec\\\/wp-content\\\/uploads\\\/2021\\\/05\\\/Sin-titulo-3.jpg\",\"articleSection\":[\"Noticias\",\"Participaci\u00f3n ciudadana\",\"Producci\u00f3n\",\"Todas\"],\"inLanguage\":\"es\"},{\"@type\":\"WebPage\",\"@id\":\"https:\\\/\\\/www.manabi.gob.ec\\\/index.php\\\/prefectura-conversa-sobre-los-emprendimientos-digitales\\\/\",\"url\":\"https:\\\/\\\/www.manabi.gob.ec\\\/index.php\\\/prefectura-conversa-sobre-los-emprendimientos-digitales\\\/\",\"name\":\"PREFECTURA CONVERSA SOBRE LOS EMPRENDIMIENTOS DIGITALES - Prefectura de Manab\u00ed\",\"isPartOf\":{\"@id\":\"https:\\\/\\\/www.manabi.gob.ec\\\/#website\"},\"primaryImageOfPage\":{\"@id\":\"https:\\\/\\\/www.manabi.gob.ec\\\/index.php\\\/prefectura-conversa-sobre-los-emprendimientos-digitales\\\/#primaryimage\"},\"image\":{\"@id\":\"https:\\\/\\\/www.manabi.gob.ec\\\/index.php\\\/prefectura-conversa-sobre-los-emprendimientos-digitales\\\/#primaryimage\"},\"thumbnailUrl\":\"https:\\\/\\\/www.manabi.gob.ec\\\/wp-content\\\/uploads\\\/2021\\\/05\\\/Sin-titulo-3.jpg\",\"datePublished\":\"2021-05-21T17:37:22+00:00\",\"dateModified\":\"2021-05-21T17:37:25+00:00\",\"author\":{\"@id\":\"https:\\\/\\\/www.manabi.gob.ec\\\/#\\\/schema\\\/person\\\/cfc71bd68fe2703b779edcc292a49722\"},\"breadcrumb\":{\"@id\":\"https:\\\/\\\/www.manabi.gob.ec\\\/index.php\\\/prefectura-conversa-sobre-los-emprendimientos-digitales\\\/#breadcrumb\"},\"inLanguage\":\"es\",\"potentialAction\":[{\"@type\":\"ReadAction\",\"target\":[\"https:\\\/\\\/www.manabi.gob.ec\\\/index.php\\\/prefectura-conversa-sobre-los-emprendimientos-digitales\\\/\"]}]},{\"@type\":\"ImageObject\",\"inLanguage\":\"es\",\"@id\":\"https:\\\/\\\/www.manabi.gob.ec\\\/index.php\\\/prefectura-conversa-sobre-los-emprendimientos-digitales\\\/#primaryimage\",\"url\":\"https:\\\/\\\/www.manabi.gob.ec\\\/wp-content\\\/uploads\\\/2021\\\/05\\\/Sin-titulo-3.jpg\",\"contentUrl\":\"https:\\\/\\\/www.manabi.gob.ec\\\/wp-content\\\/uploads\\\/2021\\\/05\\\/Sin-titulo-3.jpg\",\"width\":1428,\"height\":855},{\"@type\":\"BreadcrumbList\",\"@id\":\"https:\\\/\\\/www.manabi.gob.ec\\\/index.php\\\/prefectura-conversa-sobre-los-emprendimientos-digitales\\\/#breadcrumb\",\"itemListElement\":[{\"@type\":\"ListItem\",\"position\":1,\"name\":\"Portada\",\"item\":\"https:\\\/\\\/www.manabi.gob.ec\\\/\"},{\"@type\":\"ListItem\",\"position\":2,\"name\":\"PREFECTURA CONVERSA SOBRE LOS EMPRENDIMIENTOS DIGITALES\"}]},{\"@type\":\"WebSite\",\"@id\":\"https:\\\/\\\/www.manabi.gob.ec\\\/#website\",\"url\":\"https:\\\/\\\/www.manabi.gob.ec\\\/\",\"name\":\"Prefectura de Manab\u00ed\",\"description\":\"P\u00e1gina web de la prefectura\",\"potentialAction\":[{\"@type\":\"SearchAction\",\"target\":{\"@type\":\"EntryPoint\",\"urlTemplate\":\"https:\\\/\\\/www.manabi.gob.ec\\\/?s={search_term_string}\"},\"query-input\":{\"@type\":\"PropertyValueSpecification\",\"valueRequired\":true,\"valueName\":\"search_term_string\"}}],\"inLanguage\":\"es\"},{\"@type\":\"Person\",\"@id\":\"https:\\\/\\\/www.manabi.gob.ec\\\/#\\\/schema\\\/person\\\/cfc71bd68fe2703b779edcc292a49722\",\"name\":\"admin\",\"image\":{\"@type\":\"ImageObject\",\"inLanguage\":\"es\",\"@id\":\"https:\\\/\\\/secure.gravatar.com\\\/avatar\\\/23e9f919492b0a2f65aa168e0d8c5c867ea853b61deffbadf08c7031e15b8d78?s=96&d=mm&r=g\",\"url\":\"https:\\\/\\\/secure.gravatar.com\\\/avatar\\\/23e9f919492b0a2f65aa168e0d8c5c867ea853b61deffbadf08c7031e15b8d78?s=96&d=mm&r=g\",\"contentUrl\":\"https:\\\/\\\/secure.gravatar.com\\\/avatar\\\/23e9f919492b0a2f65aa168e0d8c5c867ea853b61deffbadf08c7031e15b8d78?s=96&d=mm&r=g\",\"caption\":\"admin\"},\"sameAs\":[\"http:\\\/\\\/www.manabi.gob.ec\"],\"url\":\"https:\\\/\\\/www.manabi.gob.ec\\\/index.php\\\/author\\\/admin\\\/\"}]}<\/script>\n<!-- \/ Yoast SEO plugin. -->","yoast_head_json":{"title":"PREFECTURA CONVERSA SOBRE LOS EMPRENDIMIENTOS DIGITALES - Prefectura de Manab\u00ed","robots":{"index":"index","follow":"follow","max-snippet":"max-snippet:-1","max-image-preview":"max-image-preview:large","max-video-preview":"max-video-preview:-1"},"canonical":"https:\/\/www.manabi.gob.ec\/index.php\/prefectura-conversa-sobre-los-emprendimientos-digitales\/","og_locale":"es_ES","og_type":"article","og_title":"PREFECTURA CONVERSA SOBRE LOS EMPRENDIMIENTOS DIGITALES - Prefectura de Manab\u00ed","og_description":"\"Emprendimiento digital, herramienta para alcanzar el \u00e9xito\", fue el tema principal del espacio participativo virtual Prefectura Conversa, en su tercera edici\u00f3n, que se realiza a trav\u00e9s de la plataformas zoom y Facebook live.","og_url":"https:\/\/www.manabi.gob.ec\/index.php\/prefectura-conversa-sobre-los-emprendimientos-digitales\/","og_site_name":"Prefectura de Manab\u00ed","article_published_time":"2021-05-21T17:37:22+00:00","article_modified_time":"2021-05-21T17:37:25+00:00","og_image":[{"width":1428,"height":855,"url":"https:\/\/www.manabi.gob.ec\/wp-content\/uploads\/2021\/05\/Sin-titulo-3.jpg","type":"image\/jpeg"}],"author":"admin","twitter_card":"summary_large_image","twitter_misc":{"Escrito por":"admin","Tiempo de lectura":"2 minutos"},"schema":{"@context":"https:\/\/schema.org","@graph":[{"@type":"Article","@id":"https:\/\/www.manabi.gob.ec\/index.php\/prefectura-conversa-sobre-los-emprendimientos-digitales\/#article","isPartOf":{"@id":"https:\/\/www.manabi.gob.ec\/index.php\/prefectura-conversa-sobre-los-emprendimientos-digitales\/"},"author":{"name":"admin","@id":"https:\/\/www.manabi.gob.ec\/#\/schema\/person\/cfc71bd68fe2703b779edcc292a49722"},"headline":"PREFECTURA CONVERSA SOBRE LOS EMPRENDIMIENTOS DIGITALES","datePublished":"2021-05-21T17:37:22+00:00","dateModified":"2021-05-21T17:37:25+00:00","mainEntityOfPage":{"@id":"https:\/\/www.manabi.gob.ec\/index.php\/prefectura-conversa-sobre-los-emprendimientos-digitales\/"},"wordCount":287,"image":{"@id":"https:\/\/www.manabi.gob.ec\/index.php\/prefectura-conversa-sobre-los-emprendimientos-digitales\/#primaryimage"},"thumbnailUrl":"https:\/\/www.manabi.gob.ec\/wp-content\/uploads\/2021\/05\/Sin-titulo-3.jpg","articleSection":["Noticias","Participaci\u00f3n ciudadana","Producci\u00f3n","Todas"],"inLanguage":"es"},{"@type":"WebPage","@id":"https:\/\/www.manabi.gob.ec\/index.php\/prefectura-conversa-sobre-los-emprendimientos-digitales\/","url":"https:\/\/www.manabi.gob.ec\/index.php\/prefectura-conversa-sobre-los-emprendimientos-digitales\/","name":"PREFECTURA CONVERSA SOBRE LOS EMPRENDIMIENTOS DIGITALES - Prefectura de Manab\u00ed","isPartOf":{"@id":"https:\/\/www.manabi.gob.ec\/#website"},"primaryImageOfPage":{"@id":"https:\/\/www.manabi.gob.ec\/index.php\/prefectura-conversa-sobre-los-emprendimientos-digitales\/#primaryimage"},"image":{"@id":"https:\/\/www.manabi.gob.ec\/index.php\/prefectura-conversa-sobre-los-emprendimientos-digitales\/#primaryimage"},"thumbnailUrl":"https:\/\/www.manabi.gob.ec\/wp-content\/uploads\/2021\/05\/Sin-titulo-3.jpg","datePublished":"2021-05-21T17:37:22+00:00","dateModified":"2021-05-21T17:37:25+00:00","author":{"@id":"https:\/\/www.manabi.gob.ec\/#\/schema\/person\/cfc71bd68fe2703b779edcc292a49722"},"breadcrumb":{"@id":"https:\/\/www.manabi.gob.ec\/index.php\/prefectura-conversa-sobre-los-emprendimientos-digitales\/#breadcrumb"},"inLanguage":"es","potentialAction":[{"@type":"ReadAction","target":["https:\/\/www.manabi.gob.ec\/index.php\/prefectura-conversa-sobre-los-emprendimientos-digitales\/"]}]},{"@type":"ImageObject","inLanguage":"es","@id":"https:\/\/www.manabi.gob.ec\/index.php\/prefectura-conversa-sobre-los-emprendimientos-digitales\/#primaryimage","url":"https:\/\/www.manabi.gob.ec\/wp-content\/uploads\/2021\/05\/Sin-titulo-3.jpg","contentUrl":"https:\/\/www.manabi.gob.ec\/wp-content\/uploads\/2021\/05\/Sin-titulo-3.jpg","width":1428,"height":855},{"@type":"BreadcrumbList","@id":"https:\/\/www.manabi.gob.ec\/index.php\/prefectura-conversa-sobre-los-emprendimientos-digitales\/#breadcrumb","itemListElement":[{"@type":"ListItem","position":1,"name":"Portada","item":"https:\/\/www.manabi.gob.ec\/"},{"@type":"ListItem","position":2,"name":"PREFECTURA CONVERSA SOBRE LOS EMPRENDIMIENTOS DIGITALES"}]},{"@type":"WebSite","@id":"https:\/\/www.manabi.gob.ec\/#website","url":"https:\/\/www.manabi.gob.ec\/","name":"Prefectura de Manab\u00ed","description":"P\u00e1gina web de la prefectura","potentialAction":[{"@type":"SearchAction","target":{"@type":"EntryPoint","urlTemplate":"https:\/\/www.manabi.gob.ec\/?s={search_term_string}"},"query-input":{"@type":"PropertyValueSpecification","valueRequired":true,"valueName":"search_term_string"}}],"inLanguage":"es"},{"@type":"Person","@id":"https:\/\/www.manabi.gob.ec\/#\/schema\/person\/cfc71bd68fe2703b779edcc292a49722","name":"admin","image":{"@type":"ImageObject","inLanguage":"es","@id":"https:\/\/secure.gravatar.com\/avatar\/23e9f919492b0a2f65aa168e0d8c5c867ea853b61deffbadf08c7031e15b8d78?s=96&d=mm&r=g","url":"https:\/\/secure.gravatar.com\/avatar\/23e9f919492b0a2f65aa168e0d8c5c867ea853b61deffbadf08c7031e15b8d78?s=96&d=mm&r=g","contentUrl":"https:\/\/secure.gravatar.com\/avatar\/23e9f919492b0a2f65aa168e0d8c5c867ea853b61deffbadf08c7031e15b8d78?s=96&d=mm&r=g","caption":"admin"},"sameAs":["http:\/\/www.manabi.gob.ec"],"url":"https:\/\/www.manabi.gob.ec\/index.php\/author\/admin\/"}]}},"jetpack_featured_media_url":"https:\/\/www.manabi.gob.ec\/wp-content\/uploads\/2021\/05\/Sin-titulo-3.jpg","_links":{"self":[{"href":"https:\/\/www.manabi.gob.ec\/index.php\/wp-json\/wp\/v2\/posts\/17488","targetHints":{"allow":["GET"]}}],"collection":[{"href":"https:\/\/www.manabi.gob.ec\/index.php\/wp-json\/wp\/v2\/posts"}],"about":[{"href":"https:\/\/www.manabi.gob.ec\/index.php\/wp-json\/wp\/v2\/types\/post"}],"author":[{"embeddable":true,"href":"https:\/\/www.manabi.gob.ec\/index.php\/wp-json\/wp\/v2\/users\/1"}],"replies":[{"embeddable":true,"href":"https:\/\/www.manabi.gob.ec\/index.php\/wp-json\/wp\/v2\/comments?post=17488"}],"version-history":[{"count":0,"href":"https:\/\/www.manabi.gob.ec\/index.php\/wp-json\/wp\/v2\/posts\/17488\/revisions"}],"wp:featuredmedia":[{"embeddable":true,"href":"https:\/\/www.manabi.gob.ec\/index.php\/wp-json\/wp\/v2\/media\/17489"}],"wp:attachment":[{"href":"https:\/\/www.manabi.gob.ec\/index.php\/wp-json\/wp\/v2\/media?parent=17488"}],"wp:term":[{"taxonomy":"category","embeddable":true,"href":"https:\/\/www.manabi.gob.ec\/index.php\/wp-json\/wp\/v2\/categories?post=17488"},{"taxonomy":"post_tag","embeddable":true,"href":"https:\/\/www.manabi.gob.ec\/index.php\/wp-json\/wp\/v2\/tags?post=17488"}],"curies":[{"name":"wp","href":"https:\/\/api.w.org\/{rel}","templated":true}]}}