{"id":17503,"date":"2021-05-25T12:01:49","date_gmt":"2021-05-25T12:01:49","guid":{"rendered":"https:\/\/www.manabi.gob.ec\/?p=17503"},"modified":"2021-05-25T12:01:52","modified_gmt":"2021-05-25T12:01:52","slug":"12-pozos-y-mas-vias-anuncio-el-prefecto-en-sesion-por-los-93-anos-de-san-isidro-de-sucre","status":"publish","type":"post","link":"https:\/\/www.manabi.gob.ec\/index.php\/12-pozos-y-mas-vias-anuncio-el-prefecto-en-sesion-por-los-93-anos-de-san-isidro-de-sucre\/","title":{"rendered":"12 POZOS Y M\u00c1S V\u00cdAS ANUNCI\u00d3 EL PREFECTO EN SESI\u00d3N POR LOS 93 A\u00d1OS DE SAN ISIDRO DE SUCRE"},"content":{"rendered":"\n<p>Las comunidades 5 de Junio y Bijahual, pertenecientes a la parroquia San Isidro, del cant\u00f3n Sucre, ser\u00e1n beneficiadas con la construcci\u00f3n de 12 pozos someros, que ser\u00e1n&nbsp; financiados por la Prefectura, en convenio con el Gobierno Parroquial local.<\/p>\n\n\n\n<p>El documento que avala esta alianza de cooperaci\u00f3n interinstitucional fue suscrito por el prefecto, Leonardo Orlando, y el presidente del GAD de San Isidro, Walter Andrade, en el marco de la sesi\u00f3n solemne que se desarroll\u00f3 el viernes 21 de mayo, en homenaje a los 93 a\u00f1os de creaci\u00f3n de esta parroquia.<\/p>\n\n\n\n<p>Adem\u00e1s, firmaron un convenio para la ejecuci\u00f3n de un proyecto de formaci\u00f3n en costura, modalidad juegos de s\u00e1banas y cortinas, para la reactivaci\u00f3n econ\u00f3mica local desde los grupos de atenci\u00f3n prioritaria de San Isidro.<\/p>\n\n\n\n<p>La alcaldesa de Sucre, Ingrid Zambrano, resalt\u00f3 el apoyo del Gobierno Provincial y la predisposici\u00f3n del Prefecto para trabajar articuladamente con la Municipalidad en la ejecuci\u00f3n de obras y proyectos a favor de esta y otras localidades de su cant\u00f3n.<\/p>\n\n\n\n<p>La autoridad provincial recibi\u00f3 del GAD San Isidro un reconocimiento por su \u00abcontribuci\u00f3n al desarrollo de esta tierra\u00bb.<\/p>\n\n\n\n<p>\u00abNunca hemos recibido un no por respuesta del Gobierno Provincial. Y no s\u00f3lo en esta fecha se han firmado convenios con la parroquia San Isidro. No ha habido necesidad de esperar esta fecha para que la Prefectura est\u00e9 pendiente de nuestra parroquia\u00bb, dijo el presidente, Walter Andrade.<\/p>\n\n\n\n<p>El Prefecto &nbsp;Orlando ratific\u00f3 su voluntad de seguir articulando esfuerzos para atender con equidad y justicia social, \u00absin sectarismos\u00bb, las necesidades de las 55 parroquias rurales de la provincia.<\/p>\n\n\n\n<p>Destac\u00f3 que su administraci\u00f3n ha logrado la meta de construir 1.100 kil\u00f3metros de nuevas v\u00edas por a\u00f1o, y mencion\u00f3 que San Isidro es la parroquia con mayor intervenci\u00f3n, con m\u00e1s de 70 km de v\u00edas, entre nuevas, m\u00e1s 2 puentes nuevos de hormig\u00f3n.<\/p>\n\n\n\n<p>\u00abY el d\u00eda&nbsp;de hoy hemos suscrito la comunicaci\u00f3n postulando al BDE (Banco de Desarrollo del Ecuador) 17 proyectos de estudios (&#8230;) uno de ellos la v\u00eda San Isidro &#8211; R\u00edo Grande &#8211; Santa Rosa &#8211; 5 de Junio &#8211; Colorado\u00bb, anunci\u00f3.<\/p>\n\n\n\n<p>La fecha de aniversario parroquial de San Isidro es el 15 de mayo de cada a\u00f1o, pero esta vez la celebraci\u00f3n no se pudo realizar ese d\u00eda por el confinamiento que reg\u00eda los fines de semana para controlar los contagios de Covid-19<strong>.<\/strong><\/p>\n","protected":false},"excerpt":{"rendered":"<p>Las comunidades 5 de Junio y Bijahual, pertenecientes a la parroquia San Isidro, del cant\u00f3n Sucre, ser\u00e1n beneficiadas con la construcci\u00f3n de 12 pozos someros, que ser\u00e1n  financiados por la Prefectura, en convenio con el Gobierno Parroquial local.<\/p>\n","protected":false},"author":1,"featured_media":17504,"comment_status":"closed","ping_status":"open","sticky":false,"template":"","format":"standard","meta":{"_joinchat":[],"footnotes":""},"categories":[92,160,91],"tags":[],"class_list":["post-17503","post","type-post","status-publish","format-standard","has-post-thumbnail","hentry","category-noticias-manabi","category-sucre","category-todas"],"yoast_head":"<!-- This site is optimized with the Yoast SEO plugin v27.4 - https:\/\/yoast.com\/product\/yoast-seo-wordpress\/ -->\n<title>12 POZOS Y M\u00c1S V\u00cdAS ANUNCI\u00d3 EL PREFECTO EN SESI\u00d3N POR LOS 93 A\u00d1OS DE SAN ISIDRO DE SUCRE - Prefectura de Manab\u00ed<\/title>\n<meta name=\"robots\" content=\"index, follow, max-snippet:-1, max-image-preview:large, max-video-preview:-1\" \/>\n<link rel=\"canonical\" href=\"https:\/\/www.manabi.gob.ec\/index.php\/12-pozos-y-mas-vias-anuncio-el-prefecto-en-sesion-por-los-93-anos-de-san-isidro-de-sucre\/\" \/>\n<meta property=\"og:locale\" content=\"es_ES\" \/>\n<meta property=\"og:type\" content=\"article\" \/>\n<meta property=\"og:title\" content=\"12 POZOS Y M\u00c1S V\u00cdAS ANUNCI\u00d3 EL PREFECTO EN SESI\u00d3N POR LOS 93 A\u00d1OS DE SAN ISIDRO DE SUCRE - Prefectura de Manab\u00ed\" \/>\n<meta property=\"og:description\" content=\"Las comunidades 5 de Junio y Bijahual, pertenecientes a la parroquia San Isidro, del cant\u00f3n Sucre, ser\u00e1n beneficiadas con la construcci\u00f3n de 12 pozos someros, que ser\u00e1n financiados por la Prefectura, en convenio con el Gobierno Parroquial local.\" \/>\n<meta property=\"og:url\" content=\"https:\/\/www.manabi.gob.ec\/index.php\/12-pozos-y-mas-vias-anuncio-el-prefecto-en-sesion-por-los-93-anos-de-san-isidro-de-sucre\/\" \/>\n<meta property=\"og:site_name\" content=\"Prefectura de Manab\u00ed\" \/>\n<meta property=\"article:published_time\" content=\"2021-05-25T12:01:49+00:00\" \/>\n<meta property=\"article:modified_time\" content=\"2021-05-25T12:01:52+00:00\" \/>\n<meta property=\"og:image\" content=\"https:\/\/www.manabi.gob.ec\/wp-content\/uploads\/2021\/05\/Sesion-en-Sann-Isidro-2.jpg\" \/>\n\t<meta property=\"og:image:width\" content=\"1280\" \/>\n\t<meta property=\"og:image:height\" content=\"853\" \/>\n\t<meta property=\"og:image:type\" content=\"image\/jpeg\" \/>\n<meta name=\"author\" content=\"admin\" \/>\n<meta name=\"twitter:card\" content=\"summary_large_image\" \/>\n<meta name=\"twitter:label1\" content=\"Escrito por\" \/>\n\t<meta name=\"twitter:data1\" content=\"admin\" \/>\n\t<meta name=\"twitter:label2\" content=\"Tiempo de lectura\" \/>\n\t<meta name=\"twitter:data2\" content=\"2 minutos\" \/>\n<script type=\"application\/ld+json\" class=\"yoast-schema-graph\">{\"@context\":\"https:\\\/\\\/schema.org\",\"@graph\":[{\"@type\":\"Article\",\"@id\":\"https:\\\/\\\/www.manabi.gob.ec\\\/index.php\\\/12-pozos-y-mas-vias-anuncio-el-prefecto-en-sesion-por-los-93-anos-de-san-isidro-de-sucre\\\/#article\",\"isPartOf\":{\"@id\":\"https:\\\/\\\/www.manabi.gob.ec\\\/index.php\\\/12-pozos-y-mas-vias-anuncio-el-prefecto-en-sesion-por-los-93-anos-de-san-isidro-de-sucre\\\/\"},\"author\":{\"name\":\"admin\",\"@id\":\"https:\\\/\\\/www.manabi.gob.ec\\\/#\\\/schema\\\/person\\\/cfc71bd68fe2703b779edcc292a49722\"},\"headline\":\"12 POZOS Y M\u00c1S V\u00cdAS ANUNCI\u00d3 EL PREFECTO EN SESI\u00d3N POR LOS 93 A\u00d1OS DE SAN ISIDRO DE SUCRE\",\"datePublished\":\"2021-05-25T12:01:49+00:00\",\"dateModified\":\"2021-05-25T12:01:52+00:00\",\"mainEntityOfPage\":{\"@id\":\"https:\\\/\\\/www.manabi.gob.ec\\\/index.php\\\/12-pozos-y-mas-vias-anuncio-el-prefecto-en-sesion-por-los-93-anos-de-san-isidro-de-sucre\\\/\"},\"wordCount\":434,\"image\":{\"@id\":\"https:\\\/\\\/www.manabi.gob.ec\\\/index.php\\\/12-pozos-y-mas-vias-anuncio-el-prefecto-en-sesion-por-los-93-anos-de-san-isidro-de-sucre\\\/#primaryimage\"},\"thumbnailUrl\":\"https:\\\/\\\/www.manabi.gob.ec\\\/wp-content\\\/uploads\\\/2021\\\/05\\\/Sesion-en-Sann-Isidro-2.jpg\",\"articleSection\":[\"Noticias\",\"Sucre\",\"Todas\"],\"inLanguage\":\"es\"},{\"@type\":\"WebPage\",\"@id\":\"https:\\\/\\\/www.manabi.gob.ec\\\/index.php\\\/12-pozos-y-mas-vias-anuncio-el-prefecto-en-sesion-por-los-93-anos-de-san-isidro-de-sucre\\\/\",\"url\":\"https:\\\/\\\/www.manabi.gob.ec\\\/index.php\\\/12-pozos-y-mas-vias-anuncio-el-prefecto-en-sesion-por-los-93-anos-de-san-isidro-de-sucre\\\/\",\"name\":\"12 POZOS Y M\u00c1S V\u00cdAS ANUNCI\u00d3 EL PREFECTO EN SESI\u00d3N POR LOS 93 A\u00d1OS DE SAN ISIDRO DE SUCRE - Prefectura de Manab\u00ed\",\"isPartOf\":{\"@id\":\"https:\\\/\\\/www.manabi.gob.ec\\\/#website\"},\"primaryImageOfPage\":{\"@id\":\"https:\\\/\\\/www.manabi.gob.ec\\\/index.php\\\/12-pozos-y-mas-vias-anuncio-el-prefecto-en-sesion-por-los-93-anos-de-san-isidro-de-sucre\\\/#primaryimage\"},\"image\":{\"@id\":\"https:\\\/\\\/www.manabi.gob.ec\\\/index.php\\\/12-pozos-y-mas-vias-anuncio-el-prefecto-en-sesion-por-los-93-anos-de-san-isidro-de-sucre\\\/#primaryimage\"},\"thumbnailUrl\":\"https:\\\/\\\/www.manabi.gob.ec\\\/wp-content\\\/uploads\\\/2021\\\/05\\\/Sesion-en-Sann-Isidro-2.jpg\",\"datePublished\":\"2021-05-25T12:01:49+00:00\",\"dateModified\":\"2021-05-25T12:01:52+00:00\",\"author\":{\"@id\":\"https:\\\/\\\/www.manabi.gob.ec\\\/#\\\/schema\\\/person\\\/cfc71bd68fe2703b779edcc292a49722\"},\"breadcrumb\":{\"@id\":\"https:\\\/\\\/www.manabi.gob.ec\\\/index.php\\\/12-pozos-y-mas-vias-anuncio-el-prefecto-en-sesion-por-los-93-anos-de-san-isidro-de-sucre\\\/#breadcrumb\"},\"inLanguage\":\"es\",\"potentialAction\":[{\"@type\":\"ReadAction\",\"target\":[\"https:\\\/\\\/www.manabi.gob.ec\\\/index.php\\\/12-pozos-y-mas-vias-anuncio-el-prefecto-en-sesion-por-los-93-anos-de-san-isidro-de-sucre\\\/\"]}]},{\"@type\":\"ImageObject\",\"inLanguage\":\"es\",\"@id\":\"https:\\\/\\\/www.manabi.gob.ec\\\/index.php\\\/12-pozos-y-mas-vias-anuncio-el-prefecto-en-sesion-por-los-93-anos-de-san-isidro-de-sucre\\\/#primaryimage\",\"url\":\"https:\\\/\\\/www.manabi.gob.ec\\\/wp-content\\\/uploads\\\/2021\\\/05\\\/Sesion-en-Sann-Isidro-2.jpg\",\"contentUrl\":\"https:\\\/\\\/www.manabi.gob.ec\\\/wp-content\\\/uploads\\\/2021\\\/05\\\/Sesion-en-Sann-Isidro-2.jpg\",\"width\":1280,\"height\":853},{\"@type\":\"BreadcrumbList\",\"@id\":\"https:\\\/\\\/www.manabi.gob.ec\\\/index.php\\\/12-pozos-y-mas-vias-anuncio-el-prefecto-en-sesion-por-los-93-anos-de-san-isidro-de-sucre\\\/#breadcrumb\",\"itemListElement\":[{\"@type\":\"ListItem\",\"position\":1,\"name\":\"Portada\",\"item\":\"https:\\\/\\\/www.manabi.gob.ec\\\/\"},{\"@type\":\"ListItem\",\"position\":2,\"name\":\"12 POZOS Y M\u00c1S V\u00cdAS ANUNCI\u00d3 EL PREFECTO EN SESI\u00d3N POR LOS 93 A\u00d1OS DE SAN ISIDRO DE SUCRE\"}]},{\"@type\":\"WebSite\",\"@id\":\"https:\\\/\\\/www.manabi.gob.ec\\\/#website\",\"url\":\"https:\\\/\\\/www.manabi.gob.ec\\\/\",\"name\":\"Prefectura de Manab\u00ed\",\"description\":\"P\u00e1gina web de la prefectura\",\"potentialAction\":[{\"@type\":\"SearchAction\",\"target\":{\"@type\":\"EntryPoint\",\"urlTemplate\":\"https:\\\/\\\/www.manabi.gob.ec\\\/?s={search_term_string}\"},\"query-input\":{\"@type\":\"PropertyValueSpecification\",\"valueRequired\":true,\"valueName\":\"search_term_string\"}}],\"inLanguage\":\"es\"},{\"@type\":\"Person\",\"@id\":\"https:\\\/\\\/www.manabi.gob.ec\\\/#\\\/schema\\\/person\\\/cfc71bd68fe2703b779edcc292a49722\",\"name\":\"admin\",\"image\":{\"@type\":\"ImageObject\",\"inLanguage\":\"es\",\"@id\":\"https:\\\/\\\/secure.gravatar.com\\\/avatar\\\/23e9f919492b0a2f65aa168e0d8c5c867ea853b61deffbadf08c7031e15b8d78?s=96&d=mm&r=g\",\"url\":\"https:\\\/\\\/secure.gravatar.com\\\/avatar\\\/23e9f919492b0a2f65aa168e0d8c5c867ea853b61deffbadf08c7031e15b8d78?s=96&d=mm&r=g\",\"contentUrl\":\"https:\\\/\\\/secure.gravatar.com\\\/avatar\\\/23e9f919492b0a2f65aa168e0d8c5c867ea853b61deffbadf08c7031e15b8d78?s=96&d=mm&r=g\",\"caption\":\"admin\"},\"sameAs\":[\"http:\\\/\\\/www.manabi.gob.ec\"],\"url\":\"https:\\\/\\\/www.manabi.gob.ec\\\/index.php\\\/author\\\/admin\\\/\"}]}<\/script>\n<!-- \/ Yoast SEO plugin. -->","yoast_head_json":{"title":"12 POZOS Y M\u00c1S V\u00cdAS ANUNCI\u00d3 EL PREFECTO EN SESI\u00d3N POR LOS 93 A\u00d1OS DE SAN ISIDRO DE SUCRE - Prefectura de Manab\u00ed","robots":{"index":"index","follow":"follow","max-snippet":"max-snippet:-1","max-image-preview":"max-image-preview:large","max-video-preview":"max-video-preview:-1"},"canonical":"https:\/\/www.manabi.gob.ec\/index.php\/12-pozos-y-mas-vias-anuncio-el-prefecto-en-sesion-por-los-93-anos-de-san-isidro-de-sucre\/","og_locale":"es_ES","og_type":"article","og_title":"12 POZOS Y M\u00c1S V\u00cdAS ANUNCI\u00d3 EL PREFECTO EN SESI\u00d3N POR LOS 93 A\u00d1OS DE SAN ISIDRO DE SUCRE - Prefectura de Manab\u00ed","og_description":"Las comunidades 5 de Junio y Bijahual, pertenecientes a la parroquia San Isidro, del cant\u00f3n Sucre, ser\u00e1n beneficiadas con la construcci\u00f3n de 12 pozos someros, que ser\u00e1n financiados por la Prefectura, en convenio con el Gobierno Parroquial local.","og_url":"https:\/\/www.manabi.gob.ec\/index.php\/12-pozos-y-mas-vias-anuncio-el-prefecto-en-sesion-por-los-93-anos-de-san-isidro-de-sucre\/","og_site_name":"Prefectura de Manab\u00ed","article_published_time":"2021-05-25T12:01:49+00:00","article_modified_time":"2021-05-25T12:01:52+00:00","og_image":[{"width":1280,"height":853,"url":"https:\/\/www.manabi.gob.ec\/wp-content\/uploads\/2021\/05\/Sesion-en-Sann-Isidro-2.jpg","type":"image\/jpeg"}],"author":"admin","twitter_card":"summary_large_image","twitter_misc":{"Escrito por":"admin","Tiempo de lectura":"2 minutos"},"schema":{"@context":"https:\/\/schema.org","@graph":[{"@type":"Article","@id":"https:\/\/www.manabi.gob.ec\/index.php\/12-pozos-y-mas-vias-anuncio-el-prefecto-en-sesion-por-los-93-anos-de-san-isidro-de-sucre\/#article","isPartOf":{"@id":"https:\/\/www.manabi.gob.ec\/index.php\/12-pozos-y-mas-vias-anuncio-el-prefecto-en-sesion-por-los-93-anos-de-san-isidro-de-sucre\/"},"author":{"name":"admin","@id":"https:\/\/www.manabi.gob.ec\/#\/schema\/person\/cfc71bd68fe2703b779edcc292a49722"},"headline":"12 POZOS Y M\u00c1S V\u00cdAS ANUNCI\u00d3 EL PREFECTO EN SESI\u00d3N POR LOS 93 A\u00d1OS DE SAN ISIDRO DE SUCRE","datePublished":"2021-05-25T12:01:49+00:00","dateModified":"2021-05-25T12:01:52+00:00","mainEntityOfPage":{"@id":"https:\/\/www.manabi.gob.ec\/index.php\/12-pozos-y-mas-vias-anuncio-el-prefecto-en-sesion-por-los-93-anos-de-san-isidro-de-sucre\/"},"wordCount":434,"image":{"@id":"https:\/\/www.manabi.gob.ec\/index.php\/12-pozos-y-mas-vias-anuncio-el-prefecto-en-sesion-por-los-93-anos-de-san-isidro-de-sucre\/#primaryimage"},"thumbnailUrl":"https:\/\/www.manabi.gob.ec\/wp-content\/uploads\/2021\/05\/Sesion-en-Sann-Isidro-2.jpg","articleSection":["Noticias","Sucre","Todas"],"inLanguage":"es"},{"@type":"WebPage","@id":"https:\/\/www.manabi.gob.ec\/index.php\/12-pozos-y-mas-vias-anuncio-el-prefecto-en-sesion-por-los-93-anos-de-san-isidro-de-sucre\/","url":"https:\/\/www.manabi.gob.ec\/index.php\/12-pozos-y-mas-vias-anuncio-el-prefecto-en-sesion-por-los-93-anos-de-san-isidro-de-sucre\/","name":"12 POZOS Y M\u00c1S V\u00cdAS ANUNCI\u00d3 EL PREFECTO EN SESI\u00d3N POR LOS 93 A\u00d1OS DE SAN ISIDRO DE SUCRE - Prefectura de Manab\u00ed","isPartOf":{"@id":"https:\/\/www.manabi.gob.ec\/#website"},"primaryImageOfPage":{"@id":"https:\/\/www.manabi.gob.ec\/index.php\/12-pozos-y-mas-vias-anuncio-el-prefecto-en-sesion-por-los-93-anos-de-san-isidro-de-sucre\/#primaryimage"},"image":{"@id":"https:\/\/www.manabi.gob.ec\/index.php\/12-pozos-y-mas-vias-anuncio-el-prefecto-en-sesion-por-los-93-anos-de-san-isidro-de-sucre\/#primaryimage"},"thumbnailUrl":"https:\/\/www.manabi.gob.ec\/wp-content\/uploads\/2021\/05\/Sesion-en-Sann-Isidro-2.jpg","datePublished":"2021-05-25T12:01:49+00:00","dateModified":"2021-05-25T12:01:52+00:00","author":{"@id":"https:\/\/www.manabi.gob.ec\/#\/schema\/person\/cfc71bd68fe2703b779edcc292a49722"},"breadcrumb":{"@id":"https:\/\/www.manabi.gob.ec\/index.php\/12-pozos-y-mas-vias-anuncio-el-prefecto-en-sesion-por-los-93-anos-de-san-isidro-de-sucre\/#breadcrumb"},"inLanguage":"es","potentialAction":[{"@type":"ReadAction","target":["https:\/\/www.manabi.gob.ec\/index.php\/12-pozos-y-mas-vias-anuncio-el-prefecto-en-sesion-por-los-93-anos-de-san-isidro-de-sucre\/"]}]},{"@type":"ImageObject","inLanguage":"es","@id":"https:\/\/www.manabi.gob.ec\/index.php\/12-pozos-y-mas-vias-anuncio-el-prefecto-en-sesion-por-los-93-anos-de-san-isidro-de-sucre\/#primaryimage","url":"https:\/\/www.manabi.gob.ec\/wp-content\/uploads\/2021\/05\/Sesion-en-Sann-Isidro-2.jpg","contentUrl":"https:\/\/www.manabi.gob.ec\/wp-content\/uploads\/2021\/05\/Sesion-en-Sann-Isidro-2.jpg","width":1280,"height":853},{"@type":"BreadcrumbList","@id":"https:\/\/www.manabi.gob.ec\/index.php\/12-pozos-y-mas-vias-anuncio-el-prefecto-en-sesion-por-los-93-anos-de-san-isidro-de-sucre\/#breadcrumb","itemListElement":[{"@type":"ListItem","position":1,"name":"Portada","item":"https:\/\/www.manabi.gob.ec\/"},{"@type":"ListItem","position":2,"name":"12 POZOS Y M\u00c1S V\u00cdAS ANUNCI\u00d3 EL PREFECTO EN SESI\u00d3N POR LOS 93 A\u00d1OS DE SAN ISIDRO DE SUCRE"}]},{"@type":"WebSite","@id":"https:\/\/www.manabi.gob.ec\/#website","url":"https:\/\/www.manabi.gob.ec\/","name":"Prefectura de Manab\u00ed","description":"P\u00e1gina web de la prefectura","potentialAction":[{"@type":"SearchAction","target":{"@type":"EntryPoint","urlTemplate":"https:\/\/www.manabi.gob.ec\/?s={search_term_string}"},"query-input":{"@type":"PropertyValueSpecification","valueRequired":true,"valueName":"search_term_string"}}],"inLanguage":"es"},{"@type":"Person","@id":"https:\/\/www.manabi.gob.ec\/#\/schema\/person\/cfc71bd68fe2703b779edcc292a49722","name":"admin","image":{"@type":"ImageObject","inLanguage":"es","@id":"https:\/\/secure.gravatar.com\/avatar\/23e9f919492b0a2f65aa168e0d8c5c867ea853b61deffbadf08c7031e15b8d78?s=96&d=mm&r=g","url":"https:\/\/secure.gravatar.com\/avatar\/23e9f919492b0a2f65aa168e0d8c5c867ea853b61deffbadf08c7031e15b8d78?s=96&d=mm&r=g","contentUrl":"https:\/\/secure.gravatar.com\/avatar\/23e9f919492b0a2f65aa168e0d8c5c867ea853b61deffbadf08c7031e15b8d78?s=96&d=mm&r=g","caption":"admin"},"sameAs":["http:\/\/www.manabi.gob.ec"],"url":"https:\/\/www.manabi.gob.ec\/index.php\/author\/admin\/"}]}},"jetpack_featured_media_url":"https:\/\/www.manabi.gob.ec\/wp-content\/uploads\/2021\/05\/Sesion-en-Sann-Isidro-2.jpg","_links":{"self":[{"href":"https:\/\/www.manabi.gob.ec\/index.php\/wp-json\/wp\/v2\/posts\/17503","targetHints":{"allow":["GET"]}}],"collection":[{"href":"https:\/\/www.manabi.gob.ec\/index.php\/wp-json\/wp\/v2\/posts"}],"about":[{"href":"https:\/\/www.manabi.gob.ec\/index.php\/wp-json\/wp\/v2\/types\/post"}],"author":[{"embeddable":true,"href":"https:\/\/www.manabi.gob.ec\/index.php\/wp-json\/wp\/v2\/users\/1"}],"replies":[{"embeddable":true,"href":"https:\/\/www.manabi.gob.ec\/index.php\/wp-json\/wp\/v2\/comments?post=17503"}],"version-history":[{"count":0,"href":"https:\/\/www.manabi.gob.ec\/index.php\/wp-json\/wp\/v2\/posts\/17503\/revisions"}],"wp:featuredmedia":[{"embeddable":true,"href":"https:\/\/www.manabi.gob.ec\/index.php\/wp-json\/wp\/v2\/media\/17504"}],"wp:attachment":[{"href":"https:\/\/www.manabi.gob.ec\/index.php\/wp-json\/wp\/v2\/media?parent=17503"}],"wp:term":[{"taxonomy":"category","embeddable":true,"href":"https:\/\/www.manabi.gob.ec\/index.php\/wp-json\/wp\/v2\/categories?post=17503"},{"taxonomy":"post_tag","embeddable":true,"href":"https:\/\/www.manabi.gob.ec\/index.php\/wp-json\/wp\/v2\/tags?post=17503"}],"curies":[{"name":"wp","href":"https:\/\/api.w.org\/{rel}","templated":true}]}}