{"id":17557,"date":"2021-05-28T15:02:04","date_gmt":"2021-05-28T15:02:04","guid":{"rendered":"https:\/\/www.manabi.gob.ec\/?p=17557"},"modified":"2021-05-28T15:02:06","modified_gmt":"2021-05-28T15:02:06","slug":"mejoramos-16-kilometros-de-vialidad-rural-de-olmedo","status":"publish","type":"post","link":"https:\/\/www.manabi.gob.ec\/index.php\/mejoramos-16-kilometros-de-vialidad-rural-de-olmedo\/","title":{"rendered":"MEJORAMOS 16 KIL\u00d3METROS DE VIALIDAD RURAL DE OLMEDO"},"content":{"rendered":"\n<p>El Gobierno de Manab\u00ed mejora la &nbsp;v\u00eda Cadial &#8211; La Soledad &#8211; Tablada de Soledad, &nbsp;de 16.4 kil\u00f3metros de longitud, la que fue afectada por la estaci\u00f3n invernal.<\/p>\n\n\n\n<p>La v\u00eda es un&nbsp; eje vial que integra a comunidades productivas &nbsp;del cant\u00f3n Olmedo, como El Cadial, Soledad, Tablada de&nbsp; Soledad, Tigre, Cade Amarrado, Raicer\u00eda,&nbsp; La Cancagua, La Visueta,&nbsp; Don Pablo, que son beneficiarias directas. &nbsp;<\/p>\n\n\n\n<p>Los trabajos de mantenimiento se iniciaron el lunes 10 de mayo, con maquinaria contratada mediante feria inclusiva.&nbsp; Seg\u00fan planificaci\u00f3n t\u00e9cnica los trabajos comprenden limpieza de cunetas y espaldones, estabilizaci\u00f3n en varios sectores donde hubieron asentamientos por deslizamientos de tierra producto de las lluvias.<\/p>\n\n\n\n<p>M\u00f3nica Quim\u00eds, t\u00e9cnica de la Prefectura Provincial, mencion\u00f3 que en el kil\u00f3metro 13, aproximadamente, la v\u00eda perdi\u00f3 varios metros de su ancho original,&nbsp; por lo que deber\u00e1 hacerse movimientos de tierra para&nbsp; recuperar su margen original y lograr la estabilizaci\u00f3n del suelo.<\/p>\n\n\n\n<p>Explic\u00f3 que una vez que se hayan terminado todas&nbsp; estas labores preliminares, se entrar\u00e1 &nbsp;todo el equipo de afirmado, &nbsp;es decir motoniveladora, rodillo y tanquero, para proceder con la reconformaci\u00f3n de los 16.4 kil\u00f3metros de la v\u00eda. En las partes m\u00e1s afectadas se colocar\u00e1 material granular.<\/p>\n","protected":false},"excerpt":{"rendered":"<p>El Gobierno de Manab\u00ed mejora la  v\u00eda Cadial &#8211; La Soledad &#8211; Tablada de Soledad,  de 16.4 kil\u00f3metros de longitud, la que fue afectada por la estaci\u00f3n invernal.<\/p>\n","protected":false},"author":1,"featured_media":17558,"comment_status":"closed","ping_status":"open","sticky":false,"template":"","format":"standard","meta":{"_joinchat":[],"footnotes":""},"categories":[92,181,91,127],"tags":[],"class_list":["post-17557","post","type-post","status-publish","format-standard","has-post-thumbnail","hentry","category-noticias-manabi","category-obra-publica","category-todas","category-vialidad"],"yoast_head":"<!-- This site is optimized with the Yoast SEO plugin v27.4 - https:\/\/yoast.com\/product\/yoast-seo-wordpress\/ -->\n<title>MEJORAMOS 16 KIL\u00d3METROS DE VIALIDAD RURAL DE OLMEDO - Prefectura de Manab\u00ed<\/title>\n<meta name=\"robots\" content=\"index, follow, max-snippet:-1, max-image-preview:large, max-video-preview:-1\" \/>\n<link rel=\"canonical\" href=\"https:\/\/www.manabi.gob.ec\/index.php\/mejoramos-16-kilometros-de-vialidad-rural-de-olmedo\/\" \/>\n<meta property=\"og:locale\" content=\"es_ES\" \/>\n<meta property=\"og:type\" content=\"article\" \/>\n<meta property=\"og:title\" content=\"MEJORAMOS 16 KIL\u00d3METROS DE VIALIDAD RURAL DE OLMEDO - Prefectura de Manab\u00ed\" \/>\n<meta property=\"og:description\" content=\"El Gobierno de Manab\u00ed mejora la v\u00eda Cadial - La Soledad - Tablada de Soledad, de 16.4 kil\u00f3metros de longitud, la que fue afectada por la estaci\u00f3n invernal.\" \/>\n<meta property=\"og:url\" content=\"https:\/\/www.manabi.gob.ec\/index.php\/mejoramos-16-kilometros-de-vialidad-rural-de-olmedo\/\" \/>\n<meta property=\"og:site_name\" content=\"Prefectura de Manab\u00ed\" \/>\n<meta property=\"article:published_time\" content=\"2021-05-28T15:02:04+00:00\" \/>\n<meta property=\"article:modified_time\" content=\"2021-05-28T15:02:06+00:00\" \/>\n<meta property=\"og:image\" content=\"https:\/\/www.manabi.gob.ec\/wp-content\/uploads\/2021\/05\/Via-Cadial-La-Soledad-1.jpg\" \/>\n\t<meta property=\"og:image:width\" content=\"1032\" \/>\n\t<meta property=\"og:image:height\" content=\"502\" \/>\n\t<meta property=\"og:image:type\" content=\"image\/jpeg\" \/>\n<meta name=\"author\" content=\"admin\" \/>\n<meta name=\"twitter:card\" content=\"summary_large_image\" \/>\n<meta name=\"twitter:label1\" content=\"Escrito por\" \/>\n\t<meta name=\"twitter:data1\" content=\"admin\" \/>\n\t<meta name=\"twitter:label2\" content=\"Tiempo de lectura\" \/>\n\t<meta name=\"twitter:data2\" content=\"1 minuto\" \/>\n<script type=\"application\/ld+json\" class=\"yoast-schema-graph\">{\"@context\":\"https:\\\/\\\/schema.org\",\"@graph\":[{\"@type\":\"Article\",\"@id\":\"https:\\\/\\\/www.manabi.gob.ec\\\/index.php\\\/mejoramos-16-kilometros-de-vialidad-rural-de-olmedo\\\/#article\",\"isPartOf\":{\"@id\":\"https:\\\/\\\/www.manabi.gob.ec\\\/index.php\\\/mejoramos-16-kilometros-de-vialidad-rural-de-olmedo\\\/\"},\"author\":{\"name\":\"admin\",\"@id\":\"https:\\\/\\\/www.manabi.gob.ec\\\/#\\\/schema\\\/person\\\/cfc71bd68fe2703b779edcc292a49722\"},\"headline\":\"MEJORAMOS 16 KIL\u00d3METROS DE VIALIDAD RURAL DE OLMEDO\",\"datePublished\":\"2021-05-28T15:02:04+00:00\",\"dateModified\":\"2021-05-28T15:02:06+00:00\",\"mainEntityOfPage\":{\"@id\":\"https:\\\/\\\/www.manabi.gob.ec\\\/index.php\\\/mejoramos-16-kilometros-de-vialidad-rural-de-olmedo\\\/\"},\"wordCount\":232,\"image\":{\"@id\":\"https:\\\/\\\/www.manabi.gob.ec\\\/index.php\\\/mejoramos-16-kilometros-de-vialidad-rural-de-olmedo\\\/#primaryimage\"},\"thumbnailUrl\":\"https:\\\/\\\/www.manabi.gob.ec\\\/wp-content\\\/uploads\\\/2021\\\/05\\\/Via-Cadial-La-Soledad-1.jpg\",\"articleSection\":[\"Noticias\",\"Obra P\u00fablica\",\"Todas\",\"Vialidad\"],\"inLanguage\":\"es\"},{\"@type\":\"WebPage\",\"@id\":\"https:\\\/\\\/www.manabi.gob.ec\\\/index.php\\\/mejoramos-16-kilometros-de-vialidad-rural-de-olmedo\\\/\",\"url\":\"https:\\\/\\\/www.manabi.gob.ec\\\/index.php\\\/mejoramos-16-kilometros-de-vialidad-rural-de-olmedo\\\/\",\"name\":\"MEJORAMOS 16 KIL\u00d3METROS DE VIALIDAD RURAL DE OLMEDO - Prefectura de Manab\u00ed\",\"isPartOf\":{\"@id\":\"https:\\\/\\\/www.manabi.gob.ec\\\/#website\"},\"primaryImageOfPage\":{\"@id\":\"https:\\\/\\\/www.manabi.gob.ec\\\/index.php\\\/mejoramos-16-kilometros-de-vialidad-rural-de-olmedo\\\/#primaryimage\"},\"image\":{\"@id\":\"https:\\\/\\\/www.manabi.gob.ec\\\/index.php\\\/mejoramos-16-kilometros-de-vialidad-rural-de-olmedo\\\/#primaryimage\"},\"thumbnailUrl\":\"https:\\\/\\\/www.manabi.gob.ec\\\/wp-content\\\/uploads\\\/2021\\\/05\\\/Via-Cadial-La-Soledad-1.jpg\",\"datePublished\":\"2021-05-28T15:02:04+00:00\",\"dateModified\":\"2021-05-28T15:02:06+00:00\",\"author\":{\"@id\":\"https:\\\/\\\/www.manabi.gob.ec\\\/#\\\/schema\\\/person\\\/cfc71bd68fe2703b779edcc292a49722\"},\"breadcrumb\":{\"@id\":\"https:\\\/\\\/www.manabi.gob.ec\\\/index.php\\\/mejoramos-16-kilometros-de-vialidad-rural-de-olmedo\\\/#breadcrumb\"},\"inLanguage\":\"es\",\"potentialAction\":[{\"@type\":\"ReadAction\",\"target\":[\"https:\\\/\\\/www.manabi.gob.ec\\\/index.php\\\/mejoramos-16-kilometros-de-vialidad-rural-de-olmedo\\\/\"]}]},{\"@type\":\"ImageObject\",\"inLanguage\":\"es\",\"@id\":\"https:\\\/\\\/www.manabi.gob.ec\\\/index.php\\\/mejoramos-16-kilometros-de-vialidad-rural-de-olmedo\\\/#primaryimage\",\"url\":\"https:\\\/\\\/www.manabi.gob.ec\\\/wp-content\\\/uploads\\\/2021\\\/05\\\/Via-Cadial-La-Soledad-1.jpg\",\"contentUrl\":\"https:\\\/\\\/www.manabi.gob.ec\\\/wp-content\\\/uploads\\\/2021\\\/05\\\/Via-Cadial-La-Soledad-1.jpg\",\"width\":1032,\"height\":502},{\"@type\":\"BreadcrumbList\",\"@id\":\"https:\\\/\\\/www.manabi.gob.ec\\\/index.php\\\/mejoramos-16-kilometros-de-vialidad-rural-de-olmedo\\\/#breadcrumb\",\"itemListElement\":[{\"@type\":\"ListItem\",\"position\":1,\"name\":\"Portada\",\"item\":\"https:\\\/\\\/www.manabi.gob.ec\\\/\"},{\"@type\":\"ListItem\",\"position\":2,\"name\":\"MEJORAMOS 16 KIL\u00d3METROS DE VIALIDAD RURAL DE OLMEDO\"}]},{\"@type\":\"WebSite\",\"@id\":\"https:\\\/\\\/www.manabi.gob.ec\\\/#website\",\"url\":\"https:\\\/\\\/www.manabi.gob.ec\\\/\",\"name\":\"Prefectura de Manab\u00ed\",\"description\":\"P\u00e1gina web de la prefectura\",\"potentialAction\":[{\"@type\":\"SearchAction\",\"target\":{\"@type\":\"EntryPoint\",\"urlTemplate\":\"https:\\\/\\\/www.manabi.gob.ec\\\/?s={search_term_string}\"},\"query-input\":{\"@type\":\"PropertyValueSpecification\",\"valueRequired\":true,\"valueName\":\"search_term_string\"}}],\"inLanguage\":\"es\"},{\"@type\":\"Person\",\"@id\":\"https:\\\/\\\/www.manabi.gob.ec\\\/#\\\/schema\\\/person\\\/cfc71bd68fe2703b779edcc292a49722\",\"name\":\"admin\",\"image\":{\"@type\":\"ImageObject\",\"inLanguage\":\"es\",\"@id\":\"https:\\\/\\\/secure.gravatar.com\\\/avatar\\\/23e9f919492b0a2f65aa168e0d8c5c867ea853b61deffbadf08c7031e15b8d78?s=96&d=mm&r=g\",\"url\":\"https:\\\/\\\/secure.gravatar.com\\\/avatar\\\/23e9f919492b0a2f65aa168e0d8c5c867ea853b61deffbadf08c7031e15b8d78?s=96&d=mm&r=g\",\"contentUrl\":\"https:\\\/\\\/secure.gravatar.com\\\/avatar\\\/23e9f919492b0a2f65aa168e0d8c5c867ea853b61deffbadf08c7031e15b8d78?s=96&d=mm&r=g\",\"caption\":\"admin\"},\"sameAs\":[\"http:\\\/\\\/www.manabi.gob.ec\"],\"url\":\"https:\\\/\\\/www.manabi.gob.ec\\\/index.php\\\/author\\\/admin\\\/\"}]}<\/script>\n<!-- \/ Yoast SEO plugin. -->","yoast_head_json":{"title":"MEJORAMOS 16 KIL\u00d3METROS DE VIALIDAD RURAL DE OLMEDO - Prefectura de Manab\u00ed","robots":{"index":"index","follow":"follow","max-snippet":"max-snippet:-1","max-image-preview":"max-image-preview:large","max-video-preview":"max-video-preview:-1"},"canonical":"https:\/\/www.manabi.gob.ec\/index.php\/mejoramos-16-kilometros-de-vialidad-rural-de-olmedo\/","og_locale":"es_ES","og_type":"article","og_title":"MEJORAMOS 16 KIL\u00d3METROS DE VIALIDAD RURAL DE OLMEDO - Prefectura de Manab\u00ed","og_description":"El Gobierno de Manab\u00ed mejora la v\u00eda Cadial - La Soledad - Tablada de Soledad, de 16.4 kil\u00f3metros de longitud, la que fue afectada por la estaci\u00f3n invernal.","og_url":"https:\/\/www.manabi.gob.ec\/index.php\/mejoramos-16-kilometros-de-vialidad-rural-de-olmedo\/","og_site_name":"Prefectura de Manab\u00ed","article_published_time":"2021-05-28T15:02:04+00:00","article_modified_time":"2021-05-28T15:02:06+00:00","og_image":[{"width":1032,"height":502,"url":"https:\/\/www.manabi.gob.ec\/wp-content\/uploads\/2021\/05\/Via-Cadial-La-Soledad-1.jpg","type":"image\/jpeg"}],"author":"admin","twitter_card":"summary_large_image","twitter_misc":{"Escrito por":"admin","Tiempo de lectura":"1 minuto"},"schema":{"@context":"https:\/\/schema.org","@graph":[{"@type":"Article","@id":"https:\/\/www.manabi.gob.ec\/index.php\/mejoramos-16-kilometros-de-vialidad-rural-de-olmedo\/#article","isPartOf":{"@id":"https:\/\/www.manabi.gob.ec\/index.php\/mejoramos-16-kilometros-de-vialidad-rural-de-olmedo\/"},"author":{"name":"admin","@id":"https:\/\/www.manabi.gob.ec\/#\/schema\/person\/cfc71bd68fe2703b779edcc292a49722"},"headline":"MEJORAMOS 16 KIL\u00d3METROS DE VIALIDAD RURAL DE OLMEDO","datePublished":"2021-05-28T15:02:04+00:00","dateModified":"2021-05-28T15:02:06+00:00","mainEntityOfPage":{"@id":"https:\/\/www.manabi.gob.ec\/index.php\/mejoramos-16-kilometros-de-vialidad-rural-de-olmedo\/"},"wordCount":232,"image":{"@id":"https:\/\/www.manabi.gob.ec\/index.php\/mejoramos-16-kilometros-de-vialidad-rural-de-olmedo\/#primaryimage"},"thumbnailUrl":"https:\/\/www.manabi.gob.ec\/wp-content\/uploads\/2021\/05\/Via-Cadial-La-Soledad-1.jpg","articleSection":["Noticias","Obra P\u00fablica","Todas","Vialidad"],"inLanguage":"es"},{"@type":"WebPage","@id":"https:\/\/www.manabi.gob.ec\/index.php\/mejoramos-16-kilometros-de-vialidad-rural-de-olmedo\/","url":"https:\/\/www.manabi.gob.ec\/index.php\/mejoramos-16-kilometros-de-vialidad-rural-de-olmedo\/","name":"MEJORAMOS 16 KIL\u00d3METROS DE VIALIDAD RURAL DE OLMEDO - Prefectura de Manab\u00ed","isPartOf":{"@id":"https:\/\/www.manabi.gob.ec\/#website"},"primaryImageOfPage":{"@id":"https:\/\/www.manabi.gob.ec\/index.php\/mejoramos-16-kilometros-de-vialidad-rural-de-olmedo\/#primaryimage"},"image":{"@id":"https:\/\/www.manabi.gob.ec\/index.php\/mejoramos-16-kilometros-de-vialidad-rural-de-olmedo\/#primaryimage"},"thumbnailUrl":"https:\/\/www.manabi.gob.ec\/wp-content\/uploads\/2021\/05\/Via-Cadial-La-Soledad-1.jpg","datePublished":"2021-05-28T15:02:04+00:00","dateModified":"2021-05-28T15:02:06+00:00","author":{"@id":"https:\/\/www.manabi.gob.ec\/#\/schema\/person\/cfc71bd68fe2703b779edcc292a49722"},"breadcrumb":{"@id":"https:\/\/www.manabi.gob.ec\/index.php\/mejoramos-16-kilometros-de-vialidad-rural-de-olmedo\/#breadcrumb"},"inLanguage":"es","potentialAction":[{"@type":"ReadAction","target":["https:\/\/www.manabi.gob.ec\/index.php\/mejoramos-16-kilometros-de-vialidad-rural-de-olmedo\/"]}]},{"@type":"ImageObject","inLanguage":"es","@id":"https:\/\/www.manabi.gob.ec\/index.php\/mejoramos-16-kilometros-de-vialidad-rural-de-olmedo\/#primaryimage","url":"https:\/\/www.manabi.gob.ec\/wp-content\/uploads\/2021\/05\/Via-Cadial-La-Soledad-1.jpg","contentUrl":"https:\/\/www.manabi.gob.ec\/wp-content\/uploads\/2021\/05\/Via-Cadial-La-Soledad-1.jpg","width":1032,"height":502},{"@type":"BreadcrumbList","@id":"https:\/\/www.manabi.gob.ec\/index.php\/mejoramos-16-kilometros-de-vialidad-rural-de-olmedo\/#breadcrumb","itemListElement":[{"@type":"ListItem","position":1,"name":"Portada","item":"https:\/\/www.manabi.gob.ec\/"},{"@type":"ListItem","position":2,"name":"MEJORAMOS 16 KIL\u00d3METROS DE VIALIDAD RURAL DE OLMEDO"}]},{"@type":"WebSite","@id":"https:\/\/www.manabi.gob.ec\/#website","url":"https:\/\/www.manabi.gob.ec\/","name":"Prefectura de Manab\u00ed","description":"P\u00e1gina web de la prefectura","potentialAction":[{"@type":"SearchAction","target":{"@type":"EntryPoint","urlTemplate":"https:\/\/www.manabi.gob.ec\/?s={search_term_string}"},"query-input":{"@type":"PropertyValueSpecification","valueRequired":true,"valueName":"search_term_string"}}],"inLanguage":"es"},{"@type":"Person","@id":"https:\/\/www.manabi.gob.ec\/#\/schema\/person\/cfc71bd68fe2703b779edcc292a49722","name":"admin","image":{"@type":"ImageObject","inLanguage":"es","@id":"https:\/\/secure.gravatar.com\/avatar\/23e9f919492b0a2f65aa168e0d8c5c867ea853b61deffbadf08c7031e15b8d78?s=96&d=mm&r=g","url":"https:\/\/secure.gravatar.com\/avatar\/23e9f919492b0a2f65aa168e0d8c5c867ea853b61deffbadf08c7031e15b8d78?s=96&d=mm&r=g","contentUrl":"https:\/\/secure.gravatar.com\/avatar\/23e9f919492b0a2f65aa168e0d8c5c867ea853b61deffbadf08c7031e15b8d78?s=96&d=mm&r=g","caption":"admin"},"sameAs":["http:\/\/www.manabi.gob.ec"],"url":"https:\/\/www.manabi.gob.ec\/index.php\/author\/admin\/"}]}},"jetpack_featured_media_url":"https:\/\/www.manabi.gob.ec\/wp-content\/uploads\/2021\/05\/Via-Cadial-La-Soledad-1.jpg","_links":{"self":[{"href":"https:\/\/www.manabi.gob.ec\/index.php\/wp-json\/wp\/v2\/posts\/17557","targetHints":{"allow":["GET"]}}],"collection":[{"href":"https:\/\/www.manabi.gob.ec\/index.php\/wp-json\/wp\/v2\/posts"}],"about":[{"href":"https:\/\/www.manabi.gob.ec\/index.php\/wp-json\/wp\/v2\/types\/post"}],"author":[{"embeddable":true,"href":"https:\/\/www.manabi.gob.ec\/index.php\/wp-json\/wp\/v2\/users\/1"}],"replies":[{"embeddable":true,"href":"https:\/\/www.manabi.gob.ec\/index.php\/wp-json\/wp\/v2\/comments?post=17557"}],"version-history":[{"count":0,"href":"https:\/\/www.manabi.gob.ec\/index.php\/wp-json\/wp\/v2\/posts\/17557\/revisions"}],"wp:featuredmedia":[{"embeddable":true,"href":"https:\/\/www.manabi.gob.ec\/index.php\/wp-json\/wp\/v2\/media\/17558"}],"wp:attachment":[{"href":"https:\/\/www.manabi.gob.ec\/index.php\/wp-json\/wp\/v2\/media?parent=17557"}],"wp:term":[{"taxonomy":"category","embeddable":true,"href":"https:\/\/www.manabi.gob.ec\/index.php\/wp-json\/wp\/v2\/categories?post=17557"},{"taxonomy":"post_tag","embeddable":true,"href":"https:\/\/www.manabi.gob.ec\/index.php\/wp-json\/wp\/v2\/tags?post=17557"}],"curies":[{"name":"wp","href":"https:\/\/api.w.org\/{rel}","templated":true}]}}