{"id":17569,"date":"2021-05-28T20:56:40","date_gmt":"2021-05-28T20:56:40","guid":{"rendered":"https:\/\/www.manabi.gob.ec\/?p=17569"},"modified":"2021-05-28T20:56:41","modified_gmt":"2021-05-28T20:56:41","slug":"prefecto-compartio-con-estudiantes-de-la-escuela-gastronomica-iche-y-ratifico-apoyo-a-esta-iniciativa","status":"publish","type":"post","link":"https:\/\/www.manabi.gob.ec\/index.php\/prefecto-compartio-con-estudiantes-de-la-escuela-gastronomica-iche-y-ratifico-apoyo-a-esta-iniciativa\/","title":{"rendered":"PREFECTO COMPARTI\u00d3 CON ESTUDIANTES DE LA ESCUELA GASTRON\u00d3MICA ICHE Y RATIFIC\u00d3 APOYO A ESTA INICIATIVA"},"content":{"rendered":"\n<p>El prefecto, Leonardo Orlando, comparti\u00f3 una jornada extensa de actividades en la Escuela de Gastronom\u00eda ICHE, proyecto que es ejecutado por la Fundaci\u00f3n Fuegos y tiene como socio estrat\u00e9gico al Gobierno de Manab\u00ed.<\/p>\n\n\n\n<p>La autoridad provincial ratific\u00f3 su apoyo a esta iniciativa que le apuesta a la gastronom\u00eda manabita como el motor de transformaci\u00f3n para una ruta mancomunada entre los cantones Sucre, San Vicente, Jama y Pedernales.<\/p>\n\n\n\n<p>El prefecto recorri\u00f3 las instalaciones de ICHE, acompa\u00f1ado de directivos y socios de Fuegos. Adem\u00e1s, conoci\u00f3 a docentes y estudiantes de esta escuela de comida, quienes compartieron detalles sobre el funcionamiento de la misma.<\/p>\n\n\n\n<p>Las instalaciones est\u00e1n ubicadas en la v\u00eda a San Isidro del cant\u00f3n San Vicente, donde se desarroll\u00f3 una feria de negocios con la participaci\u00f3n de representantes de cuatro asociaciones de productores de cacao de Manab\u00ed y delegados de la empresa chocolatera ecuatoriana Rep\u00fablica del Cacao.<\/p>\n\n\n\n<p>As\u00ed mismo, se firm\u00f3 un convenio entre la citada empresa y la Fundaci\u00f3n Fuegos, para impulsar la investigaci\u00f3n y el desarrollo de productos basados en el cacao.<\/p>\n\n\n\n<p>El Prefecto fue testigo de esta suscripci\u00f3n, y particip\u00f3 de un c\u00f3ctel de pre-inauguraci\u00f3n del restaurante de ICHE, cuya apertura al p\u00fablico est\u00e1 prevista para el mes de junio.<\/p>\n\n\n\n<p>En esta escuela gastron\u00f3mica actualmente existen 13 estudiantes manabitas en proceso de formaci\u00f3n.<\/p>\n","protected":false},"excerpt":{"rendered":"<p>El prefecto, Leonardo Orlando, comparti\u00f3 una jornada extensa de actividades en la Escuela de Gastronom\u00eda ICHE, proyecto que es ejecutado por la Fundaci\u00f3n Fuegos y tiene como socio estrat\u00e9gico al Gobierno de Manab<\/p>\n","protected":false},"author":1,"featured_media":17570,"comment_status":"closed","ping_status":"open","sticky":false,"template":"","format":"standard","meta":{"_joinchat":[],"footnotes":""},"categories":[142,92,140,91,81],"tags":[],"class_list":["post-17569","post","type-post","status-publish","format-standard","has-post-thumbnail","hentry","category-desarrollo-social","category-noticias-manabi","category-produccion","category-todas","category-turismo"],"yoast_head":"<!-- This site is optimized with the Yoast SEO plugin v27.4 - https:\/\/yoast.com\/product\/yoast-seo-wordpress\/ -->\n<title>PREFECTO COMPARTI\u00d3 CON ESTUDIANTES DE LA ESCUELA GASTRON\u00d3MICA ICHE Y RATIFIC\u00d3 APOYO A ESTA INICIATIVA - Prefectura de Manab\u00ed<\/title>\n<meta name=\"robots\" content=\"index, follow, max-snippet:-1, max-image-preview:large, max-video-preview:-1\" \/>\n<link rel=\"canonical\" href=\"https:\/\/www.manabi.gob.ec\/index.php\/prefecto-compartio-con-estudiantes-de-la-escuela-gastronomica-iche-y-ratifico-apoyo-a-esta-iniciativa\/\" \/>\n<meta property=\"og:locale\" content=\"es_ES\" \/>\n<meta property=\"og:type\" content=\"article\" \/>\n<meta property=\"og:title\" content=\"PREFECTO COMPARTI\u00d3 CON ESTUDIANTES DE LA ESCUELA GASTRON\u00d3MICA ICHE Y RATIFIC\u00d3 APOYO A ESTA INICIATIVA - Prefectura de Manab\u00ed\" \/>\n<meta property=\"og:description\" content=\"El prefecto, Leonardo Orlando, comparti\u00f3 una jornada extensa de actividades en la Escuela de Gastronom\u00eda ICHE, proyecto que es ejecutado por la Fundaci\u00f3n Fuegos y tiene como socio estrat\u00e9gico al Gobierno de Manab\" \/>\n<meta property=\"og:url\" content=\"https:\/\/www.manabi.gob.ec\/index.php\/prefecto-compartio-con-estudiantes-de-la-escuela-gastronomica-iche-y-ratifico-apoyo-a-esta-iniciativa\/\" \/>\n<meta property=\"og:site_name\" content=\"Prefectura de Manab\u00ed\" \/>\n<meta property=\"article:published_time\" content=\"2021-05-28T20:56:40+00:00\" \/>\n<meta property=\"article:modified_time\" content=\"2021-05-28T20:56:41+00:00\" \/>\n<meta property=\"og:image\" content=\"https:\/\/www.manabi.gob.ec\/wp-content\/uploads\/2021\/05\/Prefecto-con-estudiantes-Ochi-4.jpg\" \/>\n\t<meta property=\"og:image:width\" content=\"1041\" \/>\n\t<meta property=\"og:image:height\" content=\"810\" \/>\n\t<meta property=\"og:image:type\" content=\"image\/jpeg\" \/>\n<meta name=\"author\" content=\"admin\" \/>\n<meta name=\"twitter:card\" content=\"summary_large_image\" \/>\n<meta name=\"twitter:label1\" content=\"Escrito por\" \/>\n\t<meta name=\"twitter:data1\" content=\"admin\" \/>\n\t<meta name=\"twitter:label2\" content=\"Tiempo de lectura\" \/>\n\t<meta name=\"twitter:data2\" content=\"1 minuto\" \/>\n<script type=\"application\/ld+json\" class=\"yoast-schema-graph\">{\"@context\":\"https:\\\/\\\/schema.org\",\"@graph\":[{\"@type\":\"Article\",\"@id\":\"https:\\\/\\\/www.manabi.gob.ec\\\/index.php\\\/prefecto-compartio-con-estudiantes-de-la-escuela-gastronomica-iche-y-ratifico-apoyo-a-esta-iniciativa\\\/#article\",\"isPartOf\":{\"@id\":\"https:\\\/\\\/www.manabi.gob.ec\\\/index.php\\\/prefecto-compartio-con-estudiantes-de-la-escuela-gastronomica-iche-y-ratifico-apoyo-a-esta-iniciativa\\\/\"},\"author\":{\"name\":\"admin\",\"@id\":\"https:\\\/\\\/www.manabi.gob.ec\\\/#\\\/schema\\\/person\\\/cfc71bd68fe2703b779edcc292a49722\"},\"headline\":\"PREFECTO COMPARTI\u00d3 CON ESTUDIANTES DE LA ESCUELA GASTRON\u00d3MICA ICHE Y RATIFIC\u00d3 APOYO A ESTA INICIATIVA\",\"datePublished\":\"2021-05-28T20:56:40+00:00\",\"dateModified\":\"2021-05-28T20:56:41+00:00\",\"mainEntityOfPage\":{\"@id\":\"https:\\\/\\\/www.manabi.gob.ec\\\/index.php\\\/prefecto-compartio-con-estudiantes-de-la-escuela-gastronomica-iche-y-ratifico-apoyo-a-esta-iniciativa\\\/\"},\"wordCount\":250,\"image\":{\"@id\":\"https:\\\/\\\/www.manabi.gob.ec\\\/index.php\\\/prefecto-compartio-con-estudiantes-de-la-escuela-gastronomica-iche-y-ratifico-apoyo-a-esta-iniciativa\\\/#primaryimage\"},\"thumbnailUrl\":\"https:\\\/\\\/www.manabi.gob.ec\\\/wp-content\\\/uploads\\\/2021\\\/05\\\/Prefecto-con-estudiantes-Ochi-4.jpg\",\"articleSection\":[\"Desarrollo Social\",\"Noticias\",\"Producci\u00f3n\",\"Todas\",\"Turismo\"],\"inLanguage\":\"es\"},{\"@type\":\"WebPage\",\"@id\":\"https:\\\/\\\/www.manabi.gob.ec\\\/index.php\\\/prefecto-compartio-con-estudiantes-de-la-escuela-gastronomica-iche-y-ratifico-apoyo-a-esta-iniciativa\\\/\",\"url\":\"https:\\\/\\\/www.manabi.gob.ec\\\/index.php\\\/prefecto-compartio-con-estudiantes-de-la-escuela-gastronomica-iche-y-ratifico-apoyo-a-esta-iniciativa\\\/\",\"name\":\"PREFECTO COMPARTI\u00d3 CON ESTUDIANTES DE LA ESCUELA GASTRON\u00d3MICA ICHE Y RATIFIC\u00d3 APOYO A ESTA INICIATIVA - Prefectura de Manab\u00ed\",\"isPartOf\":{\"@id\":\"https:\\\/\\\/www.manabi.gob.ec\\\/#website\"},\"primaryImageOfPage\":{\"@id\":\"https:\\\/\\\/www.manabi.gob.ec\\\/index.php\\\/prefecto-compartio-con-estudiantes-de-la-escuela-gastronomica-iche-y-ratifico-apoyo-a-esta-iniciativa\\\/#primaryimage\"},\"image\":{\"@id\":\"https:\\\/\\\/www.manabi.gob.ec\\\/index.php\\\/prefecto-compartio-con-estudiantes-de-la-escuela-gastronomica-iche-y-ratifico-apoyo-a-esta-iniciativa\\\/#primaryimage\"},\"thumbnailUrl\":\"https:\\\/\\\/www.manabi.gob.ec\\\/wp-content\\\/uploads\\\/2021\\\/05\\\/Prefecto-con-estudiantes-Ochi-4.jpg\",\"datePublished\":\"2021-05-28T20:56:40+00:00\",\"dateModified\":\"2021-05-28T20:56:41+00:00\",\"author\":{\"@id\":\"https:\\\/\\\/www.manabi.gob.ec\\\/#\\\/schema\\\/person\\\/cfc71bd68fe2703b779edcc292a49722\"},\"breadcrumb\":{\"@id\":\"https:\\\/\\\/www.manabi.gob.ec\\\/index.php\\\/prefecto-compartio-con-estudiantes-de-la-escuela-gastronomica-iche-y-ratifico-apoyo-a-esta-iniciativa\\\/#breadcrumb\"},\"inLanguage\":\"es\",\"potentialAction\":[{\"@type\":\"ReadAction\",\"target\":[\"https:\\\/\\\/www.manabi.gob.ec\\\/index.php\\\/prefecto-compartio-con-estudiantes-de-la-escuela-gastronomica-iche-y-ratifico-apoyo-a-esta-iniciativa\\\/\"]}]},{\"@type\":\"ImageObject\",\"inLanguage\":\"es\",\"@id\":\"https:\\\/\\\/www.manabi.gob.ec\\\/index.php\\\/prefecto-compartio-con-estudiantes-de-la-escuela-gastronomica-iche-y-ratifico-apoyo-a-esta-iniciativa\\\/#primaryimage\",\"url\":\"https:\\\/\\\/www.manabi.gob.ec\\\/wp-content\\\/uploads\\\/2021\\\/05\\\/Prefecto-con-estudiantes-Ochi-4.jpg\",\"contentUrl\":\"https:\\\/\\\/www.manabi.gob.ec\\\/wp-content\\\/uploads\\\/2021\\\/05\\\/Prefecto-con-estudiantes-Ochi-4.jpg\",\"width\":1041,\"height\":810},{\"@type\":\"BreadcrumbList\",\"@id\":\"https:\\\/\\\/www.manabi.gob.ec\\\/index.php\\\/prefecto-compartio-con-estudiantes-de-la-escuela-gastronomica-iche-y-ratifico-apoyo-a-esta-iniciativa\\\/#breadcrumb\",\"itemListElement\":[{\"@type\":\"ListItem\",\"position\":1,\"name\":\"Portada\",\"item\":\"https:\\\/\\\/www.manabi.gob.ec\\\/\"},{\"@type\":\"ListItem\",\"position\":2,\"name\":\"PREFECTO COMPARTI\u00d3 CON ESTUDIANTES DE LA ESCUELA GASTRON\u00d3MICA ICHE Y RATIFIC\u00d3 APOYO A ESTA INICIATIVA\"}]},{\"@type\":\"WebSite\",\"@id\":\"https:\\\/\\\/www.manabi.gob.ec\\\/#website\",\"url\":\"https:\\\/\\\/www.manabi.gob.ec\\\/\",\"name\":\"Prefectura de Manab\u00ed\",\"description\":\"P\u00e1gina web de la prefectura\",\"potentialAction\":[{\"@type\":\"SearchAction\",\"target\":{\"@type\":\"EntryPoint\",\"urlTemplate\":\"https:\\\/\\\/www.manabi.gob.ec\\\/?s={search_term_string}\"},\"query-input\":{\"@type\":\"PropertyValueSpecification\",\"valueRequired\":true,\"valueName\":\"search_term_string\"}}],\"inLanguage\":\"es\"},{\"@type\":\"Person\",\"@id\":\"https:\\\/\\\/www.manabi.gob.ec\\\/#\\\/schema\\\/person\\\/cfc71bd68fe2703b779edcc292a49722\",\"name\":\"admin\",\"image\":{\"@type\":\"ImageObject\",\"inLanguage\":\"es\",\"@id\":\"https:\\\/\\\/secure.gravatar.com\\\/avatar\\\/23e9f919492b0a2f65aa168e0d8c5c867ea853b61deffbadf08c7031e15b8d78?s=96&d=mm&r=g\",\"url\":\"https:\\\/\\\/secure.gravatar.com\\\/avatar\\\/23e9f919492b0a2f65aa168e0d8c5c867ea853b61deffbadf08c7031e15b8d78?s=96&d=mm&r=g\",\"contentUrl\":\"https:\\\/\\\/secure.gravatar.com\\\/avatar\\\/23e9f919492b0a2f65aa168e0d8c5c867ea853b61deffbadf08c7031e15b8d78?s=96&d=mm&r=g\",\"caption\":\"admin\"},\"sameAs\":[\"http:\\\/\\\/www.manabi.gob.ec\"],\"url\":\"https:\\\/\\\/www.manabi.gob.ec\\\/index.php\\\/author\\\/admin\\\/\"}]}<\/script>\n<!-- \/ Yoast SEO plugin. -->","yoast_head_json":{"title":"PREFECTO COMPARTI\u00d3 CON ESTUDIANTES DE LA ESCUELA GASTRON\u00d3MICA ICHE Y RATIFIC\u00d3 APOYO A ESTA INICIATIVA - Prefectura de Manab\u00ed","robots":{"index":"index","follow":"follow","max-snippet":"max-snippet:-1","max-image-preview":"max-image-preview:large","max-video-preview":"max-video-preview:-1"},"canonical":"https:\/\/www.manabi.gob.ec\/index.php\/prefecto-compartio-con-estudiantes-de-la-escuela-gastronomica-iche-y-ratifico-apoyo-a-esta-iniciativa\/","og_locale":"es_ES","og_type":"article","og_title":"PREFECTO COMPARTI\u00d3 CON ESTUDIANTES DE LA ESCUELA GASTRON\u00d3MICA ICHE Y RATIFIC\u00d3 APOYO A ESTA INICIATIVA - Prefectura de Manab\u00ed","og_description":"El prefecto, Leonardo Orlando, comparti\u00f3 una jornada extensa de actividades en la Escuela de Gastronom\u00eda ICHE, proyecto que es ejecutado por la Fundaci\u00f3n Fuegos y tiene como socio estrat\u00e9gico al Gobierno de Manab","og_url":"https:\/\/www.manabi.gob.ec\/index.php\/prefecto-compartio-con-estudiantes-de-la-escuela-gastronomica-iche-y-ratifico-apoyo-a-esta-iniciativa\/","og_site_name":"Prefectura de Manab\u00ed","article_published_time":"2021-05-28T20:56:40+00:00","article_modified_time":"2021-05-28T20:56:41+00:00","og_image":[{"width":1041,"height":810,"url":"https:\/\/www.manabi.gob.ec\/wp-content\/uploads\/2021\/05\/Prefecto-con-estudiantes-Ochi-4.jpg","type":"image\/jpeg"}],"author":"admin","twitter_card":"summary_large_image","twitter_misc":{"Escrito por":"admin","Tiempo de lectura":"1 minuto"},"schema":{"@context":"https:\/\/schema.org","@graph":[{"@type":"Article","@id":"https:\/\/www.manabi.gob.ec\/index.php\/prefecto-compartio-con-estudiantes-de-la-escuela-gastronomica-iche-y-ratifico-apoyo-a-esta-iniciativa\/#article","isPartOf":{"@id":"https:\/\/www.manabi.gob.ec\/index.php\/prefecto-compartio-con-estudiantes-de-la-escuela-gastronomica-iche-y-ratifico-apoyo-a-esta-iniciativa\/"},"author":{"name":"admin","@id":"https:\/\/www.manabi.gob.ec\/#\/schema\/person\/cfc71bd68fe2703b779edcc292a49722"},"headline":"PREFECTO COMPARTI\u00d3 CON ESTUDIANTES DE LA ESCUELA GASTRON\u00d3MICA ICHE Y RATIFIC\u00d3 APOYO A ESTA INICIATIVA","datePublished":"2021-05-28T20:56:40+00:00","dateModified":"2021-05-28T20:56:41+00:00","mainEntityOfPage":{"@id":"https:\/\/www.manabi.gob.ec\/index.php\/prefecto-compartio-con-estudiantes-de-la-escuela-gastronomica-iche-y-ratifico-apoyo-a-esta-iniciativa\/"},"wordCount":250,"image":{"@id":"https:\/\/www.manabi.gob.ec\/index.php\/prefecto-compartio-con-estudiantes-de-la-escuela-gastronomica-iche-y-ratifico-apoyo-a-esta-iniciativa\/#primaryimage"},"thumbnailUrl":"https:\/\/www.manabi.gob.ec\/wp-content\/uploads\/2021\/05\/Prefecto-con-estudiantes-Ochi-4.jpg","articleSection":["Desarrollo Social","Noticias","Producci\u00f3n","Todas","Turismo"],"inLanguage":"es"},{"@type":"WebPage","@id":"https:\/\/www.manabi.gob.ec\/index.php\/prefecto-compartio-con-estudiantes-de-la-escuela-gastronomica-iche-y-ratifico-apoyo-a-esta-iniciativa\/","url":"https:\/\/www.manabi.gob.ec\/index.php\/prefecto-compartio-con-estudiantes-de-la-escuela-gastronomica-iche-y-ratifico-apoyo-a-esta-iniciativa\/","name":"PREFECTO COMPARTI\u00d3 CON ESTUDIANTES DE LA ESCUELA GASTRON\u00d3MICA ICHE Y RATIFIC\u00d3 APOYO A ESTA INICIATIVA - Prefectura de Manab\u00ed","isPartOf":{"@id":"https:\/\/www.manabi.gob.ec\/#website"},"primaryImageOfPage":{"@id":"https:\/\/www.manabi.gob.ec\/index.php\/prefecto-compartio-con-estudiantes-de-la-escuela-gastronomica-iche-y-ratifico-apoyo-a-esta-iniciativa\/#primaryimage"},"image":{"@id":"https:\/\/www.manabi.gob.ec\/index.php\/prefecto-compartio-con-estudiantes-de-la-escuela-gastronomica-iche-y-ratifico-apoyo-a-esta-iniciativa\/#primaryimage"},"thumbnailUrl":"https:\/\/www.manabi.gob.ec\/wp-content\/uploads\/2021\/05\/Prefecto-con-estudiantes-Ochi-4.jpg","datePublished":"2021-05-28T20:56:40+00:00","dateModified":"2021-05-28T20:56:41+00:00","author":{"@id":"https:\/\/www.manabi.gob.ec\/#\/schema\/person\/cfc71bd68fe2703b779edcc292a49722"},"breadcrumb":{"@id":"https:\/\/www.manabi.gob.ec\/index.php\/prefecto-compartio-con-estudiantes-de-la-escuela-gastronomica-iche-y-ratifico-apoyo-a-esta-iniciativa\/#breadcrumb"},"inLanguage":"es","potentialAction":[{"@type":"ReadAction","target":["https:\/\/www.manabi.gob.ec\/index.php\/prefecto-compartio-con-estudiantes-de-la-escuela-gastronomica-iche-y-ratifico-apoyo-a-esta-iniciativa\/"]}]},{"@type":"ImageObject","inLanguage":"es","@id":"https:\/\/www.manabi.gob.ec\/index.php\/prefecto-compartio-con-estudiantes-de-la-escuela-gastronomica-iche-y-ratifico-apoyo-a-esta-iniciativa\/#primaryimage","url":"https:\/\/www.manabi.gob.ec\/wp-content\/uploads\/2021\/05\/Prefecto-con-estudiantes-Ochi-4.jpg","contentUrl":"https:\/\/www.manabi.gob.ec\/wp-content\/uploads\/2021\/05\/Prefecto-con-estudiantes-Ochi-4.jpg","width":1041,"height":810},{"@type":"BreadcrumbList","@id":"https:\/\/www.manabi.gob.ec\/index.php\/prefecto-compartio-con-estudiantes-de-la-escuela-gastronomica-iche-y-ratifico-apoyo-a-esta-iniciativa\/#breadcrumb","itemListElement":[{"@type":"ListItem","position":1,"name":"Portada","item":"https:\/\/www.manabi.gob.ec\/"},{"@type":"ListItem","position":2,"name":"PREFECTO COMPARTI\u00d3 CON ESTUDIANTES DE LA ESCUELA GASTRON\u00d3MICA ICHE Y RATIFIC\u00d3 APOYO A ESTA INICIATIVA"}]},{"@type":"WebSite","@id":"https:\/\/www.manabi.gob.ec\/#website","url":"https:\/\/www.manabi.gob.ec\/","name":"Prefectura de Manab\u00ed","description":"P\u00e1gina web de la prefectura","potentialAction":[{"@type":"SearchAction","target":{"@type":"EntryPoint","urlTemplate":"https:\/\/www.manabi.gob.ec\/?s={search_term_string}"},"query-input":{"@type":"PropertyValueSpecification","valueRequired":true,"valueName":"search_term_string"}}],"inLanguage":"es"},{"@type":"Person","@id":"https:\/\/www.manabi.gob.ec\/#\/schema\/person\/cfc71bd68fe2703b779edcc292a49722","name":"admin","image":{"@type":"ImageObject","inLanguage":"es","@id":"https:\/\/secure.gravatar.com\/avatar\/23e9f919492b0a2f65aa168e0d8c5c867ea853b61deffbadf08c7031e15b8d78?s=96&d=mm&r=g","url":"https:\/\/secure.gravatar.com\/avatar\/23e9f919492b0a2f65aa168e0d8c5c867ea853b61deffbadf08c7031e15b8d78?s=96&d=mm&r=g","contentUrl":"https:\/\/secure.gravatar.com\/avatar\/23e9f919492b0a2f65aa168e0d8c5c867ea853b61deffbadf08c7031e15b8d78?s=96&d=mm&r=g","caption":"admin"},"sameAs":["http:\/\/www.manabi.gob.ec"],"url":"https:\/\/www.manabi.gob.ec\/index.php\/author\/admin\/"}]}},"jetpack_featured_media_url":"https:\/\/www.manabi.gob.ec\/wp-content\/uploads\/2021\/05\/Prefecto-con-estudiantes-Ochi-4.jpg","_links":{"self":[{"href":"https:\/\/www.manabi.gob.ec\/index.php\/wp-json\/wp\/v2\/posts\/17569","targetHints":{"allow":["GET"]}}],"collection":[{"href":"https:\/\/www.manabi.gob.ec\/index.php\/wp-json\/wp\/v2\/posts"}],"about":[{"href":"https:\/\/www.manabi.gob.ec\/index.php\/wp-json\/wp\/v2\/types\/post"}],"author":[{"embeddable":true,"href":"https:\/\/www.manabi.gob.ec\/index.php\/wp-json\/wp\/v2\/users\/1"}],"replies":[{"embeddable":true,"href":"https:\/\/www.manabi.gob.ec\/index.php\/wp-json\/wp\/v2\/comments?post=17569"}],"version-history":[{"count":0,"href":"https:\/\/www.manabi.gob.ec\/index.php\/wp-json\/wp\/v2\/posts\/17569\/revisions"}],"wp:featuredmedia":[{"embeddable":true,"href":"https:\/\/www.manabi.gob.ec\/index.php\/wp-json\/wp\/v2\/media\/17570"}],"wp:attachment":[{"href":"https:\/\/www.manabi.gob.ec\/index.php\/wp-json\/wp\/v2\/media?parent=17569"}],"wp:term":[{"taxonomy":"category","embeddable":true,"href":"https:\/\/www.manabi.gob.ec\/index.php\/wp-json\/wp\/v2\/categories?post=17569"},{"taxonomy":"post_tag","embeddable":true,"href":"https:\/\/www.manabi.gob.ec\/index.php\/wp-json\/wp\/v2\/tags?post=17569"}],"curies":[{"name":"wp","href":"https:\/\/api.w.org\/{rel}","templated":true}]}}