{"id":17596,"date":"2021-06-02T03:20:08","date_gmt":"2021-06-02T03:20:08","guid":{"rendered":"https:\/\/www.manabi.gob.ec\/?p=17596"},"modified":"2021-06-02T03:20:11","modified_gmt":"2021-06-02T03:20:11","slug":"nos-une-el-manabitismo","status":"publish","type":"post","link":"https:\/\/www.manabi.gob.ec\/index.php\/nos-une-el-manabitismo\/","title":{"rendered":"NOS UNE EL MANABITISMO"},"content":{"rendered":"\n<p>\u00abNos une el civismo y el amor a Manab\u00ed\u00bb, expres\u00f3 el prefecto, Leonardo Orlando, en el tradicional acto de izada de las banderas que marc\u00f3 el inicio de la agenda del Mes del Manabitismo.<\/p>\n\n\n\n<p>Junio es un mes de hitos hist\u00f3ricos para Manab\u00ed, conmemoramos acontecimientos de gran trascendencia para la provincia y el pa\u00eds como la Revoluci\u00f3n Liberal, los 197 a\u00f1os de provincializaci\u00f3n de Manab\u00ed, el natalicio del general&nbsp; Eloy Alfaro y del cacique Manuel Inocencio Parral y Guale, la creaci\u00f3n de la Universidad T\u00e9cnica de Manab\u00ed, son sucesos que nos enorgullecen.<\/p>\n\n\n\n<p>\u00abHemos pasado los tiempos m\u00e1s duros de nuestra historia, pero tambi\u00e9n hemos superado los m\u00e1s grandes retos y desaf\u00edos de la humanidad, que juntos los estamos&nbsp; superando\u00bb, destac\u00f3 el Prefecto.<\/p>\n\n\n\n<p>El acto &nbsp;de inicio de \u201cMes del Manabitismo\u201d se desarroll\u00f3 en el templete de las banderas en la Av. Urbina, frente a la plazoleta Eloy Alfaro Delgado en Portoviejo con la presencia de alcaldes, vicealcaldes, concejales, presidentes de los gobiernos parroquiales, la viceprefecta de Manab\u00ed, Kelly Buenaventura; el presidente de Conagopare, Yandry Bazurto; el jefe pol\u00edtico, Hugo Andrade y delegados de otras autoridades.<\/p>\n","protected":false},"excerpt":{"rendered":"<p>\u00abNos une el civismo y el amor a Manab\u00ed\u00bb, expres\u00f3 el prefecto, Leonardo Orlando, en el tradicional acto de izada de las banderas que marc\u00f3 el inicio de la agenda del Mes del Manabitismo<\/p>\n","protected":false},"author":1,"featured_media":17597,"comment_status":"closed","ping_status":"open","sticky":false,"template":"","format":"standard","meta":{"_joinchat":[],"footnotes":""},"categories":[92,91],"tags":[],"class_list":["post-17596","post","type-post","status-publish","format-standard","has-post-thumbnail","hentry","category-noticias-manabi","category-todas"],"yoast_head":"<!-- This site is optimized with the Yoast SEO plugin v27.4 - https:\/\/yoast.com\/product\/yoast-seo-wordpress\/ -->\n<title>NOS UNE EL MANABITISMO - Prefectura de Manab\u00ed<\/title>\n<meta name=\"robots\" content=\"index, follow, max-snippet:-1, max-image-preview:large, max-video-preview:-1\" \/>\n<link rel=\"canonical\" href=\"https:\/\/www.manabi.gob.ec\/index.php\/nos-une-el-manabitismo\/\" \/>\n<meta property=\"og:locale\" content=\"es_ES\" \/>\n<meta property=\"og:type\" content=\"article\" \/>\n<meta property=\"og:title\" content=\"NOS UNE EL MANABITISMO - Prefectura de Manab\u00ed\" \/>\n<meta property=\"og:description\" content=\"&quot;Nos une el civismo y el amor a Manab\u00ed&quot;, expres\u00f3 el prefecto, Leonardo Orlando, en el tradicional acto de izada de las banderas que marc\u00f3 el inicio de la agenda del Mes del Manabitismo\" \/>\n<meta property=\"og:url\" content=\"https:\/\/www.manabi.gob.ec\/index.php\/nos-une-el-manabitismo\/\" \/>\n<meta property=\"og:site_name\" content=\"Prefectura de Manab\u00ed\" \/>\n<meta property=\"article:published_time\" content=\"2021-06-02T03:20:08+00:00\" \/>\n<meta property=\"article:modified_time\" content=\"2021-06-02T03:20:11+00:00\" \/>\n<meta property=\"og:image\" content=\"https:\/\/www.manabi.gob.ec\/wp-content\/uploads\/2021\/06\/Inicio-del-Manabitismo-3.jpg\" \/>\n\t<meta property=\"og:image:width\" content=\"1280\" \/>\n\t<meta property=\"og:image:height\" content=\"853\" \/>\n\t<meta property=\"og:image:type\" content=\"image\/jpeg\" \/>\n<meta name=\"author\" content=\"admin\" \/>\n<meta name=\"twitter:card\" content=\"summary_large_image\" \/>\n<meta name=\"twitter:label1\" content=\"Escrito por\" \/>\n\t<meta name=\"twitter:data1\" content=\"admin\" \/>\n\t<meta name=\"twitter:label2\" content=\"Tiempo de lectura\" \/>\n\t<meta name=\"twitter:data2\" content=\"1 minuto\" \/>\n<script type=\"application\/ld+json\" class=\"yoast-schema-graph\">{\"@context\":\"https:\\\/\\\/schema.org\",\"@graph\":[{\"@type\":\"Article\",\"@id\":\"https:\\\/\\\/www.manabi.gob.ec\\\/index.php\\\/nos-une-el-manabitismo\\\/#article\",\"isPartOf\":{\"@id\":\"https:\\\/\\\/www.manabi.gob.ec\\\/index.php\\\/nos-une-el-manabitismo\\\/\"},\"author\":{\"name\":\"admin\",\"@id\":\"https:\\\/\\\/www.manabi.gob.ec\\\/#\\\/schema\\\/person\\\/cfc71bd68fe2703b779edcc292a49722\"},\"headline\":\"NOS UNE EL MANABITISMO\",\"datePublished\":\"2021-06-02T03:20:08+00:00\",\"dateModified\":\"2021-06-02T03:20:11+00:00\",\"mainEntityOfPage\":{\"@id\":\"https:\\\/\\\/www.manabi.gob.ec\\\/index.php\\\/nos-une-el-manabitismo\\\/\"},\"wordCount\":203,\"image\":{\"@id\":\"https:\\\/\\\/www.manabi.gob.ec\\\/index.php\\\/nos-une-el-manabitismo\\\/#primaryimage\"},\"thumbnailUrl\":\"https:\\\/\\\/www.manabi.gob.ec\\\/wp-content\\\/uploads\\\/2021\\\/06\\\/Inicio-del-Manabitismo-3.jpg\",\"articleSection\":[\"Noticias\",\"Todas\"],\"inLanguage\":\"es\"},{\"@type\":\"WebPage\",\"@id\":\"https:\\\/\\\/www.manabi.gob.ec\\\/index.php\\\/nos-une-el-manabitismo\\\/\",\"url\":\"https:\\\/\\\/www.manabi.gob.ec\\\/index.php\\\/nos-une-el-manabitismo\\\/\",\"name\":\"NOS UNE EL MANABITISMO - Prefectura de Manab\u00ed\",\"isPartOf\":{\"@id\":\"https:\\\/\\\/www.manabi.gob.ec\\\/#website\"},\"primaryImageOfPage\":{\"@id\":\"https:\\\/\\\/www.manabi.gob.ec\\\/index.php\\\/nos-une-el-manabitismo\\\/#primaryimage\"},\"image\":{\"@id\":\"https:\\\/\\\/www.manabi.gob.ec\\\/index.php\\\/nos-une-el-manabitismo\\\/#primaryimage\"},\"thumbnailUrl\":\"https:\\\/\\\/www.manabi.gob.ec\\\/wp-content\\\/uploads\\\/2021\\\/06\\\/Inicio-del-Manabitismo-3.jpg\",\"datePublished\":\"2021-06-02T03:20:08+00:00\",\"dateModified\":\"2021-06-02T03:20:11+00:00\",\"author\":{\"@id\":\"https:\\\/\\\/www.manabi.gob.ec\\\/#\\\/schema\\\/person\\\/cfc71bd68fe2703b779edcc292a49722\"},\"breadcrumb\":{\"@id\":\"https:\\\/\\\/www.manabi.gob.ec\\\/index.php\\\/nos-une-el-manabitismo\\\/#breadcrumb\"},\"inLanguage\":\"es\",\"potentialAction\":[{\"@type\":\"ReadAction\",\"target\":[\"https:\\\/\\\/www.manabi.gob.ec\\\/index.php\\\/nos-une-el-manabitismo\\\/\"]}]},{\"@type\":\"ImageObject\",\"inLanguage\":\"es\",\"@id\":\"https:\\\/\\\/www.manabi.gob.ec\\\/index.php\\\/nos-une-el-manabitismo\\\/#primaryimage\",\"url\":\"https:\\\/\\\/www.manabi.gob.ec\\\/wp-content\\\/uploads\\\/2021\\\/06\\\/Inicio-del-Manabitismo-3.jpg\",\"contentUrl\":\"https:\\\/\\\/www.manabi.gob.ec\\\/wp-content\\\/uploads\\\/2021\\\/06\\\/Inicio-del-Manabitismo-3.jpg\",\"width\":1280,\"height\":853},{\"@type\":\"BreadcrumbList\",\"@id\":\"https:\\\/\\\/www.manabi.gob.ec\\\/index.php\\\/nos-une-el-manabitismo\\\/#breadcrumb\",\"itemListElement\":[{\"@type\":\"ListItem\",\"position\":1,\"name\":\"Portada\",\"item\":\"https:\\\/\\\/www.manabi.gob.ec\\\/\"},{\"@type\":\"ListItem\",\"position\":2,\"name\":\"NOS UNE EL MANABITISMO\"}]},{\"@type\":\"WebSite\",\"@id\":\"https:\\\/\\\/www.manabi.gob.ec\\\/#website\",\"url\":\"https:\\\/\\\/www.manabi.gob.ec\\\/\",\"name\":\"Prefectura de Manab\u00ed\",\"description\":\"P\u00e1gina web de la prefectura\",\"potentialAction\":[{\"@type\":\"SearchAction\",\"target\":{\"@type\":\"EntryPoint\",\"urlTemplate\":\"https:\\\/\\\/www.manabi.gob.ec\\\/?s={search_term_string}\"},\"query-input\":{\"@type\":\"PropertyValueSpecification\",\"valueRequired\":true,\"valueName\":\"search_term_string\"}}],\"inLanguage\":\"es\"},{\"@type\":\"Person\",\"@id\":\"https:\\\/\\\/www.manabi.gob.ec\\\/#\\\/schema\\\/person\\\/cfc71bd68fe2703b779edcc292a49722\",\"name\":\"admin\",\"image\":{\"@type\":\"ImageObject\",\"inLanguage\":\"es\",\"@id\":\"https:\\\/\\\/secure.gravatar.com\\\/avatar\\\/23e9f919492b0a2f65aa168e0d8c5c867ea853b61deffbadf08c7031e15b8d78?s=96&d=mm&r=g\",\"url\":\"https:\\\/\\\/secure.gravatar.com\\\/avatar\\\/23e9f919492b0a2f65aa168e0d8c5c867ea853b61deffbadf08c7031e15b8d78?s=96&d=mm&r=g\",\"contentUrl\":\"https:\\\/\\\/secure.gravatar.com\\\/avatar\\\/23e9f919492b0a2f65aa168e0d8c5c867ea853b61deffbadf08c7031e15b8d78?s=96&d=mm&r=g\",\"caption\":\"admin\"},\"sameAs\":[\"http:\\\/\\\/www.manabi.gob.ec\"],\"url\":\"https:\\\/\\\/www.manabi.gob.ec\\\/index.php\\\/author\\\/admin\\\/\"}]}<\/script>\n<!-- \/ Yoast SEO plugin. -->","yoast_head_json":{"title":"NOS UNE EL MANABITISMO - Prefectura de Manab\u00ed","robots":{"index":"index","follow":"follow","max-snippet":"max-snippet:-1","max-image-preview":"max-image-preview:large","max-video-preview":"max-video-preview:-1"},"canonical":"https:\/\/www.manabi.gob.ec\/index.php\/nos-une-el-manabitismo\/","og_locale":"es_ES","og_type":"article","og_title":"NOS UNE EL MANABITISMO - Prefectura de Manab\u00ed","og_description":"\"Nos une el civismo y el amor a Manab\u00ed\", expres\u00f3 el prefecto, Leonardo Orlando, en el tradicional acto de izada de las banderas que marc\u00f3 el inicio de la agenda del Mes del Manabitismo","og_url":"https:\/\/www.manabi.gob.ec\/index.php\/nos-une-el-manabitismo\/","og_site_name":"Prefectura de Manab\u00ed","article_published_time":"2021-06-02T03:20:08+00:00","article_modified_time":"2021-06-02T03:20:11+00:00","og_image":[{"width":1280,"height":853,"url":"https:\/\/www.manabi.gob.ec\/wp-content\/uploads\/2021\/06\/Inicio-del-Manabitismo-3.jpg","type":"image\/jpeg"}],"author":"admin","twitter_card":"summary_large_image","twitter_misc":{"Escrito por":"admin","Tiempo de lectura":"1 minuto"},"schema":{"@context":"https:\/\/schema.org","@graph":[{"@type":"Article","@id":"https:\/\/www.manabi.gob.ec\/index.php\/nos-une-el-manabitismo\/#article","isPartOf":{"@id":"https:\/\/www.manabi.gob.ec\/index.php\/nos-une-el-manabitismo\/"},"author":{"name":"admin","@id":"https:\/\/www.manabi.gob.ec\/#\/schema\/person\/cfc71bd68fe2703b779edcc292a49722"},"headline":"NOS UNE EL MANABITISMO","datePublished":"2021-06-02T03:20:08+00:00","dateModified":"2021-06-02T03:20:11+00:00","mainEntityOfPage":{"@id":"https:\/\/www.manabi.gob.ec\/index.php\/nos-une-el-manabitismo\/"},"wordCount":203,"image":{"@id":"https:\/\/www.manabi.gob.ec\/index.php\/nos-une-el-manabitismo\/#primaryimage"},"thumbnailUrl":"https:\/\/www.manabi.gob.ec\/wp-content\/uploads\/2021\/06\/Inicio-del-Manabitismo-3.jpg","articleSection":["Noticias","Todas"],"inLanguage":"es"},{"@type":"WebPage","@id":"https:\/\/www.manabi.gob.ec\/index.php\/nos-une-el-manabitismo\/","url":"https:\/\/www.manabi.gob.ec\/index.php\/nos-une-el-manabitismo\/","name":"NOS UNE EL MANABITISMO - Prefectura de Manab\u00ed","isPartOf":{"@id":"https:\/\/www.manabi.gob.ec\/#website"},"primaryImageOfPage":{"@id":"https:\/\/www.manabi.gob.ec\/index.php\/nos-une-el-manabitismo\/#primaryimage"},"image":{"@id":"https:\/\/www.manabi.gob.ec\/index.php\/nos-une-el-manabitismo\/#primaryimage"},"thumbnailUrl":"https:\/\/www.manabi.gob.ec\/wp-content\/uploads\/2021\/06\/Inicio-del-Manabitismo-3.jpg","datePublished":"2021-06-02T03:20:08+00:00","dateModified":"2021-06-02T03:20:11+00:00","author":{"@id":"https:\/\/www.manabi.gob.ec\/#\/schema\/person\/cfc71bd68fe2703b779edcc292a49722"},"breadcrumb":{"@id":"https:\/\/www.manabi.gob.ec\/index.php\/nos-une-el-manabitismo\/#breadcrumb"},"inLanguage":"es","potentialAction":[{"@type":"ReadAction","target":["https:\/\/www.manabi.gob.ec\/index.php\/nos-une-el-manabitismo\/"]}]},{"@type":"ImageObject","inLanguage":"es","@id":"https:\/\/www.manabi.gob.ec\/index.php\/nos-une-el-manabitismo\/#primaryimage","url":"https:\/\/www.manabi.gob.ec\/wp-content\/uploads\/2021\/06\/Inicio-del-Manabitismo-3.jpg","contentUrl":"https:\/\/www.manabi.gob.ec\/wp-content\/uploads\/2021\/06\/Inicio-del-Manabitismo-3.jpg","width":1280,"height":853},{"@type":"BreadcrumbList","@id":"https:\/\/www.manabi.gob.ec\/index.php\/nos-une-el-manabitismo\/#breadcrumb","itemListElement":[{"@type":"ListItem","position":1,"name":"Portada","item":"https:\/\/www.manabi.gob.ec\/"},{"@type":"ListItem","position":2,"name":"NOS UNE EL MANABITISMO"}]},{"@type":"WebSite","@id":"https:\/\/www.manabi.gob.ec\/#website","url":"https:\/\/www.manabi.gob.ec\/","name":"Prefectura de Manab\u00ed","description":"P\u00e1gina web de la prefectura","potentialAction":[{"@type":"SearchAction","target":{"@type":"EntryPoint","urlTemplate":"https:\/\/www.manabi.gob.ec\/?s={search_term_string}"},"query-input":{"@type":"PropertyValueSpecification","valueRequired":true,"valueName":"search_term_string"}}],"inLanguage":"es"},{"@type":"Person","@id":"https:\/\/www.manabi.gob.ec\/#\/schema\/person\/cfc71bd68fe2703b779edcc292a49722","name":"admin","image":{"@type":"ImageObject","inLanguage":"es","@id":"https:\/\/secure.gravatar.com\/avatar\/23e9f919492b0a2f65aa168e0d8c5c867ea853b61deffbadf08c7031e15b8d78?s=96&d=mm&r=g","url":"https:\/\/secure.gravatar.com\/avatar\/23e9f919492b0a2f65aa168e0d8c5c867ea853b61deffbadf08c7031e15b8d78?s=96&d=mm&r=g","contentUrl":"https:\/\/secure.gravatar.com\/avatar\/23e9f919492b0a2f65aa168e0d8c5c867ea853b61deffbadf08c7031e15b8d78?s=96&d=mm&r=g","caption":"admin"},"sameAs":["http:\/\/www.manabi.gob.ec"],"url":"https:\/\/www.manabi.gob.ec\/index.php\/author\/admin\/"}]}},"jetpack_featured_media_url":"https:\/\/www.manabi.gob.ec\/wp-content\/uploads\/2021\/06\/Inicio-del-Manabitismo-3.jpg","_links":{"self":[{"href":"https:\/\/www.manabi.gob.ec\/index.php\/wp-json\/wp\/v2\/posts\/17596","targetHints":{"allow":["GET"]}}],"collection":[{"href":"https:\/\/www.manabi.gob.ec\/index.php\/wp-json\/wp\/v2\/posts"}],"about":[{"href":"https:\/\/www.manabi.gob.ec\/index.php\/wp-json\/wp\/v2\/types\/post"}],"author":[{"embeddable":true,"href":"https:\/\/www.manabi.gob.ec\/index.php\/wp-json\/wp\/v2\/users\/1"}],"replies":[{"embeddable":true,"href":"https:\/\/www.manabi.gob.ec\/index.php\/wp-json\/wp\/v2\/comments?post=17596"}],"version-history":[{"count":0,"href":"https:\/\/www.manabi.gob.ec\/index.php\/wp-json\/wp\/v2\/posts\/17596\/revisions"}],"wp:featuredmedia":[{"embeddable":true,"href":"https:\/\/www.manabi.gob.ec\/index.php\/wp-json\/wp\/v2\/media\/17597"}],"wp:attachment":[{"href":"https:\/\/www.manabi.gob.ec\/index.php\/wp-json\/wp\/v2\/media?parent=17596"}],"wp:term":[{"taxonomy":"category","embeddable":true,"href":"https:\/\/www.manabi.gob.ec\/index.php\/wp-json\/wp\/v2\/categories?post=17596"},{"taxonomy":"post_tag","embeddable":true,"href":"https:\/\/www.manabi.gob.ec\/index.php\/wp-json\/wp\/v2\/tags?post=17596"}],"curies":[{"name":"wp","href":"https:\/\/api.w.org\/{rel}","templated":true}]}}