{"id":17644,"date":"2021-06-04T16:57:31","date_gmt":"2021-06-04T16:57:31","guid":{"rendered":"https:\/\/www.manabi.gob.ec\/?p=17644"},"modified":"2021-06-04T16:57:34","modified_gmt":"2021-06-04T16:57:34","slug":"con-botellas-gigantes-para-reciclar-envases-plasticos-devolvemos-vida-a-portoviejo","status":"publish","type":"post","link":"https:\/\/www.manabi.gob.ec\/index.php\/con-botellas-gigantes-para-reciclar-envases-plasticos-devolvemos-vida-a-portoviejo\/","title":{"rendered":"CON BOTELLAS GIGANTES PARA RECICLAR ENVASES PL\u00c1STICOS DEVOLVEMOS VIDA A PORTOVIEJO"},"content":{"rendered":"\n<p>Diez estructuras met\u00e1licas gigantes con forma de botella, que miden 2 metros de alto por 90 cent\u00edmetros de ancho, entreg\u00f3 la Prefectura de Manab\u00ed al Municipio del cant\u00f3n Portoviejo, para estimular el reciclaje.<\/p>\n\n\n\n<p>La entrega la realiz\u00f3 Ana L\u00eda Rivadeneira, directora de Ambiente y Riesgos de la entidad provincial,&nbsp;en la explanada del parque La Rotonda. Se cont\u00f3 con la participaci\u00f3n del concejal Mario Ramos, y personal t\u00e9cnico de la direcci\u00f3n de Ambiente del GAD cantonal.<\/p>\n\n\n\n<p>\u00abCon esta nueva entrega ya son 21 botellas met\u00e1licas gigantes que hemos entregado en Portoviejo. En anteriores ocasiones se beneficiaron varias de las parroquias rurales del cant\u00f3n\u00bb ,&nbsp; indic\u00f3 Ana L\u00eda Rivadeneira.<\/p>\n\n\n\n<p>Irene Cede\u00f1o, jefe t\u00e9cnico de Ambiente de la municipalidad, fue la encargada de recibir estos dep\u00f3sitos, y destac\u00f3 que ser\u00e1n colocadas en sectores urbanos estrat\u00e9gicos de la ciudad de Portoviejo.<\/p>\n\n\n\n<p>DATO<\/p>\n\n\n\n<p>La Prefectura ejecuta un proyecto ambiental para promover el reciclaje&nbsp;de botellas pl\u00e1sticas, con el objetivo de reducir la presencia de estos envases que contaminan el mar, los r\u00edos y&nbsp; esteros.<\/p>\n\n\n\n<p>Al momento 113 de un total de 180&nbsp; botellas met\u00e1licas gigantes, han sido&nbsp; entregadas en los 22 cantones de Manab\u00ed.&nbsp; La inversi\u00f3n de&nbsp; la Prefectura&nbsp; en esta iniciativa es de 32 mil&nbsp; d\u00f3lares.<\/p>\n","protected":false},"excerpt":{"rendered":"<p>Diez estructuras met\u00e1licas gigantes con forma de botella, que miden 2 metros de alto por 90 cent\u00edmetros de ancho, entreg\u00f3 la Prefectura de Manab\u00ed al Municipio del cant\u00f3n Portoviejo, para estimular el reciclaje. La entrega la realiz\u00f3 Ana L\u00eda Rivadeneira, directora de Ambiente y Riesgos de la entidad provincial,&nbsp;en la explanada del parque La Rotonda. [&hellip;]<\/p>\n","protected":false},"author":1,"featured_media":17645,"comment_status":"closed","ping_status":"open","sticky":false,"template":"","format":"standard","meta":{"_joinchat":[],"footnotes":""},"categories":[150,92,132,91],"tags":[],"class_list":["post-17644","post","type-post","status-publish","format-standard","has-post-thumbnail","hentry","category-ambiente","category-noticias-manabi","category-portoviejo","category-todas"],"yoast_head":"<!-- This site is optimized with the Yoast SEO plugin v27.4 - https:\/\/yoast.com\/product\/yoast-seo-wordpress\/ -->\n<title>CON BOTELLAS GIGANTES PARA RECICLAR ENVASES PL\u00c1STICOS DEVOLVEMOS VIDA A PORTOVIEJO - Prefectura de Manab\u00ed<\/title>\n<meta name=\"robots\" content=\"index, follow, max-snippet:-1, max-image-preview:large, max-video-preview:-1\" \/>\n<link rel=\"canonical\" href=\"https:\/\/www.manabi.gob.ec\/index.php\/con-botellas-gigantes-para-reciclar-envases-plasticos-devolvemos-vida-a-portoviejo\/\" \/>\n<meta property=\"og:locale\" content=\"es_ES\" \/>\n<meta property=\"og:type\" content=\"article\" \/>\n<meta property=\"og:title\" content=\"CON BOTELLAS GIGANTES PARA RECICLAR ENVASES PL\u00c1STICOS DEVOLVEMOS VIDA A PORTOVIEJO - Prefectura de Manab\u00ed\" \/>\n<meta property=\"og:description\" content=\"Diez estructuras met\u00e1licas gigantes con forma de botella, que miden 2 metros de alto por 90 cent\u00edmetros de ancho, entreg\u00f3 la Prefectura de Manab\u00ed al Municipio del cant\u00f3n Portoviejo, para estimular el reciclaje. La entrega la realiz\u00f3 Ana L\u00eda Rivadeneira, directora de Ambiente y Riesgos de la entidad provincial,&nbsp;en la explanada del parque La Rotonda. [&hellip;]\" \/>\n<meta property=\"og:url\" content=\"https:\/\/www.manabi.gob.ec\/index.php\/con-botellas-gigantes-para-reciclar-envases-plasticos-devolvemos-vida-a-portoviejo\/\" \/>\n<meta property=\"og:site_name\" content=\"Prefectura de Manab\u00ed\" \/>\n<meta property=\"article:published_time\" content=\"2021-06-04T16:57:31+00:00\" \/>\n<meta property=\"article:modified_time\" content=\"2021-06-04T16:57:34+00:00\" \/>\n<meta property=\"og:image\" content=\"https:\/\/www.manabi.gob.ec\/wp-content\/uploads\/2021\/06\/Botellas-gigantes-1.jpg\" \/>\n\t<meta property=\"og:image:width\" content=\"1280\" \/>\n\t<meta property=\"og:image:height\" content=\"853\" \/>\n\t<meta property=\"og:image:type\" content=\"image\/jpeg\" \/>\n<meta name=\"author\" content=\"admin\" \/>\n<meta name=\"twitter:card\" content=\"summary_large_image\" \/>\n<meta name=\"twitter:label1\" content=\"Escrito por\" \/>\n\t<meta name=\"twitter:data1\" content=\"admin\" \/>\n\t<meta name=\"twitter:label2\" content=\"Tiempo de lectura\" \/>\n\t<meta name=\"twitter:data2\" content=\"1 minuto\" \/>\n<script type=\"application\/ld+json\" class=\"yoast-schema-graph\">{\"@context\":\"https:\\\/\\\/schema.org\",\"@graph\":[{\"@type\":\"Article\",\"@id\":\"https:\\\/\\\/www.manabi.gob.ec\\\/index.php\\\/con-botellas-gigantes-para-reciclar-envases-plasticos-devolvemos-vida-a-portoviejo\\\/#article\",\"isPartOf\":{\"@id\":\"https:\\\/\\\/www.manabi.gob.ec\\\/index.php\\\/con-botellas-gigantes-para-reciclar-envases-plasticos-devolvemos-vida-a-portoviejo\\\/\"},\"author\":{\"name\":\"admin\",\"@id\":\"https:\\\/\\\/www.manabi.gob.ec\\\/#\\\/schema\\\/person\\\/cfc71bd68fe2703b779edcc292a49722\"},\"headline\":\"CON BOTELLAS GIGANTES PARA RECICLAR ENVASES PL\u00c1STICOS DEVOLVEMOS VIDA A PORTOVIEJO\",\"datePublished\":\"2021-06-04T16:57:31+00:00\",\"dateModified\":\"2021-06-04T16:57:34+00:00\",\"mainEntityOfPage\":{\"@id\":\"https:\\\/\\\/www.manabi.gob.ec\\\/index.php\\\/con-botellas-gigantes-para-reciclar-envases-plasticos-devolvemos-vida-a-portoviejo\\\/\"},\"wordCount\":237,\"image\":{\"@id\":\"https:\\\/\\\/www.manabi.gob.ec\\\/index.php\\\/con-botellas-gigantes-para-reciclar-envases-plasticos-devolvemos-vida-a-portoviejo\\\/#primaryimage\"},\"thumbnailUrl\":\"https:\\\/\\\/www.manabi.gob.ec\\\/wp-content\\\/uploads\\\/2021\\\/06\\\/Botellas-gigantes-1.jpg\",\"articleSection\":[\"Ambiente\",\"Noticias\",\"Portoviejo\",\"Todas\"],\"inLanguage\":\"es\"},{\"@type\":\"WebPage\",\"@id\":\"https:\\\/\\\/www.manabi.gob.ec\\\/index.php\\\/con-botellas-gigantes-para-reciclar-envases-plasticos-devolvemos-vida-a-portoviejo\\\/\",\"url\":\"https:\\\/\\\/www.manabi.gob.ec\\\/index.php\\\/con-botellas-gigantes-para-reciclar-envases-plasticos-devolvemos-vida-a-portoviejo\\\/\",\"name\":\"CON BOTELLAS GIGANTES PARA RECICLAR ENVASES PL\u00c1STICOS DEVOLVEMOS VIDA A PORTOVIEJO - Prefectura de Manab\u00ed\",\"isPartOf\":{\"@id\":\"https:\\\/\\\/www.manabi.gob.ec\\\/#website\"},\"primaryImageOfPage\":{\"@id\":\"https:\\\/\\\/www.manabi.gob.ec\\\/index.php\\\/con-botellas-gigantes-para-reciclar-envases-plasticos-devolvemos-vida-a-portoviejo\\\/#primaryimage\"},\"image\":{\"@id\":\"https:\\\/\\\/www.manabi.gob.ec\\\/index.php\\\/con-botellas-gigantes-para-reciclar-envases-plasticos-devolvemos-vida-a-portoviejo\\\/#primaryimage\"},\"thumbnailUrl\":\"https:\\\/\\\/www.manabi.gob.ec\\\/wp-content\\\/uploads\\\/2021\\\/06\\\/Botellas-gigantes-1.jpg\",\"datePublished\":\"2021-06-04T16:57:31+00:00\",\"dateModified\":\"2021-06-04T16:57:34+00:00\",\"author\":{\"@id\":\"https:\\\/\\\/www.manabi.gob.ec\\\/#\\\/schema\\\/person\\\/cfc71bd68fe2703b779edcc292a49722\"},\"breadcrumb\":{\"@id\":\"https:\\\/\\\/www.manabi.gob.ec\\\/index.php\\\/con-botellas-gigantes-para-reciclar-envases-plasticos-devolvemos-vida-a-portoviejo\\\/#breadcrumb\"},\"inLanguage\":\"es\",\"potentialAction\":[{\"@type\":\"ReadAction\",\"target\":[\"https:\\\/\\\/www.manabi.gob.ec\\\/index.php\\\/con-botellas-gigantes-para-reciclar-envases-plasticos-devolvemos-vida-a-portoviejo\\\/\"]}]},{\"@type\":\"ImageObject\",\"inLanguage\":\"es\",\"@id\":\"https:\\\/\\\/www.manabi.gob.ec\\\/index.php\\\/con-botellas-gigantes-para-reciclar-envases-plasticos-devolvemos-vida-a-portoviejo\\\/#primaryimage\",\"url\":\"https:\\\/\\\/www.manabi.gob.ec\\\/wp-content\\\/uploads\\\/2021\\\/06\\\/Botellas-gigantes-1.jpg\",\"contentUrl\":\"https:\\\/\\\/www.manabi.gob.ec\\\/wp-content\\\/uploads\\\/2021\\\/06\\\/Botellas-gigantes-1.jpg\",\"width\":1280,\"height\":853},{\"@type\":\"BreadcrumbList\",\"@id\":\"https:\\\/\\\/www.manabi.gob.ec\\\/index.php\\\/con-botellas-gigantes-para-reciclar-envases-plasticos-devolvemos-vida-a-portoviejo\\\/#breadcrumb\",\"itemListElement\":[{\"@type\":\"ListItem\",\"position\":1,\"name\":\"Portada\",\"item\":\"https:\\\/\\\/www.manabi.gob.ec\\\/\"},{\"@type\":\"ListItem\",\"position\":2,\"name\":\"CON BOTELLAS GIGANTES PARA RECICLAR ENVASES PL\u00c1STICOS DEVOLVEMOS VIDA A PORTOVIEJO\"}]},{\"@type\":\"WebSite\",\"@id\":\"https:\\\/\\\/www.manabi.gob.ec\\\/#website\",\"url\":\"https:\\\/\\\/www.manabi.gob.ec\\\/\",\"name\":\"Prefectura de Manab\u00ed\",\"description\":\"P\u00e1gina web de la prefectura\",\"potentialAction\":[{\"@type\":\"SearchAction\",\"target\":{\"@type\":\"EntryPoint\",\"urlTemplate\":\"https:\\\/\\\/www.manabi.gob.ec\\\/?s={search_term_string}\"},\"query-input\":{\"@type\":\"PropertyValueSpecification\",\"valueRequired\":true,\"valueName\":\"search_term_string\"}}],\"inLanguage\":\"es\"},{\"@type\":\"Person\",\"@id\":\"https:\\\/\\\/www.manabi.gob.ec\\\/#\\\/schema\\\/person\\\/cfc71bd68fe2703b779edcc292a49722\",\"name\":\"admin\",\"image\":{\"@type\":\"ImageObject\",\"inLanguage\":\"es\",\"@id\":\"https:\\\/\\\/secure.gravatar.com\\\/avatar\\\/23e9f919492b0a2f65aa168e0d8c5c867ea853b61deffbadf08c7031e15b8d78?s=96&d=mm&r=g\",\"url\":\"https:\\\/\\\/secure.gravatar.com\\\/avatar\\\/23e9f919492b0a2f65aa168e0d8c5c867ea853b61deffbadf08c7031e15b8d78?s=96&d=mm&r=g\",\"contentUrl\":\"https:\\\/\\\/secure.gravatar.com\\\/avatar\\\/23e9f919492b0a2f65aa168e0d8c5c867ea853b61deffbadf08c7031e15b8d78?s=96&d=mm&r=g\",\"caption\":\"admin\"},\"sameAs\":[\"http:\\\/\\\/www.manabi.gob.ec\"],\"url\":\"https:\\\/\\\/www.manabi.gob.ec\\\/index.php\\\/author\\\/admin\\\/\"}]}<\/script>\n<!-- \/ Yoast SEO plugin. -->","yoast_head_json":{"title":"CON BOTELLAS GIGANTES PARA RECICLAR ENVASES PL\u00c1STICOS DEVOLVEMOS VIDA A PORTOVIEJO - Prefectura de Manab\u00ed","robots":{"index":"index","follow":"follow","max-snippet":"max-snippet:-1","max-image-preview":"max-image-preview:large","max-video-preview":"max-video-preview:-1"},"canonical":"https:\/\/www.manabi.gob.ec\/index.php\/con-botellas-gigantes-para-reciclar-envases-plasticos-devolvemos-vida-a-portoviejo\/","og_locale":"es_ES","og_type":"article","og_title":"CON BOTELLAS GIGANTES PARA RECICLAR ENVASES PL\u00c1STICOS DEVOLVEMOS VIDA A PORTOVIEJO - Prefectura de Manab\u00ed","og_description":"Diez estructuras met\u00e1licas gigantes con forma de botella, que miden 2 metros de alto por 90 cent\u00edmetros de ancho, entreg\u00f3 la Prefectura de Manab\u00ed al Municipio del cant\u00f3n Portoviejo, para estimular el reciclaje. La entrega la realiz\u00f3 Ana L\u00eda Rivadeneira, directora de Ambiente y Riesgos de la entidad provincial,&nbsp;en la explanada del parque La Rotonda. [&hellip;]","og_url":"https:\/\/www.manabi.gob.ec\/index.php\/con-botellas-gigantes-para-reciclar-envases-plasticos-devolvemos-vida-a-portoviejo\/","og_site_name":"Prefectura de Manab\u00ed","article_published_time":"2021-06-04T16:57:31+00:00","article_modified_time":"2021-06-04T16:57:34+00:00","og_image":[{"width":1280,"height":853,"url":"https:\/\/www.manabi.gob.ec\/wp-content\/uploads\/2021\/06\/Botellas-gigantes-1.jpg","type":"image\/jpeg"}],"author":"admin","twitter_card":"summary_large_image","twitter_misc":{"Escrito por":"admin","Tiempo de lectura":"1 minuto"},"schema":{"@context":"https:\/\/schema.org","@graph":[{"@type":"Article","@id":"https:\/\/www.manabi.gob.ec\/index.php\/con-botellas-gigantes-para-reciclar-envases-plasticos-devolvemos-vida-a-portoviejo\/#article","isPartOf":{"@id":"https:\/\/www.manabi.gob.ec\/index.php\/con-botellas-gigantes-para-reciclar-envases-plasticos-devolvemos-vida-a-portoviejo\/"},"author":{"name":"admin","@id":"https:\/\/www.manabi.gob.ec\/#\/schema\/person\/cfc71bd68fe2703b779edcc292a49722"},"headline":"CON BOTELLAS GIGANTES PARA RECICLAR ENVASES PL\u00c1STICOS DEVOLVEMOS VIDA A PORTOVIEJO","datePublished":"2021-06-04T16:57:31+00:00","dateModified":"2021-06-04T16:57:34+00:00","mainEntityOfPage":{"@id":"https:\/\/www.manabi.gob.ec\/index.php\/con-botellas-gigantes-para-reciclar-envases-plasticos-devolvemos-vida-a-portoviejo\/"},"wordCount":237,"image":{"@id":"https:\/\/www.manabi.gob.ec\/index.php\/con-botellas-gigantes-para-reciclar-envases-plasticos-devolvemos-vida-a-portoviejo\/#primaryimage"},"thumbnailUrl":"https:\/\/www.manabi.gob.ec\/wp-content\/uploads\/2021\/06\/Botellas-gigantes-1.jpg","articleSection":["Ambiente","Noticias","Portoviejo","Todas"],"inLanguage":"es"},{"@type":"WebPage","@id":"https:\/\/www.manabi.gob.ec\/index.php\/con-botellas-gigantes-para-reciclar-envases-plasticos-devolvemos-vida-a-portoviejo\/","url":"https:\/\/www.manabi.gob.ec\/index.php\/con-botellas-gigantes-para-reciclar-envases-plasticos-devolvemos-vida-a-portoviejo\/","name":"CON BOTELLAS GIGANTES PARA RECICLAR ENVASES PL\u00c1STICOS DEVOLVEMOS VIDA A PORTOVIEJO - Prefectura de Manab\u00ed","isPartOf":{"@id":"https:\/\/www.manabi.gob.ec\/#website"},"primaryImageOfPage":{"@id":"https:\/\/www.manabi.gob.ec\/index.php\/con-botellas-gigantes-para-reciclar-envases-plasticos-devolvemos-vida-a-portoviejo\/#primaryimage"},"image":{"@id":"https:\/\/www.manabi.gob.ec\/index.php\/con-botellas-gigantes-para-reciclar-envases-plasticos-devolvemos-vida-a-portoviejo\/#primaryimage"},"thumbnailUrl":"https:\/\/www.manabi.gob.ec\/wp-content\/uploads\/2021\/06\/Botellas-gigantes-1.jpg","datePublished":"2021-06-04T16:57:31+00:00","dateModified":"2021-06-04T16:57:34+00:00","author":{"@id":"https:\/\/www.manabi.gob.ec\/#\/schema\/person\/cfc71bd68fe2703b779edcc292a49722"},"breadcrumb":{"@id":"https:\/\/www.manabi.gob.ec\/index.php\/con-botellas-gigantes-para-reciclar-envases-plasticos-devolvemos-vida-a-portoviejo\/#breadcrumb"},"inLanguage":"es","potentialAction":[{"@type":"ReadAction","target":["https:\/\/www.manabi.gob.ec\/index.php\/con-botellas-gigantes-para-reciclar-envases-plasticos-devolvemos-vida-a-portoviejo\/"]}]},{"@type":"ImageObject","inLanguage":"es","@id":"https:\/\/www.manabi.gob.ec\/index.php\/con-botellas-gigantes-para-reciclar-envases-plasticos-devolvemos-vida-a-portoviejo\/#primaryimage","url":"https:\/\/www.manabi.gob.ec\/wp-content\/uploads\/2021\/06\/Botellas-gigantes-1.jpg","contentUrl":"https:\/\/www.manabi.gob.ec\/wp-content\/uploads\/2021\/06\/Botellas-gigantes-1.jpg","width":1280,"height":853},{"@type":"BreadcrumbList","@id":"https:\/\/www.manabi.gob.ec\/index.php\/con-botellas-gigantes-para-reciclar-envases-plasticos-devolvemos-vida-a-portoviejo\/#breadcrumb","itemListElement":[{"@type":"ListItem","position":1,"name":"Portada","item":"https:\/\/www.manabi.gob.ec\/"},{"@type":"ListItem","position":2,"name":"CON BOTELLAS GIGANTES PARA RECICLAR ENVASES PL\u00c1STICOS DEVOLVEMOS VIDA A PORTOVIEJO"}]},{"@type":"WebSite","@id":"https:\/\/www.manabi.gob.ec\/#website","url":"https:\/\/www.manabi.gob.ec\/","name":"Prefectura de Manab\u00ed","description":"P\u00e1gina web de la prefectura","potentialAction":[{"@type":"SearchAction","target":{"@type":"EntryPoint","urlTemplate":"https:\/\/www.manabi.gob.ec\/?s={search_term_string}"},"query-input":{"@type":"PropertyValueSpecification","valueRequired":true,"valueName":"search_term_string"}}],"inLanguage":"es"},{"@type":"Person","@id":"https:\/\/www.manabi.gob.ec\/#\/schema\/person\/cfc71bd68fe2703b779edcc292a49722","name":"admin","image":{"@type":"ImageObject","inLanguage":"es","@id":"https:\/\/secure.gravatar.com\/avatar\/23e9f919492b0a2f65aa168e0d8c5c867ea853b61deffbadf08c7031e15b8d78?s=96&d=mm&r=g","url":"https:\/\/secure.gravatar.com\/avatar\/23e9f919492b0a2f65aa168e0d8c5c867ea853b61deffbadf08c7031e15b8d78?s=96&d=mm&r=g","contentUrl":"https:\/\/secure.gravatar.com\/avatar\/23e9f919492b0a2f65aa168e0d8c5c867ea853b61deffbadf08c7031e15b8d78?s=96&d=mm&r=g","caption":"admin"},"sameAs":["http:\/\/www.manabi.gob.ec"],"url":"https:\/\/www.manabi.gob.ec\/index.php\/author\/admin\/"}]}},"jetpack_featured_media_url":"https:\/\/www.manabi.gob.ec\/wp-content\/uploads\/2021\/06\/Botellas-gigantes-1.jpg","_links":{"self":[{"href":"https:\/\/www.manabi.gob.ec\/index.php\/wp-json\/wp\/v2\/posts\/17644","targetHints":{"allow":["GET"]}}],"collection":[{"href":"https:\/\/www.manabi.gob.ec\/index.php\/wp-json\/wp\/v2\/posts"}],"about":[{"href":"https:\/\/www.manabi.gob.ec\/index.php\/wp-json\/wp\/v2\/types\/post"}],"author":[{"embeddable":true,"href":"https:\/\/www.manabi.gob.ec\/index.php\/wp-json\/wp\/v2\/users\/1"}],"replies":[{"embeddable":true,"href":"https:\/\/www.manabi.gob.ec\/index.php\/wp-json\/wp\/v2\/comments?post=17644"}],"version-history":[{"count":0,"href":"https:\/\/www.manabi.gob.ec\/index.php\/wp-json\/wp\/v2\/posts\/17644\/revisions"}],"wp:featuredmedia":[{"embeddable":true,"href":"https:\/\/www.manabi.gob.ec\/index.php\/wp-json\/wp\/v2\/media\/17645"}],"wp:attachment":[{"href":"https:\/\/www.manabi.gob.ec\/index.php\/wp-json\/wp\/v2\/media?parent=17644"}],"wp:term":[{"taxonomy":"category","embeddable":true,"href":"https:\/\/www.manabi.gob.ec\/index.php\/wp-json\/wp\/v2\/categories?post=17644"},{"taxonomy":"post_tag","embeddable":true,"href":"https:\/\/www.manabi.gob.ec\/index.php\/wp-json\/wp\/v2\/tags?post=17644"}],"curies":[{"name":"wp","href":"https:\/\/api.w.org\/{rel}","templated":true}]}}