{"id":17671,"date":"2021-06-07T14:17:59","date_gmt":"2021-06-07T14:17:59","guid":{"rendered":"https:\/\/www.manabi.gob.ec\/?p=17671"},"modified":"2021-06-07T14:18:02","modified_gmt":"2021-06-07T14:18:02","slug":"entregamos-el-septimo-centro-de-atencion-para-mujeres-victimas-de-violencia","status":"publish","type":"post","link":"https:\/\/www.manabi.gob.ec\/index.php\/entregamos-el-septimo-centro-de-atencion-para-mujeres-victimas-de-violencia\/","title":{"rendered":"ENTREGAMOS EL S\u00c9PTIMO CENTRO DE ATENCI\u00d3N PARA MUJERES V\u00cdCTIMAS DE VIOLENCIA"},"content":{"rendered":"\n<p>Las mujeres v\u00edctimas de violencia tienen una nueva casa de acogida. Se trata de la s\u00e9ptima de este tipo que se inaugura en Manab\u00ed, fruto del convenio que mantiene el Gobierno Provincial con la Fundaci\u00f3n Santa Marta.<\/p>\n\n\n\n<p>Este centro de atenci\u00f3n integral inicial est\u00e1 ubicado en el barrio Santa Martha de la ciudad de Manta. Hasta el lugar lleg\u00f3 el prefecto Leonardo Orlando para ser part\u00edcipe del acto de inauguraci\u00f3n, junto a la presidenta de la Asociaci\u00f3n de Mujeres Santa Marta, Reina Barahona.<\/p>\n\n\n\n<p>\u201cHoy tenemos un refugio donde acudir, una mano amiga que nos contenta, y un acompa\u00f1amiento leal que necesitamos todas las mujeres que sufrimos de violencia\u201d, dijo Rosario Baque.<\/p>\n\n\n\n<p>\u201cAgradecemos al Prefecto y a la Fundaci\u00f3n Santa Marta por la creaci\u00f3n de este espacio que brinda ayuda a las personas que son vulnerables a la violencia dentro del c\u00edrculo familiar y social, haci\u00e9ndoles saber que no est\u00e1n solas, que existen organismos que las apoyan cuando m\u00e1s lo necesitan\u201d, expres\u00f3 Sugeidy Bartolom\u00e9.<\/p>\n\n\n\n<p>Este proyecto se implementa en 14 comunidades rurales de la provincia para beneficio de m\u00e1s de 560 mujeres y sus familias. Su ejecuci\u00f3n representa una inversi\u00f3n de 101.420 d\u00f3lares.<\/p>\n\n\n\n<p>\u201cNo s\u00f3lo se trata de una infraestructura f\u00edsica acogedora, sino de un programa donde daremos atenci\u00f3n m\u00e9dica, psicol\u00f3gica, de trabajo social, y la articulaci\u00f3n con el sistema de justicia y de seguridad ciudadana, de manera especial con los consejos cantonales de promoci\u00f3n y protecci\u00f3n de derechos\u201d, explic\u00f3 el Prefecto.<\/p>\n\n\n\n<p>La jornada de inauguraci\u00f3n estuvo matizada con manifestaciones art\u00edsticas de mujeres pertenecientes a varias organizaciones.<\/p>\n\n\n\n<p>Adem\u00e1s de las beneficiarias, tambi\u00e9n estuvieron presentes la presidenta del Patronato Municipal, Rosita Saldarriaga; las asamble\u00edstas Katiuska Miranda y Gabriela Molina; el vicealcalde de Manta, Ra\u00fal Castro, concejales y ciudadanos.<\/p>\n","protected":false},"excerpt":{"rendered":"<p>Las mujeres v\u00edctimas de violencia tienen una nueva casa de acogida. Se trata de la s\u00e9ptima de este tipo que se inaugura en Manab\u00ed, fruto del convenio que mantiene el Gobierno Provincial con la Fundaci\u00f3n Santa Marta.<\/p>\n","protected":false},"author":1,"featured_media":17675,"comment_status":"closed","ping_status":"open","sticky":false,"template":"","format":"standard","meta":{"_joinchat":[],"footnotes":""},"categories":[142,156,92,72,91],"tags":[],"class_list":["post-17671","post","type-post","status-publish","format-standard","has-post-thumbnail","hentry","category-desarrollo-social","category-manta","category-noticias-manabi","category-salud","category-todas"],"yoast_head":"<!-- This site is optimized with the Yoast SEO plugin v27.4 - https:\/\/yoast.com\/product\/yoast-seo-wordpress\/ -->\n<title>ENTREGAMOS EL S\u00c9PTIMO CENTRO DE ATENCI\u00d3N PARA MUJERES V\u00cdCTIMAS DE VIOLENCIA - Prefectura de Manab\u00ed<\/title>\n<meta name=\"robots\" content=\"index, follow, max-snippet:-1, max-image-preview:large, max-video-preview:-1\" \/>\n<link rel=\"canonical\" href=\"https:\/\/www.manabi.gob.ec\/index.php\/entregamos-el-septimo-centro-de-atencion-para-mujeres-victimas-de-violencia\/\" \/>\n<meta property=\"og:locale\" content=\"es_ES\" \/>\n<meta property=\"og:type\" content=\"article\" \/>\n<meta property=\"og:title\" content=\"ENTREGAMOS EL S\u00c9PTIMO CENTRO DE ATENCI\u00d3N PARA MUJERES V\u00cdCTIMAS DE VIOLENCIA - Prefectura de Manab\u00ed\" \/>\n<meta property=\"og:description\" content=\"Las mujeres v\u00edctimas de violencia tienen una nueva casa de acogida. Se trata de la s\u00e9ptima de este tipo que se inaugura en Manab\u00ed, fruto del convenio que mantiene el Gobierno Provincial con la Fundaci\u00f3n Santa Marta.\" \/>\n<meta property=\"og:url\" content=\"https:\/\/www.manabi.gob.ec\/index.php\/entregamos-el-septimo-centro-de-atencion-para-mujeres-victimas-de-violencia\/\" \/>\n<meta property=\"og:site_name\" content=\"Prefectura de Manab\u00ed\" \/>\n<meta property=\"article:published_time\" content=\"2021-06-07T14:17:59+00:00\" \/>\n<meta property=\"article:modified_time\" content=\"2021-06-07T14:18:02+00:00\" \/>\n<meta property=\"og:image\" content=\"https:\/\/www.manabi.gob.ec\/wp-content\/uploads\/2021\/06\/Septimo-centro-de-atencion-para-mujeres-2.jpg\" \/>\n\t<meta property=\"og:image:width\" content=\"1280\" \/>\n\t<meta property=\"og:image:height\" content=\"908\" \/>\n\t<meta property=\"og:image:type\" content=\"image\/jpeg\" \/>\n<meta name=\"author\" content=\"admin\" \/>\n<meta name=\"twitter:card\" content=\"summary_large_image\" \/>\n<meta name=\"twitter:label1\" content=\"Escrito por\" \/>\n\t<meta name=\"twitter:data1\" content=\"admin\" \/>\n\t<meta name=\"twitter:label2\" content=\"Tiempo de lectura\" \/>\n\t<meta name=\"twitter:data2\" content=\"2 minutos\" \/>\n<script type=\"application\/ld+json\" class=\"yoast-schema-graph\">{\"@context\":\"https:\\\/\\\/schema.org\",\"@graph\":[{\"@type\":\"Article\",\"@id\":\"https:\\\/\\\/www.manabi.gob.ec\\\/index.php\\\/entregamos-el-septimo-centro-de-atencion-para-mujeres-victimas-de-violencia\\\/#article\",\"isPartOf\":{\"@id\":\"https:\\\/\\\/www.manabi.gob.ec\\\/index.php\\\/entregamos-el-septimo-centro-de-atencion-para-mujeres-victimas-de-violencia\\\/\"},\"author\":{\"name\":\"admin\",\"@id\":\"https:\\\/\\\/www.manabi.gob.ec\\\/#\\\/schema\\\/person\\\/cfc71bd68fe2703b779edcc292a49722\"},\"headline\":\"ENTREGAMOS EL S\u00c9PTIMO CENTRO DE ATENCI\u00d3N PARA MUJERES V\u00cdCTIMAS DE VIOLENCIA\",\"datePublished\":\"2021-06-07T14:17:59+00:00\",\"dateModified\":\"2021-06-07T14:18:02+00:00\",\"mainEntityOfPage\":{\"@id\":\"https:\\\/\\\/www.manabi.gob.ec\\\/index.php\\\/entregamos-el-septimo-centro-de-atencion-para-mujeres-victimas-de-violencia\\\/\"},\"wordCount\":329,\"image\":{\"@id\":\"https:\\\/\\\/www.manabi.gob.ec\\\/index.php\\\/entregamos-el-septimo-centro-de-atencion-para-mujeres-victimas-de-violencia\\\/#primaryimage\"},\"thumbnailUrl\":\"https:\\\/\\\/www.manabi.gob.ec\\\/wp-content\\\/uploads\\\/2021\\\/06\\\/Septimo-centro-de-atencion-para-mujeres-2.jpg\",\"articleSection\":[\"Desarrollo Social\",\"Manta\",\"Noticias\",\"salud\",\"Todas\"],\"inLanguage\":\"es\"},{\"@type\":\"WebPage\",\"@id\":\"https:\\\/\\\/www.manabi.gob.ec\\\/index.php\\\/entregamos-el-septimo-centro-de-atencion-para-mujeres-victimas-de-violencia\\\/\",\"url\":\"https:\\\/\\\/www.manabi.gob.ec\\\/index.php\\\/entregamos-el-septimo-centro-de-atencion-para-mujeres-victimas-de-violencia\\\/\",\"name\":\"ENTREGAMOS EL S\u00c9PTIMO CENTRO DE ATENCI\u00d3N PARA MUJERES V\u00cdCTIMAS DE VIOLENCIA - Prefectura de Manab\u00ed\",\"isPartOf\":{\"@id\":\"https:\\\/\\\/www.manabi.gob.ec\\\/#website\"},\"primaryImageOfPage\":{\"@id\":\"https:\\\/\\\/www.manabi.gob.ec\\\/index.php\\\/entregamos-el-septimo-centro-de-atencion-para-mujeres-victimas-de-violencia\\\/#primaryimage\"},\"image\":{\"@id\":\"https:\\\/\\\/www.manabi.gob.ec\\\/index.php\\\/entregamos-el-septimo-centro-de-atencion-para-mujeres-victimas-de-violencia\\\/#primaryimage\"},\"thumbnailUrl\":\"https:\\\/\\\/www.manabi.gob.ec\\\/wp-content\\\/uploads\\\/2021\\\/06\\\/Septimo-centro-de-atencion-para-mujeres-2.jpg\",\"datePublished\":\"2021-06-07T14:17:59+00:00\",\"dateModified\":\"2021-06-07T14:18:02+00:00\",\"author\":{\"@id\":\"https:\\\/\\\/www.manabi.gob.ec\\\/#\\\/schema\\\/person\\\/cfc71bd68fe2703b779edcc292a49722\"},\"breadcrumb\":{\"@id\":\"https:\\\/\\\/www.manabi.gob.ec\\\/index.php\\\/entregamos-el-septimo-centro-de-atencion-para-mujeres-victimas-de-violencia\\\/#breadcrumb\"},\"inLanguage\":\"es\",\"potentialAction\":[{\"@type\":\"ReadAction\",\"target\":[\"https:\\\/\\\/www.manabi.gob.ec\\\/index.php\\\/entregamos-el-septimo-centro-de-atencion-para-mujeres-victimas-de-violencia\\\/\"]}]},{\"@type\":\"ImageObject\",\"inLanguage\":\"es\",\"@id\":\"https:\\\/\\\/www.manabi.gob.ec\\\/index.php\\\/entregamos-el-septimo-centro-de-atencion-para-mujeres-victimas-de-violencia\\\/#primaryimage\",\"url\":\"https:\\\/\\\/www.manabi.gob.ec\\\/wp-content\\\/uploads\\\/2021\\\/06\\\/Septimo-centro-de-atencion-para-mujeres-2.jpg\",\"contentUrl\":\"https:\\\/\\\/www.manabi.gob.ec\\\/wp-content\\\/uploads\\\/2021\\\/06\\\/Septimo-centro-de-atencion-para-mujeres-2.jpg\",\"width\":1280,\"height\":908},{\"@type\":\"BreadcrumbList\",\"@id\":\"https:\\\/\\\/www.manabi.gob.ec\\\/index.php\\\/entregamos-el-septimo-centro-de-atencion-para-mujeres-victimas-de-violencia\\\/#breadcrumb\",\"itemListElement\":[{\"@type\":\"ListItem\",\"position\":1,\"name\":\"Portada\",\"item\":\"https:\\\/\\\/www.manabi.gob.ec\\\/\"},{\"@type\":\"ListItem\",\"position\":2,\"name\":\"ENTREGAMOS EL S\u00c9PTIMO CENTRO DE ATENCI\u00d3N PARA MUJERES V\u00cdCTIMAS DE VIOLENCIA\"}]},{\"@type\":\"WebSite\",\"@id\":\"https:\\\/\\\/www.manabi.gob.ec\\\/#website\",\"url\":\"https:\\\/\\\/www.manabi.gob.ec\\\/\",\"name\":\"Prefectura de Manab\u00ed\",\"description\":\"P\u00e1gina web de la prefectura\",\"potentialAction\":[{\"@type\":\"SearchAction\",\"target\":{\"@type\":\"EntryPoint\",\"urlTemplate\":\"https:\\\/\\\/www.manabi.gob.ec\\\/?s={search_term_string}\"},\"query-input\":{\"@type\":\"PropertyValueSpecification\",\"valueRequired\":true,\"valueName\":\"search_term_string\"}}],\"inLanguage\":\"es\"},{\"@type\":\"Person\",\"@id\":\"https:\\\/\\\/www.manabi.gob.ec\\\/#\\\/schema\\\/person\\\/cfc71bd68fe2703b779edcc292a49722\",\"name\":\"admin\",\"image\":{\"@type\":\"ImageObject\",\"inLanguage\":\"es\",\"@id\":\"https:\\\/\\\/secure.gravatar.com\\\/avatar\\\/23e9f919492b0a2f65aa168e0d8c5c867ea853b61deffbadf08c7031e15b8d78?s=96&d=mm&r=g\",\"url\":\"https:\\\/\\\/secure.gravatar.com\\\/avatar\\\/23e9f919492b0a2f65aa168e0d8c5c867ea853b61deffbadf08c7031e15b8d78?s=96&d=mm&r=g\",\"contentUrl\":\"https:\\\/\\\/secure.gravatar.com\\\/avatar\\\/23e9f919492b0a2f65aa168e0d8c5c867ea853b61deffbadf08c7031e15b8d78?s=96&d=mm&r=g\",\"caption\":\"admin\"},\"sameAs\":[\"http:\\\/\\\/www.manabi.gob.ec\"],\"url\":\"https:\\\/\\\/www.manabi.gob.ec\\\/index.php\\\/author\\\/admin\\\/\"}]}<\/script>\n<!-- \/ Yoast SEO plugin. -->","yoast_head_json":{"title":"ENTREGAMOS EL S\u00c9PTIMO CENTRO DE ATENCI\u00d3N PARA MUJERES V\u00cdCTIMAS DE VIOLENCIA - Prefectura de Manab\u00ed","robots":{"index":"index","follow":"follow","max-snippet":"max-snippet:-1","max-image-preview":"max-image-preview:large","max-video-preview":"max-video-preview:-1"},"canonical":"https:\/\/www.manabi.gob.ec\/index.php\/entregamos-el-septimo-centro-de-atencion-para-mujeres-victimas-de-violencia\/","og_locale":"es_ES","og_type":"article","og_title":"ENTREGAMOS EL S\u00c9PTIMO CENTRO DE ATENCI\u00d3N PARA MUJERES V\u00cdCTIMAS DE VIOLENCIA - Prefectura de Manab\u00ed","og_description":"Las mujeres v\u00edctimas de violencia tienen una nueva casa de acogida. Se trata de la s\u00e9ptima de este tipo que se inaugura en Manab\u00ed, fruto del convenio que mantiene el Gobierno Provincial con la Fundaci\u00f3n Santa Marta.","og_url":"https:\/\/www.manabi.gob.ec\/index.php\/entregamos-el-septimo-centro-de-atencion-para-mujeres-victimas-de-violencia\/","og_site_name":"Prefectura de Manab\u00ed","article_published_time":"2021-06-07T14:17:59+00:00","article_modified_time":"2021-06-07T14:18:02+00:00","og_image":[{"width":1280,"height":908,"url":"https:\/\/www.manabi.gob.ec\/wp-content\/uploads\/2021\/06\/Septimo-centro-de-atencion-para-mujeres-2.jpg","type":"image\/jpeg"}],"author":"admin","twitter_card":"summary_large_image","twitter_misc":{"Escrito por":"admin","Tiempo de lectura":"2 minutos"},"schema":{"@context":"https:\/\/schema.org","@graph":[{"@type":"Article","@id":"https:\/\/www.manabi.gob.ec\/index.php\/entregamos-el-septimo-centro-de-atencion-para-mujeres-victimas-de-violencia\/#article","isPartOf":{"@id":"https:\/\/www.manabi.gob.ec\/index.php\/entregamos-el-septimo-centro-de-atencion-para-mujeres-victimas-de-violencia\/"},"author":{"name":"admin","@id":"https:\/\/www.manabi.gob.ec\/#\/schema\/person\/cfc71bd68fe2703b779edcc292a49722"},"headline":"ENTREGAMOS EL S\u00c9PTIMO CENTRO DE ATENCI\u00d3N PARA MUJERES V\u00cdCTIMAS DE VIOLENCIA","datePublished":"2021-06-07T14:17:59+00:00","dateModified":"2021-06-07T14:18:02+00:00","mainEntityOfPage":{"@id":"https:\/\/www.manabi.gob.ec\/index.php\/entregamos-el-septimo-centro-de-atencion-para-mujeres-victimas-de-violencia\/"},"wordCount":329,"image":{"@id":"https:\/\/www.manabi.gob.ec\/index.php\/entregamos-el-septimo-centro-de-atencion-para-mujeres-victimas-de-violencia\/#primaryimage"},"thumbnailUrl":"https:\/\/www.manabi.gob.ec\/wp-content\/uploads\/2021\/06\/Septimo-centro-de-atencion-para-mujeres-2.jpg","articleSection":["Desarrollo Social","Manta","Noticias","salud","Todas"],"inLanguage":"es"},{"@type":"WebPage","@id":"https:\/\/www.manabi.gob.ec\/index.php\/entregamos-el-septimo-centro-de-atencion-para-mujeres-victimas-de-violencia\/","url":"https:\/\/www.manabi.gob.ec\/index.php\/entregamos-el-septimo-centro-de-atencion-para-mujeres-victimas-de-violencia\/","name":"ENTREGAMOS EL S\u00c9PTIMO CENTRO DE ATENCI\u00d3N PARA MUJERES V\u00cdCTIMAS DE VIOLENCIA - Prefectura de Manab\u00ed","isPartOf":{"@id":"https:\/\/www.manabi.gob.ec\/#website"},"primaryImageOfPage":{"@id":"https:\/\/www.manabi.gob.ec\/index.php\/entregamos-el-septimo-centro-de-atencion-para-mujeres-victimas-de-violencia\/#primaryimage"},"image":{"@id":"https:\/\/www.manabi.gob.ec\/index.php\/entregamos-el-septimo-centro-de-atencion-para-mujeres-victimas-de-violencia\/#primaryimage"},"thumbnailUrl":"https:\/\/www.manabi.gob.ec\/wp-content\/uploads\/2021\/06\/Septimo-centro-de-atencion-para-mujeres-2.jpg","datePublished":"2021-06-07T14:17:59+00:00","dateModified":"2021-06-07T14:18:02+00:00","author":{"@id":"https:\/\/www.manabi.gob.ec\/#\/schema\/person\/cfc71bd68fe2703b779edcc292a49722"},"breadcrumb":{"@id":"https:\/\/www.manabi.gob.ec\/index.php\/entregamos-el-septimo-centro-de-atencion-para-mujeres-victimas-de-violencia\/#breadcrumb"},"inLanguage":"es","potentialAction":[{"@type":"ReadAction","target":["https:\/\/www.manabi.gob.ec\/index.php\/entregamos-el-septimo-centro-de-atencion-para-mujeres-victimas-de-violencia\/"]}]},{"@type":"ImageObject","inLanguage":"es","@id":"https:\/\/www.manabi.gob.ec\/index.php\/entregamos-el-septimo-centro-de-atencion-para-mujeres-victimas-de-violencia\/#primaryimage","url":"https:\/\/www.manabi.gob.ec\/wp-content\/uploads\/2021\/06\/Septimo-centro-de-atencion-para-mujeres-2.jpg","contentUrl":"https:\/\/www.manabi.gob.ec\/wp-content\/uploads\/2021\/06\/Septimo-centro-de-atencion-para-mujeres-2.jpg","width":1280,"height":908},{"@type":"BreadcrumbList","@id":"https:\/\/www.manabi.gob.ec\/index.php\/entregamos-el-septimo-centro-de-atencion-para-mujeres-victimas-de-violencia\/#breadcrumb","itemListElement":[{"@type":"ListItem","position":1,"name":"Portada","item":"https:\/\/www.manabi.gob.ec\/"},{"@type":"ListItem","position":2,"name":"ENTREGAMOS EL S\u00c9PTIMO CENTRO DE ATENCI\u00d3N PARA MUJERES V\u00cdCTIMAS DE VIOLENCIA"}]},{"@type":"WebSite","@id":"https:\/\/www.manabi.gob.ec\/#website","url":"https:\/\/www.manabi.gob.ec\/","name":"Prefectura de Manab\u00ed","description":"P\u00e1gina web de la prefectura","potentialAction":[{"@type":"SearchAction","target":{"@type":"EntryPoint","urlTemplate":"https:\/\/www.manabi.gob.ec\/?s={search_term_string}"},"query-input":{"@type":"PropertyValueSpecification","valueRequired":true,"valueName":"search_term_string"}}],"inLanguage":"es"},{"@type":"Person","@id":"https:\/\/www.manabi.gob.ec\/#\/schema\/person\/cfc71bd68fe2703b779edcc292a49722","name":"admin","image":{"@type":"ImageObject","inLanguage":"es","@id":"https:\/\/secure.gravatar.com\/avatar\/23e9f919492b0a2f65aa168e0d8c5c867ea853b61deffbadf08c7031e15b8d78?s=96&d=mm&r=g","url":"https:\/\/secure.gravatar.com\/avatar\/23e9f919492b0a2f65aa168e0d8c5c867ea853b61deffbadf08c7031e15b8d78?s=96&d=mm&r=g","contentUrl":"https:\/\/secure.gravatar.com\/avatar\/23e9f919492b0a2f65aa168e0d8c5c867ea853b61deffbadf08c7031e15b8d78?s=96&d=mm&r=g","caption":"admin"},"sameAs":["http:\/\/www.manabi.gob.ec"],"url":"https:\/\/www.manabi.gob.ec\/index.php\/author\/admin\/"}]}},"jetpack_featured_media_url":"https:\/\/www.manabi.gob.ec\/wp-content\/uploads\/2021\/06\/Septimo-centro-de-atencion-para-mujeres-2.jpg","_links":{"self":[{"href":"https:\/\/www.manabi.gob.ec\/index.php\/wp-json\/wp\/v2\/posts\/17671","targetHints":{"allow":["GET"]}}],"collection":[{"href":"https:\/\/www.manabi.gob.ec\/index.php\/wp-json\/wp\/v2\/posts"}],"about":[{"href":"https:\/\/www.manabi.gob.ec\/index.php\/wp-json\/wp\/v2\/types\/post"}],"author":[{"embeddable":true,"href":"https:\/\/www.manabi.gob.ec\/index.php\/wp-json\/wp\/v2\/users\/1"}],"replies":[{"embeddable":true,"href":"https:\/\/www.manabi.gob.ec\/index.php\/wp-json\/wp\/v2\/comments?post=17671"}],"version-history":[{"count":0,"href":"https:\/\/www.manabi.gob.ec\/index.php\/wp-json\/wp\/v2\/posts\/17671\/revisions"}],"wp:featuredmedia":[{"embeddable":true,"href":"https:\/\/www.manabi.gob.ec\/index.php\/wp-json\/wp\/v2\/media\/17675"}],"wp:attachment":[{"href":"https:\/\/www.manabi.gob.ec\/index.php\/wp-json\/wp\/v2\/media?parent=17671"}],"wp:term":[{"taxonomy":"category","embeddable":true,"href":"https:\/\/www.manabi.gob.ec\/index.php\/wp-json\/wp\/v2\/categories?post=17671"},{"taxonomy":"post_tag","embeddable":true,"href":"https:\/\/www.manabi.gob.ec\/index.php\/wp-json\/wp\/v2\/tags?post=17671"}],"curies":[{"name":"wp","href":"https:\/\/api.w.org\/{rel}","templated":true}]}}