{"id":17698,"date":"2021-06-08T14:19:19","date_gmt":"2021-06-08T14:19:19","guid":{"rendered":"https:\/\/www.manabi.gob.ec\/?p=17698"},"modified":"2021-06-08T14:19:22","modified_gmt":"2021-06-08T14:19:22","slug":"se-atiende-la-via-canuto-la-rivera-para-seguridad-de-los-transeuntes","status":"publish","type":"post","link":"https:\/\/www.manabi.gob.ec\/index.php\/se-atiende-la-via-canuto-la-rivera-para-seguridad-de-los-transeuntes\/","title":{"rendered":"SE ATIENDE LA V\u00cdA CANUTO-LA RIVERA PARA SEGURIDAD DE LOS TRANSEUNTES"},"content":{"rendered":"\n<p>T\u00e9cnicos y maquinaria del Gobierno de Manab\u00ed trabajan en la rehabilitaci\u00f3n de la v\u00eda&nbsp; Canuto- La Rivera, &nbsp;de la parroquia Canuto del cant\u00f3n Chone, afectada por las lluvias que a\u00fan caen en la zona.<\/p>\n\n\n\n<p>La presencia de las lluvias provoc\u00f3 deslizamientos de tierra en un tramo de la v\u00eda, a la altura del kil\u00f3metro 16,&nbsp; que hizo que las tuber\u00edas de desfogue de agua se desacoplaran, lo que afect\u00f3 la movilidad de quienes transitan por esta arteria de comunicaci\u00f3n.<\/p>\n\n\n\n<p>El trabajo oportuno de los t\u00e9cnicos del Gobierno de Manab\u00ed (GPM) control\u00f3 el problema, quienes<\/p>\n\n\n\n<p>de forma inmediata iniciaron con la rehabilitaci\u00f3n de la v\u00eda, donde a\u00fan se contin\u00faa la intervenci\u00f3n.<\/p>\n\n\n\n<p>Este eje vial &nbsp;integra a la parroquia Canuto con la comunidad La Rivera, y a trav\u00e9s de esta arteria &nbsp;con el cant\u00f3n Bol\u00edvar, por lo que es una v\u00eda de mucha movilidad humana.<\/p>\n\n\n\n<p>Los trabajos contemplan la habilitaci\u00f3n de las alcantarillas, conducto que canaliza las aguas que bajan desde 4 laderas de monta\u00f1a, &nbsp;hasta el r\u00edo Canuto. Adem\u00e1s, se ubicar\u00e1&nbsp;600 m3 de piedras escolleras para realizar el relleno, y posteriormente se ubicar\u00e1&nbsp; 2000 m3 de material de la zona para la rehabilitaci\u00f3n total de la v\u00eda.<\/p>\n\n\n\n<p>\u00c1ngel Valencia, t\u00e9cnico residente &nbsp;de la zona del GPM, indic\u00f3 que el trabajo fue oportuno Para evitar que la v\u00eda siguiera desliz\u00e1ndose. El da\u00f1o interrumpi\u00f3 el tr\u00e1nsito vehicular y se vio suspendido este servicio para los habitantes del sector y los productores, pero que en pocos d\u00edas&nbsp; la v\u00eda quedar\u00e1 expedita, dijo.&nbsp;<\/p>\n","protected":false},"excerpt":{"rendered":"<p>T\u00e9cnicos y maquinaria del Gobierno de Manab\u00ed trabajan en la rehabilitaci\u00f3n de la v\u00eda&nbsp; Canuto- La Rivera, &nbsp;de la parroquia Canuto del cant\u00f3n Chone, afectada por las lluvias que a\u00fan caen en la zona. La presencia de las lluvias provoc\u00f3 deslizamientos de tierra en un tramo de la v\u00eda, a la altura del kil\u00f3metro 16,&nbsp; [&hellip;]<\/p>\n","protected":false},"author":1,"featured_media":17699,"comment_status":"closed","ping_status":"open","sticky":false,"template":"","format":"standard","meta":{"_joinchat":[],"footnotes":""},"categories":[141,92,181,91,127],"tags":[],"class_list":["post-17698","post","type-post","status-publish","format-standard","has-post-thumbnail","hentry","category-chone","category-noticias-manabi","category-obra-publica","category-todas","category-vialidad"],"yoast_head":"<!-- This site is optimized with the Yoast SEO plugin v27.4 - https:\/\/yoast.com\/product\/yoast-seo-wordpress\/ -->\n<title>SE ATIENDE LA V\u00cdA CANUTO-LA RIVERA PARA SEGURIDAD DE LOS TRANSEUNTES - Prefectura de Manab\u00ed<\/title>\n<meta name=\"robots\" content=\"index, follow, max-snippet:-1, max-image-preview:large, max-video-preview:-1\" \/>\n<link rel=\"canonical\" href=\"https:\/\/www.manabi.gob.ec\/index.php\/se-atiende-la-via-canuto-la-rivera-para-seguridad-de-los-transeuntes\/\" \/>\n<meta property=\"og:locale\" content=\"es_ES\" \/>\n<meta property=\"og:type\" content=\"article\" \/>\n<meta property=\"og:title\" content=\"SE ATIENDE LA V\u00cdA CANUTO-LA RIVERA PARA SEGURIDAD DE LOS TRANSEUNTES - Prefectura de Manab\u00ed\" \/>\n<meta property=\"og:description\" content=\"T\u00e9cnicos y maquinaria del Gobierno de Manab\u00ed trabajan en la rehabilitaci\u00f3n de la v\u00eda&nbsp; Canuto- La Rivera, &nbsp;de la parroquia Canuto del cant\u00f3n Chone, afectada por las lluvias que a\u00fan caen en la zona. La presencia de las lluvias provoc\u00f3 deslizamientos de tierra en un tramo de la v\u00eda, a la altura del kil\u00f3metro 16,&nbsp; [&hellip;]\" \/>\n<meta property=\"og:url\" content=\"https:\/\/www.manabi.gob.ec\/index.php\/se-atiende-la-via-canuto-la-rivera-para-seguridad-de-los-transeuntes\/\" \/>\n<meta property=\"og:site_name\" content=\"Prefectura de Manab\u00ed\" \/>\n<meta property=\"article:published_time\" content=\"2021-06-08T14:19:19+00:00\" \/>\n<meta property=\"article:modified_time\" content=\"2021-06-08T14:19:22+00:00\" \/>\n<meta property=\"og:image\" content=\"https:\/\/www.manabi.gob.ec\/wp-content\/uploads\/2021\/06\/Via-Canuto-La-Rivera-1.jpg\" \/>\n\t<meta property=\"og:image:width\" content=\"1280\" \/>\n\t<meta property=\"og:image:height\" content=\"720\" \/>\n\t<meta property=\"og:image:type\" content=\"image\/jpeg\" \/>\n<meta name=\"author\" content=\"admin\" \/>\n<meta name=\"twitter:card\" content=\"summary_large_image\" \/>\n<meta name=\"twitter:label1\" content=\"Escrito por\" \/>\n\t<meta name=\"twitter:data1\" content=\"admin\" \/>\n\t<meta name=\"twitter:label2\" content=\"Tiempo de lectura\" \/>\n\t<meta name=\"twitter:data2\" content=\"2 minutos\" \/>\n<script type=\"application\/ld+json\" class=\"yoast-schema-graph\">{\"@context\":\"https:\\\/\\\/schema.org\",\"@graph\":[{\"@type\":\"Article\",\"@id\":\"https:\\\/\\\/www.manabi.gob.ec\\\/index.php\\\/se-atiende-la-via-canuto-la-rivera-para-seguridad-de-los-transeuntes\\\/#article\",\"isPartOf\":{\"@id\":\"https:\\\/\\\/www.manabi.gob.ec\\\/index.php\\\/se-atiende-la-via-canuto-la-rivera-para-seguridad-de-los-transeuntes\\\/\"},\"author\":{\"name\":\"admin\",\"@id\":\"https:\\\/\\\/www.manabi.gob.ec\\\/#\\\/schema\\\/person\\\/cfc71bd68fe2703b779edcc292a49722\"},\"headline\":\"SE ATIENDE LA V\u00cdA CANUTO-LA RIVERA PARA SEGURIDAD DE LOS TRANSEUNTES\",\"datePublished\":\"2021-06-08T14:19:19+00:00\",\"dateModified\":\"2021-06-08T14:19:22+00:00\",\"mainEntityOfPage\":{\"@id\":\"https:\\\/\\\/www.manabi.gob.ec\\\/index.php\\\/se-atiende-la-via-canuto-la-rivera-para-seguridad-de-los-transeuntes\\\/\"},\"wordCount\":300,\"image\":{\"@id\":\"https:\\\/\\\/www.manabi.gob.ec\\\/index.php\\\/se-atiende-la-via-canuto-la-rivera-para-seguridad-de-los-transeuntes\\\/#primaryimage\"},\"thumbnailUrl\":\"https:\\\/\\\/www.manabi.gob.ec\\\/wp-content\\\/uploads\\\/2021\\\/06\\\/Via-Canuto-La-Rivera-1.jpg\",\"articleSection\":[\"Chone\",\"Noticias\",\"Obra P\u00fablica\",\"Todas\",\"Vialidad\"],\"inLanguage\":\"es\"},{\"@type\":\"WebPage\",\"@id\":\"https:\\\/\\\/www.manabi.gob.ec\\\/index.php\\\/se-atiende-la-via-canuto-la-rivera-para-seguridad-de-los-transeuntes\\\/\",\"url\":\"https:\\\/\\\/www.manabi.gob.ec\\\/index.php\\\/se-atiende-la-via-canuto-la-rivera-para-seguridad-de-los-transeuntes\\\/\",\"name\":\"SE ATIENDE LA V\u00cdA CANUTO-LA RIVERA PARA SEGURIDAD DE LOS TRANSEUNTES - Prefectura de Manab\u00ed\",\"isPartOf\":{\"@id\":\"https:\\\/\\\/www.manabi.gob.ec\\\/#website\"},\"primaryImageOfPage\":{\"@id\":\"https:\\\/\\\/www.manabi.gob.ec\\\/index.php\\\/se-atiende-la-via-canuto-la-rivera-para-seguridad-de-los-transeuntes\\\/#primaryimage\"},\"image\":{\"@id\":\"https:\\\/\\\/www.manabi.gob.ec\\\/index.php\\\/se-atiende-la-via-canuto-la-rivera-para-seguridad-de-los-transeuntes\\\/#primaryimage\"},\"thumbnailUrl\":\"https:\\\/\\\/www.manabi.gob.ec\\\/wp-content\\\/uploads\\\/2021\\\/06\\\/Via-Canuto-La-Rivera-1.jpg\",\"datePublished\":\"2021-06-08T14:19:19+00:00\",\"dateModified\":\"2021-06-08T14:19:22+00:00\",\"author\":{\"@id\":\"https:\\\/\\\/www.manabi.gob.ec\\\/#\\\/schema\\\/person\\\/cfc71bd68fe2703b779edcc292a49722\"},\"breadcrumb\":{\"@id\":\"https:\\\/\\\/www.manabi.gob.ec\\\/index.php\\\/se-atiende-la-via-canuto-la-rivera-para-seguridad-de-los-transeuntes\\\/#breadcrumb\"},\"inLanguage\":\"es\",\"potentialAction\":[{\"@type\":\"ReadAction\",\"target\":[\"https:\\\/\\\/www.manabi.gob.ec\\\/index.php\\\/se-atiende-la-via-canuto-la-rivera-para-seguridad-de-los-transeuntes\\\/\"]}]},{\"@type\":\"ImageObject\",\"inLanguage\":\"es\",\"@id\":\"https:\\\/\\\/www.manabi.gob.ec\\\/index.php\\\/se-atiende-la-via-canuto-la-rivera-para-seguridad-de-los-transeuntes\\\/#primaryimage\",\"url\":\"https:\\\/\\\/www.manabi.gob.ec\\\/wp-content\\\/uploads\\\/2021\\\/06\\\/Via-Canuto-La-Rivera-1.jpg\",\"contentUrl\":\"https:\\\/\\\/www.manabi.gob.ec\\\/wp-content\\\/uploads\\\/2021\\\/06\\\/Via-Canuto-La-Rivera-1.jpg\",\"width\":1280,\"height\":720},{\"@type\":\"BreadcrumbList\",\"@id\":\"https:\\\/\\\/www.manabi.gob.ec\\\/index.php\\\/se-atiende-la-via-canuto-la-rivera-para-seguridad-de-los-transeuntes\\\/#breadcrumb\",\"itemListElement\":[{\"@type\":\"ListItem\",\"position\":1,\"name\":\"Portada\",\"item\":\"https:\\\/\\\/www.manabi.gob.ec\\\/\"},{\"@type\":\"ListItem\",\"position\":2,\"name\":\"SE ATIENDE LA V\u00cdA CANUTO-LA RIVERA PARA SEGURIDAD DE LOS TRANSEUNTES\"}]},{\"@type\":\"WebSite\",\"@id\":\"https:\\\/\\\/www.manabi.gob.ec\\\/#website\",\"url\":\"https:\\\/\\\/www.manabi.gob.ec\\\/\",\"name\":\"Prefectura de Manab\u00ed\",\"description\":\"P\u00e1gina web de la prefectura\",\"potentialAction\":[{\"@type\":\"SearchAction\",\"target\":{\"@type\":\"EntryPoint\",\"urlTemplate\":\"https:\\\/\\\/www.manabi.gob.ec\\\/?s={search_term_string}\"},\"query-input\":{\"@type\":\"PropertyValueSpecification\",\"valueRequired\":true,\"valueName\":\"search_term_string\"}}],\"inLanguage\":\"es\"},{\"@type\":\"Person\",\"@id\":\"https:\\\/\\\/www.manabi.gob.ec\\\/#\\\/schema\\\/person\\\/cfc71bd68fe2703b779edcc292a49722\",\"name\":\"admin\",\"image\":{\"@type\":\"ImageObject\",\"inLanguage\":\"es\",\"@id\":\"https:\\\/\\\/secure.gravatar.com\\\/avatar\\\/23e9f919492b0a2f65aa168e0d8c5c867ea853b61deffbadf08c7031e15b8d78?s=96&d=mm&r=g\",\"url\":\"https:\\\/\\\/secure.gravatar.com\\\/avatar\\\/23e9f919492b0a2f65aa168e0d8c5c867ea853b61deffbadf08c7031e15b8d78?s=96&d=mm&r=g\",\"contentUrl\":\"https:\\\/\\\/secure.gravatar.com\\\/avatar\\\/23e9f919492b0a2f65aa168e0d8c5c867ea853b61deffbadf08c7031e15b8d78?s=96&d=mm&r=g\",\"caption\":\"admin\"},\"sameAs\":[\"http:\\\/\\\/www.manabi.gob.ec\"],\"url\":\"https:\\\/\\\/www.manabi.gob.ec\\\/index.php\\\/author\\\/admin\\\/\"}]}<\/script>\n<!-- \/ Yoast SEO plugin. -->","yoast_head_json":{"title":"SE ATIENDE LA V\u00cdA CANUTO-LA RIVERA PARA SEGURIDAD DE LOS TRANSEUNTES - Prefectura de Manab\u00ed","robots":{"index":"index","follow":"follow","max-snippet":"max-snippet:-1","max-image-preview":"max-image-preview:large","max-video-preview":"max-video-preview:-1"},"canonical":"https:\/\/www.manabi.gob.ec\/index.php\/se-atiende-la-via-canuto-la-rivera-para-seguridad-de-los-transeuntes\/","og_locale":"es_ES","og_type":"article","og_title":"SE ATIENDE LA V\u00cdA CANUTO-LA RIVERA PARA SEGURIDAD DE LOS TRANSEUNTES - Prefectura de Manab\u00ed","og_description":"T\u00e9cnicos y maquinaria del Gobierno de Manab\u00ed trabajan en la rehabilitaci\u00f3n de la v\u00eda&nbsp; Canuto- La Rivera, &nbsp;de la parroquia Canuto del cant\u00f3n Chone, afectada por las lluvias que a\u00fan caen en la zona. La presencia de las lluvias provoc\u00f3 deslizamientos de tierra en un tramo de la v\u00eda, a la altura del kil\u00f3metro 16,&nbsp; [&hellip;]","og_url":"https:\/\/www.manabi.gob.ec\/index.php\/se-atiende-la-via-canuto-la-rivera-para-seguridad-de-los-transeuntes\/","og_site_name":"Prefectura de Manab\u00ed","article_published_time":"2021-06-08T14:19:19+00:00","article_modified_time":"2021-06-08T14:19:22+00:00","og_image":[{"width":1280,"height":720,"url":"https:\/\/www.manabi.gob.ec\/wp-content\/uploads\/2021\/06\/Via-Canuto-La-Rivera-1.jpg","type":"image\/jpeg"}],"author":"admin","twitter_card":"summary_large_image","twitter_misc":{"Escrito por":"admin","Tiempo de lectura":"2 minutos"},"schema":{"@context":"https:\/\/schema.org","@graph":[{"@type":"Article","@id":"https:\/\/www.manabi.gob.ec\/index.php\/se-atiende-la-via-canuto-la-rivera-para-seguridad-de-los-transeuntes\/#article","isPartOf":{"@id":"https:\/\/www.manabi.gob.ec\/index.php\/se-atiende-la-via-canuto-la-rivera-para-seguridad-de-los-transeuntes\/"},"author":{"name":"admin","@id":"https:\/\/www.manabi.gob.ec\/#\/schema\/person\/cfc71bd68fe2703b779edcc292a49722"},"headline":"SE ATIENDE LA V\u00cdA CANUTO-LA RIVERA PARA SEGURIDAD DE LOS TRANSEUNTES","datePublished":"2021-06-08T14:19:19+00:00","dateModified":"2021-06-08T14:19:22+00:00","mainEntityOfPage":{"@id":"https:\/\/www.manabi.gob.ec\/index.php\/se-atiende-la-via-canuto-la-rivera-para-seguridad-de-los-transeuntes\/"},"wordCount":300,"image":{"@id":"https:\/\/www.manabi.gob.ec\/index.php\/se-atiende-la-via-canuto-la-rivera-para-seguridad-de-los-transeuntes\/#primaryimage"},"thumbnailUrl":"https:\/\/www.manabi.gob.ec\/wp-content\/uploads\/2021\/06\/Via-Canuto-La-Rivera-1.jpg","articleSection":["Chone","Noticias","Obra P\u00fablica","Todas","Vialidad"],"inLanguage":"es"},{"@type":"WebPage","@id":"https:\/\/www.manabi.gob.ec\/index.php\/se-atiende-la-via-canuto-la-rivera-para-seguridad-de-los-transeuntes\/","url":"https:\/\/www.manabi.gob.ec\/index.php\/se-atiende-la-via-canuto-la-rivera-para-seguridad-de-los-transeuntes\/","name":"SE ATIENDE LA V\u00cdA CANUTO-LA RIVERA PARA SEGURIDAD DE LOS TRANSEUNTES - Prefectura de Manab\u00ed","isPartOf":{"@id":"https:\/\/www.manabi.gob.ec\/#website"},"primaryImageOfPage":{"@id":"https:\/\/www.manabi.gob.ec\/index.php\/se-atiende-la-via-canuto-la-rivera-para-seguridad-de-los-transeuntes\/#primaryimage"},"image":{"@id":"https:\/\/www.manabi.gob.ec\/index.php\/se-atiende-la-via-canuto-la-rivera-para-seguridad-de-los-transeuntes\/#primaryimage"},"thumbnailUrl":"https:\/\/www.manabi.gob.ec\/wp-content\/uploads\/2021\/06\/Via-Canuto-La-Rivera-1.jpg","datePublished":"2021-06-08T14:19:19+00:00","dateModified":"2021-06-08T14:19:22+00:00","author":{"@id":"https:\/\/www.manabi.gob.ec\/#\/schema\/person\/cfc71bd68fe2703b779edcc292a49722"},"breadcrumb":{"@id":"https:\/\/www.manabi.gob.ec\/index.php\/se-atiende-la-via-canuto-la-rivera-para-seguridad-de-los-transeuntes\/#breadcrumb"},"inLanguage":"es","potentialAction":[{"@type":"ReadAction","target":["https:\/\/www.manabi.gob.ec\/index.php\/se-atiende-la-via-canuto-la-rivera-para-seguridad-de-los-transeuntes\/"]}]},{"@type":"ImageObject","inLanguage":"es","@id":"https:\/\/www.manabi.gob.ec\/index.php\/se-atiende-la-via-canuto-la-rivera-para-seguridad-de-los-transeuntes\/#primaryimage","url":"https:\/\/www.manabi.gob.ec\/wp-content\/uploads\/2021\/06\/Via-Canuto-La-Rivera-1.jpg","contentUrl":"https:\/\/www.manabi.gob.ec\/wp-content\/uploads\/2021\/06\/Via-Canuto-La-Rivera-1.jpg","width":1280,"height":720},{"@type":"BreadcrumbList","@id":"https:\/\/www.manabi.gob.ec\/index.php\/se-atiende-la-via-canuto-la-rivera-para-seguridad-de-los-transeuntes\/#breadcrumb","itemListElement":[{"@type":"ListItem","position":1,"name":"Portada","item":"https:\/\/www.manabi.gob.ec\/"},{"@type":"ListItem","position":2,"name":"SE ATIENDE LA V\u00cdA CANUTO-LA RIVERA PARA SEGURIDAD DE LOS TRANSEUNTES"}]},{"@type":"WebSite","@id":"https:\/\/www.manabi.gob.ec\/#website","url":"https:\/\/www.manabi.gob.ec\/","name":"Prefectura de Manab\u00ed","description":"P\u00e1gina web de la prefectura","potentialAction":[{"@type":"SearchAction","target":{"@type":"EntryPoint","urlTemplate":"https:\/\/www.manabi.gob.ec\/?s={search_term_string}"},"query-input":{"@type":"PropertyValueSpecification","valueRequired":true,"valueName":"search_term_string"}}],"inLanguage":"es"},{"@type":"Person","@id":"https:\/\/www.manabi.gob.ec\/#\/schema\/person\/cfc71bd68fe2703b779edcc292a49722","name":"admin","image":{"@type":"ImageObject","inLanguage":"es","@id":"https:\/\/secure.gravatar.com\/avatar\/23e9f919492b0a2f65aa168e0d8c5c867ea853b61deffbadf08c7031e15b8d78?s=96&d=mm&r=g","url":"https:\/\/secure.gravatar.com\/avatar\/23e9f919492b0a2f65aa168e0d8c5c867ea853b61deffbadf08c7031e15b8d78?s=96&d=mm&r=g","contentUrl":"https:\/\/secure.gravatar.com\/avatar\/23e9f919492b0a2f65aa168e0d8c5c867ea853b61deffbadf08c7031e15b8d78?s=96&d=mm&r=g","caption":"admin"},"sameAs":["http:\/\/www.manabi.gob.ec"],"url":"https:\/\/www.manabi.gob.ec\/index.php\/author\/admin\/"}]}},"jetpack_featured_media_url":"https:\/\/www.manabi.gob.ec\/wp-content\/uploads\/2021\/06\/Via-Canuto-La-Rivera-1.jpg","_links":{"self":[{"href":"https:\/\/www.manabi.gob.ec\/index.php\/wp-json\/wp\/v2\/posts\/17698","targetHints":{"allow":["GET"]}}],"collection":[{"href":"https:\/\/www.manabi.gob.ec\/index.php\/wp-json\/wp\/v2\/posts"}],"about":[{"href":"https:\/\/www.manabi.gob.ec\/index.php\/wp-json\/wp\/v2\/types\/post"}],"author":[{"embeddable":true,"href":"https:\/\/www.manabi.gob.ec\/index.php\/wp-json\/wp\/v2\/users\/1"}],"replies":[{"embeddable":true,"href":"https:\/\/www.manabi.gob.ec\/index.php\/wp-json\/wp\/v2\/comments?post=17698"}],"version-history":[{"count":0,"href":"https:\/\/www.manabi.gob.ec\/index.php\/wp-json\/wp\/v2\/posts\/17698\/revisions"}],"wp:featuredmedia":[{"embeddable":true,"href":"https:\/\/www.manabi.gob.ec\/index.php\/wp-json\/wp\/v2\/media\/17699"}],"wp:attachment":[{"href":"https:\/\/www.manabi.gob.ec\/index.php\/wp-json\/wp\/v2\/media?parent=17698"}],"wp:term":[{"taxonomy":"category","embeddable":true,"href":"https:\/\/www.manabi.gob.ec\/index.php\/wp-json\/wp\/v2\/categories?post=17698"},{"taxonomy":"post_tag","embeddable":true,"href":"https:\/\/www.manabi.gob.ec\/index.php\/wp-json\/wp\/v2\/tags?post=17698"}],"curies":[{"name":"wp","href":"https:\/\/api.w.org\/{rel}","templated":true}]}}