{"id":17764,"date":"2021-06-14T23:50:54","date_gmt":"2021-06-14T23:50:54","guid":{"rendered":"https:\/\/www.manabi.gob.ec\/?p=17764"},"modified":"2021-06-14T23:50:56","modified_gmt":"2021-06-14T23:50:56","slug":"una-noche-de-alegria-y-cultura-vivio-rocafuerte-en-el-mes-del-manabitismo","status":"publish","type":"post","link":"https:\/\/www.manabi.gob.ec\/index.php\/una-noche-de-alegria-y-cultura-vivio-rocafuerte-en-el-mes-del-manabitismo\/","title":{"rendered":"Una noche de alegr\u00eda y cultura vivi\u00f3 Rocafuerte en el Mes del Manabitismo"},"content":{"rendered":"\n<p>En el marco de las festividades por el Mes del Manabitismo, Rocafuerte vivi\u00f3 una noche llena de actividades&nbsp; art\u00edsticas y&nbsp; culturales, acto en el que estuvo el prefecto, Leonardo Orlando.&nbsp;<br>La actividad se desarroll\u00f3 con interpretaciones musicales, danza montubia manabita, en el parque Eloy Alfaro del cant\u00f3n, con la participaci\u00f3n del alcalde, Patricio Zambrano, concejales, presidentes barriales, reinas, ciudadan\u00eda, y familiares de tres reconocidos poetas que en este evento cultural denominado \u00abVersando una historia\u00bb, recibieron homenaje post &#8211; mortem.&nbsp;<br>&nbsp;Se proyectaron videos culturales sobre la vida de estos&nbsp; poetas El\u00edas Cede\u00f1o Jerves, nacido en 1902, autor del pasillo Manab\u00ed y el Himno de Rocafuerte ; Pedro Florentino Valdez, nacido en 1950, poeta innato que no sab\u00eda leer ni escribir ; y Francisco Romero Alb\u00e1n, nacido en 1942, fue poeta, periodista, escritor, coplero y declamador de versos improvisados.&nbsp;<br>El Prefecto entreg\u00f3 reconocimientos a los familiares de estos ilustres poetas, y resalt\u00f3 la val\u00eda de estos personajes en la historia cultural de Manab\u00ed y de este cant\u00f3n. \u00abRocafuerte guarda maravillosos hechos hist\u00f3ricos en la historia de nuestra provincia. Mi reconocimiento eterno para estos poetas, y que jam\u00e1s se pierda su legado\u00bb, dijo el Prefecto.&nbsp;<br>FIRMA DE CONVENIO&nbsp;En este acto cultural, se firm\u00f3 el convenio para la&nbsp;ejecuci\u00f3n del proyecto de pintura \u00abManab\u00ed te cuenta una historia\u00bb,&nbsp; que beneficiar\u00e1 a 30 ni\u00f1os, ni\u00f1as y adolescentes de Rocafuerte, con talleres de capacitaci\u00f3n, formaci\u00f3n y taller virtual y semipresencial de pintura.&nbsp;El&nbsp; plazo de ejecuci\u00f3n del proyecto ser\u00e1 de 3 meses (julio, agosto, septiembre) con una inversi\u00f3n de m\u00e1s de 6 mil d\u00f3lares. El Gobierno de Manab\u00ed aporta con el 70%, y el GAD cantonal de Rocafuerte el 30%.<\/p>\n","protected":false},"excerpt":{"rendered":"<p>En el marco de las festividades por el Mes del Manabitismo, Rocafuerte vivi\u00f3 una noche llena de actividades&nbsp; art\u00edsticas y&nbsp; culturales, acto en el que estuvo el prefecto, Leonardo Orlando.&nbsp;La actividad se desarroll\u00f3 con interpretaciones musicales, danza montubia manabita, en el parque Eloy Alfaro del cant\u00f3n, con la participaci\u00f3n del alcalde, Patricio Zambrano, concejales, presidentes [&hellip;]<\/p>\n","protected":false},"author":1,"featured_media":17765,"comment_status":"closed","ping_status":"open","sticky":false,"template":"","format":"standard","meta":{"_joinchat":[],"footnotes":""},"categories":[92,135,91,81],"tags":[],"class_list":["post-17764","post","type-post","status-publish","format-standard","has-post-thumbnail","hentry","category-noticias-manabi","category-rocafuerte","category-todas","category-turismo"],"yoast_head":"<!-- This site is optimized with the Yoast SEO plugin v27.4 - https:\/\/yoast.com\/product\/yoast-seo-wordpress\/ -->\n<title>Una noche de alegr\u00eda y cultura vivi\u00f3 Rocafuerte en el Mes del Manabitismo - Prefectura de Manab\u00ed<\/title>\n<meta name=\"robots\" content=\"index, follow, max-snippet:-1, max-image-preview:large, max-video-preview:-1\" \/>\n<link rel=\"canonical\" href=\"https:\/\/www.manabi.gob.ec\/index.php\/una-noche-de-alegria-y-cultura-vivio-rocafuerte-en-el-mes-del-manabitismo\/\" \/>\n<meta property=\"og:locale\" content=\"es_ES\" \/>\n<meta property=\"og:type\" content=\"article\" \/>\n<meta property=\"og:title\" content=\"Una noche de alegr\u00eda y cultura vivi\u00f3 Rocafuerte en el Mes del Manabitismo - Prefectura de Manab\u00ed\" \/>\n<meta property=\"og:description\" content=\"En el marco de las festividades por el Mes del Manabitismo, Rocafuerte vivi\u00f3 una noche llena de actividades&nbsp; art\u00edsticas y&nbsp; culturales, acto en el que estuvo el prefecto, Leonardo Orlando.&nbsp;La actividad se desarroll\u00f3 con interpretaciones musicales, danza montubia manabita, en el parque Eloy Alfaro del cant\u00f3n, con la participaci\u00f3n del alcalde, Patricio Zambrano, concejales, presidentes [&hellip;]\" \/>\n<meta property=\"og:url\" content=\"https:\/\/www.manabi.gob.ec\/index.php\/una-noche-de-alegria-y-cultura-vivio-rocafuerte-en-el-mes-del-manabitismo\/\" \/>\n<meta property=\"og:site_name\" content=\"Prefectura de Manab\u00ed\" \/>\n<meta property=\"article:published_time\" content=\"2021-06-14T23:50:54+00:00\" \/>\n<meta property=\"article:modified_time\" content=\"2021-06-14T23:50:56+00:00\" \/>\n<meta property=\"og:image\" content=\"https:\/\/www.manabi.gob.ec\/wp-content\/uploads\/2021\/06\/WhatsApp-Image-2021-06-11-at-10.15.32-PM.jpeg\" \/>\n\t<meta property=\"og:image:width\" content=\"1280\" \/>\n\t<meta property=\"og:image:height\" content=\"958\" \/>\n\t<meta property=\"og:image:type\" content=\"image\/jpeg\" \/>\n<meta name=\"author\" content=\"admin\" \/>\n<meta name=\"twitter:card\" content=\"summary_large_image\" \/>\n<meta name=\"twitter:label1\" content=\"Escrito por\" \/>\n\t<meta name=\"twitter:data1\" content=\"admin\" \/>\n\t<meta name=\"twitter:label2\" content=\"Tiempo de lectura\" \/>\n\t<meta name=\"twitter:data2\" content=\"2 minutos\" \/>\n<script type=\"application\/ld+json\" class=\"yoast-schema-graph\">{\"@context\":\"https:\\\/\\\/schema.org\",\"@graph\":[{\"@type\":\"Article\",\"@id\":\"https:\\\/\\\/www.manabi.gob.ec\\\/index.php\\\/una-noche-de-alegria-y-cultura-vivio-rocafuerte-en-el-mes-del-manabitismo\\\/#article\",\"isPartOf\":{\"@id\":\"https:\\\/\\\/www.manabi.gob.ec\\\/index.php\\\/una-noche-de-alegria-y-cultura-vivio-rocafuerte-en-el-mes-del-manabitismo\\\/\"},\"author\":{\"name\":\"admin\",\"@id\":\"https:\\\/\\\/www.manabi.gob.ec\\\/#\\\/schema\\\/person\\\/cfc71bd68fe2703b779edcc292a49722\"},\"headline\":\"Una noche de alegr\u00eda y cultura vivi\u00f3 Rocafuerte en el Mes del Manabitismo\",\"datePublished\":\"2021-06-14T23:50:54+00:00\",\"dateModified\":\"2021-06-14T23:50:56+00:00\",\"mainEntityOfPage\":{\"@id\":\"https:\\\/\\\/www.manabi.gob.ec\\\/index.php\\\/una-noche-de-alegria-y-cultura-vivio-rocafuerte-en-el-mes-del-manabitismo\\\/\"},\"wordCount\":313,\"image\":{\"@id\":\"https:\\\/\\\/www.manabi.gob.ec\\\/index.php\\\/una-noche-de-alegria-y-cultura-vivio-rocafuerte-en-el-mes-del-manabitismo\\\/#primaryimage\"},\"thumbnailUrl\":\"https:\\\/\\\/www.manabi.gob.ec\\\/wp-content\\\/uploads\\\/2021\\\/06\\\/WhatsApp-Image-2021-06-11-at-10.15.32-PM.jpeg\",\"articleSection\":[\"Noticias\",\"Rocafuerte\",\"Todas\",\"Turismo\"],\"inLanguage\":\"es\"},{\"@type\":\"WebPage\",\"@id\":\"https:\\\/\\\/www.manabi.gob.ec\\\/index.php\\\/una-noche-de-alegria-y-cultura-vivio-rocafuerte-en-el-mes-del-manabitismo\\\/\",\"url\":\"https:\\\/\\\/www.manabi.gob.ec\\\/index.php\\\/una-noche-de-alegria-y-cultura-vivio-rocafuerte-en-el-mes-del-manabitismo\\\/\",\"name\":\"Una noche de alegr\u00eda y cultura vivi\u00f3 Rocafuerte en el Mes del Manabitismo - Prefectura de Manab\u00ed\",\"isPartOf\":{\"@id\":\"https:\\\/\\\/www.manabi.gob.ec\\\/#website\"},\"primaryImageOfPage\":{\"@id\":\"https:\\\/\\\/www.manabi.gob.ec\\\/index.php\\\/una-noche-de-alegria-y-cultura-vivio-rocafuerte-en-el-mes-del-manabitismo\\\/#primaryimage\"},\"image\":{\"@id\":\"https:\\\/\\\/www.manabi.gob.ec\\\/index.php\\\/una-noche-de-alegria-y-cultura-vivio-rocafuerte-en-el-mes-del-manabitismo\\\/#primaryimage\"},\"thumbnailUrl\":\"https:\\\/\\\/www.manabi.gob.ec\\\/wp-content\\\/uploads\\\/2021\\\/06\\\/WhatsApp-Image-2021-06-11-at-10.15.32-PM.jpeg\",\"datePublished\":\"2021-06-14T23:50:54+00:00\",\"dateModified\":\"2021-06-14T23:50:56+00:00\",\"author\":{\"@id\":\"https:\\\/\\\/www.manabi.gob.ec\\\/#\\\/schema\\\/person\\\/cfc71bd68fe2703b779edcc292a49722\"},\"breadcrumb\":{\"@id\":\"https:\\\/\\\/www.manabi.gob.ec\\\/index.php\\\/una-noche-de-alegria-y-cultura-vivio-rocafuerte-en-el-mes-del-manabitismo\\\/#breadcrumb\"},\"inLanguage\":\"es\",\"potentialAction\":[{\"@type\":\"ReadAction\",\"target\":[\"https:\\\/\\\/www.manabi.gob.ec\\\/index.php\\\/una-noche-de-alegria-y-cultura-vivio-rocafuerte-en-el-mes-del-manabitismo\\\/\"]}]},{\"@type\":\"ImageObject\",\"inLanguage\":\"es\",\"@id\":\"https:\\\/\\\/www.manabi.gob.ec\\\/index.php\\\/una-noche-de-alegria-y-cultura-vivio-rocafuerte-en-el-mes-del-manabitismo\\\/#primaryimage\",\"url\":\"https:\\\/\\\/www.manabi.gob.ec\\\/wp-content\\\/uploads\\\/2021\\\/06\\\/WhatsApp-Image-2021-06-11-at-10.15.32-PM.jpeg\",\"contentUrl\":\"https:\\\/\\\/www.manabi.gob.ec\\\/wp-content\\\/uploads\\\/2021\\\/06\\\/WhatsApp-Image-2021-06-11-at-10.15.32-PM.jpeg\",\"width\":1280,\"height\":958},{\"@type\":\"BreadcrumbList\",\"@id\":\"https:\\\/\\\/www.manabi.gob.ec\\\/index.php\\\/una-noche-de-alegria-y-cultura-vivio-rocafuerte-en-el-mes-del-manabitismo\\\/#breadcrumb\",\"itemListElement\":[{\"@type\":\"ListItem\",\"position\":1,\"name\":\"Portada\",\"item\":\"https:\\\/\\\/www.manabi.gob.ec\\\/\"},{\"@type\":\"ListItem\",\"position\":2,\"name\":\"Una noche de alegr\u00eda y cultura vivi\u00f3 Rocafuerte en el Mes del Manabitismo\"}]},{\"@type\":\"WebSite\",\"@id\":\"https:\\\/\\\/www.manabi.gob.ec\\\/#website\",\"url\":\"https:\\\/\\\/www.manabi.gob.ec\\\/\",\"name\":\"Prefectura de Manab\u00ed\",\"description\":\"P\u00e1gina web de la prefectura\",\"potentialAction\":[{\"@type\":\"SearchAction\",\"target\":{\"@type\":\"EntryPoint\",\"urlTemplate\":\"https:\\\/\\\/www.manabi.gob.ec\\\/?s={search_term_string}\"},\"query-input\":{\"@type\":\"PropertyValueSpecification\",\"valueRequired\":true,\"valueName\":\"search_term_string\"}}],\"inLanguage\":\"es\"},{\"@type\":\"Person\",\"@id\":\"https:\\\/\\\/www.manabi.gob.ec\\\/#\\\/schema\\\/person\\\/cfc71bd68fe2703b779edcc292a49722\",\"name\":\"admin\",\"image\":{\"@type\":\"ImageObject\",\"inLanguage\":\"es\",\"@id\":\"https:\\\/\\\/secure.gravatar.com\\\/avatar\\\/23e9f919492b0a2f65aa168e0d8c5c867ea853b61deffbadf08c7031e15b8d78?s=96&d=mm&r=g\",\"url\":\"https:\\\/\\\/secure.gravatar.com\\\/avatar\\\/23e9f919492b0a2f65aa168e0d8c5c867ea853b61deffbadf08c7031e15b8d78?s=96&d=mm&r=g\",\"contentUrl\":\"https:\\\/\\\/secure.gravatar.com\\\/avatar\\\/23e9f919492b0a2f65aa168e0d8c5c867ea853b61deffbadf08c7031e15b8d78?s=96&d=mm&r=g\",\"caption\":\"admin\"},\"sameAs\":[\"http:\\\/\\\/www.manabi.gob.ec\"],\"url\":\"https:\\\/\\\/www.manabi.gob.ec\\\/index.php\\\/author\\\/admin\\\/\"}]}<\/script>\n<!-- \/ Yoast SEO plugin. -->","yoast_head_json":{"title":"Una noche de alegr\u00eda y cultura vivi\u00f3 Rocafuerte en el Mes del Manabitismo - Prefectura de Manab\u00ed","robots":{"index":"index","follow":"follow","max-snippet":"max-snippet:-1","max-image-preview":"max-image-preview:large","max-video-preview":"max-video-preview:-1"},"canonical":"https:\/\/www.manabi.gob.ec\/index.php\/una-noche-de-alegria-y-cultura-vivio-rocafuerte-en-el-mes-del-manabitismo\/","og_locale":"es_ES","og_type":"article","og_title":"Una noche de alegr\u00eda y cultura vivi\u00f3 Rocafuerte en el Mes del Manabitismo - Prefectura de Manab\u00ed","og_description":"En el marco de las festividades por el Mes del Manabitismo, Rocafuerte vivi\u00f3 una noche llena de actividades&nbsp; art\u00edsticas y&nbsp; culturales, acto en el que estuvo el prefecto, Leonardo Orlando.&nbsp;La actividad se desarroll\u00f3 con interpretaciones musicales, danza montubia manabita, en el parque Eloy Alfaro del cant\u00f3n, con la participaci\u00f3n del alcalde, Patricio Zambrano, concejales, presidentes [&hellip;]","og_url":"https:\/\/www.manabi.gob.ec\/index.php\/una-noche-de-alegria-y-cultura-vivio-rocafuerte-en-el-mes-del-manabitismo\/","og_site_name":"Prefectura de Manab\u00ed","article_published_time":"2021-06-14T23:50:54+00:00","article_modified_time":"2021-06-14T23:50:56+00:00","og_image":[{"width":1280,"height":958,"url":"https:\/\/www.manabi.gob.ec\/wp-content\/uploads\/2021\/06\/WhatsApp-Image-2021-06-11-at-10.15.32-PM.jpeg","type":"image\/jpeg"}],"author":"admin","twitter_card":"summary_large_image","twitter_misc":{"Escrito por":"admin","Tiempo de lectura":"2 minutos"},"schema":{"@context":"https:\/\/schema.org","@graph":[{"@type":"Article","@id":"https:\/\/www.manabi.gob.ec\/index.php\/una-noche-de-alegria-y-cultura-vivio-rocafuerte-en-el-mes-del-manabitismo\/#article","isPartOf":{"@id":"https:\/\/www.manabi.gob.ec\/index.php\/una-noche-de-alegria-y-cultura-vivio-rocafuerte-en-el-mes-del-manabitismo\/"},"author":{"name":"admin","@id":"https:\/\/www.manabi.gob.ec\/#\/schema\/person\/cfc71bd68fe2703b779edcc292a49722"},"headline":"Una noche de alegr\u00eda y cultura vivi\u00f3 Rocafuerte en el Mes del Manabitismo","datePublished":"2021-06-14T23:50:54+00:00","dateModified":"2021-06-14T23:50:56+00:00","mainEntityOfPage":{"@id":"https:\/\/www.manabi.gob.ec\/index.php\/una-noche-de-alegria-y-cultura-vivio-rocafuerte-en-el-mes-del-manabitismo\/"},"wordCount":313,"image":{"@id":"https:\/\/www.manabi.gob.ec\/index.php\/una-noche-de-alegria-y-cultura-vivio-rocafuerte-en-el-mes-del-manabitismo\/#primaryimage"},"thumbnailUrl":"https:\/\/www.manabi.gob.ec\/wp-content\/uploads\/2021\/06\/WhatsApp-Image-2021-06-11-at-10.15.32-PM.jpeg","articleSection":["Noticias","Rocafuerte","Todas","Turismo"],"inLanguage":"es"},{"@type":"WebPage","@id":"https:\/\/www.manabi.gob.ec\/index.php\/una-noche-de-alegria-y-cultura-vivio-rocafuerte-en-el-mes-del-manabitismo\/","url":"https:\/\/www.manabi.gob.ec\/index.php\/una-noche-de-alegria-y-cultura-vivio-rocafuerte-en-el-mes-del-manabitismo\/","name":"Una noche de alegr\u00eda y cultura vivi\u00f3 Rocafuerte en el Mes del Manabitismo - Prefectura de Manab\u00ed","isPartOf":{"@id":"https:\/\/www.manabi.gob.ec\/#website"},"primaryImageOfPage":{"@id":"https:\/\/www.manabi.gob.ec\/index.php\/una-noche-de-alegria-y-cultura-vivio-rocafuerte-en-el-mes-del-manabitismo\/#primaryimage"},"image":{"@id":"https:\/\/www.manabi.gob.ec\/index.php\/una-noche-de-alegria-y-cultura-vivio-rocafuerte-en-el-mes-del-manabitismo\/#primaryimage"},"thumbnailUrl":"https:\/\/www.manabi.gob.ec\/wp-content\/uploads\/2021\/06\/WhatsApp-Image-2021-06-11-at-10.15.32-PM.jpeg","datePublished":"2021-06-14T23:50:54+00:00","dateModified":"2021-06-14T23:50:56+00:00","author":{"@id":"https:\/\/www.manabi.gob.ec\/#\/schema\/person\/cfc71bd68fe2703b779edcc292a49722"},"breadcrumb":{"@id":"https:\/\/www.manabi.gob.ec\/index.php\/una-noche-de-alegria-y-cultura-vivio-rocafuerte-en-el-mes-del-manabitismo\/#breadcrumb"},"inLanguage":"es","potentialAction":[{"@type":"ReadAction","target":["https:\/\/www.manabi.gob.ec\/index.php\/una-noche-de-alegria-y-cultura-vivio-rocafuerte-en-el-mes-del-manabitismo\/"]}]},{"@type":"ImageObject","inLanguage":"es","@id":"https:\/\/www.manabi.gob.ec\/index.php\/una-noche-de-alegria-y-cultura-vivio-rocafuerte-en-el-mes-del-manabitismo\/#primaryimage","url":"https:\/\/www.manabi.gob.ec\/wp-content\/uploads\/2021\/06\/WhatsApp-Image-2021-06-11-at-10.15.32-PM.jpeg","contentUrl":"https:\/\/www.manabi.gob.ec\/wp-content\/uploads\/2021\/06\/WhatsApp-Image-2021-06-11-at-10.15.32-PM.jpeg","width":1280,"height":958},{"@type":"BreadcrumbList","@id":"https:\/\/www.manabi.gob.ec\/index.php\/una-noche-de-alegria-y-cultura-vivio-rocafuerte-en-el-mes-del-manabitismo\/#breadcrumb","itemListElement":[{"@type":"ListItem","position":1,"name":"Portada","item":"https:\/\/www.manabi.gob.ec\/"},{"@type":"ListItem","position":2,"name":"Una noche de alegr\u00eda y cultura vivi\u00f3 Rocafuerte en el Mes del Manabitismo"}]},{"@type":"WebSite","@id":"https:\/\/www.manabi.gob.ec\/#website","url":"https:\/\/www.manabi.gob.ec\/","name":"Prefectura de Manab\u00ed","description":"P\u00e1gina web de la prefectura","potentialAction":[{"@type":"SearchAction","target":{"@type":"EntryPoint","urlTemplate":"https:\/\/www.manabi.gob.ec\/?s={search_term_string}"},"query-input":{"@type":"PropertyValueSpecification","valueRequired":true,"valueName":"search_term_string"}}],"inLanguage":"es"},{"@type":"Person","@id":"https:\/\/www.manabi.gob.ec\/#\/schema\/person\/cfc71bd68fe2703b779edcc292a49722","name":"admin","image":{"@type":"ImageObject","inLanguage":"es","@id":"https:\/\/secure.gravatar.com\/avatar\/23e9f919492b0a2f65aa168e0d8c5c867ea853b61deffbadf08c7031e15b8d78?s=96&d=mm&r=g","url":"https:\/\/secure.gravatar.com\/avatar\/23e9f919492b0a2f65aa168e0d8c5c867ea853b61deffbadf08c7031e15b8d78?s=96&d=mm&r=g","contentUrl":"https:\/\/secure.gravatar.com\/avatar\/23e9f919492b0a2f65aa168e0d8c5c867ea853b61deffbadf08c7031e15b8d78?s=96&d=mm&r=g","caption":"admin"},"sameAs":["http:\/\/www.manabi.gob.ec"],"url":"https:\/\/www.manabi.gob.ec\/index.php\/author\/admin\/"}]}},"jetpack_featured_media_url":"https:\/\/www.manabi.gob.ec\/wp-content\/uploads\/2021\/06\/WhatsApp-Image-2021-06-11-at-10.15.32-PM.jpeg","_links":{"self":[{"href":"https:\/\/www.manabi.gob.ec\/index.php\/wp-json\/wp\/v2\/posts\/17764","targetHints":{"allow":["GET"]}}],"collection":[{"href":"https:\/\/www.manabi.gob.ec\/index.php\/wp-json\/wp\/v2\/posts"}],"about":[{"href":"https:\/\/www.manabi.gob.ec\/index.php\/wp-json\/wp\/v2\/types\/post"}],"author":[{"embeddable":true,"href":"https:\/\/www.manabi.gob.ec\/index.php\/wp-json\/wp\/v2\/users\/1"}],"replies":[{"embeddable":true,"href":"https:\/\/www.manabi.gob.ec\/index.php\/wp-json\/wp\/v2\/comments?post=17764"}],"version-history":[{"count":0,"href":"https:\/\/www.manabi.gob.ec\/index.php\/wp-json\/wp\/v2\/posts\/17764\/revisions"}],"wp:featuredmedia":[{"embeddable":true,"href":"https:\/\/www.manabi.gob.ec\/index.php\/wp-json\/wp\/v2\/media\/17765"}],"wp:attachment":[{"href":"https:\/\/www.manabi.gob.ec\/index.php\/wp-json\/wp\/v2\/media?parent=17764"}],"wp:term":[{"taxonomy":"category","embeddable":true,"href":"https:\/\/www.manabi.gob.ec\/index.php\/wp-json\/wp\/v2\/categories?post=17764"},{"taxonomy":"post_tag","embeddable":true,"href":"https:\/\/www.manabi.gob.ec\/index.php\/wp-json\/wp\/v2\/tags?post=17764"}],"curies":[{"name":"wp","href":"https:\/\/api.w.org\/{rel}","templated":true}]}}