{"id":17838,"date":"2021-06-20T14:41:24","date_gmt":"2021-06-20T14:41:24","guid":{"rendered":"https:\/\/www.manabi.gob.ec\/?p=17838"},"modified":"2021-06-20T14:41:27","modified_gmt":"2021-06-20T14:41:27","slug":"seguimos-asistiendo-en-domicilio-a-grupos-prioritarios","status":"publish","type":"post","link":"https:\/\/www.manabi.gob.ec\/index.php\/seguimos-asistiendo-en-domicilio-a-grupos-prioritarios\/","title":{"rendered":"Seguimos asistiendo en domicilio a grupos prioritarios"},"content":{"rendered":"\n<p>Con brigadas de salud comunitarias, el Gobierno de Manab\u00ed contin\u00faa asistiendo en domicilio a familias vulnerables de sectores urbanos y rurales de toda la provincia, con asistencia m\u00e9dica y detecci\u00f3n de COVID-19.<br>Este mi\u00e9rcoles 16 de junio, se realizaron visitas puerta a puerta en la ciudadela Bellavista del cant\u00f3n Portoviejo. Los m\u00e9dicos evaluaron a ni\u00f1os, adultos mayores y personas con discapacidad.<br>Gemita Vera Loor, de 28 a\u00f1os de edad,&nbsp; con problemas de par\u00e1lisis cerebral, recibi\u00f3 una dosis de fl\u00faor sobre sus dientes para evitar la aparici\u00f3n de caries. Su madre Dalinda Loor, de 65 a\u00f1os de edad agradeci\u00f3 la visita de los m\u00e9dicos.&nbsp;<br>\u00abPara mi esto es algo muy bueno porque se me dificulta llevarla a un centro de salud en estos tiempos de pandemia y ella por su condici\u00f3n necesita atenci\u00f3n m\u00e9dica\u00bb, dijo la madre y adulta mayor.&nbsp;<br>En esta jornada de atenci\u00f3n domiciliaria participaron 2 brigadas que estuvieron conformadas por 3 odont\u00f3logos y 2 m\u00e9dicos de medicina general, que&nbsp; identificaron casos especiales de grupos prioritarios y&nbsp; entregaron medicaci\u00f3n en casos que ameritaban, y hasta realizaron pruebas r\u00e1pidas de COVID-19 a personas que ten\u00edan s\u00edntomas con m\u00e1s de 10 d\u00edas.&nbsp;<br>Yahaira Bazurto, m\u00e9dico y responsable de esta brigadas domiciliaria, dijo que como m\u00e9dicos tambi\u00e9n dan recomendaciones para que las personas sigan cuid\u00e1ndose del COVID-19. \u00abNuestro deber como profesionales de la salud es asistir a las personas que por temor no quieren ir a una casa de salud. Si detectamos casos hacemos cercos epidemiol\u00f3gicos\u00bb, mencion\u00f3 la doctora.<\/p>\n","protected":false},"excerpt":{"rendered":"<p>Con brigadas de salud comunitarias, el Gobierno de Manab\u00ed contin\u00faa asistiendo en domicilio a familias vulnerables de sectores urbanos y rurales de toda la provincia, con asistencia m\u00e9dica y detecci\u00f3n de COVID-19.<\/p>\n","protected":false},"author":1,"featured_media":17839,"comment_status":"closed","ping_status":"open","sticky":false,"template":"","format":"standard","meta":{"_joinchat":[],"footnotes":""},"categories":[142,92,132,72,91],"tags":[],"class_list":["post-17838","post","type-post","status-publish","format-standard","has-post-thumbnail","hentry","category-desarrollo-social","category-noticias-manabi","category-portoviejo","category-salud","category-todas"],"yoast_head":"<!-- This site is optimized with the Yoast SEO plugin v27.4 - https:\/\/yoast.com\/product\/yoast-seo-wordpress\/ -->\n<title>Seguimos asistiendo en domicilio a grupos prioritarios<\/title>\n<meta name=\"description\" content=\"Con brigadas de salud comunitarias, el Gobierno de Manab\u00ed contin\u00faa asistiendo en domicilio a familias vulnerables de sectores urbanos y rurales de toda la provincia, con asistencia m\u00e9dica y detecci\u00f3n de COVID-19.Este mi\u00e9rcoles 16 de junio, se realizaron visitas puerta a puerta en la ciudadela Bellavista del cant\u00f3n Portoviejo. Los m\u00e9dicos evaluaron a ni\u00f1os, adultos mayores y personas con discapacidad.Gemita Vera Loor, de 28 a\u00f1os de edad, con problemas de par\u00e1lisis cerebral, recibi\u00f3 una dosis de fl\u00faor sobre sus dientes para evitar la aparici\u00f3n de caries. Su madre Dalinda Loor, de 65 a\u00f1os de edad agradeci\u00f3 la visita de los m\u00e9dicos. &quot;Para mi esto es algo muy bueno porque se me dificulta llevarla a un centro de salud en estos tiempos de pandemia y ella por su condici\u00f3n necesita atenci\u00f3n m\u00e9dica&quot;, dijo la madre y adulta mayor. En esta jornada de atenci\u00f3n domiciliaria participaron 2 brigadas que estuvieron conformadas por 3 odont\u00f3logos y 2 m\u00e9dicos de medicina general, que identificaron casos especiales de grupos prioritarios y entregaron medicaci\u00f3n en casos que ameritaban, y hasta realizaron pruebas r\u00e1pidas de COVID-19 a personas que ten\u00edan s\u00edntomas con m\u00e1s de 10 d\u00edas. Yahaira Bazurto, m\u00e9dico y responsable de esta brigadas domiciliaria, dijo que como m\u00e9dicos tambi\u00e9n dan recomendaciones para que las personas sigan cuid\u00e1ndose del COVID-19. &quot;Nuestro deber como profesionales de la salud es asistir a las personas que por temor no quieren ir a una casa de salud. Si detectamos casos hacemos cercos epidemiol\u00f3gicos&quot;, mencion\u00f3 la doctora.\" \/>\n<meta name=\"robots\" content=\"index, follow, max-snippet:-1, max-image-preview:large, max-video-preview:-1\" \/>\n<link rel=\"canonical\" href=\"https:\/\/www.manabi.gob.ec\/index.php\/seguimos-asistiendo-en-domicilio-a-grupos-prioritarios\/\" \/>\n<meta property=\"og:locale\" content=\"es_ES\" \/>\n<meta property=\"og:type\" content=\"article\" \/>\n<meta property=\"og:title\" content=\"Seguimos asistiendo en domicilio a grupos prioritarios\" \/>\n<meta property=\"og:description\" content=\"Con brigadas de salud comunitarias, el Gobierno de Manab\u00ed contin\u00faa asistiendo en domicilio a familias vulnerables de sectores urbanos y rurales de toda la provincia, con asistencia m\u00e9dica y detecci\u00f3n de COVID-19.Este mi\u00e9rcoles 16 de junio, se realizaron visitas puerta a puerta en la ciudadela Bellavista del cant\u00f3n Portoviejo. Los m\u00e9dicos evaluaron a ni\u00f1os, adultos mayores y personas con discapacidad.Gemita Vera Loor, de 28 a\u00f1os de edad, con problemas de par\u00e1lisis cerebral, recibi\u00f3 una dosis de fl\u00faor sobre sus dientes para evitar la aparici\u00f3n de caries. Su madre Dalinda Loor, de 65 a\u00f1os de edad agradeci\u00f3 la visita de los m\u00e9dicos. &quot;Para mi esto es algo muy bueno porque se me dificulta llevarla a un centro de salud en estos tiempos de pandemia y ella por su condici\u00f3n necesita atenci\u00f3n m\u00e9dica&quot;, dijo la madre y adulta mayor. En esta jornada de atenci\u00f3n domiciliaria participaron 2 brigadas que estuvieron conformadas por 3 odont\u00f3logos y 2 m\u00e9dicos de medicina general, que identificaron casos especiales de grupos prioritarios y entregaron medicaci\u00f3n en casos que ameritaban, y hasta realizaron pruebas r\u00e1pidas de COVID-19 a personas que ten\u00edan s\u00edntomas con m\u00e1s de 10 d\u00edas. Yahaira Bazurto, m\u00e9dico y responsable de esta brigadas domiciliaria, dijo que como m\u00e9dicos tambi\u00e9n dan recomendaciones para que las personas sigan cuid\u00e1ndose del COVID-19. &quot;Nuestro deber como profesionales de la salud es asistir a las personas que por temor no quieren ir a una casa de salud. Si detectamos casos hacemos cercos epidemiol\u00f3gicos&quot;, mencion\u00f3 la doctora.\" \/>\n<meta property=\"og:url\" content=\"https:\/\/www.manabi.gob.ec\/index.php\/seguimos-asistiendo-en-domicilio-a-grupos-prioritarios\/\" \/>\n<meta property=\"og:site_name\" content=\"Prefectura de Manab\u00ed\" \/>\n<meta property=\"article:published_time\" content=\"2021-06-20T14:41:24+00:00\" \/>\n<meta property=\"article:modified_time\" content=\"2021-06-20T14:41:27+00:00\" \/>\n<meta property=\"og:image\" content=\"https:\/\/www.manabi.gob.ec\/wp-content\/uploads\/2021\/06\/E4Ft_4jVkAsgOIx.jpg\" \/>\n\t<meta property=\"og:image:width\" content=\"1280\" \/>\n\t<meta property=\"og:image:height\" content=\"854\" \/>\n\t<meta property=\"og:image:type\" content=\"image\/jpeg\" \/>\n<meta name=\"author\" content=\"admin\" \/>\n<meta name=\"twitter:card\" content=\"summary_large_image\" \/>\n<meta name=\"twitter:label1\" content=\"Escrito por\" \/>\n\t<meta name=\"twitter:data1\" content=\"admin\" \/>\n\t<meta name=\"twitter:label2\" content=\"Tiempo de lectura\" \/>\n\t<meta name=\"twitter:data2\" content=\"2 minutos\" \/>\n<script type=\"application\/ld+json\" class=\"yoast-schema-graph\">{\"@context\":\"https:\\\/\\\/schema.org\",\"@graph\":[{\"@type\":\"Article\",\"@id\":\"https:\\\/\\\/www.manabi.gob.ec\\\/index.php\\\/seguimos-asistiendo-en-domicilio-a-grupos-prioritarios\\\/#article\",\"isPartOf\":{\"@id\":\"https:\\\/\\\/www.manabi.gob.ec\\\/index.php\\\/seguimos-asistiendo-en-domicilio-a-grupos-prioritarios\\\/\"},\"author\":{\"name\":\"admin\",\"@id\":\"https:\\\/\\\/www.manabi.gob.ec\\\/#\\\/schema\\\/person\\\/cfc71bd68fe2703b779edcc292a49722\"},\"headline\":\"Seguimos asistiendo en domicilio a grupos prioritarios\",\"datePublished\":\"2021-06-20T14:41:24+00:00\",\"dateModified\":\"2021-06-20T14:41:27+00:00\",\"mainEntityOfPage\":{\"@id\":\"https:\\\/\\\/www.manabi.gob.ec\\\/index.php\\\/seguimos-asistiendo-en-domicilio-a-grupos-prioritarios\\\/\"},\"wordCount\":283,\"image\":{\"@id\":\"https:\\\/\\\/www.manabi.gob.ec\\\/index.php\\\/seguimos-asistiendo-en-domicilio-a-grupos-prioritarios\\\/#primaryimage\"},\"thumbnailUrl\":\"https:\\\/\\\/www.manabi.gob.ec\\\/wp-content\\\/uploads\\\/2021\\\/06\\\/E4Ft_4jVkAsgOIx.jpg\",\"articleSection\":[\"Desarrollo Social\",\"Noticias\",\"Portoviejo\",\"salud\",\"Todas\"],\"inLanguage\":\"es\"},{\"@type\":\"WebPage\",\"@id\":\"https:\\\/\\\/www.manabi.gob.ec\\\/index.php\\\/seguimos-asistiendo-en-domicilio-a-grupos-prioritarios\\\/\",\"url\":\"https:\\\/\\\/www.manabi.gob.ec\\\/index.php\\\/seguimos-asistiendo-en-domicilio-a-grupos-prioritarios\\\/\",\"name\":\"Seguimos asistiendo en domicilio a grupos prioritarios\",\"isPartOf\":{\"@id\":\"https:\\\/\\\/www.manabi.gob.ec\\\/#website\"},\"primaryImageOfPage\":{\"@id\":\"https:\\\/\\\/www.manabi.gob.ec\\\/index.php\\\/seguimos-asistiendo-en-domicilio-a-grupos-prioritarios\\\/#primaryimage\"},\"image\":{\"@id\":\"https:\\\/\\\/www.manabi.gob.ec\\\/index.php\\\/seguimos-asistiendo-en-domicilio-a-grupos-prioritarios\\\/#primaryimage\"},\"thumbnailUrl\":\"https:\\\/\\\/www.manabi.gob.ec\\\/wp-content\\\/uploads\\\/2021\\\/06\\\/E4Ft_4jVkAsgOIx.jpg\",\"datePublished\":\"2021-06-20T14:41:24+00:00\",\"dateModified\":\"2021-06-20T14:41:27+00:00\",\"author\":{\"@id\":\"https:\\\/\\\/www.manabi.gob.ec\\\/#\\\/schema\\\/person\\\/cfc71bd68fe2703b779edcc292a49722\"},\"description\":\"Con brigadas de salud comunitarias, el Gobierno de Manab\u00ed contin\u00faa asistiendo en domicilio a familias vulnerables de sectores urbanos y rurales de toda la provincia, con asistencia m\u00e9dica y detecci\u00f3n de COVID-19.Este mi\u00e9rcoles 16 de junio, se realizaron visitas puerta a puerta en la ciudadela Bellavista del cant\u00f3n Portoviejo. Los m\u00e9dicos evaluaron a ni\u00f1os, adultos mayores y personas con discapacidad.Gemita Vera Loor, de 28 a\u00f1os de edad, con problemas de par\u00e1lisis cerebral, recibi\u00f3 una dosis de fl\u00faor sobre sus dientes para evitar la aparici\u00f3n de caries. Su madre Dalinda Loor, de 65 a\u00f1os de edad agradeci\u00f3 la visita de los m\u00e9dicos. \\\"Para mi esto es algo muy bueno porque se me dificulta llevarla a un centro de salud en estos tiempos de pandemia y ella por su condici\u00f3n necesita atenci\u00f3n m\u00e9dica\\\", dijo la madre y adulta mayor. En esta jornada de atenci\u00f3n domiciliaria participaron 2 brigadas que estuvieron conformadas por 3 odont\u00f3logos y 2 m\u00e9dicos de medicina general, que identificaron casos especiales de grupos prioritarios y entregaron medicaci\u00f3n en casos que ameritaban, y hasta realizaron pruebas r\u00e1pidas de COVID-19 a personas que ten\u00edan s\u00edntomas con m\u00e1s de 10 d\u00edas. Yahaira Bazurto, m\u00e9dico y responsable de esta brigadas domiciliaria, dijo que como m\u00e9dicos tambi\u00e9n dan recomendaciones para que las personas sigan cuid\u00e1ndose del COVID-19. \\\"Nuestro deber como profesionales de la salud es asistir a las personas que por temor no quieren ir a una casa de salud. Si detectamos casos hacemos cercos epidemiol\u00f3gicos\\\", mencion\u00f3 la doctora.\",\"breadcrumb\":{\"@id\":\"https:\\\/\\\/www.manabi.gob.ec\\\/index.php\\\/seguimos-asistiendo-en-domicilio-a-grupos-prioritarios\\\/#breadcrumb\"},\"inLanguage\":\"es\",\"potentialAction\":[{\"@type\":\"ReadAction\",\"target\":[\"https:\\\/\\\/www.manabi.gob.ec\\\/index.php\\\/seguimos-asistiendo-en-domicilio-a-grupos-prioritarios\\\/\"]}]},{\"@type\":\"ImageObject\",\"inLanguage\":\"es\",\"@id\":\"https:\\\/\\\/www.manabi.gob.ec\\\/index.php\\\/seguimos-asistiendo-en-domicilio-a-grupos-prioritarios\\\/#primaryimage\",\"url\":\"https:\\\/\\\/www.manabi.gob.ec\\\/wp-content\\\/uploads\\\/2021\\\/06\\\/E4Ft_4jVkAsgOIx.jpg\",\"contentUrl\":\"https:\\\/\\\/www.manabi.gob.ec\\\/wp-content\\\/uploads\\\/2021\\\/06\\\/E4Ft_4jVkAsgOIx.jpg\",\"width\":1280,\"height\":854},{\"@type\":\"BreadcrumbList\",\"@id\":\"https:\\\/\\\/www.manabi.gob.ec\\\/index.php\\\/seguimos-asistiendo-en-domicilio-a-grupos-prioritarios\\\/#breadcrumb\",\"itemListElement\":[{\"@type\":\"ListItem\",\"position\":1,\"name\":\"Portada\",\"item\":\"https:\\\/\\\/www.manabi.gob.ec\\\/\"},{\"@type\":\"ListItem\",\"position\":2,\"name\":\"Seguimos asistiendo en domicilio a grupos prioritarios\"}]},{\"@type\":\"WebSite\",\"@id\":\"https:\\\/\\\/www.manabi.gob.ec\\\/#website\",\"url\":\"https:\\\/\\\/www.manabi.gob.ec\\\/\",\"name\":\"Prefectura de Manab\u00ed\",\"description\":\"P\u00e1gina web de la prefectura\",\"potentialAction\":[{\"@type\":\"SearchAction\",\"target\":{\"@type\":\"EntryPoint\",\"urlTemplate\":\"https:\\\/\\\/www.manabi.gob.ec\\\/?s={search_term_string}\"},\"query-input\":{\"@type\":\"PropertyValueSpecification\",\"valueRequired\":true,\"valueName\":\"search_term_string\"}}],\"inLanguage\":\"es\"},{\"@type\":\"Person\",\"@id\":\"https:\\\/\\\/www.manabi.gob.ec\\\/#\\\/schema\\\/person\\\/cfc71bd68fe2703b779edcc292a49722\",\"name\":\"admin\",\"image\":{\"@type\":\"ImageObject\",\"inLanguage\":\"es\",\"@id\":\"https:\\\/\\\/secure.gravatar.com\\\/avatar\\\/23e9f919492b0a2f65aa168e0d8c5c867ea853b61deffbadf08c7031e15b8d78?s=96&d=mm&r=g\",\"url\":\"https:\\\/\\\/secure.gravatar.com\\\/avatar\\\/23e9f919492b0a2f65aa168e0d8c5c867ea853b61deffbadf08c7031e15b8d78?s=96&d=mm&r=g\",\"contentUrl\":\"https:\\\/\\\/secure.gravatar.com\\\/avatar\\\/23e9f919492b0a2f65aa168e0d8c5c867ea853b61deffbadf08c7031e15b8d78?s=96&d=mm&r=g\",\"caption\":\"admin\"},\"sameAs\":[\"http:\\\/\\\/www.manabi.gob.ec\"],\"url\":\"https:\\\/\\\/www.manabi.gob.ec\\\/index.php\\\/author\\\/admin\\\/\"}]}<\/script>\n<!-- \/ Yoast SEO plugin. -->","yoast_head_json":{"title":"Seguimos asistiendo en domicilio a grupos prioritarios","description":"Con brigadas de salud comunitarias, el Gobierno de Manab\u00ed contin\u00faa asistiendo en domicilio a familias vulnerables de sectores urbanos y rurales de toda la provincia, con asistencia m\u00e9dica y detecci\u00f3n de COVID-19.Este mi\u00e9rcoles 16 de junio, se realizaron visitas puerta a puerta en la ciudadela Bellavista del cant\u00f3n Portoviejo. Los m\u00e9dicos evaluaron a ni\u00f1os, adultos mayores y personas con discapacidad.Gemita Vera Loor, de 28 a\u00f1os de edad, con problemas de par\u00e1lisis cerebral, recibi\u00f3 una dosis de fl\u00faor sobre sus dientes para evitar la aparici\u00f3n de caries. Su madre Dalinda Loor, de 65 a\u00f1os de edad agradeci\u00f3 la visita de los m\u00e9dicos. \"Para mi esto es algo muy bueno porque se me dificulta llevarla a un centro de salud en estos tiempos de pandemia y ella por su condici\u00f3n necesita atenci\u00f3n m\u00e9dica\", dijo la madre y adulta mayor. En esta jornada de atenci\u00f3n domiciliaria participaron 2 brigadas que estuvieron conformadas por 3 odont\u00f3logos y 2 m\u00e9dicos de medicina general, que identificaron casos especiales de grupos prioritarios y entregaron medicaci\u00f3n en casos que ameritaban, y hasta realizaron pruebas r\u00e1pidas de COVID-19 a personas que ten\u00edan s\u00edntomas con m\u00e1s de 10 d\u00edas. Yahaira Bazurto, m\u00e9dico y responsable de esta brigadas domiciliaria, dijo que como m\u00e9dicos tambi\u00e9n dan recomendaciones para que las personas sigan cuid\u00e1ndose del COVID-19. \"Nuestro deber como profesionales de la salud es asistir a las personas que por temor no quieren ir a una casa de salud. Si detectamos casos hacemos cercos epidemiol\u00f3gicos\", mencion\u00f3 la doctora.","robots":{"index":"index","follow":"follow","max-snippet":"max-snippet:-1","max-image-preview":"max-image-preview:large","max-video-preview":"max-video-preview:-1"},"canonical":"https:\/\/www.manabi.gob.ec\/index.php\/seguimos-asistiendo-en-domicilio-a-grupos-prioritarios\/","og_locale":"es_ES","og_type":"article","og_title":"Seguimos asistiendo en domicilio a grupos prioritarios","og_description":"Con brigadas de salud comunitarias, el Gobierno de Manab\u00ed contin\u00faa asistiendo en domicilio a familias vulnerables de sectores urbanos y rurales de toda la provincia, con asistencia m\u00e9dica y detecci\u00f3n de COVID-19.Este mi\u00e9rcoles 16 de junio, se realizaron visitas puerta a puerta en la ciudadela Bellavista del cant\u00f3n Portoviejo. Los m\u00e9dicos evaluaron a ni\u00f1os, adultos mayores y personas con discapacidad.Gemita Vera Loor, de 28 a\u00f1os de edad, con problemas de par\u00e1lisis cerebral, recibi\u00f3 una dosis de fl\u00faor sobre sus dientes para evitar la aparici\u00f3n de caries. Su madre Dalinda Loor, de 65 a\u00f1os de edad agradeci\u00f3 la visita de los m\u00e9dicos. \"Para mi esto es algo muy bueno porque se me dificulta llevarla a un centro de salud en estos tiempos de pandemia y ella por su condici\u00f3n necesita atenci\u00f3n m\u00e9dica\", dijo la madre y adulta mayor. En esta jornada de atenci\u00f3n domiciliaria participaron 2 brigadas que estuvieron conformadas por 3 odont\u00f3logos y 2 m\u00e9dicos de medicina general, que identificaron casos especiales de grupos prioritarios y entregaron medicaci\u00f3n en casos que ameritaban, y hasta realizaron pruebas r\u00e1pidas de COVID-19 a personas que ten\u00edan s\u00edntomas con m\u00e1s de 10 d\u00edas. Yahaira Bazurto, m\u00e9dico y responsable de esta brigadas domiciliaria, dijo que como m\u00e9dicos tambi\u00e9n dan recomendaciones para que las personas sigan cuid\u00e1ndose del COVID-19. \"Nuestro deber como profesionales de la salud es asistir a las personas que por temor no quieren ir a una casa de salud. Si detectamos casos hacemos cercos epidemiol\u00f3gicos\", mencion\u00f3 la doctora.","og_url":"https:\/\/www.manabi.gob.ec\/index.php\/seguimos-asistiendo-en-domicilio-a-grupos-prioritarios\/","og_site_name":"Prefectura de Manab\u00ed","article_published_time":"2021-06-20T14:41:24+00:00","article_modified_time":"2021-06-20T14:41:27+00:00","og_image":[{"width":1280,"height":854,"url":"https:\/\/www.manabi.gob.ec\/wp-content\/uploads\/2021\/06\/E4Ft_4jVkAsgOIx.jpg","type":"image\/jpeg"}],"author":"admin","twitter_card":"summary_large_image","twitter_misc":{"Escrito por":"admin","Tiempo de lectura":"2 minutos"},"schema":{"@context":"https:\/\/schema.org","@graph":[{"@type":"Article","@id":"https:\/\/www.manabi.gob.ec\/index.php\/seguimos-asistiendo-en-domicilio-a-grupos-prioritarios\/#article","isPartOf":{"@id":"https:\/\/www.manabi.gob.ec\/index.php\/seguimos-asistiendo-en-domicilio-a-grupos-prioritarios\/"},"author":{"name":"admin","@id":"https:\/\/www.manabi.gob.ec\/#\/schema\/person\/cfc71bd68fe2703b779edcc292a49722"},"headline":"Seguimos asistiendo en domicilio a grupos prioritarios","datePublished":"2021-06-20T14:41:24+00:00","dateModified":"2021-06-20T14:41:27+00:00","mainEntityOfPage":{"@id":"https:\/\/www.manabi.gob.ec\/index.php\/seguimos-asistiendo-en-domicilio-a-grupos-prioritarios\/"},"wordCount":283,"image":{"@id":"https:\/\/www.manabi.gob.ec\/index.php\/seguimos-asistiendo-en-domicilio-a-grupos-prioritarios\/#primaryimage"},"thumbnailUrl":"https:\/\/www.manabi.gob.ec\/wp-content\/uploads\/2021\/06\/E4Ft_4jVkAsgOIx.jpg","articleSection":["Desarrollo Social","Noticias","Portoviejo","salud","Todas"],"inLanguage":"es"},{"@type":"WebPage","@id":"https:\/\/www.manabi.gob.ec\/index.php\/seguimos-asistiendo-en-domicilio-a-grupos-prioritarios\/","url":"https:\/\/www.manabi.gob.ec\/index.php\/seguimos-asistiendo-en-domicilio-a-grupos-prioritarios\/","name":"Seguimos asistiendo en domicilio a grupos prioritarios","isPartOf":{"@id":"https:\/\/www.manabi.gob.ec\/#website"},"primaryImageOfPage":{"@id":"https:\/\/www.manabi.gob.ec\/index.php\/seguimos-asistiendo-en-domicilio-a-grupos-prioritarios\/#primaryimage"},"image":{"@id":"https:\/\/www.manabi.gob.ec\/index.php\/seguimos-asistiendo-en-domicilio-a-grupos-prioritarios\/#primaryimage"},"thumbnailUrl":"https:\/\/www.manabi.gob.ec\/wp-content\/uploads\/2021\/06\/E4Ft_4jVkAsgOIx.jpg","datePublished":"2021-06-20T14:41:24+00:00","dateModified":"2021-06-20T14:41:27+00:00","author":{"@id":"https:\/\/www.manabi.gob.ec\/#\/schema\/person\/cfc71bd68fe2703b779edcc292a49722"},"description":"Con brigadas de salud comunitarias, el Gobierno de Manab\u00ed contin\u00faa asistiendo en domicilio a familias vulnerables de sectores urbanos y rurales de toda la provincia, con asistencia m\u00e9dica y detecci\u00f3n de COVID-19.Este mi\u00e9rcoles 16 de junio, se realizaron visitas puerta a puerta en la ciudadela Bellavista del cant\u00f3n Portoviejo. Los m\u00e9dicos evaluaron a ni\u00f1os, adultos mayores y personas con discapacidad.Gemita Vera Loor, de 28 a\u00f1os de edad, con problemas de par\u00e1lisis cerebral, recibi\u00f3 una dosis de fl\u00faor sobre sus dientes para evitar la aparici\u00f3n de caries. Su madre Dalinda Loor, de 65 a\u00f1os de edad agradeci\u00f3 la visita de los m\u00e9dicos. \"Para mi esto es algo muy bueno porque se me dificulta llevarla a un centro de salud en estos tiempos de pandemia y ella por su condici\u00f3n necesita atenci\u00f3n m\u00e9dica\", dijo la madre y adulta mayor. En esta jornada de atenci\u00f3n domiciliaria participaron 2 brigadas que estuvieron conformadas por 3 odont\u00f3logos y 2 m\u00e9dicos de medicina general, que identificaron casos especiales de grupos prioritarios y entregaron medicaci\u00f3n en casos que ameritaban, y hasta realizaron pruebas r\u00e1pidas de COVID-19 a personas que ten\u00edan s\u00edntomas con m\u00e1s de 10 d\u00edas. Yahaira Bazurto, m\u00e9dico y responsable de esta brigadas domiciliaria, dijo que como m\u00e9dicos tambi\u00e9n dan recomendaciones para que las personas sigan cuid\u00e1ndose del COVID-19. \"Nuestro deber como profesionales de la salud es asistir a las personas que por temor no quieren ir a una casa de salud. Si detectamos casos hacemos cercos epidemiol\u00f3gicos\", mencion\u00f3 la doctora.","breadcrumb":{"@id":"https:\/\/www.manabi.gob.ec\/index.php\/seguimos-asistiendo-en-domicilio-a-grupos-prioritarios\/#breadcrumb"},"inLanguage":"es","potentialAction":[{"@type":"ReadAction","target":["https:\/\/www.manabi.gob.ec\/index.php\/seguimos-asistiendo-en-domicilio-a-grupos-prioritarios\/"]}]},{"@type":"ImageObject","inLanguage":"es","@id":"https:\/\/www.manabi.gob.ec\/index.php\/seguimos-asistiendo-en-domicilio-a-grupos-prioritarios\/#primaryimage","url":"https:\/\/www.manabi.gob.ec\/wp-content\/uploads\/2021\/06\/E4Ft_4jVkAsgOIx.jpg","contentUrl":"https:\/\/www.manabi.gob.ec\/wp-content\/uploads\/2021\/06\/E4Ft_4jVkAsgOIx.jpg","width":1280,"height":854},{"@type":"BreadcrumbList","@id":"https:\/\/www.manabi.gob.ec\/index.php\/seguimos-asistiendo-en-domicilio-a-grupos-prioritarios\/#breadcrumb","itemListElement":[{"@type":"ListItem","position":1,"name":"Portada","item":"https:\/\/www.manabi.gob.ec\/"},{"@type":"ListItem","position":2,"name":"Seguimos asistiendo en domicilio a grupos prioritarios"}]},{"@type":"WebSite","@id":"https:\/\/www.manabi.gob.ec\/#website","url":"https:\/\/www.manabi.gob.ec\/","name":"Prefectura de Manab\u00ed","description":"P\u00e1gina web de la prefectura","potentialAction":[{"@type":"SearchAction","target":{"@type":"EntryPoint","urlTemplate":"https:\/\/www.manabi.gob.ec\/?s={search_term_string}"},"query-input":{"@type":"PropertyValueSpecification","valueRequired":true,"valueName":"search_term_string"}}],"inLanguage":"es"},{"@type":"Person","@id":"https:\/\/www.manabi.gob.ec\/#\/schema\/person\/cfc71bd68fe2703b779edcc292a49722","name":"admin","image":{"@type":"ImageObject","inLanguage":"es","@id":"https:\/\/secure.gravatar.com\/avatar\/23e9f919492b0a2f65aa168e0d8c5c867ea853b61deffbadf08c7031e15b8d78?s=96&d=mm&r=g","url":"https:\/\/secure.gravatar.com\/avatar\/23e9f919492b0a2f65aa168e0d8c5c867ea853b61deffbadf08c7031e15b8d78?s=96&d=mm&r=g","contentUrl":"https:\/\/secure.gravatar.com\/avatar\/23e9f919492b0a2f65aa168e0d8c5c867ea853b61deffbadf08c7031e15b8d78?s=96&d=mm&r=g","caption":"admin"},"sameAs":["http:\/\/www.manabi.gob.ec"],"url":"https:\/\/www.manabi.gob.ec\/index.php\/author\/admin\/"}]}},"jetpack_featured_media_url":"https:\/\/www.manabi.gob.ec\/wp-content\/uploads\/2021\/06\/E4Ft_4jVkAsgOIx.jpg","_links":{"self":[{"href":"https:\/\/www.manabi.gob.ec\/index.php\/wp-json\/wp\/v2\/posts\/17838","targetHints":{"allow":["GET"]}}],"collection":[{"href":"https:\/\/www.manabi.gob.ec\/index.php\/wp-json\/wp\/v2\/posts"}],"about":[{"href":"https:\/\/www.manabi.gob.ec\/index.php\/wp-json\/wp\/v2\/types\/post"}],"author":[{"embeddable":true,"href":"https:\/\/www.manabi.gob.ec\/index.php\/wp-json\/wp\/v2\/users\/1"}],"replies":[{"embeddable":true,"href":"https:\/\/www.manabi.gob.ec\/index.php\/wp-json\/wp\/v2\/comments?post=17838"}],"version-history":[{"count":0,"href":"https:\/\/www.manabi.gob.ec\/index.php\/wp-json\/wp\/v2\/posts\/17838\/revisions"}],"wp:featuredmedia":[{"embeddable":true,"href":"https:\/\/www.manabi.gob.ec\/index.php\/wp-json\/wp\/v2\/media\/17839"}],"wp:attachment":[{"href":"https:\/\/www.manabi.gob.ec\/index.php\/wp-json\/wp\/v2\/media?parent=17838"}],"wp:term":[{"taxonomy":"category","embeddable":true,"href":"https:\/\/www.manabi.gob.ec\/index.php\/wp-json\/wp\/v2\/categories?post=17838"},{"taxonomy":"post_tag","embeddable":true,"href":"https:\/\/www.manabi.gob.ec\/index.php\/wp-json\/wp\/v2\/tags?post=17838"}],"curies":[{"name":"wp","href":"https:\/\/api.w.org\/{rel}","templated":true}]}}