{"id":17845,"date":"2021-06-20T14:49:38","date_gmt":"2021-06-20T14:49:38","guid":{"rendered":"https:\/\/www.manabi.gob.ec\/?p=17845"},"modified":"2021-06-20T14:49:41","modified_gmt":"2021-06-20T14:49:41","slug":"avanza-ampliacion-y-reconstruccion-de-la-via-correagua-la-sequita","status":"publish","type":"post","link":"https:\/\/www.manabi.gob.ec\/index.php\/avanza-ampliacion-y-reconstruccion-de-la-via-correagua-la-sequita\/","title":{"rendered":"Avanza ampliaci\u00f3n y reconstrucci\u00f3n de la v\u00eda Correagua &#8211; La Sequita"},"content":{"rendered":"\n<p>Agricultores de arroz, pimiento, cebolla perla, sand\u00eda y mel\u00f3n,&nbsp; son testigos del avance de la v\u00eda Correagua-La Sequita, que lleva a cabo la Prefectura de Manab\u00ed en la parroquia Crucita del cant\u00f3n Portoviejo.&nbsp;<br>Ren\u00e9 Delgado, y Rolando Lucas, son dos agricultores de Correagua,&nbsp; que cultivan la tierra, a la par que maquinaria de la empresa contratista PROCONCI, amplia y reconstruye 2.6 kil\u00f3metros de v\u00eda en mal estado, con un monto de&nbsp; $1\u2019779.300,00.&nbsp;<br>Ellos dicen ser testigos del cambio que ya&nbsp; evidencia&nbsp; esta v\u00eda que conecta a las parroquias Crucita de Portoviejo y Charapot\u00f3 del cant\u00f3n Sucre. \u00abVemos que se trabaja, todos los d\u00edas hay maquinaria sacando y trayendo material, y se ve avance\u00bb, indic\u00f3 Ren\u00e9 Delgado.&nbsp;<br>\u00abLa producci\u00f3n de esta zona es abundante, y&nbsp; esta v\u00eda ser\u00e1 muy beneficiosa, nos dar\u00e1 facilidad de sacar los productos y que los veh\u00edculos&nbsp; lleguen a comprarnos\u00bb, mencion\u00f3 Rolando Lucas, mientras sembraba arroz.&nbsp;<br>Galo Pico, residente de obra de la compa\u00f1\u00eda Proconci, explic\u00f3 que se tiene un avance del 20%. Se ha colocado&nbsp; material de mejoramiento en 1.8 km; material de pr\u00e9stamo importado en 2 km; y material para subbase en 1.5 km.&nbsp;A\u00f1adi\u00f3 que se trabaja en colocaci\u00f3n de piedra escollera, y de geomalla biaxial para dar mayor resistencia a la estructura y dise\u00f1o de toda la v\u00eda que quedar\u00e1 a nivel de carpeta asf\u00e1ltica, con 3 pulgadas de espesor y 7.2 metros de calzada.<\/p>\n","protected":false},"excerpt":{"rendered":"<p>Agricultores de arroz, pimiento, cebolla perla, sand\u00eda y mel\u00f3n,  son testigos del avance de la v\u00eda Correagua-La Sequita, que lleva a cabo la Prefectura de Manab\u00ed en la parroquia Crucita del cant\u00f3n Portoviejo.<\/p>\n","protected":false},"author":1,"featured_media":17846,"comment_status":"closed","ping_status":"open","sticky":false,"template":"","format":"standard","meta":{"_joinchat":[],"footnotes":""},"categories":[92,181,132,91,127],"tags":[],"class_list":["post-17845","post","type-post","status-publish","format-standard","has-post-thumbnail","hentry","category-noticias-manabi","category-obra-publica","category-portoviejo","category-todas","category-vialidad"],"yoast_head":"<!-- This site is optimized with the Yoast SEO plugin v27.4 - https:\/\/yoast.com\/product\/yoast-seo-wordpress\/ -->\n<title>Avanza ampliaci\u00f3n y reconstrucci\u00f3n de la v\u00eda Correagua - La Sequita - Prefectura de Manab\u00ed<\/title>\n<meta name=\"robots\" content=\"index, follow, max-snippet:-1, max-image-preview:large, max-video-preview:-1\" \/>\n<link rel=\"canonical\" href=\"https:\/\/www.manabi.gob.ec\/index.php\/avanza-ampliacion-y-reconstruccion-de-la-via-correagua-la-sequita\/\" \/>\n<meta property=\"og:locale\" content=\"es_ES\" \/>\n<meta property=\"og:type\" content=\"article\" \/>\n<meta property=\"og:title\" content=\"Avanza ampliaci\u00f3n y reconstrucci\u00f3n de la v\u00eda Correagua - La Sequita - Prefectura de Manab\u00ed\" \/>\n<meta property=\"og:description\" content=\"Agricultores de arroz, pimiento, cebolla perla, sand\u00eda y mel\u00f3n, son testigos del avance de la v\u00eda Correagua-La Sequita, que lleva a cabo la Prefectura de Manab\u00ed en la parroquia Crucita del cant\u00f3n Portoviejo.\" \/>\n<meta property=\"og:url\" content=\"https:\/\/www.manabi.gob.ec\/index.php\/avanza-ampliacion-y-reconstruccion-de-la-via-correagua-la-sequita\/\" \/>\n<meta property=\"og:site_name\" content=\"Prefectura de Manab\u00ed\" \/>\n<meta property=\"article:published_time\" content=\"2021-06-20T14:49:38+00:00\" \/>\n<meta property=\"article:modified_time\" content=\"2021-06-20T14:49:41+00:00\" \/>\n<meta property=\"og:image\" content=\"https:\/\/www.manabi.gob.ec\/wp-content\/uploads\/2021\/06\/E4Mag7oWYAEzqO8.jpg\" \/>\n\t<meta property=\"og:image:width\" content=\"1280\" \/>\n\t<meta property=\"og:image:height\" content=\"854\" \/>\n\t<meta property=\"og:image:type\" content=\"image\/jpeg\" \/>\n<meta name=\"author\" content=\"admin\" \/>\n<meta name=\"twitter:card\" content=\"summary_large_image\" \/>\n<meta name=\"twitter:label1\" content=\"Escrito por\" \/>\n\t<meta name=\"twitter:data1\" content=\"admin\" \/>\n\t<meta name=\"twitter:label2\" content=\"Tiempo de lectura\" \/>\n\t<meta name=\"twitter:data2\" content=\"2 minutos\" \/>\n<script type=\"application\/ld+json\" class=\"yoast-schema-graph\">{\"@context\":\"https:\\\/\\\/schema.org\",\"@graph\":[{\"@type\":\"Article\",\"@id\":\"https:\\\/\\\/www.manabi.gob.ec\\\/index.php\\\/avanza-ampliacion-y-reconstruccion-de-la-via-correagua-la-sequita\\\/#article\",\"isPartOf\":{\"@id\":\"https:\\\/\\\/www.manabi.gob.ec\\\/index.php\\\/avanza-ampliacion-y-reconstruccion-de-la-via-correagua-la-sequita\\\/\"},\"author\":{\"name\":\"admin\",\"@id\":\"https:\\\/\\\/www.manabi.gob.ec\\\/#\\\/schema\\\/person\\\/cfc71bd68fe2703b779edcc292a49722\"},\"headline\":\"Avanza ampliaci\u00f3n y reconstrucci\u00f3n de la v\u00eda Correagua &#8211; La Sequita\",\"datePublished\":\"2021-06-20T14:49:38+00:00\",\"dateModified\":\"2021-06-20T14:49:41+00:00\",\"mainEntityOfPage\":{\"@id\":\"https:\\\/\\\/www.manabi.gob.ec\\\/index.php\\\/avanza-ampliacion-y-reconstruccion-de-la-via-correagua-la-sequita\\\/\"},\"wordCount\":270,\"image\":{\"@id\":\"https:\\\/\\\/www.manabi.gob.ec\\\/index.php\\\/avanza-ampliacion-y-reconstruccion-de-la-via-correagua-la-sequita\\\/#primaryimage\"},\"thumbnailUrl\":\"https:\\\/\\\/www.manabi.gob.ec\\\/wp-content\\\/uploads\\\/2021\\\/06\\\/E4Mag7oWYAEzqO8.jpg\",\"articleSection\":[\"Noticias\",\"Obra P\u00fablica\",\"Portoviejo\",\"Todas\",\"Vialidad\"],\"inLanguage\":\"es\"},{\"@type\":\"WebPage\",\"@id\":\"https:\\\/\\\/www.manabi.gob.ec\\\/index.php\\\/avanza-ampliacion-y-reconstruccion-de-la-via-correagua-la-sequita\\\/\",\"url\":\"https:\\\/\\\/www.manabi.gob.ec\\\/index.php\\\/avanza-ampliacion-y-reconstruccion-de-la-via-correagua-la-sequita\\\/\",\"name\":\"Avanza ampliaci\u00f3n y reconstrucci\u00f3n de la v\u00eda Correagua - La Sequita - Prefectura de Manab\u00ed\",\"isPartOf\":{\"@id\":\"https:\\\/\\\/www.manabi.gob.ec\\\/#website\"},\"primaryImageOfPage\":{\"@id\":\"https:\\\/\\\/www.manabi.gob.ec\\\/index.php\\\/avanza-ampliacion-y-reconstruccion-de-la-via-correagua-la-sequita\\\/#primaryimage\"},\"image\":{\"@id\":\"https:\\\/\\\/www.manabi.gob.ec\\\/index.php\\\/avanza-ampliacion-y-reconstruccion-de-la-via-correagua-la-sequita\\\/#primaryimage\"},\"thumbnailUrl\":\"https:\\\/\\\/www.manabi.gob.ec\\\/wp-content\\\/uploads\\\/2021\\\/06\\\/E4Mag7oWYAEzqO8.jpg\",\"datePublished\":\"2021-06-20T14:49:38+00:00\",\"dateModified\":\"2021-06-20T14:49:41+00:00\",\"author\":{\"@id\":\"https:\\\/\\\/www.manabi.gob.ec\\\/#\\\/schema\\\/person\\\/cfc71bd68fe2703b779edcc292a49722\"},\"breadcrumb\":{\"@id\":\"https:\\\/\\\/www.manabi.gob.ec\\\/index.php\\\/avanza-ampliacion-y-reconstruccion-de-la-via-correagua-la-sequita\\\/#breadcrumb\"},\"inLanguage\":\"es\",\"potentialAction\":[{\"@type\":\"ReadAction\",\"target\":[\"https:\\\/\\\/www.manabi.gob.ec\\\/index.php\\\/avanza-ampliacion-y-reconstruccion-de-la-via-correagua-la-sequita\\\/\"]}]},{\"@type\":\"ImageObject\",\"inLanguage\":\"es\",\"@id\":\"https:\\\/\\\/www.manabi.gob.ec\\\/index.php\\\/avanza-ampliacion-y-reconstruccion-de-la-via-correagua-la-sequita\\\/#primaryimage\",\"url\":\"https:\\\/\\\/www.manabi.gob.ec\\\/wp-content\\\/uploads\\\/2021\\\/06\\\/E4Mag7oWYAEzqO8.jpg\",\"contentUrl\":\"https:\\\/\\\/www.manabi.gob.ec\\\/wp-content\\\/uploads\\\/2021\\\/06\\\/E4Mag7oWYAEzqO8.jpg\",\"width\":1280,\"height\":854},{\"@type\":\"BreadcrumbList\",\"@id\":\"https:\\\/\\\/www.manabi.gob.ec\\\/index.php\\\/avanza-ampliacion-y-reconstruccion-de-la-via-correagua-la-sequita\\\/#breadcrumb\",\"itemListElement\":[{\"@type\":\"ListItem\",\"position\":1,\"name\":\"Portada\",\"item\":\"https:\\\/\\\/www.manabi.gob.ec\\\/\"},{\"@type\":\"ListItem\",\"position\":2,\"name\":\"Avanza ampliaci\u00f3n y reconstrucci\u00f3n de la v\u00eda Correagua &#8211; La Sequita\"}]},{\"@type\":\"WebSite\",\"@id\":\"https:\\\/\\\/www.manabi.gob.ec\\\/#website\",\"url\":\"https:\\\/\\\/www.manabi.gob.ec\\\/\",\"name\":\"Prefectura de Manab\u00ed\",\"description\":\"P\u00e1gina web de la prefectura\",\"potentialAction\":[{\"@type\":\"SearchAction\",\"target\":{\"@type\":\"EntryPoint\",\"urlTemplate\":\"https:\\\/\\\/www.manabi.gob.ec\\\/?s={search_term_string}\"},\"query-input\":{\"@type\":\"PropertyValueSpecification\",\"valueRequired\":true,\"valueName\":\"search_term_string\"}}],\"inLanguage\":\"es\"},{\"@type\":\"Person\",\"@id\":\"https:\\\/\\\/www.manabi.gob.ec\\\/#\\\/schema\\\/person\\\/cfc71bd68fe2703b779edcc292a49722\",\"name\":\"admin\",\"image\":{\"@type\":\"ImageObject\",\"inLanguage\":\"es\",\"@id\":\"https:\\\/\\\/secure.gravatar.com\\\/avatar\\\/23e9f919492b0a2f65aa168e0d8c5c867ea853b61deffbadf08c7031e15b8d78?s=96&d=mm&r=g\",\"url\":\"https:\\\/\\\/secure.gravatar.com\\\/avatar\\\/23e9f919492b0a2f65aa168e0d8c5c867ea853b61deffbadf08c7031e15b8d78?s=96&d=mm&r=g\",\"contentUrl\":\"https:\\\/\\\/secure.gravatar.com\\\/avatar\\\/23e9f919492b0a2f65aa168e0d8c5c867ea853b61deffbadf08c7031e15b8d78?s=96&d=mm&r=g\",\"caption\":\"admin\"},\"sameAs\":[\"http:\\\/\\\/www.manabi.gob.ec\"],\"url\":\"https:\\\/\\\/www.manabi.gob.ec\\\/index.php\\\/author\\\/admin\\\/\"}]}<\/script>\n<!-- \/ Yoast SEO plugin. -->","yoast_head_json":{"title":"Avanza ampliaci\u00f3n y reconstrucci\u00f3n de la v\u00eda Correagua - La Sequita - Prefectura de Manab\u00ed","robots":{"index":"index","follow":"follow","max-snippet":"max-snippet:-1","max-image-preview":"max-image-preview:large","max-video-preview":"max-video-preview:-1"},"canonical":"https:\/\/www.manabi.gob.ec\/index.php\/avanza-ampliacion-y-reconstruccion-de-la-via-correagua-la-sequita\/","og_locale":"es_ES","og_type":"article","og_title":"Avanza ampliaci\u00f3n y reconstrucci\u00f3n de la v\u00eda Correagua - La Sequita - Prefectura de Manab\u00ed","og_description":"Agricultores de arroz, pimiento, cebolla perla, sand\u00eda y mel\u00f3n, son testigos del avance de la v\u00eda Correagua-La Sequita, que lleva a cabo la Prefectura de Manab\u00ed en la parroquia Crucita del cant\u00f3n Portoviejo.","og_url":"https:\/\/www.manabi.gob.ec\/index.php\/avanza-ampliacion-y-reconstruccion-de-la-via-correagua-la-sequita\/","og_site_name":"Prefectura de Manab\u00ed","article_published_time":"2021-06-20T14:49:38+00:00","article_modified_time":"2021-06-20T14:49:41+00:00","og_image":[{"width":1280,"height":854,"url":"https:\/\/www.manabi.gob.ec\/wp-content\/uploads\/2021\/06\/E4Mag7oWYAEzqO8.jpg","type":"image\/jpeg"}],"author":"admin","twitter_card":"summary_large_image","twitter_misc":{"Escrito por":"admin","Tiempo de lectura":"2 minutos"},"schema":{"@context":"https:\/\/schema.org","@graph":[{"@type":"Article","@id":"https:\/\/www.manabi.gob.ec\/index.php\/avanza-ampliacion-y-reconstruccion-de-la-via-correagua-la-sequita\/#article","isPartOf":{"@id":"https:\/\/www.manabi.gob.ec\/index.php\/avanza-ampliacion-y-reconstruccion-de-la-via-correagua-la-sequita\/"},"author":{"name":"admin","@id":"https:\/\/www.manabi.gob.ec\/#\/schema\/person\/cfc71bd68fe2703b779edcc292a49722"},"headline":"Avanza ampliaci\u00f3n y reconstrucci\u00f3n de la v\u00eda Correagua &#8211; La Sequita","datePublished":"2021-06-20T14:49:38+00:00","dateModified":"2021-06-20T14:49:41+00:00","mainEntityOfPage":{"@id":"https:\/\/www.manabi.gob.ec\/index.php\/avanza-ampliacion-y-reconstruccion-de-la-via-correagua-la-sequita\/"},"wordCount":270,"image":{"@id":"https:\/\/www.manabi.gob.ec\/index.php\/avanza-ampliacion-y-reconstruccion-de-la-via-correagua-la-sequita\/#primaryimage"},"thumbnailUrl":"https:\/\/www.manabi.gob.ec\/wp-content\/uploads\/2021\/06\/E4Mag7oWYAEzqO8.jpg","articleSection":["Noticias","Obra P\u00fablica","Portoviejo","Todas","Vialidad"],"inLanguage":"es"},{"@type":"WebPage","@id":"https:\/\/www.manabi.gob.ec\/index.php\/avanza-ampliacion-y-reconstruccion-de-la-via-correagua-la-sequita\/","url":"https:\/\/www.manabi.gob.ec\/index.php\/avanza-ampliacion-y-reconstruccion-de-la-via-correagua-la-sequita\/","name":"Avanza ampliaci\u00f3n y reconstrucci\u00f3n de la v\u00eda Correagua - La Sequita - Prefectura de Manab\u00ed","isPartOf":{"@id":"https:\/\/www.manabi.gob.ec\/#website"},"primaryImageOfPage":{"@id":"https:\/\/www.manabi.gob.ec\/index.php\/avanza-ampliacion-y-reconstruccion-de-la-via-correagua-la-sequita\/#primaryimage"},"image":{"@id":"https:\/\/www.manabi.gob.ec\/index.php\/avanza-ampliacion-y-reconstruccion-de-la-via-correagua-la-sequita\/#primaryimage"},"thumbnailUrl":"https:\/\/www.manabi.gob.ec\/wp-content\/uploads\/2021\/06\/E4Mag7oWYAEzqO8.jpg","datePublished":"2021-06-20T14:49:38+00:00","dateModified":"2021-06-20T14:49:41+00:00","author":{"@id":"https:\/\/www.manabi.gob.ec\/#\/schema\/person\/cfc71bd68fe2703b779edcc292a49722"},"breadcrumb":{"@id":"https:\/\/www.manabi.gob.ec\/index.php\/avanza-ampliacion-y-reconstruccion-de-la-via-correagua-la-sequita\/#breadcrumb"},"inLanguage":"es","potentialAction":[{"@type":"ReadAction","target":["https:\/\/www.manabi.gob.ec\/index.php\/avanza-ampliacion-y-reconstruccion-de-la-via-correagua-la-sequita\/"]}]},{"@type":"ImageObject","inLanguage":"es","@id":"https:\/\/www.manabi.gob.ec\/index.php\/avanza-ampliacion-y-reconstruccion-de-la-via-correagua-la-sequita\/#primaryimage","url":"https:\/\/www.manabi.gob.ec\/wp-content\/uploads\/2021\/06\/E4Mag7oWYAEzqO8.jpg","contentUrl":"https:\/\/www.manabi.gob.ec\/wp-content\/uploads\/2021\/06\/E4Mag7oWYAEzqO8.jpg","width":1280,"height":854},{"@type":"BreadcrumbList","@id":"https:\/\/www.manabi.gob.ec\/index.php\/avanza-ampliacion-y-reconstruccion-de-la-via-correagua-la-sequita\/#breadcrumb","itemListElement":[{"@type":"ListItem","position":1,"name":"Portada","item":"https:\/\/www.manabi.gob.ec\/"},{"@type":"ListItem","position":2,"name":"Avanza ampliaci\u00f3n y reconstrucci\u00f3n de la v\u00eda Correagua &#8211; La Sequita"}]},{"@type":"WebSite","@id":"https:\/\/www.manabi.gob.ec\/#website","url":"https:\/\/www.manabi.gob.ec\/","name":"Prefectura de Manab\u00ed","description":"P\u00e1gina web de la prefectura","potentialAction":[{"@type":"SearchAction","target":{"@type":"EntryPoint","urlTemplate":"https:\/\/www.manabi.gob.ec\/?s={search_term_string}"},"query-input":{"@type":"PropertyValueSpecification","valueRequired":true,"valueName":"search_term_string"}}],"inLanguage":"es"},{"@type":"Person","@id":"https:\/\/www.manabi.gob.ec\/#\/schema\/person\/cfc71bd68fe2703b779edcc292a49722","name":"admin","image":{"@type":"ImageObject","inLanguage":"es","@id":"https:\/\/secure.gravatar.com\/avatar\/23e9f919492b0a2f65aa168e0d8c5c867ea853b61deffbadf08c7031e15b8d78?s=96&d=mm&r=g","url":"https:\/\/secure.gravatar.com\/avatar\/23e9f919492b0a2f65aa168e0d8c5c867ea853b61deffbadf08c7031e15b8d78?s=96&d=mm&r=g","contentUrl":"https:\/\/secure.gravatar.com\/avatar\/23e9f919492b0a2f65aa168e0d8c5c867ea853b61deffbadf08c7031e15b8d78?s=96&d=mm&r=g","caption":"admin"},"sameAs":["http:\/\/www.manabi.gob.ec"],"url":"https:\/\/www.manabi.gob.ec\/index.php\/author\/admin\/"}]}},"jetpack_featured_media_url":"https:\/\/www.manabi.gob.ec\/wp-content\/uploads\/2021\/06\/E4Mag7oWYAEzqO8.jpg","_links":{"self":[{"href":"https:\/\/www.manabi.gob.ec\/index.php\/wp-json\/wp\/v2\/posts\/17845","targetHints":{"allow":["GET"]}}],"collection":[{"href":"https:\/\/www.manabi.gob.ec\/index.php\/wp-json\/wp\/v2\/posts"}],"about":[{"href":"https:\/\/www.manabi.gob.ec\/index.php\/wp-json\/wp\/v2\/types\/post"}],"author":[{"embeddable":true,"href":"https:\/\/www.manabi.gob.ec\/index.php\/wp-json\/wp\/v2\/users\/1"}],"replies":[{"embeddable":true,"href":"https:\/\/www.manabi.gob.ec\/index.php\/wp-json\/wp\/v2\/comments?post=17845"}],"version-history":[{"count":0,"href":"https:\/\/www.manabi.gob.ec\/index.php\/wp-json\/wp\/v2\/posts\/17845\/revisions"}],"wp:featuredmedia":[{"embeddable":true,"href":"https:\/\/www.manabi.gob.ec\/index.php\/wp-json\/wp\/v2\/media\/17846"}],"wp:attachment":[{"href":"https:\/\/www.manabi.gob.ec\/index.php\/wp-json\/wp\/v2\/media?parent=17845"}],"wp:term":[{"taxonomy":"category","embeddable":true,"href":"https:\/\/www.manabi.gob.ec\/index.php\/wp-json\/wp\/v2\/categories?post=17845"},{"taxonomy":"post_tag","embeddable":true,"href":"https:\/\/www.manabi.gob.ec\/index.php\/wp-json\/wp\/v2\/tags?post=17845"}],"curies":[{"name":"wp","href":"https:\/\/api.w.org\/{rel}","templated":true}]}}