{"id":17883,"date":"2021-06-24T03:38:06","date_gmt":"2021-06-24T03:38:06","guid":{"rendered":"https:\/\/www.manabi.gob.ec\/?p=17883"},"modified":"2021-06-24T03:38:09","modified_gmt":"2021-06-24T03:38:09","slug":"se-impulsa-el-comercio-justo-para-apoyar-a-la-reactivacion-economica-de-manabi","status":"publish","type":"post","link":"https:\/\/www.manabi.gob.ec\/index.php\/se-impulsa-el-comercio-justo-para-apoyar-a-la-reactivacion-economica-de-manabi\/","title":{"rendered":"Se impulsa el Comercio Justo para apoyar a la reactivaci\u00f3n econ\u00f3mica de\u00a0Manab\u00ed\u00a0"},"content":{"rendered":"\n<p>Miembros de asociaciones, organizaciones, actores p\u00fablicos y privados involucrados en actividades productivas, y sustentables de la provincia de Manab\u00ed, participaron del&nbsp; Foro Internacional sobre Comercio Justo, el evento que se desarroll\u00f3 de manera virtual fue organizado por la Prefectura,&nbsp; a trav\u00e9s de la direcci\u00f3n de Fomento Productivo y el Consorcio de Gobiernos Provinciales del Ecuador, Congope.&nbsp;<br>&nbsp;<br>Cielo Mendoza Villag\u00f3mez, directora de esta \u00e1rea, resalt\u00f3 las potencialidades productivas de Manab\u00ed, y el apoyo que se da a los productores para impulsar la Econom\u00eda Solidaria y el Comercio Justo en la provincia.&nbsp;<br>&nbsp;<br>Este foro virtual cont\u00f3 con intervenciones sobre Econom\u00eda Solidaria, Comercio Justo, avances en Ecuador y sus desaf\u00edos.&nbsp;<br>&nbsp;<br>Linda Vera, de Paraguay, delegada de la Coordinadora Latinoamericana y del Caribe de Peque\u00f1os Productores y Trabajadores de Comercio&nbsp; (CLAC), explic\u00f3 que \u00abCiudades por el Comercio Justo\u00bb es una campa\u00f1a que naci\u00f3 en Inglaterra hace 20 a\u00f1os, una iniciativa global que&nbsp; implica impulsar&nbsp; principios, valores, pr\u00e1cticas y enfoques del Comercio Justo. A nivel mundial hay 2.000 ciudades reconocidas, donde la l\u00f3gica es que los productores se conviertan tambi\u00e9n en consumidores.&nbsp;<\/p>\n\n\n\n<p>El director Ejecutivo del Consorcio de Gobiernos Provinciales del Ecuador-Congope, Edwin Mi\u00f1o,<br>destac\u00f3 la importancia de trabajar en articulaci\u00f3n con los Gobiernos Provinciales para fortalecer el Comercio Justo en el sector productivo del pa\u00eds.<\/p>\n\n\n\n<p>Con esta iniciativa la Prefectura de Manab\u00ed, continuar\u00e1 impulsando la producci\u00f3n y el consumo en la ciudad, donde el productor sea competitivo en el mercado con precios reales y justos para el consumidor.<\/p>\n\n\n\n<p>El mi\u00e9rcoles 30 de junio se realizar\u00e1 el segundo foro para seguir profundizando en los retos del Comercio Justo.<\/p>\n","protected":false},"excerpt":{"rendered":"<p>Miembros de asociaciones, organizaciones, actores p\u00fablicos y privados involucrados en actividades productivas, y sustentables de la provincia de Manab\u00ed, participaron del&nbsp; Foro Internacional sobre Comercio Justo, el evento que se desarroll\u00f3 de manera virtual fue organizado por la Prefectura,&nbsp; a trav\u00e9s de la direcci\u00f3n de Fomento Productivo y el Consorcio de Gobiernos Provinciales del Ecuador, [&hellip;]<\/p>\n","protected":false},"author":1,"featured_media":17884,"comment_status":"closed","ping_status":"open","sticky":false,"template":"","format":"standard","meta":{"_joinchat":[],"footnotes":""},"categories":[92,140,91],"tags":[],"class_list":["post-17883","post","type-post","status-publish","format-standard","has-post-thumbnail","hentry","category-noticias-manabi","category-produccion","category-todas"],"yoast_head":"<!-- This site is optimized with the Yoast SEO plugin v27.4 - https:\/\/yoast.com\/product\/yoast-seo-wordpress\/ -->\n<title>Se impulsa el Comercio Justo para apoyar a la reactivaci\u00f3n econ\u00f3mica de\u00a0Manab\u00ed\u00a0 - Prefectura de Manab\u00ed<\/title>\n<meta name=\"robots\" content=\"index, follow, max-snippet:-1, max-image-preview:large, max-video-preview:-1\" \/>\n<link rel=\"canonical\" href=\"https:\/\/www.manabi.gob.ec\/index.php\/se-impulsa-el-comercio-justo-para-apoyar-a-la-reactivacion-economica-de-manabi\/\" \/>\n<meta property=\"og:locale\" content=\"es_ES\" \/>\n<meta property=\"og:type\" content=\"article\" \/>\n<meta property=\"og:title\" content=\"Se impulsa el Comercio Justo para apoyar a la reactivaci\u00f3n econ\u00f3mica de\u00a0Manab\u00ed\u00a0 - Prefectura de Manab\u00ed\" \/>\n<meta property=\"og:description\" content=\"Miembros de asociaciones, organizaciones, actores p\u00fablicos y privados involucrados en actividades productivas, y sustentables de la provincia de Manab\u00ed, participaron del&nbsp; Foro Internacional sobre Comercio Justo, el evento que se desarroll\u00f3 de manera virtual fue organizado por la Prefectura,&nbsp; a trav\u00e9s de la direcci\u00f3n de Fomento Productivo y el Consorcio de Gobiernos Provinciales del Ecuador, [&hellip;]\" \/>\n<meta property=\"og:url\" content=\"https:\/\/www.manabi.gob.ec\/index.php\/se-impulsa-el-comercio-justo-para-apoyar-a-la-reactivacion-economica-de-manabi\/\" \/>\n<meta property=\"og:site_name\" content=\"Prefectura de Manab\u00ed\" \/>\n<meta property=\"article:published_time\" content=\"2021-06-24T03:38:06+00:00\" \/>\n<meta property=\"article:modified_time\" content=\"2021-06-24T03:38:09+00:00\" \/>\n<meta property=\"og:image\" content=\"https:\/\/www.manabi.gob.ec\/wp-content\/uploads\/2021\/06\/323fd009-c06f-4910-9a10-6012760bfa00.jpg\" \/>\n\t<meta property=\"og:image:width\" content=\"1215\" \/>\n\t<meta property=\"og:image:height\" content=\"699\" \/>\n\t<meta property=\"og:image:type\" content=\"image\/jpeg\" \/>\n<meta name=\"author\" content=\"admin\" \/>\n<meta name=\"twitter:card\" content=\"summary_large_image\" \/>\n<meta name=\"twitter:label1\" content=\"Escrito por\" \/>\n\t<meta name=\"twitter:data1\" content=\"admin\" \/>\n\t<meta name=\"twitter:label2\" content=\"Tiempo de lectura\" \/>\n\t<meta name=\"twitter:data2\" content=\"2 minutos\" \/>\n<script type=\"application\/ld+json\" class=\"yoast-schema-graph\">{\"@context\":\"https:\\\/\\\/schema.org\",\"@graph\":[{\"@type\":\"Article\",\"@id\":\"https:\\\/\\\/www.manabi.gob.ec\\\/index.php\\\/se-impulsa-el-comercio-justo-para-apoyar-a-la-reactivacion-economica-de-manabi\\\/#article\",\"isPartOf\":{\"@id\":\"https:\\\/\\\/www.manabi.gob.ec\\\/index.php\\\/se-impulsa-el-comercio-justo-para-apoyar-a-la-reactivacion-economica-de-manabi\\\/\"},\"author\":{\"name\":\"admin\",\"@id\":\"https:\\\/\\\/www.manabi.gob.ec\\\/#\\\/schema\\\/person\\\/cfc71bd68fe2703b779edcc292a49722\"},\"headline\":\"Se impulsa el Comercio Justo para apoyar a la reactivaci\u00f3n econ\u00f3mica de\u00a0Manab\u00ed\u00a0\",\"datePublished\":\"2021-06-24T03:38:06+00:00\",\"dateModified\":\"2021-06-24T03:38:09+00:00\",\"mainEntityOfPage\":{\"@id\":\"https:\\\/\\\/www.manabi.gob.ec\\\/index.php\\\/se-impulsa-el-comercio-justo-para-apoyar-a-la-reactivacion-economica-de-manabi\\\/\"},\"wordCount\":305,\"image\":{\"@id\":\"https:\\\/\\\/www.manabi.gob.ec\\\/index.php\\\/se-impulsa-el-comercio-justo-para-apoyar-a-la-reactivacion-economica-de-manabi\\\/#primaryimage\"},\"thumbnailUrl\":\"https:\\\/\\\/www.manabi.gob.ec\\\/wp-content\\\/uploads\\\/2021\\\/06\\\/323fd009-c06f-4910-9a10-6012760bfa00.jpg\",\"articleSection\":[\"Noticias\",\"Producci\u00f3n\",\"Todas\"],\"inLanguage\":\"es\"},{\"@type\":\"WebPage\",\"@id\":\"https:\\\/\\\/www.manabi.gob.ec\\\/index.php\\\/se-impulsa-el-comercio-justo-para-apoyar-a-la-reactivacion-economica-de-manabi\\\/\",\"url\":\"https:\\\/\\\/www.manabi.gob.ec\\\/index.php\\\/se-impulsa-el-comercio-justo-para-apoyar-a-la-reactivacion-economica-de-manabi\\\/\",\"name\":\"Se impulsa el Comercio Justo para apoyar a la reactivaci\u00f3n econ\u00f3mica de\u00a0Manab\u00ed\u00a0 - Prefectura de Manab\u00ed\",\"isPartOf\":{\"@id\":\"https:\\\/\\\/www.manabi.gob.ec\\\/#website\"},\"primaryImageOfPage\":{\"@id\":\"https:\\\/\\\/www.manabi.gob.ec\\\/index.php\\\/se-impulsa-el-comercio-justo-para-apoyar-a-la-reactivacion-economica-de-manabi\\\/#primaryimage\"},\"image\":{\"@id\":\"https:\\\/\\\/www.manabi.gob.ec\\\/index.php\\\/se-impulsa-el-comercio-justo-para-apoyar-a-la-reactivacion-economica-de-manabi\\\/#primaryimage\"},\"thumbnailUrl\":\"https:\\\/\\\/www.manabi.gob.ec\\\/wp-content\\\/uploads\\\/2021\\\/06\\\/323fd009-c06f-4910-9a10-6012760bfa00.jpg\",\"datePublished\":\"2021-06-24T03:38:06+00:00\",\"dateModified\":\"2021-06-24T03:38:09+00:00\",\"author\":{\"@id\":\"https:\\\/\\\/www.manabi.gob.ec\\\/#\\\/schema\\\/person\\\/cfc71bd68fe2703b779edcc292a49722\"},\"breadcrumb\":{\"@id\":\"https:\\\/\\\/www.manabi.gob.ec\\\/index.php\\\/se-impulsa-el-comercio-justo-para-apoyar-a-la-reactivacion-economica-de-manabi\\\/#breadcrumb\"},\"inLanguage\":\"es\",\"potentialAction\":[{\"@type\":\"ReadAction\",\"target\":[\"https:\\\/\\\/www.manabi.gob.ec\\\/index.php\\\/se-impulsa-el-comercio-justo-para-apoyar-a-la-reactivacion-economica-de-manabi\\\/\"]}]},{\"@type\":\"ImageObject\",\"inLanguage\":\"es\",\"@id\":\"https:\\\/\\\/www.manabi.gob.ec\\\/index.php\\\/se-impulsa-el-comercio-justo-para-apoyar-a-la-reactivacion-economica-de-manabi\\\/#primaryimage\",\"url\":\"https:\\\/\\\/www.manabi.gob.ec\\\/wp-content\\\/uploads\\\/2021\\\/06\\\/323fd009-c06f-4910-9a10-6012760bfa00.jpg\",\"contentUrl\":\"https:\\\/\\\/www.manabi.gob.ec\\\/wp-content\\\/uploads\\\/2021\\\/06\\\/323fd009-c06f-4910-9a10-6012760bfa00.jpg\",\"width\":1215,\"height\":699},{\"@type\":\"BreadcrumbList\",\"@id\":\"https:\\\/\\\/www.manabi.gob.ec\\\/index.php\\\/se-impulsa-el-comercio-justo-para-apoyar-a-la-reactivacion-economica-de-manabi\\\/#breadcrumb\",\"itemListElement\":[{\"@type\":\"ListItem\",\"position\":1,\"name\":\"Portada\",\"item\":\"https:\\\/\\\/www.manabi.gob.ec\\\/\"},{\"@type\":\"ListItem\",\"position\":2,\"name\":\"Se impulsa el Comercio Justo para apoyar a la reactivaci\u00f3n econ\u00f3mica de\u00a0Manab\u00ed\u00a0\"}]},{\"@type\":\"WebSite\",\"@id\":\"https:\\\/\\\/www.manabi.gob.ec\\\/#website\",\"url\":\"https:\\\/\\\/www.manabi.gob.ec\\\/\",\"name\":\"Prefectura de Manab\u00ed\",\"description\":\"P\u00e1gina web de la prefectura\",\"potentialAction\":[{\"@type\":\"SearchAction\",\"target\":{\"@type\":\"EntryPoint\",\"urlTemplate\":\"https:\\\/\\\/www.manabi.gob.ec\\\/?s={search_term_string}\"},\"query-input\":{\"@type\":\"PropertyValueSpecification\",\"valueRequired\":true,\"valueName\":\"search_term_string\"}}],\"inLanguage\":\"es\"},{\"@type\":\"Person\",\"@id\":\"https:\\\/\\\/www.manabi.gob.ec\\\/#\\\/schema\\\/person\\\/cfc71bd68fe2703b779edcc292a49722\",\"name\":\"admin\",\"image\":{\"@type\":\"ImageObject\",\"inLanguage\":\"es\",\"@id\":\"https:\\\/\\\/secure.gravatar.com\\\/avatar\\\/23e9f919492b0a2f65aa168e0d8c5c867ea853b61deffbadf08c7031e15b8d78?s=96&d=mm&r=g\",\"url\":\"https:\\\/\\\/secure.gravatar.com\\\/avatar\\\/23e9f919492b0a2f65aa168e0d8c5c867ea853b61deffbadf08c7031e15b8d78?s=96&d=mm&r=g\",\"contentUrl\":\"https:\\\/\\\/secure.gravatar.com\\\/avatar\\\/23e9f919492b0a2f65aa168e0d8c5c867ea853b61deffbadf08c7031e15b8d78?s=96&d=mm&r=g\",\"caption\":\"admin\"},\"sameAs\":[\"http:\\\/\\\/www.manabi.gob.ec\"],\"url\":\"https:\\\/\\\/www.manabi.gob.ec\\\/index.php\\\/author\\\/admin\\\/\"}]}<\/script>\n<!-- \/ Yoast SEO plugin. -->","yoast_head_json":{"title":"Se impulsa el Comercio Justo para apoyar a la reactivaci\u00f3n econ\u00f3mica de\u00a0Manab\u00ed\u00a0 - Prefectura de Manab\u00ed","robots":{"index":"index","follow":"follow","max-snippet":"max-snippet:-1","max-image-preview":"max-image-preview:large","max-video-preview":"max-video-preview:-1"},"canonical":"https:\/\/www.manabi.gob.ec\/index.php\/se-impulsa-el-comercio-justo-para-apoyar-a-la-reactivacion-economica-de-manabi\/","og_locale":"es_ES","og_type":"article","og_title":"Se impulsa el Comercio Justo para apoyar a la reactivaci\u00f3n econ\u00f3mica de\u00a0Manab\u00ed\u00a0 - Prefectura de Manab\u00ed","og_description":"Miembros de asociaciones, organizaciones, actores p\u00fablicos y privados involucrados en actividades productivas, y sustentables de la provincia de Manab\u00ed, participaron del&nbsp; Foro Internacional sobre Comercio Justo, el evento que se desarroll\u00f3 de manera virtual fue organizado por la Prefectura,&nbsp; a trav\u00e9s de la direcci\u00f3n de Fomento Productivo y el Consorcio de Gobiernos Provinciales del Ecuador, [&hellip;]","og_url":"https:\/\/www.manabi.gob.ec\/index.php\/se-impulsa-el-comercio-justo-para-apoyar-a-la-reactivacion-economica-de-manabi\/","og_site_name":"Prefectura de Manab\u00ed","article_published_time":"2021-06-24T03:38:06+00:00","article_modified_time":"2021-06-24T03:38:09+00:00","og_image":[{"width":1215,"height":699,"url":"https:\/\/www.manabi.gob.ec\/wp-content\/uploads\/2021\/06\/323fd009-c06f-4910-9a10-6012760bfa00.jpg","type":"image\/jpeg"}],"author":"admin","twitter_card":"summary_large_image","twitter_misc":{"Escrito por":"admin","Tiempo de lectura":"2 minutos"},"schema":{"@context":"https:\/\/schema.org","@graph":[{"@type":"Article","@id":"https:\/\/www.manabi.gob.ec\/index.php\/se-impulsa-el-comercio-justo-para-apoyar-a-la-reactivacion-economica-de-manabi\/#article","isPartOf":{"@id":"https:\/\/www.manabi.gob.ec\/index.php\/se-impulsa-el-comercio-justo-para-apoyar-a-la-reactivacion-economica-de-manabi\/"},"author":{"name":"admin","@id":"https:\/\/www.manabi.gob.ec\/#\/schema\/person\/cfc71bd68fe2703b779edcc292a49722"},"headline":"Se impulsa el Comercio Justo para apoyar a la reactivaci\u00f3n econ\u00f3mica de\u00a0Manab\u00ed\u00a0","datePublished":"2021-06-24T03:38:06+00:00","dateModified":"2021-06-24T03:38:09+00:00","mainEntityOfPage":{"@id":"https:\/\/www.manabi.gob.ec\/index.php\/se-impulsa-el-comercio-justo-para-apoyar-a-la-reactivacion-economica-de-manabi\/"},"wordCount":305,"image":{"@id":"https:\/\/www.manabi.gob.ec\/index.php\/se-impulsa-el-comercio-justo-para-apoyar-a-la-reactivacion-economica-de-manabi\/#primaryimage"},"thumbnailUrl":"https:\/\/www.manabi.gob.ec\/wp-content\/uploads\/2021\/06\/323fd009-c06f-4910-9a10-6012760bfa00.jpg","articleSection":["Noticias","Producci\u00f3n","Todas"],"inLanguage":"es"},{"@type":"WebPage","@id":"https:\/\/www.manabi.gob.ec\/index.php\/se-impulsa-el-comercio-justo-para-apoyar-a-la-reactivacion-economica-de-manabi\/","url":"https:\/\/www.manabi.gob.ec\/index.php\/se-impulsa-el-comercio-justo-para-apoyar-a-la-reactivacion-economica-de-manabi\/","name":"Se impulsa el Comercio Justo para apoyar a la reactivaci\u00f3n econ\u00f3mica de\u00a0Manab\u00ed\u00a0 - Prefectura de Manab\u00ed","isPartOf":{"@id":"https:\/\/www.manabi.gob.ec\/#website"},"primaryImageOfPage":{"@id":"https:\/\/www.manabi.gob.ec\/index.php\/se-impulsa-el-comercio-justo-para-apoyar-a-la-reactivacion-economica-de-manabi\/#primaryimage"},"image":{"@id":"https:\/\/www.manabi.gob.ec\/index.php\/se-impulsa-el-comercio-justo-para-apoyar-a-la-reactivacion-economica-de-manabi\/#primaryimage"},"thumbnailUrl":"https:\/\/www.manabi.gob.ec\/wp-content\/uploads\/2021\/06\/323fd009-c06f-4910-9a10-6012760bfa00.jpg","datePublished":"2021-06-24T03:38:06+00:00","dateModified":"2021-06-24T03:38:09+00:00","author":{"@id":"https:\/\/www.manabi.gob.ec\/#\/schema\/person\/cfc71bd68fe2703b779edcc292a49722"},"breadcrumb":{"@id":"https:\/\/www.manabi.gob.ec\/index.php\/se-impulsa-el-comercio-justo-para-apoyar-a-la-reactivacion-economica-de-manabi\/#breadcrumb"},"inLanguage":"es","potentialAction":[{"@type":"ReadAction","target":["https:\/\/www.manabi.gob.ec\/index.php\/se-impulsa-el-comercio-justo-para-apoyar-a-la-reactivacion-economica-de-manabi\/"]}]},{"@type":"ImageObject","inLanguage":"es","@id":"https:\/\/www.manabi.gob.ec\/index.php\/se-impulsa-el-comercio-justo-para-apoyar-a-la-reactivacion-economica-de-manabi\/#primaryimage","url":"https:\/\/www.manabi.gob.ec\/wp-content\/uploads\/2021\/06\/323fd009-c06f-4910-9a10-6012760bfa00.jpg","contentUrl":"https:\/\/www.manabi.gob.ec\/wp-content\/uploads\/2021\/06\/323fd009-c06f-4910-9a10-6012760bfa00.jpg","width":1215,"height":699},{"@type":"BreadcrumbList","@id":"https:\/\/www.manabi.gob.ec\/index.php\/se-impulsa-el-comercio-justo-para-apoyar-a-la-reactivacion-economica-de-manabi\/#breadcrumb","itemListElement":[{"@type":"ListItem","position":1,"name":"Portada","item":"https:\/\/www.manabi.gob.ec\/"},{"@type":"ListItem","position":2,"name":"Se impulsa el Comercio Justo para apoyar a la reactivaci\u00f3n econ\u00f3mica de\u00a0Manab\u00ed\u00a0"}]},{"@type":"WebSite","@id":"https:\/\/www.manabi.gob.ec\/#website","url":"https:\/\/www.manabi.gob.ec\/","name":"Prefectura de Manab\u00ed","description":"P\u00e1gina web de la prefectura","potentialAction":[{"@type":"SearchAction","target":{"@type":"EntryPoint","urlTemplate":"https:\/\/www.manabi.gob.ec\/?s={search_term_string}"},"query-input":{"@type":"PropertyValueSpecification","valueRequired":true,"valueName":"search_term_string"}}],"inLanguage":"es"},{"@type":"Person","@id":"https:\/\/www.manabi.gob.ec\/#\/schema\/person\/cfc71bd68fe2703b779edcc292a49722","name":"admin","image":{"@type":"ImageObject","inLanguage":"es","@id":"https:\/\/secure.gravatar.com\/avatar\/23e9f919492b0a2f65aa168e0d8c5c867ea853b61deffbadf08c7031e15b8d78?s=96&d=mm&r=g","url":"https:\/\/secure.gravatar.com\/avatar\/23e9f919492b0a2f65aa168e0d8c5c867ea853b61deffbadf08c7031e15b8d78?s=96&d=mm&r=g","contentUrl":"https:\/\/secure.gravatar.com\/avatar\/23e9f919492b0a2f65aa168e0d8c5c867ea853b61deffbadf08c7031e15b8d78?s=96&d=mm&r=g","caption":"admin"},"sameAs":["http:\/\/www.manabi.gob.ec"],"url":"https:\/\/www.manabi.gob.ec\/index.php\/author\/admin\/"}]}},"jetpack_featured_media_url":"https:\/\/www.manabi.gob.ec\/wp-content\/uploads\/2021\/06\/323fd009-c06f-4910-9a10-6012760bfa00.jpg","_links":{"self":[{"href":"https:\/\/www.manabi.gob.ec\/index.php\/wp-json\/wp\/v2\/posts\/17883","targetHints":{"allow":["GET"]}}],"collection":[{"href":"https:\/\/www.manabi.gob.ec\/index.php\/wp-json\/wp\/v2\/posts"}],"about":[{"href":"https:\/\/www.manabi.gob.ec\/index.php\/wp-json\/wp\/v2\/types\/post"}],"author":[{"embeddable":true,"href":"https:\/\/www.manabi.gob.ec\/index.php\/wp-json\/wp\/v2\/users\/1"}],"replies":[{"embeddable":true,"href":"https:\/\/www.manabi.gob.ec\/index.php\/wp-json\/wp\/v2\/comments?post=17883"}],"version-history":[{"count":0,"href":"https:\/\/www.manabi.gob.ec\/index.php\/wp-json\/wp\/v2\/posts\/17883\/revisions"}],"wp:featuredmedia":[{"embeddable":true,"href":"https:\/\/www.manabi.gob.ec\/index.php\/wp-json\/wp\/v2\/media\/17884"}],"wp:attachment":[{"href":"https:\/\/www.manabi.gob.ec\/index.php\/wp-json\/wp\/v2\/media?parent=17883"}],"wp:term":[{"taxonomy":"category","embeddable":true,"href":"https:\/\/www.manabi.gob.ec\/index.php\/wp-json\/wp\/v2\/categories?post=17883"},{"taxonomy":"post_tag","embeddable":true,"href":"https:\/\/www.manabi.gob.ec\/index.php\/wp-json\/wp\/v2\/tags?post=17883"}],"curies":[{"name":"wp","href":"https:\/\/api.w.org\/{rel}","templated":true}]}}