{"id":17899,"date":"2021-06-28T01:04:40","date_gmt":"2021-06-28T01:04:40","guid":{"rendered":"https:\/\/www.manabi.gob.ec\/?p=17899"},"modified":"2021-06-28T01:04:42","modified_gmt":"2021-06-28T01:04:42","slug":"con-misa-en-homenaje-a-las-victimas-del-covid-19-iniciaron-actividades-por-los-197-anos-de-provincializacion-de-manabi","status":"publish","type":"post","link":"https:\/\/www.manabi.gob.ec\/index.php\/con-misa-en-homenaje-a-las-victimas-del-covid-19-iniciaron-actividades-por-los-197-anos-de-provincializacion-de-manabi\/","title":{"rendered":"Con misa en homenaje a las v\u00edctimas del Covid-19 iniciaron actividades por los 197 a\u00f1os de provincializaci\u00f3n de Manab\u00ed"},"content":{"rendered":"\n<p>El prefecto de Manab\u00ed, Leonardo Orlando, la viceprefecta Kelly Buenaventura, y funcionarios del Gobierno Provincial participaron de una misa en homenaje a las v\u00edctimas del Covid-19, la cual se desarroll\u00f3 en la iglesia La Merced de Portoviejo, desde las 07h00 de este viernes 25 de junio.<br>Con esto se dio inicio a las actividades programadas por la instituci\u00f3n por los 197 a\u00f1os de creaci\u00f3n de la provincia de Manab\u00ed, hecho que tuvo lugar durante la \u00e9poca de la Gran Colombia, con la promulgaci\u00f3n de la Ley de Divisi\u00f3n Territorial del 25 de junio de 1824.<br>Las autoridades provinciales, con el Prefecto a la cabeza, tambi\u00e9n asistieron a la izada de banderas en homenaje c\u00edvico por la provincializaci\u00f3n de Manab\u00ed, que fue organizado por el Club Rotaract de Portoviejo, y se desarroll\u00f3 a las 08h00 en la avenida Jos\u00e9 Mar\u00eda Urbina.<br>\u201c197 a\u00f1os de provincializaci\u00f3n que los celebramos con profundo fervor c\u00edvico, con amor por nuestra provincia, con un mensaje de unidad, de esperanza y solidaridad, para sacar adelante a nuestros pueblos, sobre todo a los m\u00e1s sencillos y seguir luchando por la salud y la vida de todos los manabitas\u201d, manifest\u00f3 el Prefecto.<br>A las 10h00 se realiz\u00f3 el acto central de las actividades preparadas por la Prefectura en homenaje a los 197 a\u00f1os de vida pol\u00edtica de Manab\u00ed. La sesi\u00f3n solemne se desarroll\u00f3 en el teatro greco romano del parque Las Vegas de la capital manabita.<\/p>\n","protected":false},"excerpt":{"rendered":"<p>El prefecto de Manab\u00ed, Leonardo Orlando, la viceprefecta Kelly Buenaventura, y funcionarios del Gobierno Provincial participaron de una misa en homenaje a las v\u00edctimas del Covid-19, la cual se desarroll\u00f3 en la iglesia La Merced de Portoviejo, desde las 07h00 de este viernes 25 de junio.Con esto se dio inicio a las actividades programadas por [&hellip;]<\/p>\n","protected":false},"author":1,"featured_media":17897,"comment_status":"closed","ping_status":"open","sticky":false,"template":"","format":"standard","meta":{"_joinchat":[],"footnotes":""},"categories":[92,91],"tags":[],"class_list":["post-17899","post","type-post","status-publish","format-standard","has-post-thumbnail","hentry","category-noticias-manabi","category-todas"],"yoast_head":"<!-- This site is optimized with the Yoast SEO plugin v27.4 - https:\/\/yoast.com\/product\/yoast-seo-wordpress\/ -->\n<title>Con misa en homenaje a las v\u00edctimas del Covid-19 iniciaron actividades por los 197 a\u00f1os de provincializaci\u00f3n de Manab\u00ed - Prefectura de Manab\u00ed<\/title>\n<meta name=\"robots\" content=\"index, follow, max-snippet:-1, max-image-preview:large, max-video-preview:-1\" \/>\n<link rel=\"canonical\" href=\"https:\/\/www.manabi.gob.ec\/index.php\/con-misa-en-homenaje-a-las-victimas-del-covid-19-iniciaron-actividades-por-los-197-anos-de-provincializacion-de-manabi\/\" \/>\n<meta property=\"og:locale\" content=\"es_ES\" \/>\n<meta property=\"og:type\" content=\"article\" \/>\n<meta property=\"og:title\" content=\"Con misa en homenaje a las v\u00edctimas del Covid-19 iniciaron actividades por los 197 a\u00f1os de provincializaci\u00f3n de Manab\u00ed - Prefectura de Manab\u00ed\" \/>\n<meta property=\"og:description\" content=\"El prefecto de Manab\u00ed, Leonardo Orlando, la viceprefecta Kelly Buenaventura, y funcionarios del Gobierno Provincial participaron de una misa en homenaje a las v\u00edctimas del Covid-19, la cual se desarroll\u00f3 en la iglesia La Merced de Portoviejo, desde las 07h00 de este viernes 25 de junio.Con esto se dio inicio a las actividades programadas por [&hellip;]\" \/>\n<meta property=\"og:url\" content=\"https:\/\/www.manabi.gob.ec\/index.php\/con-misa-en-homenaje-a-las-victimas-del-covid-19-iniciaron-actividades-por-los-197-anos-de-provincializacion-de-manabi\/\" \/>\n<meta property=\"og:site_name\" content=\"Prefectura de Manab\u00ed\" \/>\n<meta property=\"article:published_time\" content=\"2021-06-28T01:04:40+00:00\" \/>\n<meta property=\"article:modified_time\" content=\"2021-06-28T01:04:42+00:00\" \/>\n<meta property=\"og:image\" content=\"https:\/\/www.manabi.gob.ec\/wp-content\/uploads\/2021\/06\/IMG-20210625-WA0021.jpg\" \/>\n\t<meta property=\"og:image:width\" content=\"1280\" \/>\n\t<meta property=\"og:image:height\" content=\"853\" \/>\n\t<meta property=\"og:image:type\" content=\"image\/jpeg\" \/>\n<meta name=\"author\" content=\"admin\" \/>\n<meta name=\"twitter:card\" content=\"summary_large_image\" \/>\n<meta name=\"twitter:label1\" content=\"Escrito por\" \/>\n\t<meta name=\"twitter:data1\" content=\"admin\" \/>\n\t<meta name=\"twitter:label2\" content=\"Tiempo de lectura\" \/>\n\t<meta name=\"twitter:data2\" content=\"2 minutos\" \/>\n<script type=\"application\/ld+json\" class=\"yoast-schema-graph\">{\"@context\":\"https:\\\/\\\/schema.org\",\"@graph\":[{\"@type\":\"Article\",\"@id\":\"https:\\\/\\\/www.manabi.gob.ec\\\/index.php\\\/con-misa-en-homenaje-a-las-victimas-del-covid-19-iniciaron-actividades-por-los-197-anos-de-provincializacion-de-manabi\\\/#article\",\"isPartOf\":{\"@id\":\"https:\\\/\\\/www.manabi.gob.ec\\\/index.php\\\/con-misa-en-homenaje-a-las-victimas-del-covid-19-iniciaron-actividades-por-los-197-anos-de-provincializacion-de-manabi\\\/\"},\"author\":{\"name\":\"admin\",\"@id\":\"https:\\\/\\\/www.manabi.gob.ec\\\/#\\\/schema\\\/person\\\/cfc71bd68fe2703b779edcc292a49722\"},\"headline\":\"Con misa en homenaje a las v\u00edctimas del Covid-19 iniciaron actividades por los 197 a\u00f1os de provincializaci\u00f3n de Manab\u00ed\",\"datePublished\":\"2021-06-28T01:04:40+00:00\",\"dateModified\":\"2021-06-28T01:04:42+00:00\",\"mainEntityOfPage\":{\"@id\":\"https:\\\/\\\/www.manabi.gob.ec\\\/index.php\\\/con-misa-en-homenaje-a-las-victimas-del-covid-19-iniciaron-actividades-por-los-197-anos-de-provincializacion-de-manabi\\\/\"},\"wordCount\":269,\"image\":{\"@id\":\"https:\\\/\\\/www.manabi.gob.ec\\\/index.php\\\/con-misa-en-homenaje-a-las-victimas-del-covid-19-iniciaron-actividades-por-los-197-anos-de-provincializacion-de-manabi\\\/#primaryimage\"},\"thumbnailUrl\":\"https:\\\/\\\/www.manabi.gob.ec\\\/wp-content\\\/uploads\\\/2021\\\/06\\\/IMG-20210625-WA0021.jpg\",\"articleSection\":[\"Noticias\",\"Todas\"],\"inLanguage\":\"es\"},{\"@type\":\"WebPage\",\"@id\":\"https:\\\/\\\/www.manabi.gob.ec\\\/index.php\\\/con-misa-en-homenaje-a-las-victimas-del-covid-19-iniciaron-actividades-por-los-197-anos-de-provincializacion-de-manabi\\\/\",\"url\":\"https:\\\/\\\/www.manabi.gob.ec\\\/index.php\\\/con-misa-en-homenaje-a-las-victimas-del-covid-19-iniciaron-actividades-por-los-197-anos-de-provincializacion-de-manabi\\\/\",\"name\":\"Con misa en homenaje a las v\u00edctimas del Covid-19 iniciaron actividades por los 197 a\u00f1os de provincializaci\u00f3n de Manab\u00ed - Prefectura de Manab\u00ed\",\"isPartOf\":{\"@id\":\"https:\\\/\\\/www.manabi.gob.ec\\\/#website\"},\"primaryImageOfPage\":{\"@id\":\"https:\\\/\\\/www.manabi.gob.ec\\\/index.php\\\/con-misa-en-homenaje-a-las-victimas-del-covid-19-iniciaron-actividades-por-los-197-anos-de-provincializacion-de-manabi\\\/#primaryimage\"},\"image\":{\"@id\":\"https:\\\/\\\/www.manabi.gob.ec\\\/index.php\\\/con-misa-en-homenaje-a-las-victimas-del-covid-19-iniciaron-actividades-por-los-197-anos-de-provincializacion-de-manabi\\\/#primaryimage\"},\"thumbnailUrl\":\"https:\\\/\\\/www.manabi.gob.ec\\\/wp-content\\\/uploads\\\/2021\\\/06\\\/IMG-20210625-WA0021.jpg\",\"datePublished\":\"2021-06-28T01:04:40+00:00\",\"dateModified\":\"2021-06-28T01:04:42+00:00\",\"author\":{\"@id\":\"https:\\\/\\\/www.manabi.gob.ec\\\/#\\\/schema\\\/person\\\/cfc71bd68fe2703b779edcc292a49722\"},\"breadcrumb\":{\"@id\":\"https:\\\/\\\/www.manabi.gob.ec\\\/index.php\\\/con-misa-en-homenaje-a-las-victimas-del-covid-19-iniciaron-actividades-por-los-197-anos-de-provincializacion-de-manabi\\\/#breadcrumb\"},\"inLanguage\":\"es\",\"potentialAction\":[{\"@type\":\"ReadAction\",\"target\":[\"https:\\\/\\\/www.manabi.gob.ec\\\/index.php\\\/con-misa-en-homenaje-a-las-victimas-del-covid-19-iniciaron-actividades-por-los-197-anos-de-provincializacion-de-manabi\\\/\"]}]},{\"@type\":\"ImageObject\",\"inLanguage\":\"es\",\"@id\":\"https:\\\/\\\/www.manabi.gob.ec\\\/index.php\\\/con-misa-en-homenaje-a-las-victimas-del-covid-19-iniciaron-actividades-por-los-197-anos-de-provincializacion-de-manabi\\\/#primaryimage\",\"url\":\"https:\\\/\\\/www.manabi.gob.ec\\\/wp-content\\\/uploads\\\/2021\\\/06\\\/IMG-20210625-WA0021.jpg\",\"contentUrl\":\"https:\\\/\\\/www.manabi.gob.ec\\\/wp-content\\\/uploads\\\/2021\\\/06\\\/IMG-20210625-WA0021.jpg\",\"width\":1280,\"height\":853},{\"@type\":\"BreadcrumbList\",\"@id\":\"https:\\\/\\\/www.manabi.gob.ec\\\/index.php\\\/con-misa-en-homenaje-a-las-victimas-del-covid-19-iniciaron-actividades-por-los-197-anos-de-provincializacion-de-manabi\\\/#breadcrumb\",\"itemListElement\":[{\"@type\":\"ListItem\",\"position\":1,\"name\":\"Portada\",\"item\":\"https:\\\/\\\/www.manabi.gob.ec\\\/\"},{\"@type\":\"ListItem\",\"position\":2,\"name\":\"Con misa en homenaje a las v\u00edctimas del Covid-19 iniciaron actividades por los 197 a\u00f1os de provincializaci\u00f3n de Manab\u00ed\"}]},{\"@type\":\"WebSite\",\"@id\":\"https:\\\/\\\/www.manabi.gob.ec\\\/#website\",\"url\":\"https:\\\/\\\/www.manabi.gob.ec\\\/\",\"name\":\"Prefectura de Manab\u00ed\",\"description\":\"P\u00e1gina web de la prefectura\",\"potentialAction\":[{\"@type\":\"SearchAction\",\"target\":{\"@type\":\"EntryPoint\",\"urlTemplate\":\"https:\\\/\\\/www.manabi.gob.ec\\\/?s={search_term_string}\"},\"query-input\":{\"@type\":\"PropertyValueSpecification\",\"valueRequired\":true,\"valueName\":\"search_term_string\"}}],\"inLanguage\":\"es\"},{\"@type\":\"Person\",\"@id\":\"https:\\\/\\\/www.manabi.gob.ec\\\/#\\\/schema\\\/person\\\/cfc71bd68fe2703b779edcc292a49722\",\"name\":\"admin\",\"image\":{\"@type\":\"ImageObject\",\"inLanguage\":\"es\",\"@id\":\"https:\\\/\\\/secure.gravatar.com\\\/avatar\\\/23e9f919492b0a2f65aa168e0d8c5c867ea853b61deffbadf08c7031e15b8d78?s=96&d=mm&r=g\",\"url\":\"https:\\\/\\\/secure.gravatar.com\\\/avatar\\\/23e9f919492b0a2f65aa168e0d8c5c867ea853b61deffbadf08c7031e15b8d78?s=96&d=mm&r=g\",\"contentUrl\":\"https:\\\/\\\/secure.gravatar.com\\\/avatar\\\/23e9f919492b0a2f65aa168e0d8c5c867ea853b61deffbadf08c7031e15b8d78?s=96&d=mm&r=g\",\"caption\":\"admin\"},\"sameAs\":[\"http:\\\/\\\/www.manabi.gob.ec\"],\"url\":\"https:\\\/\\\/www.manabi.gob.ec\\\/index.php\\\/author\\\/admin\\\/\"}]}<\/script>\n<!-- \/ Yoast SEO plugin. -->","yoast_head_json":{"title":"Con misa en homenaje a las v\u00edctimas del Covid-19 iniciaron actividades por los 197 a\u00f1os de provincializaci\u00f3n de Manab\u00ed - Prefectura de Manab\u00ed","robots":{"index":"index","follow":"follow","max-snippet":"max-snippet:-1","max-image-preview":"max-image-preview:large","max-video-preview":"max-video-preview:-1"},"canonical":"https:\/\/www.manabi.gob.ec\/index.php\/con-misa-en-homenaje-a-las-victimas-del-covid-19-iniciaron-actividades-por-los-197-anos-de-provincializacion-de-manabi\/","og_locale":"es_ES","og_type":"article","og_title":"Con misa en homenaje a las v\u00edctimas del Covid-19 iniciaron actividades por los 197 a\u00f1os de provincializaci\u00f3n de Manab\u00ed - Prefectura de Manab\u00ed","og_description":"El prefecto de Manab\u00ed, Leonardo Orlando, la viceprefecta Kelly Buenaventura, y funcionarios del Gobierno Provincial participaron de una misa en homenaje a las v\u00edctimas del Covid-19, la cual se desarroll\u00f3 en la iglesia La Merced de Portoviejo, desde las 07h00 de este viernes 25 de junio.Con esto se dio inicio a las actividades programadas por [&hellip;]","og_url":"https:\/\/www.manabi.gob.ec\/index.php\/con-misa-en-homenaje-a-las-victimas-del-covid-19-iniciaron-actividades-por-los-197-anos-de-provincializacion-de-manabi\/","og_site_name":"Prefectura de Manab\u00ed","article_published_time":"2021-06-28T01:04:40+00:00","article_modified_time":"2021-06-28T01:04:42+00:00","og_image":[{"width":1280,"height":853,"url":"https:\/\/www.manabi.gob.ec\/wp-content\/uploads\/2021\/06\/IMG-20210625-WA0021.jpg","type":"image\/jpeg"}],"author":"admin","twitter_card":"summary_large_image","twitter_misc":{"Escrito por":"admin","Tiempo de lectura":"2 minutos"},"schema":{"@context":"https:\/\/schema.org","@graph":[{"@type":"Article","@id":"https:\/\/www.manabi.gob.ec\/index.php\/con-misa-en-homenaje-a-las-victimas-del-covid-19-iniciaron-actividades-por-los-197-anos-de-provincializacion-de-manabi\/#article","isPartOf":{"@id":"https:\/\/www.manabi.gob.ec\/index.php\/con-misa-en-homenaje-a-las-victimas-del-covid-19-iniciaron-actividades-por-los-197-anos-de-provincializacion-de-manabi\/"},"author":{"name":"admin","@id":"https:\/\/www.manabi.gob.ec\/#\/schema\/person\/cfc71bd68fe2703b779edcc292a49722"},"headline":"Con misa en homenaje a las v\u00edctimas del Covid-19 iniciaron actividades por los 197 a\u00f1os de provincializaci\u00f3n de Manab\u00ed","datePublished":"2021-06-28T01:04:40+00:00","dateModified":"2021-06-28T01:04:42+00:00","mainEntityOfPage":{"@id":"https:\/\/www.manabi.gob.ec\/index.php\/con-misa-en-homenaje-a-las-victimas-del-covid-19-iniciaron-actividades-por-los-197-anos-de-provincializacion-de-manabi\/"},"wordCount":269,"image":{"@id":"https:\/\/www.manabi.gob.ec\/index.php\/con-misa-en-homenaje-a-las-victimas-del-covid-19-iniciaron-actividades-por-los-197-anos-de-provincializacion-de-manabi\/#primaryimage"},"thumbnailUrl":"https:\/\/www.manabi.gob.ec\/wp-content\/uploads\/2021\/06\/IMG-20210625-WA0021.jpg","articleSection":["Noticias","Todas"],"inLanguage":"es"},{"@type":"WebPage","@id":"https:\/\/www.manabi.gob.ec\/index.php\/con-misa-en-homenaje-a-las-victimas-del-covid-19-iniciaron-actividades-por-los-197-anos-de-provincializacion-de-manabi\/","url":"https:\/\/www.manabi.gob.ec\/index.php\/con-misa-en-homenaje-a-las-victimas-del-covid-19-iniciaron-actividades-por-los-197-anos-de-provincializacion-de-manabi\/","name":"Con misa en homenaje a las v\u00edctimas del Covid-19 iniciaron actividades por los 197 a\u00f1os de provincializaci\u00f3n de Manab\u00ed - Prefectura de Manab\u00ed","isPartOf":{"@id":"https:\/\/www.manabi.gob.ec\/#website"},"primaryImageOfPage":{"@id":"https:\/\/www.manabi.gob.ec\/index.php\/con-misa-en-homenaje-a-las-victimas-del-covid-19-iniciaron-actividades-por-los-197-anos-de-provincializacion-de-manabi\/#primaryimage"},"image":{"@id":"https:\/\/www.manabi.gob.ec\/index.php\/con-misa-en-homenaje-a-las-victimas-del-covid-19-iniciaron-actividades-por-los-197-anos-de-provincializacion-de-manabi\/#primaryimage"},"thumbnailUrl":"https:\/\/www.manabi.gob.ec\/wp-content\/uploads\/2021\/06\/IMG-20210625-WA0021.jpg","datePublished":"2021-06-28T01:04:40+00:00","dateModified":"2021-06-28T01:04:42+00:00","author":{"@id":"https:\/\/www.manabi.gob.ec\/#\/schema\/person\/cfc71bd68fe2703b779edcc292a49722"},"breadcrumb":{"@id":"https:\/\/www.manabi.gob.ec\/index.php\/con-misa-en-homenaje-a-las-victimas-del-covid-19-iniciaron-actividades-por-los-197-anos-de-provincializacion-de-manabi\/#breadcrumb"},"inLanguage":"es","potentialAction":[{"@type":"ReadAction","target":["https:\/\/www.manabi.gob.ec\/index.php\/con-misa-en-homenaje-a-las-victimas-del-covid-19-iniciaron-actividades-por-los-197-anos-de-provincializacion-de-manabi\/"]}]},{"@type":"ImageObject","inLanguage":"es","@id":"https:\/\/www.manabi.gob.ec\/index.php\/con-misa-en-homenaje-a-las-victimas-del-covid-19-iniciaron-actividades-por-los-197-anos-de-provincializacion-de-manabi\/#primaryimage","url":"https:\/\/www.manabi.gob.ec\/wp-content\/uploads\/2021\/06\/IMG-20210625-WA0021.jpg","contentUrl":"https:\/\/www.manabi.gob.ec\/wp-content\/uploads\/2021\/06\/IMG-20210625-WA0021.jpg","width":1280,"height":853},{"@type":"BreadcrumbList","@id":"https:\/\/www.manabi.gob.ec\/index.php\/con-misa-en-homenaje-a-las-victimas-del-covid-19-iniciaron-actividades-por-los-197-anos-de-provincializacion-de-manabi\/#breadcrumb","itemListElement":[{"@type":"ListItem","position":1,"name":"Portada","item":"https:\/\/www.manabi.gob.ec\/"},{"@type":"ListItem","position":2,"name":"Con misa en homenaje a las v\u00edctimas del Covid-19 iniciaron actividades por los 197 a\u00f1os de provincializaci\u00f3n de Manab\u00ed"}]},{"@type":"WebSite","@id":"https:\/\/www.manabi.gob.ec\/#website","url":"https:\/\/www.manabi.gob.ec\/","name":"Prefectura de Manab\u00ed","description":"P\u00e1gina web de la prefectura","potentialAction":[{"@type":"SearchAction","target":{"@type":"EntryPoint","urlTemplate":"https:\/\/www.manabi.gob.ec\/?s={search_term_string}"},"query-input":{"@type":"PropertyValueSpecification","valueRequired":true,"valueName":"search_term_string"}}],"inLanguage":"es"},{"@type":"Person","@id":"https:\/\/www.manabi.gob.ec\/#\/schema\/person\/cfc71bd68fe2703b779edcc292a49722","name":"admin","image":{"@type":"ImageObject","inLanguage":"es","@id":"https:\/\/secure.gravatar.com\/avatar\/23e9f919492b0a2f65aa168e0d8c5c867ea853b61deffbadf08c7031e15b8d78?s=96&d=mm&r=g","url":"https:\/\/secure.gravatar.com\/avatar\/23e9f919492b0a2f65aa168e0d8c5c867ea853b61deffbadf08c7031e15b8d78?s=96&d=mm&r=g","contentUrl":"https:\/\/secure.gravatar.com\/avatar\/23e9f919492b0a2f65aa168e0d8c5c867ea853b61deffbadf08c7031e15b8d78?s=96&d=mm&r=g","caption":"admin"},"sameAs":["http:\/\/www.manabi.gob.ec"],"url":"https:\/\/www.manabi.gob.ec\/index.php\/author\/admin\/"}]}},"jetpack_featured_media_url":"https:\/\/www.manabi.gob.ec\/wp-content\/uploads\/2021\/06\/IMG-20210625-WA0021.jpg","_links":{"self":[{"href":"https:\/\/www.manabi.gob.ec\/index.php\/wp-json\/wp\/v2\/posts\/17899","targetHints":{"allow":["GET"]}}],"collection":[{"href":"https:\/\/www.manabi.gob.ec\/index.php\/wp-json\/wp\/v2\/posts"}],"about":[{"href":"https:\/\/www.manabi.gob.ec\/index.php\/wp-json\/wp\/v2\/types\/post"}],"author":[{"embeddable":true,"href":"https:\/\/www.manabi.gob.ec\/index.php\/wp-json\/wp\/v2\/users\/1"}],"replies":[{"embeddable":true,"href":"https:\/\/www.manabi.gob.ec\/index.php\/wp-json\/wp\/v2\/comments?post=17899"}],"version-history":[{"count":0,"href":"https:\/\/www.manabi.gob.ec\/index.php\/wp-json\/wp\/v2\/posts\/17899\/revisions"}],"wp:featuredmedia":[{"embeddable":true,"href":"https:\/\/www.manabi.gob.ec\/index.php\/wp-json\/wp\/v2\/media\/17897"}],"wp:attachment":[{"href":"https:\/\/www.manabi.gob.ec\/index.php\/wp-json\/wp\/v2\/media?parent=17899"}],"wp:term":[{"taxonomy":"category","embeddable":true,"href":"https:\/\/www.manabi.gob.ec\/index.php\/wp-json\/wp\/v2\/categories?post=17899"},{"taxonomy":"post_tag","embeddable":true,"href":"https:\/\/www.manabi.gob.ec\/index.php\/wp-json\/wp\/v2\/tags?post=17899"}],"curies":[{"name":"wp","href":"https:\/\/api.w.org\/{rel}","templated":true}]}}