{"id":17908,"date":"2021-06-28T01:25:45","date_gmt":"2021-06-28T01:25:45","guid":{"rendered":"https:\/\/www.manabi.gob.ec\/?p=17908"},"modified":"2021-06-28T01:25:48","modified_gmt":"2021-06-28T01:25:48","slug":"ciclistas-pedalearon-en-homenaje-a-manabi-en-sus-197-anos-de-provincializacion","status":"publish","type":"post","link":"https:\/\/www.manabi.gob.ec\/index.php\/ciclistas-pedalearon-en-homenaje-a-manabi-en-sus-197-anos-de-provincializacion\/","title":{"rendered":"CICLISTAS PEDALEARON EN HOMENAJE A MANAB\u00cd EN SUS 197 A\u00d1OS DE PROVINCIALIZACI\u00d3N"},"content":{"rendered":"\n<p>CICLISTAS PEDALEARON EN HOMENAJE A MANAB\u00cd EN SUS 197 A\u00d1OS DE PROVINCIALIZACI\u00d3N<\/p>\n\n\n\n<p>Alrededor de 100 ciclistas de 21 equipos de zonas urbanas y rurales de Portoviejo y cantones hermanos, como Rocafuerte, participaron del \u201cCiclopaseo por el Manabitismo 40K\u201d, como homenaje a la provincia de Manab\u00ed en su aniversario 197 de creaci\u00f3n.<\/p>\n\n\n\n<p>Esta actividad naci\u00f3 como una iniciativa ciudadana y se ejecut\u00f3 con apoyo del Gobierno de Manab\u00ed. \u201cNos parece maravilloso que la ciudadan\u00eda quiera contribuir desde cualquier espacio para el desarrollo cultural, art\u00edstico, deportivo, de nuestra provincia\u201d, se\u00f1al\u00f3 Lupita V\u00e9lez, directora de Turismo y Cultura de la instituci\u00f3n.<\/p>\n\n\n\n<p>El recorrido empez\u00f3 pasadas las 7 de la ma\u00f1ana en la avenida Urbina y calle Atanasio Santos de la capital manabita. Los ciclistas avanzaron por v\u00edas y caminos rurales de las parroquias Mej\u00eda y Riochico hasta ingresar a la cabecera cantonal de Rocafuerte. Siguieron por la v\u00eda que conecta a Las Jaguas con Charapot\u00f3 (Sucre) y se internaron en territorio de la parroquia Crucita, a cuya cabecera parroquial llegaron cerca de las 12h00.<\/p>\n\n\n\n<p>\u201cMuy bonito este ciclopaseo, porque hemos compartido con muchas personas. Una experiencia muy linda\u201d, expres\u00f3 Margarita Alc\u00edvar, del \u00abteam\u00bb Power de Rocafuerte.<\/p>\n\n\n\n<p>\u201cHa sido un ciclopaseo incre\u00edble. La gente muy animada y m\u00e1s con la m\u00fasica y la emoci\u00f3n que vivimos de esta fiesta en homenaje a Manab\u00ed, dijo Lady Mero, del \u00abteam\u00bb El Deporte es Vida.<\/p>\n\n\n\n<p>Adem\u00e1s del buen \u00e1nimo, m\u00fasica y camarader\u00eda, el trayecto estuvo cargado de expresiones de amor por Manab\u00ed. La organizaci\u00f3n estuvo pendiente en todo momento de la hidrataci\u00f3n, cuidado y seguridad de los participantes y del cumplimento de las medidas de bioseguridad.<\/p>\n\n\n\n<p>\u201cY hemos logrado una de las cosas m\u00e1s importantes en el deporte que es la integraci\u00f3n, la uni\u00f3n de los deportistas. Hemos reunido a 21 \u00abteam\u00bb del ciclismo por primera vez en la historia. As\u00ed celebramos los 197 a\u00f1os de provincializaci\u00f3n, haciendo una de las cosas que m\u00e1s nos gusta, al igual que al prefecto, Leonardo Orlando, uniendo y masificando el deporte\u201d, manifest\u00f3 \u00c1ngel Chila, seevidor de la Prefectura.<\/p>\n","protected":false},"excerpt":{"rendered":"<p>CICLISTAS PEDALEARON EN HOMENAJE A MANAB\u00cd EN SUS 197 A\u00d1OS DE PROVINCIALIZACI\u00d3N Alrededor de 100 ciclistas de 21 equipos de zonas urbanas y rurales de Portoviejo y cantones hermanos, como Rocafuerte, participaron del \u201cCiclopaseo por el Manabitismo 40K\u201d, como homenaje a la provincia de Manab\u00ed en su aniversario 197 de creaci\u00f3n. Esta actividad naci\u00f3 como [&hellip;]<\/p>\n","protected":false},"author":1,"featured_media":17909,"comment_status":"closed","ping_status":"open","sticky":false,"template":"","format":"standard","meta":{"_joinchat":[],"footnotes":""},"categories":[92,91],"tags":[],"class_list":["post-17908","post","type-post","status-publish","format-standard","has-post-thumbnail","hentry","category-noticias-manabi","category-todas"],"yoast_head":"<!-- This site is optimized with the Yoast SEO plugin v27.4 - https:\/\/yoast.com\/product\/yoast-seo-wordpress\/ -->\n<title>CICLISTAS PEDALEARON EN HOMENAJE A MANAB\u00cd EN SUS 197 A\u00d1OS DE PROVINCIALIZACI\u00d3N - Prefectura de Manab\u00ed<\/title>\n<meta name=\"robots\" content=\"index, follow, max-snippet:-1, max-image-preview:large, max-video-preview:-1\" \/>\n<link rel=\"canonical\" href=\"https:\/\/www.manabi.gob.ec\/index.php\/ciclistas-pedalearon-en-homenaje-a-manabi-en-sus-197-anos-de-provincializacion\/\" \/>\n<meta property=\"og:locale\" content=\"es_ES\" \/>\n<meta property=\"og:type\" content=\"article\" \/>\n<meta property=\"og:title\" content=\"CICLISTAS PEDALEARON EN HOMENAJE A MANAB\u00cd EN SUS 197 A\u00d1OS DE PROVINCIALIZACI\u00d3N - Prefectura de Manab\u00ed\" \/>\n<meta property=\"og:description\" content=\"CICLISTAS PEDALEARON EN HOMENAJE A MANAB\u00cd EN SUS 197 A\u00d1OS DE PROVINCIALIZACI\u00d3N Alrededor de 100 ciclistas de 21 equipos de zonas urbanas y rurales de Portoviejo y cantones hermanos, como Rocafuerte, participaron del \u201cCiclopaseo por el Manabitismo 40K\u201d, como homenaje a la provincia de Manab\u00ed en su aniversario 197 de creaci\u00f3n. Esta actividad naci\u00f3 como [&hellip;]\" \/>\n<meta property=\"og:url\" content=\"https:\/\/www.manabi.gob.ec\/index.php\/ciclistas-pedalearon-en-homenaje-a-manabi-en-sus-197-anos-de-provincializacion\/\" \/>\n<meta property=\"og:site_name\" content=\"Prefectura de Manab\u00ed\" \/>\n<meta property=\"article:published_time\" content=\"2021-06-28T01:25:45+00:00\" \/>\n<meta property=\"article:modified_time\" content=\"2021-06-28T01:25:48+00:00\" \/>\n<meta property=\"og:image\" content=\"https:\/\/www.manabi.gob.ec\/wp-content\/uploads\/2021\/06\/SmartSelect_20210627-212519_WhatsApp.jpg\" \/>\n\t<meta property=\"og:image:width\" content=\"1032\" \/>\n\t<meta property=\"og:image:height\" content=\"491\" \/>\n\t<meta property=\"og:image:type\" content=\"image\/jpeg\" \/>\n<meta name=\"author\" content=\"admin\" \/>\n<meta name=\"twitter:card\" content=\"summary_large_image\" \/>\n<meta name=\"twitter:label1\" content=\"Escrito por\" \/>\n\t<meta name=\"twitter:data1\" content=\"admin\" \/>\n\t<meta name=\"twitter:label2\" content=\"Tiempo de lectura\" \/>\n\t<meta name=\"twitter:data2\" content=\"2 minutos\" \/>\n<script type=\"application\/ld+json\" class=\"yoast-schema-graph\">{\"@context\":\"https:\\\/\\\/schema.org\",\"@graph\":[{\"@type\":\"Article\",\"@id\":\"https:\\\/\\\/www.manabi.gob.ec\\\/index.php\\\/ciclistas-pedalearon-en-homenaje-a-manabi-en-sus-197-anos-de-provincializacion\\\/#article\",\"isPartOf\":{\"@id\":\"https:\\\/\\\/www.manabi.gob.ec\\\/index.php\\\/ciclistas-pedalearon-en-homenaje-a-manabi-en-sus-197-anos-de-provincializacion\\\/\"},\"author\":{\"name\":\"admin\",\"@id\":\"https:\\\/\\\/www.manabi.gob.ec\\\/#\\\/schema\\\/person\\\/cfc71bd68fe2703b779edcc292a49722\"},\"headline\":\"CICLISTAS PEDALEARON EN HOMENAJE A MANAB\u00cd EN SUS 197 A\u00d1OS DE PROVINCIALIZACI\u00d3N\",\"datePublished\":\"2021-06-28T01:25:45+00:00\",\"dateModified\":\"2021-06-28T01:25:48+00:00\",\"mainEntityOfPage\":{\"@id\":\"https:\\\/\\\/www.manabi.gob.ec\\\/index.php\\\/ciclistas-pedalearon-en-homenaje-a-manabi-en-sus-197-anos-de-provincializacion\\\/\"},\"wordCount\":372,\"image\":{\"@id\":\"https:\\\/\\\/www.manabi.gob.ec\\\/index.php\\\/ciclistas-pedalearon-en-homenaje-a-manabi-en-sus-197-anos-de-provincializacion\\\/#primaryimage\"},\"thumbnailUrl\":\"https:\\\/\\\/www.manabi.gob.ec\\\/wp-content\\\/uploads\\\/2021\\\/06\\\/SmartSelect_20210627-212519_WhatsApp.jpg\",\"articleSection\":[\"Noticias\",\"Todas\"],\"inLanguage\":\"es\"},{\"@type\":\"WebPage\",\"@id\":\"https:\\\/\\\/www.manabi.gob.ec\\\/index.php\\\/ciclistas-pedalearon-en-homenaje-a-manabi-en-sus-197-anos-de-provincializacion\\\/\",\"url\":\"https:\\\/\\\/www.manabi.gob.ec\\\/index.php\\\/ciclistas-pedalearon-en-homenaje-a-manabi-en-sus-197-anos-de-provincializacion\\\/\",\"name\":\"CICLISTAS PEDALEARON EN HOMENAJE A MANAB\u00cd EN SUS 197 A\u00d1OS DE PROVINCIALIZACI\u00d3N - Prefectura de Manab\u00ed\",\"isPartOf\":{\"@id\":\"https:\\\/\\\/www.manabi.gob.ec\\\/#website\"},\"primaryImageOfPage\":{\"@id\":\"https:\\\/\\\/www.manabi.gob.ec\\\/index.php\\\/ciclistas-pedalearon-en-homenaje-a-manabi-en-sus-197-anos-de-provincializacion\\\/#primaryimage\"},\"image\":{\"@id\":\"https:\\\/\\\/www.manabi.gob.ec\\\/index.php\\\/ciclistas-pedalearon-en-homenaje-a-manabi-en-sus-197-anos-de-provincializacion\\\/#primaryimage\"},\"thumbnailUrl\":\"https:\\\/\\\/www.manabi.gob.ec\\\/wp-content\\\/uploads\\\/2021\\\/06\\\/SmartSelect_20210627-212519_WhatsApp.jpg\",\"datePublished\":\"2021-06-28T01:25:45+00:00\",\"dateModified\":\"2021-06-28T01:25:48+00:00\",\"author\":{\"@id\":\"https:\\\/\\\/www.manabi.gob.ec\\\/#\\\/schema\\\/person\\\/cfc71bd68fe2703b779edcc292a49722\"},\"breadcrumb\":{\"@id\":\"https:\\\/\\\/www.manabi.gob.ec\\\/index.php\\\/ciclistas-pedalearon-en-homenaje-a-manabi-en-sus-197-anos-de-provincializacion\\\/#breadcrumb\"},\"inLanguage\":\"es\",\"potentialAction\":[{\"@type\":\"ReadAction\",\"target\":[\"https:\\\/\\\/www.manabi.gob.ec\\\/index.php\\\/ciclistas-pedalearon-en-homenaje-a-manabi-en-sus-197-anos-de-provincializacion\\\/\"]}]},{\"@type\":\"ImageObject\",\"inLanguage\":\"es\",\"@id\":\"https:\\\/\\\/www.manabi.gob.ec\\\/index.php\\\/ciclistas-pedalearon-en-homenaje-a-manabi-en-sus-197-anos-de-provincializacion\\\/#primaryimage\",\"url\":\"https:\\\/\\\/www.manabi.gob.ec\\\/wp-content\\\/uploads\\\/2021\\\/06\\\/SmartSelect_20210627-212519_WhatsApp.jpg\",\"contentUrl\":\"https:\\\/\\\/www.manabi.gob.ec\\\/wp-content\\\/uploads\\\/2021\\\/06\\\/SmartSelect_20210627-212519_WhatsApp.jpg\",\"width\":1032,\"height\":491},{\"@type\":\"BreadcrumbList\",\"@id\":\"https:\\\/\\\/www.manabi.gob.ec\\\/index.php\\\/ciclistas-pedalearon-en-homenaje-a-manabi-en-sus-197-anos-de-provincializacion\\\/#breadcrumb\",\"itemListElement\":[{\"@type\":\"ListItem\",\"position\":1,\"name\":\"Portada\",\"item\":\"https:\\\/\\\/www.manabi.gob.ec\\\/\"},{\"@type\":\"ListItem\",\"position\":2,\"name\":\"CICLISTAS PEDALEARON EN HOMENAJE A MANAB\u00cd EN SUS 197 A\u00d1OS DE PROVINCIALIZACI\u00d3N\"}]},{\"@type\":\"WebSite\",\"@id\":\"https:\\\/\\\/www.manabi.gob.ec\\\/#website\",\"url\":\"https:\\\/\\\/www.manabi.gob.ec\\\/\",\"name\":\"Prefectura de Manab\u00ed\",\"description\":\"P\u00e1gina web de la prefectura\",\"potentialAction\":[{\"@type\":\"SearchAction\",\"target\":{\"@type\":\"EntryPoint\",\"urlTemplate\":\"https:\\\/\\\/www.manabi.gob.ec\\\/?s={search_term_string}\"},\"query-input\":{\"@type\":\"PropertyValueSpecification\",\"valueRequired\":true,\"valueName\":\"search_term_string\"}}],\"inLanguage\":\"es\"},{\"@type\":\"Person\",\"@id\":\"https:\\\/\\\/www.manabi.gob.ec\\\/#\\\/schema\\\/person\\\/cfc71bd68fe2703b779edcc292a49722\",\"name\":\"admin\",\"image\":{\"@type\":\"ImageObject\",\"inLanguage\":\"es\",\"@id\":\"https:\\\/\\\/secure.gravatar.com\\\/avatar\\\/23e9f919492b0a2f65aa168e0d8c5c867ea853b61deffbadf08c7031e15b8d78?s=96&d=mm&r=g\",\"url\":\"https:\\\/\\\/secure.gravatar.com\\\/avatar\\\/23e9f919492b0a2f65aa168e0d8c5c867ea853b61deffbadf08c7031e15b8d78?s=96&d=mm&r=g\",\"contentUrl\":\"https:\\\/\\\/secure.gravatar.com\\\/avatar\\\/23e9f919492b0a2f65aa168e0d8c5c867ea853b61deffbadf08c7031e15b8d78?s=96&d=mm&r=g\",\"caption\":\"admin\"},\"sameAs\":[\"http:\\\/\\\/www.manabi.gob.ec\"],\"url\":\"https:\\\/\\\/www.manabi.gob.ec\\\/index.php\\\/author\\\/admin\\\/\"}]}<\/script>\n<!-- \/ Yoast SEO plugin. -->","yoast_head_json":{"title":"CICLISTAS PEDALEARON EN HOMENAJE A MANAB\u00cd EN SUS 197 A\u00d1OS DE PROVINCIALIZACI\u00d3N - Prefectura de Manab\u00ed","robots":{"index":"index","follow":"follow","max-snippet":"max-snippet:-1","max-image-preview":"max-image-preview:large","max-video-preview":"max-video-preview:-1"},"canonical":"https:\/\/www.manabi.gob.ec\/index.php\/ciclistas-pedalearon-en-homenaje-a-manabi-en-sus-197-anos-de-provincializacion\/","og_locale":"es_ES","og_type":"article","og_title":"CICLISTAS PEDALEARON EN HOMENAJE A MANAB\u00cd EN SUS 197 A\u00d1OS DE PROVINCIALIZACI\u00d3N - Prefectura de Manab\u00ed","og_description":"CICLISTAS PEDALEARON EN HOMENAJE A MANAB\u00cd EN SUS 197 A\u00d1OS DE PROVINCIALIZACI\u00d3N Alrededor de 100 ciclistas de 21 equipos de zonas urbanas y rurales de Portoviejo y cantones hermanos, como Rocafuerte, participaron del \u201cCiclopaseo por el Manabitismo 40K\u201d, como homenaje a la provincia de Manab\u00ed en su aniversario 197 de creaci\u00f3n. Esta actividad naci\u00f3 como [&hellip;]","og_url":"https:\/\/www.manabi.gob.ec\/index.php\/ciclistas-pedalearon-en-homenaje-a-manabi-en-sus-197-anos-de-provincializacion\/","og_site_name":"Prefectura de Manab\u00ed","article_published_time":"2021-06-28T01:25:45+00:00","article_modified_time":"2021-06-28T01:25:48+00:00","og_image":[{"width":1032,"height":491,"url":"https:\/\/www.manabi.gob.ec\/wp-content\/uploads\/2021\/06\/SmartSelect_20210627-212519_WhatsApp.jpg","type":"image\/jpeg"}],"author":"admin","twitter_card":"summary_large_image","twitter_misc":{"Escrito por":"admin","Tiempo de lectura":"2 minutos"},"schema":{"@context":"https:\/\/schema.org","@graph":[{"@type":"Article","@id":"https:\/\/www.manabi.gob.ec\/index.php\/ciclistas-pedalearon-en-homenaje-a-manabi-en-sus-197-anos-de-provincializacion\/#article","isPartOf":{"@id":"https:\/\/www.manabi.gob.ec\/index.php\/ciclistas-pedalearon-en-homenaje-a-manabi-en-sus-197-anos-de-provincializacion\/"},"author":{"name":"admin","@id":"https:\/\/www.manabi.gob.ec\/#\/schema\/person\/cfc71bd68fe2703b779edcc292a49722"},"headline":"CICLISTAS PEDALEARON EN HOMENAJE A MANAB\u00cd EN SUS 197 A\u00d1OS DE PROVINCIALIZACI\u00d3N","datePublished":"2021-06-28T01:25:45+00:00","dateModified":"2021-06-28T01:25:48+00:00","mainEntityOfPage":{"@id":"https:\/\/www.manabi.gob.ec\/index.php\/ciclistas-pedalearon-en-homenaje-a-manabi-en-sus-197-anos-de-provincializacion\/"},"wordCount":372,"image":{"@id":"https:\/\/www.manabi.gob.ec\/index.php\/ciclistas-pedalearon-en-homenaje-a-manabi-en-sus-197-anos-de-provincializacion\/#primaryimage"},"thumbnailUrl":"https:\/\/www.manabi.gob.ec\/wp-content\/uploads\/2021\/06\/SmartSelect_20210627-212519_WhatsApp.jpg","articleSection":["Noticias","Todas"],"inLanguage":"es"},{"@type":"WebPage","@id":"https:\/\/www.manabi.gob.ec\/index.php\/ciclistas-pedalearon-en-homenaje-a-manabi-en-sus-197-anos-de-provincializacion\/","url":"https:\/\/www.manabi.gob.ec\/index.php\/ciclistas-pedalearon-en-homenaje-a-manabi-en-sus-197-anos-de-provincializacion\/","name":"CICLISTAS PEDALEARON EN HOMENAJE A MANAB\u00cd EN SUS 197 A\u00d1OS DE PROVINCIALIZACI\u00d3N - Prefectura de Manab\u00ed","isPartOf":{"@id":"https:\/\/www.manabi.gob.ec\/#website"},"primaryImageOfPage":{"@id":"https:\/\/www.manabi.gob.ec\/index.php\/ciclistas-pedalearon-en-homenaje-a-manabi-en-sus-197-anos-de-provincializacion\/#primaryimage"},"image":{"@id":"https:\/\/www.manabi.gob.ec\/index.php\/ciclistas-pedalearon-en-homenaje-a-manabi-en-sus-197-anos-de-provincializacion\/#primaryimage"},"thumbnailUrl":"https:\/\/www.manabi.gob.ec\/wp-content\/uploads\/2021\/06\/SmartSelect_20210627-212519_WhatsApp.jpg","datePublished":"2021-06-28T01:25:45+00:00","dateModified":"2021-06-28T01:25:48+00:00","author":{"@id":"https:\/\/www.manabi.gob.ec\/#\/schema\/person\/cfc71bd68fe2703b779edcc292a49722"},"breadcrumb":{"@id":"https:\/\/www.manabi.gob.ec\/index.php\/ciclistas-pedalearon-en-homenaje-a-manabi-en-sus-197-anos-de-provincializacion\/#breadcrumb"},"inLanguage":"es","potentialAction":[{"@type":"ReadAction","target":["https:\/\/www.manabi.gob.ec\/index.php\/ciclistas-pedalearon-en-homenaje-a-manabi-en-sus-197-anos-de-provincializacion\/"]}]},{"@type":"ImageObject","inLanguage":"es","@id":"https:\/\/www.manabi.gob.ec\/index.php\/ciclistas-pedalearon-en-homenaje-a-manabi-en-sus-197-anos-de-provincializacion\/#primaryimage","url":"https:\/\/www.manabi.gob.ec\/wp-content\/uploads\/2021\/06\/SmartSelect_20210627-212519_WhatsApp.jpg","contentUrl":"https:\/\/www.manabi.gob.ec\/wp-content\/uploads\/2021\/06\/SmartSelect_20210627-212519_WhatsApp.jpg","width":1032,"height":491},{"@type":"BreadcrumbList","@id":"https:\/\/www.manabi.gob.ec\/index.php\/ciclistas-pedalearon-en-homenaje-a-manabi-en-sus-197-anos-de-provincializacion\/#breadcrumb","itemListElement":[{"@type":"ListItem","position":1,"name":"Portada","item":"https:\/\/www.manabi.gob.ec\/"},{"@type":"ListItem","position":2,"name":"CICLISTAS PEDALEARON EN HOMENAJE A MANAB\u00cd EN SUS 197 A\u00d1OS DE PROVINCIALIZACI\u00d3N"}]},{"@type":"WebSite","@id":"https:\/\/www.manabi.gob.ec\/#website","url":"https:\/\/www.manabi.gob.ec\/","name":"Prefectura de Manab\u00ed","description":"P\u00e1gina web de la prefectura","potentialAction":[{"@type":"SearchAction","target":{"@type":"EntryPoint","urlTemplate":"https:\/\/www.manabi.gob.ec\/?s={search_term_string}"},"query-input":{"@type":"PropertyValueSpecification","valueRequired":true,"valueName":"search_term_string"}}],"inLanguage":"es"},{"@type":"Person","@id":"https:\/\/www.manabi.gob.ec\/#\/schema\/person\/cfc71bd68fe2703b779edcc292a49722","name":"admin","image":{"@type":"ImageObject","inLanguage":"es","@id":"https:\/\/secure.gravatar.com\/avatar\/23e9f919492b0a2f65aa168e0d8c5c867ea853b61deffbadf08c7031e15b8d78?s=96&d=mm&r=g","url":"https:\/\/secure.gravatar.com\/avatar\/23e9f919492b0a2f65aa168e0d8c5c867ea853b61deffbadf08c7031e15b8d78?s=96&d=mm&r=g","contentUrl":"https:\/\/secure.gravatar.com\/avatar\/23e9f919492b0a2f65aa168e0d8c5c867ea853b61deffbadf08c7031e15b8d78?s=96&d=mm&r=g","caption":"admin"},"sameAs":["http:\/\/www.manabi.gob.ec"],"url":"https:\/\/www.manabi.gob.ec\/index.php\/author\/admin\/"}]}},"jetpack_featured_media_url":"https:\/\/www.manabi.gob.ec\/wp-content\/uploads\/2021\/06\/SmartSelect_20210627-212519_WhatsApp.jpg","_links":{"self":[{"href":"https:\/\/www.manabi.gob.ec\/index.php\/wp-json\/wp\/v2\/posts\/17908","targetHints":{"allow":["GET"]}}],"collection":[{"href":"https:\/\/www.manabi.gob.ec\/index.php\/wp-json\/wp\/v2\/posts"}],"about":[{"href":"https:\/\/www.manabi.gob.ec\/index.php\/wp-json\/wp\/v2\/types\/post"}],"author":[{"embeddable":true,"href":"https:\/\/www.manabi.gob.ec\/index.php\/wp-json\/wp\/v2\/users\/1"}],"replies":[{"embeddable":true,"href":"https:\/\/www.manabi.gob.ec\/index.php\/wp-json\/wp\/v2\/comments?post=17908"}],"version-history":[{"count":0,"href":"https:\/\/www.manabi.gob.ec\/index.php\/wp-json\/wp\/v2\/posts\/17908\/revisions"}],"wp:featuredmedia":[{"embeddable":true,"href":"https:\/\/www.manabi.gob.ec\/index.php\/wp-json\/wp\/v2\/media\/17909"}],"wp:attachment":[{"href":"https:\/\/www.manabi.gob.ec\/index.php\/wp-json\/wp\/v2\/media?parent=17908"}],"wp:term":[{"taxonomy":"category","embeddable":true,"href":"https:\/\/www.manabi.gob.ec\/index.php\/wp-json\/wp\/v2\/categories?post=17908"},{"taxonomy":"post_tag","embeddable":true,"href":"https:\/\/www.manabi.gob.ec\/index.php\/wp-json\/wp\/v2\/tags?post=17908"}],"curies":[{"name":"wp","href":"https:\/\/api.w.org\/{rel}","templated":true}]}}