{"id":17925,"date":"2021-06-30T02:58:15","date_gmt":"2021-06-30T02:58:15","guid":{"rendered":"https:\/\/www.manabi.gob.ec\/?p=17925"},"modified":"2021-06-30T02:58:19","modified_gmt":"2021-06-30T02:58:19","slug":"se-construyen-5-tapes-sobre-el-rio-briceno","status":"publish","type":"post","link":"https:\/\/www.manabi.gob.ec\/index.php\/se-construyen-5-tapes-sobre-el-rio-briceno\/","title":{"rendered":"Se construyen 5 tapes sobre el r\u00edo Brice\u00f1o"},"content":{"rendered":"\n<p>La Prefectura de Manab\u00ed interviene con su maquinaria en coordinaci\u00f3n con el municipio de San Vicente, en la construcci\u00f3n de 5 tapes en la cuenca del r\u00edo Brice\u00f1o.<\/p>\n\n\n\n<p>En la zona de la comunidad La Fortuna, una excavadora brazo corto realiza movimientos de tierra para la construcci\u00f3n de los tapes que favorecer\u00e1n la agricultura, ganader\u00eda y acuicultura.<\/p>\n\n\n\n<p>Esta zona de Brice\u00f1o cuenta con decenas de hect\u00e1reas de cultivos de ciclo corto y de frutas, que son llevados a los principales mercados del pa\u00eds.<\/p>\n\n\n\n<p>Diego Rom\u00e1n, de la comunidad La Fortuna, dijo que todos los a\u00f1os es necesario contar con estas construcciones que benefician a los agricultores de San Vicente, unos utilizan el agua para el riego de sus sembr\u00edos, otros para agua para ganado y la producci\u00f3n de camar\u00f3n.<\/p>\n\n\n\n<p>\u00abLos tapes son los que ayudan a las comunidades a sacar su producci\u00f3n de pl\u00e1tano, ma\u00edz, sand\u00eda, en la temporada m\u00e1s seca del a\u00f1o, donde no llueve para nada\u00bb, se\u00f1al\u00f3 Jorge Giler, de la comunidad El Achiote.<\/p>\n\n\n\n<p>Jean Paul Guadamud, t\u00e9cnico de riego y drenaje de la Prefectura de Manab\u00ed, explic\u00f3 que se aprovecha que en la actualidad el r\u00edo a\u00fan tiene cauce y sirve para irrigar las zonas bajas, que est\u00e1n sembradas en su mayor\u00eda. \u00abNosotros aportamos con maquinaria, y la comunidad coloca tuber\u00eda PVC en cada tape\u00bb, dijo el t\u00e9cnico.<\/p>\n\n\n\n<p>Se inform\u00f3 que los trabajos tambi\u00e9n se realizar\u00e1n en comunidades como El Valle del r\u00edo Brice\u00f1o, La Estrella, La Uni\u00f3n.<\/p>\n","protected":false},"excerpt":{"rendered":"<p>La Prefectura de Manab\u00ed interviene con su maquinaria en coordinaci\u00f3n con el municipio de San Vicente, en la construcci\u00f3n de 5 tapes en la cuenca del r\u00edo Brice\u00f1o. En la zona de la comunidad La Fortuna, una excavadora brazo corto realiza movimientos de tierra para la construcci\u00f3n de los tapes que favorecer\u00e1n la agricultura, ganader\u00eda [&hellip;]<\/p>\n","protected":false},"author":1,"featured_media":17926,"comment_status":"closed","ping_status":"open","sticky":false,"template":"","format":"standard","meta":{"_joinchat":[],"footnotes":""},"categories":[92,89,189,91],"tags":[],"class_list":["post-17925","post","type-post","status-publish","format-standard","has-post-thumbnail","hentry","category-noticias-manabi","category-riego-drenaje","category-san-vicente","category-todas"],"yoast_head":"<!-- This site is optimized with the Yoast SEO plugin v27.4 - https:\/\/yoast.com\/product\/yoast-seo-wordpress\/ -->\n<title>Se construyen 5 tapes sobre el r\u00edo Brice\u00f1o - Prefectura de Manab\u00ed<\/title>\n<meta name=\"robots\" content=\"index, follow, max-snippet:-1, max-image-preview:large, max-video-preview:-1\" \/>\n<link rel=\"canonical\" href=\"https:\/\/www.manabi.gob.ec\/index.php\/se-construyen-5-tapes-sobre-el-rio-briceno\/\" \/>\n<meta property=\"og:locale\" content=\"es_ES\" \/>\n<meta property=\"og:type\" content=\"article\" \/>\n<meta property=\"og:title\" content=\"Se construyen 5 tapes sobre el r\u00edo Brice\u00f1o - Prefectura de Manab\u00ed\" \/>\n<meta property=\"og:description\" content=\"La Prefectura de Manab\u00ed interviene con su maquinaria en coordinaci\u00f3n con el municipio de San Vicente, en la construcci\u00f3n de 5 tapes en la cuenca del r\u00edo Brice\u00f1o. En la zona de la comunidad La Fortuna, una excavadora brazo corto realiza movimientos de tierra para la construcci\u00f3n de los tapes que favorecer\u00e1n la agricultura, ganader\u00eda [&hellip;]\" \/>\n<meta property=\"og:url\" content=\"https:\/\/www.manabi.gob.ec\/index.php\/se-construyen-5-tapes-sobre-el-rio-briceno\/\" \/>\n<meta property=\"og:site_name\" content=\"Prefectura de Manab\u00ed\" \/>\n<meta property=\"article:published_time\" content=\"2021-06-30T02:58:15+00:00\" \/>\n<meta property=\"article:modified_time\" content=\"2021-06-30T02:58:19+00:00\" \/>\n<meta property=\"og:image\" content=\"https:\/\/www.manabi.gob.ec\/wp-content\/uploads\/2021\/06\/SmartSelect_20210629-225635_WhatsApp.jpg\" \/>\n\t<meta property=\"og:image:width\" content=\"1043\" \/>\n\t<meta property=\"og:image:height\" content=\"718\" \/>\n\t<meta property=\"og:image:type\" content=\"image\/jpeg\" \/>\n<meta name=\"author\" content=\"admin\" \/>\n<meta name=\"twitter:card\" content=\"summary_large_image\" \/>\n<meta name=\"twitter:label1\" content=\"Escrito por\" \/>\n\t<meta name=\"twitter:data1\" content=\"admin\" \/>\n\t<meta name=\"twitter:label2\" content=\"Tiempo de lectura\" \/>\n\t<meta name=\"twitter:data2\" content=\"2 minutos\" \/>\n<script type=\"application\/ld+json\" class=\"yoast-schema-graph\">{\"@context\":\"https:\\\/\\\/schema.org\",\"@graph\":[{\"@type\":\"Article\",\"@id\":\"https:\\\/\\\/www.manabi.gob.ec\\\/index.php\\\/se-construyen-5-tapes-sobre-el-rio-briceno\\\/#article\",\"isPartOf\":{\"@id\":\"https:\\\/\\\/www.manabi.gob.ec\\\/index.php\\\/se-construyen-5-tapes-sobre-el-rio-briceno\\\/\"},\"author\":{\"name\":\"admin\",\"@id\":\"https:\\\/\\\/www.manabi.gob.ec\\\/#\\\/schema\\\/person\\\/cfc71bd68fe2703b779edcc292a49722\"},\"headline\":\"Se construyen 5 tapes sobre el r\u00edo Brice\u00f1o\",\"datePublished\":\"2021-06-30T02:58:15+00:00\",\"dateModified\":\"2021-06-30T02:58:19+00:00\",\"mainEntityOfPage\":{\"@id\":\"https:\\\/\\\/www.manabi.gob.ec\\\/index.php\\\/se-construyen-5-tapes-sobre-el-rio-briceno\\\/\"},\"wordCount\":283,\"image\":{\"@id\":\"https:\\\/\\\/www.manabi.gob.ec\\\/index.php\\\/se-construyen-5-tapes-sobre-el-rio-briceno\\\/#primaryimage\"},\"thumbnailUrl\":\"https:\\\/\\\/www.manabi.gob.ec\\\/wp-content\\\/uploads\\\/2021\\\/06\\\/SmartSelect_20210629-225635_WhatsApp.jpg\",\"articleSection\":[\"Noticias\",\"Riego y drenaje\",\"San Vicente\",\"Todas\"],\"inLanguage\":\"es\"},{\"@type\":\"WebPage\",\"@id\":\"https:\\\/\\\/www.manabi.gob.ec\\\/index.php\\\/se-construyen-5-tapes-sobre-el-rio-briceno\\\/\",\"url\":\"https:\\\/\\\/www.manabi.gob.ec\\\/index.php\\\/se-construyen-5-tapes-sobre-el-rio-briceno\\\/\",\"name\":\"Se construyen 5 tapes sobre el r\u00edo Brice\u00f1o - Prefectura de Manab\u00ed\",\"isPartOf\":{\"@id\":\"https:\\\/\\\/www.manabi.gob.ec\\\/#website\"},\"primaryImageOfPage\":{\"@id\":\"https:\\\/\\\/www.manabi.gob.ec\\\/index.php\\\/se-construyen-5-tapes-sobre-el-rio-briceno\\\/#primaryimage\"},\"image\":{\"@id\":\"https:\\\/\\\/www.manabi.gob.ec\\\/index.php\\\/se-construyen-5-tapes-sobre-el-rio-briceno\\\/#primaryimage\"},\"thumbnailUrl\":\"https:\\\/\\\/www.manabi.gob.ec\\\/wp-content\\\/uploads\\\/2021\\\/06\\\/SmartSelect_20210629-225635_WhatsApp.jpg\",\"datePublished\":\"2021-06-30T02:58:15+00:00\",\"dateModified\":\"2021-06-30T02:58:19+00:00\",\"author\":{\"@id\":\"https:\\\/\\\/www.manabi.gob.ec\\\/#\\\/schema\\\/person\\\/cfc71bd68fe2703b779edcc292a49722\"},\"breadcrumb\":{\"@id\":\"https:\\\/\\\/www.manabi.gob.ec\\\/index.php\\\/se-construyen-5-tapes-sobre-el-rio-briceno\\\/#breadcrumb\"},\"inLanguage\":\"es\",\"potentialAction\":[{\"@type\":\"ReadAction\",\"target\":[\"https:\\\/\\\/www.manabi.gob.ec\\\/index.php\\\/se-construyen-5-tapes-sobre-el-rio-briceno\\\/\"]}]},{\"@type\":\"ImageObject\",\"inLanguage\":\"es\",\"@id\":\"https:\\\/\\\/www.manabi.gob.ec\\\/index.php\\\/se-construyen-5-tapes-sobre-el-rio-briceno\\\/#primaryimage\",\"url\":\"https:\\\/\\\/www.manabi.gob.ec\\\/wp-content\\\/uploads\\\/2021\\\/06\\\/SmartSelect_20210629-225635_WhatsApp.jpg\",\"contentUrl\":\"https:\\\/\\\/www.manabi.gob.ec\\\/wp-content\\\/uploads\\\/2021\\\/06\\\/SmartSelect_20210629-225635_WhatsApp.jpg\",\"width\":1043,\"height\":718},{\"@type\":\"BreadcrumbList\",\"@id\":\"https:\\\/\\\/www.manabi.gob.ec\\\/index.php\\\/se-construyen-5-tapes-sobre-el-rio-briceno\\\/#breadcrumb\",\"itemListElement\":[{\"@type\":\"ListItem\",\"position\":1,\"name\":\"Portada\",\"item\":\"https:\\\/\\\/www.manabi.gob.ec\\\/\"},{\"@type\":\"ListItem\",\"position\":2,\"name\":\"Se construyen 5 tapes sobre el r\u00edo Brice\u00f1o\"}]},{\"@type\":\"WebSite\",\"@id\":\"https:\\\/\\\/www.manabi.gob.ec\\\/#website\",\"url\":\"https:\\\/\\\/www.manabi.gob.ec\\\/\",\"name\":\"Prefectura de Manab\u00ed\",\"description\":\"P\u00e1gina web de la prefectura\",\"potentialAction\":[{\"@type\":\"SearchAction\",\"target\":{\"@type\":\"EntryPoint\",\"urlTemplate\":\"https:\\\/\\\/www.manabi.gob.ec\\\/?s={search_term_string}\"},\"query-input\":{\"@type\":\"PropertyValueSpecification\",\"valueRequired\":true,\"valueName\":\"search_term_string\"}}],\"inLanguage\":\"es\"},{\"@type\":\"Person\",\"@id\":\"https:\\\/\\\/www.manabi.gob.ec\\\/#\\\/schema\\\/person\\\/cfc71bd68fe2703b779edcc292a49722\",\"name\":\"admin\",\"image\":{\"@type\":\"ImageObject\",\"inLanguage\":\"es\",\"@id\":\"https:\\\/\\\/secure.gravatar.com\\\/avatar\\\/23e9f919492b0a2f65aa168e0d8c5c867ea853b61deffbadf08c7031e15b8d78?s=96&d=mm&r=g\",\"url\":\"https:\\\/\\\/secure.gravatar.com\\\/avatar\\\/23e9f919492b0a2f65aa168e0d8c5c867ea853b61deffbadf08c7031e15b8d78?s=96&d=mm&r=g\",\"contentUrl\":\"https:\\\/\\\/secure.gravatar.com\\\/avatar\\\/23e9f919492b0a2f65aa168e0d8c5c867ea853b61deffbadf08c7031e15b8d78?s=96&d=mm&r=g\",\"caption\":\"admin\"},\"sameAs\":[\"http:\\\/\\\/www.manabi.gob.ec\"],\"url\":\"https:\\\/\\\/www.manabi.gob.ec\\\/index.php\\\/author\\\/admin\\\/\"}]}<\/script>\n<!-- \/ Yoast SEO plugin. -->","yoast_head_json":{"title":"Se construyen 5 tapes sobre el r\u00edo Brice\u00f1o - Prefectura de Manab\u00ed","robots":{"index":"index","follow":"follow","max-snippet":"max-snippet:-1","max-image-preview":"max-image-preview:large","max-video-preview":"max-video-preview:-1"},"canonical":"https:\/\/www.manabi.gob.ec\/index.php\/se-construyen-5-tapes-sobre-el-rio-briceno\/","og_locale":"es_ES","og_type":"article","og_title":"Se construyen 5 tapes sobre el r\u00edo Brice\u00f1o - Prefectura de Manab\u00ed","og_description":"La Prefectura de Manab\u00ed interviene con su maquinaria en coordinaci\u00f3n con el municipio de San Vicente, en la construcci\u00f3n de 5 tapes en la cuenca del r\u00edo Brice\u00f1o. En la zona de la comunidad La Fortuna, una excavadora brazo corto realiza movimientos de tierra para la construcci\u00f3n de los tapes que favorecer\u00e1n la agricultura, ganader\u00eda [&hellip;]","og_url":"https:\/\/www.manabi.gob.ec\/index.php\/se-construyen-5-tapes-sobre-el-rio-briceno\/","og_site_name":"Prefectura de Manab\u00ed","article_published_time":"2021-06-30T02:58:15+00:00","article_modified_time":"2021-06-30T02:58:19+00:00","og_image":[{"width":1043,"height":718,"url":"https:\/\/www.manabi.gob.ec\/wp-content\/uploads\/2021\/06\/SmartSelect_20210629-225635_WhatsApp.jpg","type":"image\/jpeg"}],"author":"admin","twitter_card":"summary_large_image","twitter_misc":{"Escrito por":"admin","Tiempo de lectura":"2 minutos"},"schema":{"@context":"https:\/\/schema.org","@graph":[{"@type":"Article","@id":"https:\/\/www.manabi.gob.ec\/index.php\/se-construyen-5-tapes-sobre-el-rio-briceno\/#article","isPartOf":{"@id":"https:\/\/www.manabi.gob.ec\/index.php\/se-construyen-5-tapes-sobre-el-rio-briceno\/"},"author":{"name":"admin","@id":"https:\/\/www.manabi.gob.ec\/#\/schema\/person\/cfc71bd68fe2703b779edcc292a49722"},"headline":"Se construyen 5 tapes sobre el r\u00edo Brice\u00f1o","datePublished":"2021-06-30T02:58:15+00:00","dateModified":"2021-06-30T02:58:19+00:00","mainEntityOfPage":{"@id":"https:\/\/www.manabi.gob.ec\/index.php\/se-construyen-5-tapes-sobre-el-rio-briceno\/"},"wordCount":283,"image":{"@id":"https:\/\/www.manabi.gob.ec\/index.php\/se-construyen-5-tapes-sobre-el-rio-briceno\/#primaryimage"},"thumbnailUrl":"https:\/\/www.manabi.gob.ec\/wp-content\/uploads\/2021\/06\/SmartSelect_20210629-225635_WhatsApp.jpg","articleSection":["Noticias","Riego y drenaje","San Vicente","Todas"],"inLanguage":"es"},{"@type":"WebPage","@id":"https:\/\/www.manabi.gob.ec\/index.php\/se-construyen-5-tapes-sobre-el-rio-briceno\/","url":"https:\/\/www.manabi.gob.ec\/index.php\/se-construyen-5-tapes-sobre-el-rio-briceno\/","name":"Se construyen 5 tapes sobre el r\u00edo Brice\u00f1o - Prefectura de Manab\u00ed","isPartOf":{"@id":"https:\/\/www.manabi.gob.ec\/#website"},"primaryImageOfPage":{"@id":"https:\/\/www.manabi.gob.ec\/index.php\/se-construyen-5-tapes-sobre-el-rio-briceno\/#primaryimage"},"image":{"@id":"https:\/\/www.manabi.gob.ec\/index.php\/se-construyen-5-tapes-sobre-el-rio-briceno\/#primaryimage"},"thumbnailUrl":"https:\/\/www.manabi.gob.ec\/wp-content\/uploads\/2021\/06\/SmartSelect_20210629-225635_WhatsApp.jpg","datePublished":"2021-06-30T02:58:15+00:00","dateModified":"2021-06-30T02:58:19+00:00","author":{"@id":"https:\/\/www.manabi.gob.ec\/#\/schema\/person\/cfc71bd68fe2703b779edcc292a49722"},"breadcrumb":{"@id":"https:\/\/www.manabi.gob.ec\/index.php\/se-construyen-5-tapes-sobre-el-rio-briceno\/#breadcrumb"},"inLanguage":"es","potentialAction":[{"@type":"ReadAction","target":["https:\/\/www.manabi.gob.ec\/index.php\/se-construyen-5-tapes-sobre-el-rio-briceno\/"]}]},{"@type":"ImageObject","inLanguage":"es","@id":"https:\/\/www.manabi.gob.ec\/index.php\/se-construyen-5-tapes-sobre-el-rio-briceno\/#primaryimage","url":"https:\/\/www.manabi.gob.ec\/wp-content\/uploads\/2021\/06\/SmartSelect_20210629-225635_WhatsApp.jpg","contentUrl":"https:\/\/www.manabi.gob.ec\/wp-content\/uploads\/2021\/06\/SmartSelect_20210629-225635_WhatsApp.jpg","width":1043,"height":718},{"@type":"BreadcrumbList","@id":"https:\/\/www.manabi.gob.ec\/index.php\/se-construyen-5-tapes-sobre-el-rio-briceno\/#breadcrumb","itemListElement":[{"@type":"ListItem","position":1,"name":"Portada","item":"https:\/\/www.manabi.gob.ec\/"},{"@type":"ListItem","position":2,"name":"Se construyen 5 tapes sobre el r\u00edo Brice\u00f1o"}]},{"@type":"WebSite","@id":"https:\/\/www.manabi.gob.ec\/#website","url":"https:\/\/www.manabi.gob.ec\/","name":"Prefectura de Manab\u00ed","description":"P\u00e1gina web de la prefectura","potentialAction":[{"@type":"SearchAction","target":{"@type":"EntryPoint","urlTemplate":"https:\/\/www.manabi.gob.ec\/?s={search_term_string}"},"query-input":{"@type":"PropertyValueSpecification","valueRequired":true,"valueName":"search_term_string"}}],"inLanguage":"es"},{"@type":"Person","@id":"https:\/\/www.manabi.gob.ec\/#\/schema\/person\/cfc71bd68fe2703b779edcc292a49722","name":"admin","image":{"@type":"ImageObject","inLanguage":"es","@id":"https:\/\/secure.gravatar.com\/avatar\/23e9f919492b0a2f65aa168e0d8c5c867ea853b61deffbadf08c7031e15b8d78?s=96&d=mm&r=g","url":"https:\/\/secure.gravatar.com\/avatar\/23e9f919492b0a2f65aa168e0d8c5c867ea853b61deffbadf08c7031e15b8d78?s=96&d=mm&r=g","contentUrl":"https:\/\/secure.gravatar.com\/avatar\/23e9f919492b0a2f65aa168e0d8c5c867ea853b61deffbadf08c7031e15b8d78?s=96&d=mm&r=g","caption":"admin"},"sameAs":["http:\/\/www.manabi.gob.ec"],"url":"https:\/\/www.manabi.gob.ec\/index.php\/author\/admin\/"}]}},"jetpack_featured_media_url":"https:\/\/www.manabi.gob.ec\/wp-content\/uploads\/2021\/06\/SmartSelect_20210629-225635_WhatsApp.jpg","_links":{"self":[{"href":"https:\/\/www.manabi.gob.ec\/index.php\/wp-json\/wp\/v2\/posts\/17925","targetHints":{"allow":["GET"]}}],"collection":[{"href":"https:\/\/www.manabi.gob.ec\/index.php\/wp-json\/wp\/v2\/posts"}],"about":[{"href":"https:\/\/www.manabi.gob.ec\/index.php\/wp-json\/wp\/v2\/types\/post"}],"author":[{"embeddable":true,"href":"https:\/\/www.manabi.gob.ec\/index.php\/wp-json\/wp\/v2\/users\/1"}],"replies":[{"embeddable":true,"href":"https:\/\/www.manabi.gob.ec\/index.php\/wp-json\/wp\/v2\/comments?post=17925"}],"version-history":[{"count":0,"href":"https:\/\/www.manabi.gob.ec\/index.php\/wp-json\/wp\/v2\/posts\/17925\/revisions"}],"wp:featuredmedia":[{"embeddable":true,"href":"https:\/\/www.manabi.gob.ec\/index.php\/wp-json\/wp\/v2\/media\/17926"}],"wp:attachment":[{"href":"https:\/\/www.manabi.gob.ec\/index.php\/wp-json\/wp\/v2\/media?parent=17925"}],"wp:term":[{"taxonomy":"category","embeddable":true,"href":"https:\/\/www.manabi.gob.ec\/index.php\/wp-json\/wp\/v2\/categories?post=17925"},{"taxonomy":"post_tag","embeddable":true,"href":"https:\/\/www.manabi.gob.ec\/index.php\/wp-json\/wp\/v2\/tags?post=17925"}],"curies":[{"name":"wp","href":"https:\/\/api.w.org\/{rel}","templated":true}]}}