{"id":17941,"date":"2021-07-06T23:45:04","date_gmt":"2021-07-06T23:45:04","guid":{"rendered":"https:\/\/www.manabi.gob.ec\/?p=17941"},"modified":"2021-07-06T23:45:07","modified_gmt":"2021-07-06T23:45:07","slug":"prefectura-de-manabi-y-ministerio-del-deporte-uniran-esfuerzos-para-fortalecer-las-disciplinas-deportivas","status":"publish","type":"post","link":"https:\/\/www.manabi.gob.ec\/index.php\/prefectura-de-manabi-y-ministerio-del-deporte-uniran-esfuerzos-para-fortalecer-las-disciplinas-deportivas\/","title":{"rendered":"PREFECTURA DE MANAB\u00cd Y MINISTERIO DEL  DEPORTE UNIR\u00c1N ESFUERZOS PARA FORTALECER LAS DISCIPLINAS DEPORTIVAS"},"content":{"rendered":"\n<p>La Prefectura de Manab\u00ed y el Ministerio del Deporte buscan articular acciones para desarrollar actividades que lleven a fomentar las diversas disciplinas deportivas en la poblaci\u00f3n manabita.<\/p>\n\n\n\n<p>El tema fue analizado entre &nbsp;prefecto de Manab\u00ed, Leonardo Orlando,&nbsp; con el ministro del deporte, Sebasti\u00e1n Palacios; la viceministra, Bel\u00e9n Aguirre; y la coordinadora de la Zona 4, Valentina Centeno, en la visita oficial que las autoridades dde esta cartera de Estado &nbsp;hicieron a la autoridad del Gobierno de la provincia.<\/p>\n\n\n\n<p>Tras intercambiar experiencias sobre las acciones realizadas y proyectos enmarcados en el concepto del \u00abdeporte como herramienta de desarrollo\u00bb, las autoridades coincidieron en la necesidad de trabajar juntas para fomentar el deporte en los manabitas.<\/p>\n\n\n\n<p>\u00abComo Ministerio de Deporte debemos dar ejemplo de entregar resultados, y para lograrlo debemos trabajar en equipo\u00bb, dijo el ministro.<\/p>\n\n\n\n<p>El Prefecto plante\u00f3 establecer una mesa t\u00e9cnica por el deporte, en donde se puedan analizar los aspectos normativos, de institucionalidad y de financiamiento.<\/p>\n\n\n\n<p>\u00abCuente con nosotros\u00bb, manifest\u00f3 la autoridad provincial. Luego a\u00f1adi\u00f3 que todo recurso de manera individual ser\u00e1 insuficiente para atender las necesidades. \u00abSi nos juntamos podemos avanzar mucho m\u00e1s\u00bb, acot\u00f3.<\/p>\n","protected":false},"excerpt":{"rendered":"<p>La Prefectura de Manab\u00ed y el Ministerio del Deporte buscan articular acciones para desarrollar actividades que lleven a fomentar las diversas disciplinas deportivas en la poblaci\u00f3n manabita. El tema fue analizado entre &nbsp;prefecto de Manab\u00ed, Leonardo Orlando,&nbsp; con el ministro del deporte, Sebasti\u00e1n Palacios; la viceministra, Bel\u00e9n Aguirre; y la coordinadora de la Zona 4, [&hellip;]<\/p>\n","protected":false},"author":1,"featured_media":17942,"comment_status":"closed","ping_status":"open","sticky":false,"template":"","format":"standard","meta":{"_joinchat":[],"footnotes":""},"categories":[142,92,91],"tags":[],"class_list":["post-17941","post","type-post","status-publish","format-standard","has-post-thumbnail","hentry","category-desarrollo-social","category-noticias-manabi","category-todas"],"yoast_head":"<!-- This site is optimized with the Yoast SEO plugin v27.4 - https:\/\/yoast.com\/product\/yoast-seo-wordpress\/ -->\n<title>PREFECTURA DE MANAB\u00cd Y MINISTERIO DEL DEPORTE UNIR\u00c1N ESFUERZOS PARA FORTALECER LAS DISCIPLINAS DEPORTIVAS - Prefectura de Manab\u00ed<\/title>\n<meta name=\"robots\" content=\"index, follow, max-snippet:-1, max-image-preview:large, max-video-preview:-1\" \/>\n<link rel=\"canonical\" href=\"https:\/\/www.manabi.gob.ec\/index.php\/prefectura-de-manabi-y-ministerio-del-deporte-uniran-esfuerzos-para-fortalecer-las-disciplinas-deportivas\/\" \/>\n<meta property=\"og:locale\" content=\"es_ES\" \/>\n<meta property=\"og:type\" content=\"article\" \/>\n<meta property=\"og:title\" content=\"PREFECTURA DE MANAB\u00cd Y MINISTERIO DEL DEPORTE UNIR\u00c1N ESFUERZOS PARA FORTALECER LAS DISCIPLINAS DEPORTIVAS - Prefectura de Manab\u00ed\" \/>\n<meta property=\"og:description\" content=\"La Prefectura de Manab\u00ed y el Ministerio del Deporte buscan articular acciones para desarrollar actividades que lleven a fomentar las diversas disciplinas deportivas en la poblaci\u00f3n manabita. El tema fue analizado entre &nbsp;prefecto de Manab\u00ed, Leonardo Orlando,&nbsp; con el ministro del deporte, Sebasti\u00e1n Palacios; la viceministra, Bel\u00e9n Aguirre; y la coordinadora de la Zona 4, [&hellip;]\" \/>\n<meta property=\"og:url\" content=\"https:\/\/www.manabi.gob.ec\/index.php\/prefectura-de-manabi-y-ministerio-del-deporte-uniran-esfuerzos-para-fortalecer-las-disciplinas-deportivas\/\" \/>\n<meta property=\"og:site_name\" content=\"Prefectura de Manab\u00ed\" \/>\n<meta property=\"article:published_time\" content=\"2021-07-06T23:45:04+00:00\" \/>\n<meta property=\"article:modified_time\" content=\"2021-07-06T23:45:07+00:00\" \/>\n<meta property=\"og:image\" content=\"https:\/\/www.manabi.gob.ec\/wp-content\/uploads\/2021\/07\/Prefecto-y-Ministro-del-Deporte-4.jpg\" \/>\n\t<meta property=\"og:image:width\" content=\"1280\" \/>\n\t<meta property=\"og:image:height\" content=\"853\" \/>\n\t<meta property=\"og:image:type\" content=\"image\/jpeg\" \/>\n<meta name=\"author\" content=\"admin\" \/>\n<meta name=\"twitter:card\" content=\"summary_large_image\" \/>\n<meta name=\"twitter:label1\" content=\"Escrito por\" \/>\n\t<meta name=\"twitter:data1\" content=\"admin\" \/>\n\t<meta name=\"twitter:label2\" content=\"Tiempo de lectura\" \/>\n\t<meta name=\"twitter:data2\" content=\"1 minuto\" \/>\n<script type=\"application\/ld+json\" class=\"yoast-schema-graph\">{\"@context\":\"https:\\\/\\\/schema.org\",\"@graph\":[{\"@type\":\"Article\",\"@id\":\"https:\\\/\\\/www.manabi.gob.ec\\\/index.php\\\/prefectura-de-manabi-y-ministerio-del-deporte-uniran-esfuerzos-para-fortalecer-las-disciplinas-deportivas\\\/#article\",\"isPartOf\":{\"@id\":\"https:\\\/\\\/www.manabi.gob.ec\\\/index.php\\\/prefectura-de-manabi-y-ministerio-del-deporte-uniran-esfuerzos-para-fortalecer-las-disciplinas-deportivas\\\/\"},\"author\":{\"name\":\"admin\",\"@id\":\"https:\\\/\\\/www.manabi.gob.ec\\\/#\\\/schema\\\/person\\\/cfc71bd68fe2703b779edcc292a49722\"},\"headline\":\"PREFECTURA DE MANAB\u00cd Y MINISTERIO DEL DEPORTE UNIR\u00c1N ESFUERZOS PARA FORTALECER LAS DISCIPLINAS DEPORTIVAS\",\"datePublished\":\"2021-07-06T23:45:04+00:00\",\"dateModified\":\"2021-07-06T23:45:07+00:00\",\"mainEntityOfPage\":{\"@id\":\"https:\\\/\\\/www.manabi.gob.ec\\\/index.php\\\/prefectura-de-manabi-y-ministerio-del-deporte-uniran-esfuerzos-para-fortalecer-las-disciplinas-deportivas\\\/\"},\"wordCount\":208,\"image\":{\"@id\":\"https:\\\/\\\/www.manabi.gob.ec\\\/index.php\\\/prefectura-de-manabi-y-ministerio-del-deporte-uniran-esfuerzos-para-fortalecer-las-disciplinas-deportivas\\\/#primaryimage\"},\"thumbnailUrl\":\"https:\\\/\\\/www.manabi.gob.ec\\\/wp-content\\\/uploads\\\/2021\\\/07\\\/Prefecto-y-Ministro-del-Deporte-4.jpg\",\"articleSection\":[\"Desarrollo Social\",\"Noticias\",\"Todas\"],\"inLanguage\":\"es\"},{\"@type\":\"WebPage\",\"@id\":\"https:\\\/\\\/www.manabi.gob.ec\\\/index.php\\\/prefectura-de-manabi-y-ministerio-del-deporte-uniran-esfuerzos-para-fortalecer-las-disciplinas-deportivas\\\/\",\"url\":\"https:\\\/\\\/www.manabi.gob.ec\\\/index.php\\\/prefectura-de-manabi-y-ministerio-del-deporte-uniran-esfuerzos-para-fortalecer-las-disciplinas-deportivas\\\/\",\"name\":\"PREFECTURA DE MANAB\u00cd Y MINISTERIO DEL DEPORTE UNIR\u00c1N ESFUERZOS PARA FORTALECER LAS DISCIPLINAS DEPORTIVAS - Prefectura de Manab\u00ed\",\"isPartOf\":{\"@id\":\"https:\\\/\\\/www.manabi.gob.ec\\\/#website\"},\"primaryImageOfPage\":{\"@id\":\"https:\\\/\\\/www.manabi.gob.ec\\\/index.php\\\/prefectura-de-manabi-y-ministerio-del-deporte-uniran-esfuerzos-para-fortalecer-las-disciplinas-deportivas\\\/#primaryimage\"},\"image\":{\"@id\":\"https:\\\/\\\/www.manabi.gob.ec\\\/index.php\\\/prefectura-de-manabi-y-ministerio-del-deporte-uniran-esfuerzos-para-fortalecer-las-disciplinas-deportivas\\\/#primaryimage\"},\"thumbnailUrl\":\"https:\\\/\\\/www.manabi.gob.ec\\\/wp-content\\\/uploads\\\/2021\\\/07\\\/Prefecto-y-Ministro-del-Deporte-4.jpg\",\"datePublished\":\"2021-07-06T23:45:04+00:00\",\"dateModified\":\"2021-07-06T23:45:07+00:00\",\"author\":{\"@id\":\"https:\\\/\\\/www.manabi.gob.ec\\\/#\\\/schema\\\/person\\\/cfc71bd68fe2703b779edcc292a49722\"},\"breadcrumb\":{\"@id\":\"https:\\\/\\\/www.manabi.gob.ec\\\/index.php\\\/prefectura-de-manabi-y-ministerio-del-deporte-uniran-esfuerzos-para-fortalecer-las-disciplinas-deportivas\\\/#breadcrumb\"},\"inLanguage\":\"es\",\"potentialAction\":[{\"@type\":\"ReadAction\",\"target\":[\"https:\\\/\\\/www.manabi.gob.ec\\\/index.php\\\/prefectura-de-manabi-y-ministerio-del-deporte-uniran-esfuerzos-para-fortalecer-las-disciplinas-deportivas\\\/\"]}]},{\"@type\":\"ImageObject\",\"inLanguage\":\"es\",\"@id\":\"https:\\\/\\\/www.manabi.gob.ec\\\/index.php\\\/prefectura-de-manabi-y-ministerio-del-deporte-uniran-esfuerzos-para-fortalecer-las-disciplinas-deportivas\\\/#primaryimage\",\"url\":\"https:\\\/\\\/www.manabi.gob.ec\\\/wp-content\\\/uploads\\\/2021\\\/07\\\/Prefecto-y-Ministro-del-Deporte-4.jpg\",\"contentUrl\":\"https:\\\/\\\/www.manabi.gob.ec\\\/wp-content\\\/uploads\\\/2021\\\/07\\\/Prefecto-y-Ministro-del-Deporte-4.jpg\",\"width\":1280,\"height\":853},{\"@type\":\"BreadcrumbList\",\"@id\":\"https:\\\/\\\/www.manabi.gob.ec\\\/index.php\\\/prefectura-de-manabi-y-ministerio-del-deporte-uniran-esfuerzos-para-fortalecer-las-disciplinas-deportivas\\\/#breadcrumb\",\"itemListElement\":[{\"@type\":\"ListItem\",\"position\":1,\"name\":\"Portada\",\"item\":\"https:\\\/\\\/www.manabi.gob.ec\\\/\"},{\"@type\":\"ListItem\",\"position\":2,\"name\":\"PREFECTURA DE MANAB\u00cd Y MINISTERIO DEL DEPORTE UNIR\u00c1N ESFUERZOS PARA FORTALECER LAS DISCIPLINAS DEPORTIVAS\"}]},{\"@type\":\"WebSite\",\"@id\":\"https:\\\/\\\/www.manabi.gob.ec\\\/#website\",\"url\":\"https:\\\/\\\/www.manabi.gob.ec\\\/\",\"name\":\"Prefectura de Manab\u00ed\",\"description\":\"P\u00e1gina web de la prefectura\",\"potentialAction\":[{\"@type\":\"SearchAction\",\"target\":{\"@type\":\"EntryPoint\",\"urlTemplate\":\"https:\\\/\\\/www.manabi.gob.ec\\\/?s={search_term_string}\"},\"query-input\":{\"@type\":\"PropertyValueSpecification\",\"valueRequired\":true,\"valueName\":\"search_term_string\"}}],\"inLanguage\":\"es\"},{\"@type\":\"Person\",\"@id\":\"https:\\\/\\\/www.manabi.gob.ec\\\/#\\\/schema\\\/person\\\/cfc71bd68fe2703b779edcc292a49722\",\"name\":\"admin\",\"image\":{\"@type\":\"ImageObject\",\"inLanguage\":\"es\",\"@id\":\"https:\\\/\\\/secure.gravatar.com\\\/avatar\\\/23e9f919492b0a2f65aa168e0d8c5c867ea853b61deffbadf08c7031e15b8d78?s=96&d=mm&r=g\",\"url\":\"https:\\\/\\\/secure.gravatar.com\\\/avatar\\\/23e9f919492b0a2f65aa168e0d8c5c867ea853b61deffbadf08c7031e15b8d78?s=96&d=mm&r=g\",\"contentUrl\":\"https:\\\/\\\/secure.gravatar.com\\\/avatar\\\/23e9f919492b0a2f65aa168e0d8c5c867ea853b61deffbadf08c7031e15b8d78?s=96&d=mm&r=g\",\"caption\":\"admin\"},\"sameAs\":[\"http:\\\/\\\/www.manabi.gob.ec\"],\"url\":\"https:\\\/\\\/www.manabi.gob.ec\\\/index.php\\\/author\\\/admin\\\/\"}]}<\/script>\n<!-- \/ Yoast SEO plugin. -->","yoast_head_json":{"title":"PREFECTURA DE MANAB\u00cd Y MINISTERIO DEL DEPORTE UNIR\u00c1N ESFUERZOS PARA FORTALECER LAS DISCIPLINAS DEPORTIVAS - Prefectura de Manab\u00ed","robots":{"index":"index","follow":"follow","max-snippet":"max-snippet:-1","max-image-preview":"max-image-preview:large","max-video-preview":"max-video-preview:-1"},"canonical":"https:\/\/www.manabi.gob.ec\/index.php\/prefectura-de-manabi-y-ministerio-del-deporte-uniran-esfuerzos-para-fortalecer-las-disciplinas-deportivas\/","og_locale":"es_ES","og_type":"article","og_title":"PREFECTURA DE MANAB\u00cd Y MINISTERIO DEL DEPORTE UNIR\u00c1N ESFUERZOS PARA FORTALECER LAS DISCIPLINAS DEPORTIVAS - Prefectura de Manab\u00ed","og_description":"La Prefectura de Manab\u00ed y el Ministerio del Deporte buscan articular acciones para desarrollar actividades que lleven a fomentar las diversas disciplinas deportivas en la poblaci\u00f3n manabita. El tema fue analizado entre &nbsp;prefecto de Manab\u00ed, Leonardo Orlando,&nbsp; con el ministro del deporte, Sebasti\u00e1n Palacios; la viceministra, Bel\u00e9n Aguirre; y la coordinadora de la Zona 4, [&hellip;]","og_url":"https:\/\/www.manabi.gob.ec\/index.php\/prefectura-de-manabi-y-ministerio-del-deporte-uniran-esfuerzos-para-fortalecer-las-disciplinas-deportivas\/","og_site_name":"Prefectura de Manab\u00ed","article_published_time":"2021-07-06T23:45:04+00:00","article_modified_time":"2021-07-06T23:45:07+00:00","og_image":[{"width":1280,"height":853,"url":"https:\/\/www.manabi.gob.ec\/wp-content\/uploads\/2021\/07\/Prefecto-y-Ministro-del-Deporte-4.jpg","type":"image\/jpeg"}],"author":"admin","twitter_card":"summary_large_image","twitter_misc":{"Escrito por":"admin","Tiempo de lectura":"1 minuto"},"schema":{"@context":"https:\/\/schema.org","@graph":[{"@type":"Article","@id":"https:\/\/www.manabi.gob.ec\/index.php\/prefectura-de-manabi-y-ministerio-del-deporte-uniran-esfuerzos-para-fortalecer-las-disciplinas-deportivas\/#article","isPartOf":{"@id":"https:\/\/www.manabi.gob.ec\/index.php\/prefectura-de-manabi-y-ministerio-del-deporte-uniran-esfuerzos-para-fortalecer-las-disciplinas-deportivas\/"},"author":{"name":"admin","@id":"https:\/\/www.manabi.gob.ec\/#\/schema\/person\/cfc71bd68fe2703b779edcc292a49722"},"headline":"PREFECTURA DE MANAB\u00cd Y MINISTERIO DEL DEPORTE UNIR\u00c1N ESFUERZOS PARA FORTALECER LAS DISCIPLINAS DEPORTIVAS","datePublished":"2021-07-06T23:45:04+00:00","dateModified":"2021-07-06T23:45:07+00:00","mainEntityOfPage":{"@id":"https:\/\/www.manabi.gob.ec\/index.php\/prefectura-de-manabi-y-ministerio-del-deporte-uniran-esfuerzos-para-fortalecer-las-disciplinas-deportivas\/"},"wordCount":208,"image":{"@id":"https:\/\/www.manabi.gob.ec\/index.php\/prefectura-de-manabi-y-ministerio-del-deporte-uniran-esfuerzos-para-fortalecer-las-disciplinas-deportivas\/#primaryimage"},"thumbnailUrl":"https:\/\/www.manabi.gob.ec\/wp-content\/uploads\/2021\/07\/Prefecto-y-Ministro-del-Deporte-4.jpg","articleSection":["Desarrollo Social","Noticias","Todas"],"inLanguage":"es"},{"@type":"WebPage","@id":"https:\/\/www.manabi.gob.ec\/index.php\/prefectura-de-manabi-y-ministerio-del-deporte-uniran-esfuerzos-para-fortalecer-las-disciplinas-deportivas\/","url":"https:\/\/www.manabi.gob.ec\/index.php\/prefectura-de-manabi-y-ministerio-del-deporte-uniran-esfuerzos-para-fortalecer-las-disciplinas-deportivas\/","name":"PREFECTURA DE MANAB\u00cd Y MINISTERIO DEL DEPORTE UNIR\u00c1N ESFUERZOS PARA FORTALECER LAS DISCIPLINAS DEPORTIVAS - Prefectura de Manab\u00ed","isPartOf":{"@id":"https:\/\/www.manabi.gob.ec\/#website"},"primaryImageOfPage":{"@id":"https:\/\/www.manabi.gob.ec\/index.php\/prefectura-de-manabi-y-ministerio-del-deporte-uniran-esfuerzos-para-fortalecer-las-disciplinas-deportivas\/#primaryimage"},"image":{"@id":"https:\/\/www.manabi.gob.ec\/index.php\/prefectura-de-manabi-y-ministerio-del-deporte-uniran-esfuerzos-para-fortalecer-las-disciplinas-deportivas\/#primaryimage"},"thumbnailUrl":"https:\/\/www.manabi.gob.ec\/wp-content\/uploads\/2021\/07\/Prefecto-y-Ministro-del-Deporte-4.jpg","datePublished":"2021-07-06T23:45:04+00:00","dateModified":"2021-07-06T23:45:07+00:00","author":{"@id":"https:\/\/www.manabi.gob.ec\/#\/schema\/person\/cfc71bd68fe2703b779edcc292a49722"},"breadcrumb":{"@id":"https:\/\/www.manabi.gob.ec\/index.php\/prefectura-de-manabi-y-ministerio-del-deporte-uniran-esfuerzos-para-fortalecer-las-disciplinas-deportivas\/#breadcrumb"},"inLanguage":"es","potentialAction":[{"@type":"ReadAction","target":["https:\/\/www.manabi.gob.ec\/index.php\/prefectura-de-manabi-y-ministerio-del-deporte-uniran-esfuerzos-para-fortalecer-las-disciplinas-deportivas\/"]}]},{"@type":"ImageObject","inLanguage":"es","@id":"https:\/\/www.manabi.gob.ec\/index.php\/prefectura-de-manabi-y-ministerio-del-deporte-uniran-esfuerzos-para-fortalecer-las-disciplinas-deportivas\/#primaryimage","url":"https:\/\/www.manabi.gob.ec\/wp-content\/uploads\/2021\/07\/Prefecto-y-Ministro-del-Deporte-4.jpg","contentUrl":"https:\/\/www.manabi.gob.ec\/wp-content\/uploads\/2021\/07\/Prefecto-y-Ministro-del-Deporte-4.jpg","width":1280,"height":853},{"@type":"BreadcrumbList","@id":"https:\/\/www.manabi.gob.ec\/index.php\/prefectura-de-manabi-y-ministerio-del-deporte-uniran-esfuerzos-para-fortalecer-las-disciplinas-deportivas\/#breadcrumb","itemListElement":[{"@type":"ListItem","position":1,"name":"Portada","item":"https:\/\/www.manabi.gob.ec\/"},{"@type":"ListItem","position":2,"name":"PREFECTURA DE MANAB\u00cd Y MINISTERIO DEL DEPORTE UNIR\u00c1N ESFUERZOS PARA FORTALECER LAS DISCIPLINAS DEPORTIVAS"}]},{"@type":"WebSite","@id":"https:\/\/www.manabi.gob.ec\/#website","url":"https:\/\/www.manabi.gob.ec\/","name":"Prefectura de Manab\u00ed","description":"P\u00e1gina web de la prefectura","potentialAction":[{"@type":"SearchAction","target":{"@type":"EntryPoint","urlTemplate":"https:\/\/www.manabi.gob.ec\/?s={search_term_string}"},"query-input":{"@type":"PropertyValueSpecification","valueRequired":true,"valueName":"search_term_string"}}],"inLanguage":"es"},{"@type":"Person","@id":"https:\/\/www.manabi.gob.ec\/#\/schema\/person\/cfc71bd68fe2703b779edcc292a49722","name":"admin","image":{"@type":"ImageObject","inLanguage":"es","@id":"https:\/\/secure.gravatar.com\/avatar\/23e9f919492b0a2f65aa168e0d8c5c867ea853b61deffbadf08c7031e15b8d78?s=96&d=mm&r=g","url":"https:\/\/secure.gravatar.com\/avatar\/23e9f919492b0a2f65aa168e0d8c5c867ea853b61deffbadf08c7031e15b8d78?s=96&d=mm&r=g","contentUrl":"https:\/\/secure.gravatar.com\/avatar\/23e9f919492b0a2f65aa168e0d8c5c867ea853b61deffbadf08c7031e15b8d78?s=96&d=mm&r=g","caption":"admin"},"sameAs":["http:\/\/www.manabi.gob.ec"],"url":"https:\/\/www.manabi.gob.ec\/index.php\/author\/admin\/"}]}},"jetpack_featured_media_url":"https:\/\/www.manabi.gob.ec\/wp-content\/uploads\/2021\/07\/Prefecto-y-Ministro-del-Deporte-4.jpg","_links":{"self":[{"href":"https:\/\/www.manabi.gob.ec\/index.php\/wp-json\/wp\/v2\/posts\/17941","targetHints":{"allow":["GET"]}}],"collection":[{"href":"https:\/\/www.manabi.gob.ec\/index.php\/wp-json\/wp\/v2\/posts"}],"about":[{"href":"https:\/\/www.manabi.gob.ec\/index.php\/wp-json\/wp\/v2\/types\/post"}],"author":[{"embeddable":true,"href":"https:\/\/www.manabi.gob.ec\/index.php\/wp-json\/wp\/v2\/users\/1"}],"replies":[{"embeddable":true,"href":"https:\/\/www.manabi.gob.ec\/index.php\/wp-json\/wp\/v2\/comments?post=17941"}],"version-history":[{"count":0,"href":"https:\/\/www.manabi.gob.ec\/index.php\/wp-json\/wp\/v2\/posts\/17941\/revisions"}],"wp:featuredmedia":[{"embeddable":true,"href":"https:\/\/www.manabi.gob.ec\/index.php\/wp-json\/wp\/v2\/media\/17942"}],"wp:attachment":[{"href":"https:\/\/www.manabi.gob.ec\/index.php\/wp-json\/wp\/v2\/media?parent=17941"}],"wp:term":[{"taxonomy":"category","embeddable":true,"href":"https:\/\/www.manabi.gob.ec\/index.php\/wp-json\/wp\/v2\/categories?post=17941"},{"taxonomy":"post_tag","embeddable":true,"href":"https:\/\/www.manabi.gob.ec\/index.php\/wp-json\/wp\/v2\/tags?post=17941"}],"curies":[{"name":"wp","href":"https:\/\/api.w.org\/{rel}","templated":true}]}}